{"id":1511,"date":"2014-06-26T15:39:10","date_gmt":"2014-06-26T15:39:10","guid":{"rendered":"http:\/\/www.irenelauretti.com\/?p=1511"},"modified":"2014-06-26T16:00:51","modified_gmt":"2014-06-26T16:00:51","slug":"deutsch-die-milz-schlussel-zum-tor-des-krebses","status":"publish","type":"post","link":"https:\/\/www.irenelauretti.com\/de\/deutsch-die-milz-schlussel-zum-tor-des-krebses\/","title":{"rendered":"Die Milz \u2013 Schl\u00fcssel zum Tor des Krebses"},"content":{"rendered":"<p><a href=\"http:\/\/www.irenelauretti.com\/wp-content\/uploads\/2013\/08\/Irene.jpg\" data-rel=\"lightbox-image-0\" data-rl_title=\"\" data-rl_caption=\"\" title=\"\"><img fetchpriority=\"high\" decoding=\"async\" src=\"http:\/\/www.irenelauretti.com\/wp-content\/uploads\/2013\/08\/Irene-265x300.jpg\" alt=\"Irene Lauretti\" width=\"265\" height=\"300\" class=\"alignnone size-medium wp-image-1140\" srcset=\"https:\/\/www.irenelauretti.com\/wp-content\/uploads\/2013\/08\/Irene-265x300.jpg 265w, https:\/\/www.irenelauretti.com\/wp-content\/uploads\/2013\/08\/Irene-330x373.jpg 330w, https:\/\/www.irenelauretti.com\/wp-content\/uploads\/2013\/08\/Irene.jpg 500w\" sizes=\"(max-width: 265px) 100vw, 265px\" \/><\/a><br \/>\nInnerhalb des Jahreszyklus ist der Monat <strong>Juli<\/strong> dem<strong> Krebs<\/strong> zugeordnet, d.h. w\u00e4hrend des Neumondes im Juli (oder Ende Juni, wie in diesem Jahr) aktiviert der <strong>Mond<\/strong> die Schwingung des Krebses, um dann im darauf folgenden Vollmond das Tor des Steinbocks zu \u00f6ffnen, denn der auf den Neumond folgende Vollmond entspricht grunds\u00e4tzlich der Oppositionskraft des Neumondes!<\/p>\n<p>Der <strong>Schl\u00fcssel<\/strong> zum Tor des Krebses ist die <strong>Milzenergie<\/strong>, und damit jene Energie, die nicht nur eine entscheidende Rolle f\u00fcr die Gesunderhaltung des K\u00f6rpers und Heilung solch gef\u00fcrchteter Krankheiten wie z.B. Blut- oder Brustkrebs ebenso wie s\u00e4mtlicher Autoimmunkrankheiten, wie z.B. Multiple Sklerose, spielt, sondern die \u2013 im Verbund mit ihrer Oppositionsenergie Nabelfunktionsenergie \u2013 auch eine der wichtigsten, wenn nicht sogar DIE entscheidende Rolle f\u00fcr die Erhaltung und Wiederherstellung einer gesunden <strong>Immunfunktion<\/strong> spielt.<\/p>\n<p>In meinem Buch \u201eDer Mond und der kosmische Code der Sch\u00f6pfung\u201c findet Ihr die ausf\u00fchrliche Info zur Milzenergie und deren Muttertiefe, der 1. Tiefe, in dem GELBEN Kapitel (beginnend auf Seite 287) \u2013 dem gelben Kapitel deshalb, weil die Muttertiefe bzw. Seinsebene, in der das Tor des Krebses liegt, gem\u00e4\u00df fern\u00f6stlicher Elementelehre dem <strong>Element Erde<\/strong> entspricht, welches sich ausdr\u00fcckt durch die Farbe Gelb.<\/p>\n<p>Das Element Erde ist im Reigen der 5 Tiefenelemente, der 5 Zacken unseres F\u00fcnfsterns, sozusagen der <strong>Fels in der Brandung<\/strong>. Es erdet uns, legt uns eine \u201edicke Haut\u201c zu, gibt uns Halt und Geborgenheit und <strong>st\u00e4rkt die Aura.<\/strong><\/p>\n<p>Und \u2013 wenngleich der Krebs bzw. dessen Schl\u00fcsselenergie Milzenergie innerhalb des Zodiaks dem Wasserelement entspricht, so unterst\u00fctzt sie aufgrund ihrer Tiefenzuordnung doch s\u00e4mtliche soeben genannten Erd-Attribute in ganz besonderem Ma\u00dfe.<\/p>\n<p><iframe width=\"640\" height=\"360\" src=\"\/\/www.youtube.com\/embed\/j5fIbUg6s_0?feature=player_detailpage\" frameborder=\"0\" allowfullscreen><\/iframe><\/p>\n<p>Die Milzenergie ist der uns n\u00e4hrende, <strong>weibliche, m\u00fctterliche Aspekt<\/strong> in unserem Sein, was bedeutet, dass s\u00e4mtliche Disharmonien der Geschlechtsorgane, wie z.B. Unfruchtbarkeit und Schwangerschaftsprobleme ebenso wie durch einen Mangel an m\u00fctterlicher Geborgenheit entstandene Disharmonien wie z.B. Bulimie oder andere Essst\u00f6rungen generell ein Hinweis darauf sind, dass unsere Milzenergie mehr Zuwendung ben\u00f6tigt \u2013 mehr Zuwendung, die wir ihr z.B. durch das einfache Halten des 1.-Tiefe-Fingers <strong>Daumen<\/strong> (Seite 290 in \u201eDer Mond und der kosmische Code der Sch\u00f6pfung\u201c) sowie nat\u00fcrlich durch die Aktivierung der <strong>Milz-Str\u00f6msequenz<\/strong> (Seite 311 in \u201eDer Mond und der kosmische Code der Sch\u00f6pfung\u201c) geben.<\/p>\n<p>Die Milzstr\u00f6msequenz ist unser Mondstrom oder Schl\u00fcsselstrom zur Manifestation der Wahrheit, wenn der Mond sich im Tor des Krebses aufh\u00e4lt. Das hei\u00dft: wenn der Mond das kosmische Tor des Krebses \u00f6ffnet, dann aktivieren wir die Milzenergie, um im Einklang zu schwingen mit der vom Mond vorgegebenen kosmischen Symphonie der Sch\u00f6pfung bzw. um das vollkommene Potential der Quelle sozusagen durch unseren K\u00f6rper bzw. durch und in unserem Leben zu manifestieren.<\/p>\n<p>Dies bedeutet jedoch nicht, dass wir die Milzenergie nicht auch an anderen Tagen im Monat aktivieren bzw. str\u00f6men k\u00f6nnen (und damit meine ich nicht nur die Tage der Oppositionskraft Steinbock\/Nabelenergie). <\/p>\n<p>Generell ist es so, dass wir die Str\u00f6msequenz eines Organs \u2013 wenn wir durch die entsprechenden k\u00f6rperlichen oder emotionalen Symptome darauf hingewiesen werden, dass diese Organkraft besondere Zuwendung ben\u00f6tigt \u2013 auch an jedem anderen Tag im Monat str\u00f6men k\u00f6nnen.<\/p>\n<p>Tats\u00e4chlich ist der Milzstrom einer der Organstr\u00f6me, die ich z.B. bei <strong>Rekonvaleszenz<\/strong> ebenso wie bei und nach <strong>Chemotherapie <\/strong>empfehle t\u00e4glich zu aktivieren, denn die Milzenergie leitet das Licht aus der Nahrung an die anderen Organe weiter und energetisiert bzw. kr\u00e4ftigt diese dadurch und ist somit \u2013 zusammen mit den beiden anderen Zehen-Str\u00f6men Leberstrom und Nierenstrom \u2013 einer der wichtigsten Str\u00f6me zur Regeneration.<\/p>\n<p>Die Zehen-Str\u00f6me \u2013 wie die Leser meines Buches wissen \u2013 sind jene Str\u00f6me, deren Stromverlauf in den Zehen beginnt, um sodann wieder aufzusteigen in den Strom\u00fcbernahmebereich Brust, von wo aus der Folgestrom die Energie dann in die Finger str\u00f6men l\u00e4sst \u2026<\/p>\n<p>(Stromverlauf der Milzenergie, siehe Abbildung unten)<\/p>\n<p><a href=\"http:\/\/www.irenelauretti.com\/wp-content\/uploads\/2014\/06\/Stromverlauf-Milzfunktionsenergie.jpg\" data-rel=\"lightbox-image-1\" data-rl_title=\"\" data-rl_caption=\"\" title=\"\"><img decoding=\"async\" src=\"http:\/\/www.irenelauretti.com\/wp-content\/uploads\/2014\/06\/Stromverlauf-Milzfunktionsenergie-1024x768.jpg\" alt=\"Stromverlauf Milzfunktionsenergie\" width=\"1024\" height=\"768\" class=\"alignnone size-large wp-image-1512\" srcset=\"https:\/\/www.irenelauretti.com\/wp-content\/uploads\/2014\/06\/Stromverlauf-Milzfunktionsenergie-1024x768.jpg 1024w, https:\/\/www.irenelauretti.com\/wp-content\/uploads\/2014\/06\/Stromverlauf-Milzfunktionsenergie-300x225.jpg 300w, https:\/\/www.irenelauretti.com\/wp-content\/uploads\/2014\/06\/Stromverlauf-Milzfunktionsenergie-700x525.jpg 700w, https:\/\/www.irenelauretti.com\/wp-content\/uploads\/2014\/06\/Stromverlauf-Milzfunktionsenergie-1050x787.jpg 1050w, https:\/\/www.irenelauretti.com\/wp-content\/uploads\/2014\/06\/Stromverlauf-Milzfunktionsenergie-690x517.jpg 690w, https:\/\/www.irenelauretti.com\/wp-content\/uploads\/2014\/06\/Stromverlauf-Milzfunktionsenergie-330x247.jpg 330w, https:\/\/www.irenelauretti.com\/wp-content\/uploads\/2014\/06\/Stromverlauf-Milzfunktionsenergie-240x180.jpg 240w, https:\/\/www.irenelauretti.com\/wp-content\/uploads\/2014\/06\/Stromverlauf-Milzfunktionsenergie-500x375.jpg 500w\" sizes=\"(max-width: 1024px) 100vw, 1024px\" \/><\/a><br \/>\n<em>Die Abbildung ist entnommen aus dem Buch &#8222;Der Mond und der kosmische Code der Sch\u00f6pfung&#8220; und zeigt den Stromverlauf der Milzfunktionsenergie. Der Milzstrom \u00fcbernimmt am gro\u00dfen Zeh die Energievorherrschaft von seinem Vorg\u00e4nger Magenfunktionsenergie, und flie\u00dft sodann K\u00f6rper-AUF-w\u00e4rts zur Brust bzw. ins Herz. Auf seinem Stromverlauf energetisiert er u.a. die Geschlechtsorgane.<\/em><\/p>\n<p>Wie aus Abb. 6 im Bildteil meines Buches zu erkennen ist, sind die <strong>Zehenstr\u00f6me<\/strong> die Str\u00f6me, die generell sehr <strong>kraftspendend<\/strong> sind und bei allen kritischen Bed\u00fcrfnissen (also z.B. Krebs, Anti-Immunkrankheiten, gro\u00dfe Ersch\u00f6pfung) wichtig und hilfreich sind, damit man schneller wieder \u201eauf die Beine\u201c kommt. <\/p>\n<p>Und &#8211; was auch noch wichtig ist:<\/p>\n<p>Durch seinen ins Herz str\u00f6menden Stromverlauf gilt der Milzstrom auch als wichtiger Herzenergetisierer und ist als solches vor allem ein \u201eSchutzstrom\u201c f\u00fcr die hei\u00dfen Sommermonate, wenn die Hitze auf den Kreislauf schl\u00e4gt.<\/p>\n<p>Die Milzenergie also bringt das Licht nicht nur in unseren K\u00f6rper \u2013 sie sch\u00fctzt uns auch vor den negativen Effekten der lichtvollen Sommermonate, und ist somit nicht nur w\u00e4hrend des Mondaufenthaltes im kosmischen Tor des Krebses, sondern generell in den hei\u00dfen Sommermonaten ein wichtiger Freund und Helfer!<\/p>\n<p>In diesem Sinne w\u00fcnsche ich Euch viel Licht und Energie,<\/p>\n<p><a href=\"http:\/\/www.irenelauretti.com\/wp-content\/uploads\/2013\/09\/Logo_mobile.png\" data-rel=\"lightbox-image-2\" data-rl_title=\"\" data-rl_caption=\"\" title=\"\"><img decoding=\"async\" src=\"http:\/\/www.irenelauretti.com\/wp-content\/uploads\/2013\/09\/Logo_mobile-300x188.png\" alt=\"Logo_mobile\" width=\"300\" height=\"188\" class=\"alignnone size-medium wp-image-297\" srcset=\"https:\/\/www.irenelauretti.com\/wp-content\/uploads\/2013\/09\/Logo_mobile-300x188.png 300w, https:\/\/www.irenelauretti.com\/wp-content\/uploads\/2013\/09\/Logo_mobile-330x207.png 330w, https:\/\/www.irenelauretti.com\/wp-content\/uploads\/2013\/09\/Logo_mobile-90x56.png 90w, https:\/\/www.irenelauretti.com\/wp-content\/uploads\/2013\/09\/Logo_mobile-150x94.png 150w, https:\/\/www.irenelauretti.com\/wp-content\/uploads\/2013\/09\/Logo_mobile.png 360w\" sizes=\"(max-width: 300px) 100vw, 300px\" \/><\/a><\/p>\n<p><\/p>","protected":false},"excerpt":{"rendered":"<p>Innerhalb des Jahreszyklus ist der Monat Juli dem Krebs zugeordnet, d.h. w\u00e4hrend des Neumondes im Juli (oder Ende Juni, wie in diesem Jahr) aktiviert der Mond die Schwingung des Krebses, um dann im darauf folgenden Vollmond das Tor des Steinbocks zu \u00f6ffnen, denn der auf den Neumond folgende Vollmond entspricht grunds\u00e4tzlich der Oppositionskraft des Neumondes! [&hellip;]<\/p>\n","protected":false},"author":2,"featured_media":0,"comment_status":"open","ping_status":"open","sticky":false,"template":"","format":"standard","meta":{"_coblocks_attr":"","_coblocks_dimensions":"","_coblocks_responsive_height":"","_coblocks_accordion_ie_support":"","ocean_post_layout":"","ocean_both_sidebars_style":"","ocean_both_sidebars_content_width":0,"ocean_both_sidebars_sidebars_width":0,"ocean_sidebar":"","ocean_second_sidebar":"","ocean_disable_margins":"enable","ocean_add_body_class":"","ocean_shortcode_before_top_bar":"","ocean_shortcode_after_top_bar":"","ocean_shortcode_before_header":"","ocean_shortcode_after_header":"","ocean_has_shortcode":"","ocean_shortcode_after_title":"","ocean_shortcode_before_footer_widgets":"","ocean_shortcode_after_footer_widgets":"","ocean_shortcode_before_footer_bottom":"","ocean_shortcode_after_footer_bottom":"","ocean_display_top_bar":"default","ocean_display_header":"default","ocean_header_style":"","ocean_center_header_left_menu":"","ocean_custom_header_template":"","ocean_custom_logo":0,"ocean_custom_retina_logo":0,"ocean_custom_logo_max_width":0,"ocean_custom_logo_tablet_max_width":0,"ocean_custom_logo_mobile_max_width":0,"ocean_custom_logo_max_height":0,"ocean_custom_logo_tablet_max_height":0,"ocean_custom_logo_mobile_max_height":0,"ocean_header_custom_menu":"","ocean_menu_typo_font_family":"","ocean_menu_typo_font_subset":"","ocean_menu_typo_font_size":0,"ocean_menu_typo_font_size_tablet":0,"ocean_menu_typo_font_size_mobile":0,"ocean_menu_typo_font_size_unit":"px","ocean_menu_typo_font_weight":"","ocean_menu_typo_font_weight_tablet":"","ocean_menu_typo_font_weight_mobile":"","ocean_menu_typo_transform":"","ocean_menu_typo_transform_tablet":"","ocean_menu_typo_transform_mobile":"","ocean_menu_typo_line_height":0,"ocean_menu_typo_line_height_tablet":0,"ocean_menu_typo_line_height_mobile":0,"ocean_menu_typo_line_height_unit":"","ocean_menu_typo_spacing":0,"ocean_menu_typo_spacing_tablet":0,"ocean_menu_typo_spacing_mobile":0,"ocean_menu_typo_spacing_unit":"","ocean_menu_link_color":"","ocean_menu_link_color_hover":"","ocean_menu_link_color_active":"","ocean_menu_link_background":"","ocean_menu_link_hover_background":"","ocean_menu_link_active_background":"","ocean_menu_social_links_bg":"","ocean_menu_social_hover_links_bg":"","ocean_menu_social_links_color":"","ocean_menu_social_hover_links_color":"","ocean_disable_title":"default","ocean_disable_heading":"default","ocean_post_title":"","ocean_post_subheading":"","ocean_post_title_style":"","ocean_post_title_background_color":"","ocean_post_title_background":0,"ocean_post_title_bg_image_position":"","ocean_post_title_bg_image_attachment":"","ocean_post_title_bg_image_repeat":"","ocean_post_title_bg_image_size":"","ocean_post_title_height":0,"ocean_post_title_bg_overlay":0.5,"ocean_post_title_bg_overlay_color":"","ocean_disable_breadcrumbs":"default","ocean_breadcrumbs_color":"","ocean_breadcrumbs_separator_color":"","ocean_breadcrumbs_links_color":"","ocean_breadcrumbs_links_hover_color":"","ocean_display_footer_widgets":"default","ocean_display_footer_bottom":"default","ocean_custom_footer_template":"","omw_enable_modal_window":"enable","_themeisle_gutenberg_block_has_review":false,"ocean_post_oembed":"","ocean_post_self_hosted_media":"","ocean_post_video_embed":"","ocean_link_format":"","ocean_link_format_target":"self","ocean_quote_format":"","ocean_quote_format_link":"post","ocean_gallery_link_images":"on","ocean_gallery_id":[],"footnotes":""},"categories":[44,46],"tags":[86,88,491,56,85,82,495,87,83,84],"class_list":["post-1511","post","type-post","status-publish","format-standard","hentry","category-energieheilen","category-gesundheit","tag-anti-immunkrankheiten","tag-erschopfung","tag-herz","tag-jin-shin-jyutsu","tag-krebs","tag-milz","tag-mond","tag-multiple-sklerose","tag-stromverlauf","tag-zehenstrome","entry"],"yoast_head":"<!-- This site is optimized with the Yoast SEO plugin v27.4 - https:\/\/yoast.com\/product\/yoast-seo-wordpress\/ -->\n<title>Die Milz \u2013 Schl\u00fcssel zum Tor des Krebses - irenelauretti.com<\/title>\n<meta name=\"robots\" content=\"index, follow, max-snippet:-1, max-image-preview:large, max-video-preview:-1\" \/>\n<link rel=\"canonical\" href=\"https:\/\/www.irenelauretti.com\/de\/deutsch-die-milz-schlussel-zum-tor-des-krebses\/\" \/>\n<meta name=\"twitter:card\" content=\"summary_large_image\" \/>\n<meta name=\"twitter:title\" content=\"Die Milz \u2013 Schl\u00fcssel zum Tor des Krebses - irenelauretti.com\" \/>\n<meta name=\"twitter:description\" content=\"Innerhalb des Jahreszyklus ist der Monat Juli dem Krebs zugeordnet, d.h. w\u00e4hrend des Neumondes im Juli (oder Ende Juni, wie in diesem Jahr) aktiviert der Mond die Schwingung des Krebses, um dann im darauf folgenden Vollmond das Tor des Steinbocks zu \u00f6ffnen, denn der auf den Neumond folgende Vollmond entspricht grunds\u00e4tzlich der Oppositionskraft des Neumondes! [&hellip;]\" \/>\n<meta name=\"twitter:image\" content=\"http:\/\/www.irenelauretti.com\/wp-content\/uploads\/2013\/08\/Irene-265x300.jpg\" \/>\n<meta name=\"twitter:label1\" content=\"Verfasst von\" \/>\n\t<meta name=\"twitter:data1\" content=\"Irene Lauretti\" \/>\n\t<meta name=\"twitter:label2\" content=\"Gesch\u00e4tzte Lesezeit\" \/>\n\t<meta name=\"twitter:data2\" content=\"4\u00a0Minuten\" \/>\n<script type=\"application\/ld+json\" class=\"yoast-schema-graph\">{\"@context\":\"https:\\\/\\\/schema.org\",\"@graph\":[{\"@type\":\"Article\",\"@id\":\"https:\\\/\\\/www.irenelauretti.com\\\/deutsch-die-milz-schlussel-zum-tor-des-krebses\\\/#article\",\"isPartOf\":{\"@id\":\"https:\\\/\\\/www.irenelauretti.com\\\/deutsch-die-milz-schlussel-zum-tor-des-krebses\\\/\"},\"author\":{\"name\":\"Irene Lauretti\",\"@id\":\"https:\\\/\\\/www.irenelauretti.com\\\/#\\\/schema\\\/person\\\/692dd8be38a44ae26e451ac8e1d35f4d\"},\"headline\":\"Die Milz \u2013 Schl\u00fcssel zum Tor des Krebses\",\"datePublished\":\"2014-06-26T15:39:10+00:00\",\"dateModified\":\"2014-06-26T16:00:51+00:00\",\"mainEntityOfPage\":{\"@id\":\"https:\\\/\\\/www.irenelauretti.com\\\/deutsch-die-milz-schlussel-zum-tor-des-krebses\\\/\"},\"wordCount\":862,\"commentCount\":2,\"publisher\":{\"@id\":\"https:\\\/\\\/www.irenelauretti.com\\\/#organization\"},\"image\":{\"@id\":\"https:\\\/\\\/www.irenelauretti.com\\\/deutsch-die-milz-schlussel-zum-tor-des-krebses\\\/#primaryimage\"},\"thumbnailUrl\":\"http:\\\/\\\/www.irenelauretti.com\\\/wp-content\\\/uploads\\\/2013\\\/08\\\/Irene-265x300.jpg\",\"keywords\":[\"Anti-Immunkrankheiten\",\"Ersch\u00f6pfung\",\"Herz\",\"Jin Shin Jyutsu\",\"Krebs\",\"Milz\",\"Mond\",\"Multiple Sklerose\",\"Stromverlauf\",\"Zehenstr\u00f6me\"],\"articleSection\":[\"Energieheilen\",\"Gesundheit\"],\"inLanguage\":\"de\",\"potentialAction\":[{\"@type\":\"CommentAction\",\"name\":\"Comment\",\"target\":[\"https:\\\/\\\/www.irenelauretti.com\\\/deutsch-die-milz-schlussel-zum-tor-des-krebses\\\/#respond\"]}]},{\"@type\":\"WebPage\",\"@id\":\"https:\\\/\\\/www.irenelauretti.com\\\/de\\\/deutsch-die-milz-schlussel-zum-tor-des-krebses\\\/\",\"url\":\"https:\\\/\\\/www.irenelauretti.com\\\/de\\\/deutsch-die-milz-schlussel-zum-tor-des-krebses\\\/\",\"name\":\"Die Milz \u2013 Schl\u00fcssel zum Tor des Krebses - irenelauretti.com\",\"isPartOf\":{\"@id\":\"https:\\\/\\\/www.irenelauretti.com\\\/de\\\/#website\"},\"primaryImageOfPage\":{\"@id\":\"https:\\\/\\\/www.irenelauretti.com\\\/de\\\/deutsch-die-milz-schlussel-zum-tor-des-krebses\\\/#primaryimage\"},\"image\":{\"@id\":\"https:\\\/\\\/www.irenelauretti.com\\\/deutsch-die-milz-schlussel-zum-tor-des-krebses\\\/#primaryimage\"},\"thumbnailUrl\":\"http:\\\/\\\/www.irenelauretti.com\\\/wp-content\\\/uploads\\\/2013\\\/08\\\/Irene-265x300.jpg\",\"datePublished\":\"2014-06-26T15:39:10+00:00\",\"dateModified\":\"2014-06-26T16:00:51+00:00\",\"breadcrumb\":{\"@id\":\"https:\\\/\\\/www.irenelauretti.com\\\/de\\\/deutsch-die-milz-schlussel-zum-tor-des-krebses\\\/#breadcrumb\"},\"inLanguage\":\"de\",\"potentialAction\":[{\"@type\":\"ReadAction\",\"target\":[[\"https:\\\/\\\/www.irenelauretti.com\\\/de\\\/deutsch-die-milz-schlussel-zum-tor-des-krebses\\\/\"]]}]},{\"@type\":\"ImageObject\",\"inLanguage\":\"de\",\"@id\":\"https:\\\/\\\/www.irenelauretti.com\\\/de\\\/deutsch-die-milz-schlussel-zum-tor-des-krebses\\\/#primaryimage\",\"url\":\"http:\\\/\\\/www.irenelauretti.com\\\/wp-content\\\/uploads\\\/2013\\\/08\\\/Irene-265x300.jpg\",\"contentUrl\":\"http:\\\/\\\/www.irenelauretti.com\\\/wp-content\\\/uploads\\\/2013\\\/08\\\/Irene-265x300.jpg\"},{\"@type\":\"BreadcrumbList\",\"@id\":\"https:\\\/\\\/www.irenelauretti.com\\\/de\\\/deutsch-die-milz-schlussel-zum-tor-des-krebses\\\/#breadcrumb\",\"itemListElement\":[{\"@type\":\"ListItem\",\"position\":1,\"name\":\"Start\",\"item\":\"https:\\\/\\\/www.irenelauretti.com\\\/de\\\/\"},{\"@type\":\"ListItem\",\"position\":2,\"name\":\"Die Milz \u2013 Schl\u00fcssel zum Tor des Krebses\"}]},{\"@type\":\"WebSite\",\"@id\":\"https:\\\/\\\/www.irenelauretti.com\\\/de\\\/#website\",\"url\":\"https:\\\/\\\/www.irenelauretti.com\\\/de\\\/\",\"name\":\"irenelauretti.com\",\"description\":\"Autorin Mystikerin Heilerin Vision\u00e4rin\",\"publisher\":{\"@id\":\"https:\\\/\\\/www.irenelauretti.com\\\/de\\\/#organization\"},\"potentialAction\":[{\"@type\":\"SearchAction\",\"target\":{\"@type\":\"EntryPoint\",\"urlTemplate\":\"https:\\\/\\\/www.irenelauretti.com\\\/de\\\/?s={search_term_string}\"},\"query-input\":{\"@type\":\"PropertyValueSpecification\",\"valueRequired\":true,\"valueName\":\"search_term_string\"}}],\"inLanguage\":\"de\"},{\"@type\":\"Organization\",\"@id\":\"https:\\\/\\\/www.irenelauretti.com\\\/de\\\/#organization\",\"name\":\"irenelauretti.com\",\"url\":\"https:\\\/\\\/www.irenelauretti.com\\\/de\\\/\",\"logo\":{\"@type\":\"ImageObject\",\"inLanguage\":\"de\",\"@id\":\"https:\\\/\\\/www.irenelauretti.com\\\/de\\\/#\\\/schema\\\/logo\\\/image\\\/\",\"url\":\"https:\\\/\\\/www.irenelauretti.com\\\/wp-content\\\/uploads\\\/2013\\\/08\\\/Logo_with.png\",\"contentUrl\":\"https:\\\/\\\/www.irenelauretti.com\\\/wp-content\\\/uploads\\\/2013\\\/08\\\/Logo_with.png\",\"width\":180,\"height\":113,\"caption\":\"irenelauretti.com\"},\"image\":{\"@id\":\"https:\\\/\\\/www.irenelauretti.com\\\/de\\\/#\\\/schema\\\/logo\\\/image\\\/\"}},{\"@type\":\"Person\",\"@id\":\"https:\\\/\\\/www.irenelauretti.com\\\/#\\\/schema\\\/person\\\/692dd8be38a44ae26e451ac8e1d35f4d\",\"name\":\"Irene Lauretti\",\"image\":{\"@type\":\"ImageObject\",\"inLanguage\":\"de\",\"@id\":\"https:\\\/\\\/secure.gravatar.com\\\/avatar\\\/fc11751010b28816d1d3f43dfe9b51d964b6d1ace79d23ea8873bf0f0cf231ea?s=96&d=mm&r=g\",\"url\":\"https:\\\/\\\/secure.gravatar.com\\\/avatar\\\/fc11751010b28816d1d3f43dfe9b51d964b6d1ace79d23ea8873bf0f0cf231ea?s=96&d=mm&r=g\",\"contentUrl\":\"https:\\\/\\\/secure.gravatar.com\\\/avatar\\\/fc11751010b28816d1d3f43dfe9b51d964b6d1ace79d23ea8873bf0f0cf231ea?s=96&d=mm&r=g\",\"caption\":\"Irene Lauretti\"},\"sameAs\":[\"http:\\\/\\\/www.irenelauretti.com\"],\"url\":\"https:\\\/\\\/www.irenelauretti.com\\\/de\\\/author\\\/ilauretti\\\/\"}]}<\/script>\n<!-- \/ Yoast SEO plugin. -->","yoast_head_json":{"title":"Die Milz \u2013 Schl\u00fcssel zum Tor des Krebses - irenelauretti.com","robots":{"index":"index","follow":"follow","max-snippet":"max-snippet:-1","max-image-preview":"max-image-preview:large","max-video-preview":"max-video-preview:-1"},"canonical":"https:\/\/www.irenelauretti.com\/de\/deutsch-die-milz-schlussel-zum-tor-des-krebses\/","twitter_card":"summary_large_image","twitter_title":"Die Milz \u2013 Schl\u00fcssel zum Tor des Krebses - irenelauretti.com","twitter_description":"Innerhalb des Jahreszyklus ist der Monat Juli dem Krebs zugeordnet, d.h. w\u00e4hrend des Neumondes im Juli (oder Ende Juni, wie in diesem Jahr) aktiviert der Mond die Schwingung des Krebses, um dann im darauf folgenden Vollmond das Tor des Steinbocks zu \u00f6ffnen, denn der auf den Neumond folgende Vollmond entspricht grunds\u00e4tzlich der Oppositionskraft des Neumondes! [&hellip;]","twitter_image":"http:\/\/www.irenelauretti.com\/wp-content\/uploads\/2013\/08\/Irene-265x300.jpg","twitter_misc":{"Verfasst von":"Irene Lauretti","Gesch\u00e4tzte Lesezeit":"4\u00a0Minuten"},"schema":{"@context":"https:\/\/schema.org","@graph":[{"@type":"Article","@id":"https:\/\/www.irenelauretti.com\/deutsch-die-milz-schlussel-zum-tor-des-krebses\/#article","isPartOf":{"@id":"https:\/\/www.irenelauretti.com\/deutsch-die-milz-schlussel-zum-tor-des-krebses\/"},"author":{"name":"Irene Lauretti","@id":"https:\/\/www.irenelauretti.com\/#\/schema\/person\/692dd8be38a44ae26e451ac8e1d35f4d"},"headline":"Die Milz \u2013 Schl\u00fcssel zum Tor des Krebses","datePublished":"2014-06-26T15:39:10+00:00","dateModified":"2014-06-26T16:00:51+00:00","mainEntityOfPage":{"@id":"https:\/\/www.irenelauretti.com\/deutsch-die-milz-schlussel-zum-tor-des-krebses\/"},"wordCount":862,"commentCount":2,"publisher":{"@id":"https:\/\/www.irenelauretti.com\/#organization"},"image":{"@id":"https:\/\/www.irenelauretti.com\/deutsch-die-milz-schlussel-zum-tor-des-krebses\/#primaryimage"},"thumbnailUrl":"http:\/\/www.irenelauretti.com\/wp-content\/uploads\/2013\/08\/Irene-265x300.jpg","keywords":["Anti-Immunkrankheiten","Ersch\u00f6pfung","Herz","Jin Shin Jyutsu","Krebs","Milz","Mond","Multiple Sklerose","Stromverlauf","Zehenstr\u00f6me"],"articleSection":["Energieheilen","Gesundheit"],"inLanguage":"de","potentialAction":[{"@type":"CommentAction","name":"Comment","target":["https:\/\/www.irenelauretti.com\/deutsch-die-milz-schlussel-zum-tor-des-krebses\/#respond"]}]},{"@type":"WebPage","@id":"https:\/\/www.irenelauretti.com\/de\/deutsch-die-milz-schlussel-zum-tor-des-krebses\/","url":"https:\/\/www.irenelauretti.com\/de\/deutsch-die-milz-schlussel-zum-tor-des-krebses\/","name":"Die Milz \u2013 Schl\u00fcssel zum Tor des Krebses - irenelauretti.com","isPartOf":{"@id":"https:\/\/www.irenelauretti.com\/de\/#website"},"primaryImageOfPage":{"@id":"https:\/\/www.irenelauretti.com\/de\/deutsch-die-milz-schlussel-zum-tor-des-krebses\/#primaryimage"},"image":{"@id":"https:\/\/www.irenelauretti.com\/deutsch-die-milz-schlussel-zum-tor-des-krebses\/#primaryimage"},"thumbnailUrl":"http:\/\/www.irenelauretti.com\/wp-content\/uploads\/2013\/08\/Irene-265x300.jpg","datePublished":"2014-06-26T15:39:10+00:00","dateModified":"2014-06-26T16:00:51+00:00","breadcrumb":{"@id":"https:\/\/www.irenelauretti.com\/de\/deutsch-die-milz-schlussel-zum-tor-des-krebses\/#breadcrumb"},"inLanguage":"de","potentialAction":[{"@type":"ReadAction","target":[["https:\/\/www.irenelauretti.com\/de\/deutsch-die-milz-schlussel-zum-tor-des-krebses\/"]]}]},{"@type":"ImageObject","inLanguage":"de","@id":"https:\/\/www.irenelauretti.com\/de\/deutsch-die-milz-schlussel-zum-tor-des-krebses\/#primaryimage","url":"http:\/\/www.irenelauretti.com\/wp-content\/uploads\/2013\/08\/Irene-265x300.jpg","contentUrl":"http:\/\/www.irenelauretti.com\/wp-content\/uploads\/2013\/08\/Irene-265x300.jpg"},{"@type":"BreadcrumbList","@id":"https:\/\/www.irenelauretti.com\/de\/deutsch-die-milz-schlussel-zum-tor-des-krebses\/#breadcrumb","itemListElement":[{"@type":"ListItem","position":1,"name":"Start","item":"https:\/\/www.irenelauretti.com\/de\/"},{"@type":"ListItem","position":2,"name":"Die Milz \u2013 Schl\u00fcssel zum Tor des Krebses"}]},{"@type":"WebSite","@id":"https:\/\/www.irenelauretti.com\/de\/#website","url":"https:\/\/www.irenelauretti.com\/de\/","name":"irenelauretti.com","description":"Autorin Mystikerin Heilerin Vision\u00e4rin","publisher":{"@id":"https:\/\/www.irenelauretti.com\/de\/#organization"},"potentialAction":[{"@type":"SearchAction","target":{"@type":"EntryPoint","urlTemplate":"https:\/\/www.irenelauretti.com\/de\/?s={search_term_string}"},"query-input":{"@type":"PropertyValueSpecification","valueRequired":true,"valueName":"search_term_string"}}],"inLanguage":"de"},{"@type":"Organization","@id":"https:\/\/www.irenelauretti.com\/de\/#organization","name":"irenelauretti.com","url":"https:\/\/www.irenelauretti.com\/de\/","logo":{"@type":"ImageObject","inLanguage":"de","@id":"https:\/\/www.irenelauretti.com\/de\/#\/schema\/logo\/image\/","url":"https:\/\/www.irenelauretti.com\/wp-content\/uploads\/2013\/08\/Logo_with.png","contentUrl":"https:\/\/www.irenelauretti.com\/wp-content\/uploads\/2013\/08\/Logo_with.png","width":180,"height":113,"caption":"irenelauretti.com"},"image":{"@id":"https:\/\/www.irenelauretti.com\/de\/#\/schema\/logo\/image\/"}},{"@type":"Person","@id":"https:\/\/www.irenelauretti.com\/#\/schema\/person\/692dd8be38a44ae26e451ac8e1d35f4d","name":"Irene Lauretti","image":{"@type":"ImageObject","inLanguage":"de","@id":"https:\/\/secure.gravatar.com\/avatar\/fc11751010b28816d1d3f43dfe9b51d964b6d1ace79d23ea8873bf0f0cf231ea?s=96&d=mm&r=g","url":"https:\/\/secure.gravatar.com\/avatar\/fc11751010b28816d1d3f43dfe9b51d964b6d1ace79d23ea8873bf0f0cf231ea?s=96&d=mm&r=g","contentUrl":"https:\/\/secure.gravatar.com\/avatar\/fc11751010b28816d1d3f43dfe9b51d964b6d1ace79d23ea8873bf0f0cf231ea?s=96&d=mm&r=g","caption":"Irene Lauretti"},"sameAs":["http:\/\/www.irenelauretti.com"],"url":"https:\/\/www.irenelauretti.com\/de\/author\/ilauretti\/"}]}},"cc_featured_image_caption":{"caption_text":false,"source_text":false,"source_url":false},"_links":{"self":[{"href":"https:\/\/www.irenelauretti.com\/de\/wp-json\/wp\/v2\/posts\/1511","targetHints":{"allow":["GET"]}}],"collection":[{"href":"https:\/\/www.irenelauretti.com\/de\/wp-json\/wp\/v2\/posts"}],"about":[{"href":"https:\/\/www.irenelauretti.com\/de\/wp-json\/wp\/v2\/types\/post"}],"author":[{"embeddable":true,"href":"https:\/\/www.irenelauretti.com\/de\/wp-json\/wp\/v2\/users\/2"}],"replies":[{"embeddable":true,"href":"https:\/\/www.irenelauretti.com\/de\/wp-json\/wp\/v2\/comments?post=1511"}],"version-history":[{"count":4,"href":"https:\/\/www.irenelauretti.com\/de\/wp-json\/wp\/v2\/posts\/1511\/revisions"}],"predecessor-version":[{"id":1516,"href":"https:\/\/www.irenelauretti.com\/de\/wp-json\/wp\/v2\/posts\/1511\/revisions\/1516"}],"wp:attachment":[{"href":"https:\/\/www.irenelauretti.com\/de\/wp-json\/wp\/v2\/media?parent=1511"}],"wp:term":[{"taxonomy":"category","embeddable":true,"href":"https:\/\/www.irenelauretti.com\/de\/wp-json\/wp\/v2\/categories?post=1511"},{"taxonomy":"post_tag","embeddable":true,"href":"https:\/\/www.irenelauretti.com\/de\/wp-json\/wp\/v2\/tags?post=1511"}],"curies":[{"name":"wp","href":"https:\/\/api.w.org\/{rel}","templated":true}]}}