{"id":1530,"date":"2014-07-02T17:15:52","date_gmt":"2014-07-02T17:15:52","guid":{"rendered":"http:\/\/www.irenelauretti.com\/?p=1530"},"modified":"2014-07-19T09:59:04","modified_gmt":"2014-07-19T09:59:04","slug":"deutsch-heilung-wann-und-wie-beginnt-der-heilprozess","status":"publish","type":"post","link":"https:\/\/www.irenelauretti.com\/de\/deutsch-heilung-wann-und-wie-beginnt-der-heilprozess\/","title":{"rendered":"HEILUNG \u2013 wann und wie beginnt der Heilprozess?"},"content":{"rendered":"<p><a href=\"http:\/\/www.irenelauretti.com\/wp-content\/uploads\/2013\/08\/Irene.jpg\" data-rel=\"lightbox-image-0\" data-rl_title=\"\" data-rl_caption=\"\" title=\"\"><img fetchpriority=\"high\" decoding=\"async\" src=\"http:\/\/www.irenelauretti.com\/wp-content\/uploads\/2013\/08\/Irene-265x300.jpg\" alt=\"Irene Lauretti\" width=\"265\" height=\"300\" class=\"alignnone size-medium wp-image-1140\" srcset=\"https:\/\/www.irenelauretti.com\/wp-content\/uploads\/2013\/08\/Irene-265x300.jpg 265w, https:\/\/www.irenelauretti.com\/wp-content\/uploads\/2013\/08\/Irene-330x373.jpg 330w, https:\/\/www.irenelauretti.com\/wp-content\/uploads\/2013\/08\/Irene.jpg 500w\" sizes=\"(max-width: 265px) 100vw, 265px\" \/><\/a><\/p>\n<p>WANN und WIE beginnen wir zu heilen? Ist es dann, wenn wir einen Arzt und Heilpraktiker aufsuchen, beginnen Medikamente einzunehmen, oder\/und beschlie\u00dfen, etwas \u201ef\u00fcr\u201c unsere Gesundheit zu tun?<\/p>\n<p>HEILUNG \u2013 so paradox dies f\u00fcr manchen zun\u00e4chst klingen mag, beginnt in dem Moment, in dem wir den Schwerpunkt wegnehmen von der Krankheit bzw. deren \u201eBek\u00e4mpfung\u201c und \u201eEntfernung\u201c und stattdessen das Ziel legen auf die HARMONIE, den EINKLANG. <\/p>\n<p>Vor einigen Jahren erz\u00e4hlte mir eine Bekannte die Geschichte einer Freundin, die Krebs im Endstadium hatte und von den \u00c4rzten bereits \u201eaufgegeben\u201c worden war. Sie hatte bereits mehrere Jahre Chemotherapie hinter sich, die ihr Leben zwar \u201everl\u00e4ngert\u201c hatte, jedoch keine Heilung erm\u00f6glicht hatte. Jahrelang hatte sie gegen den Krebs, den \u201eFeind\u201c in ihrem K\u00f6rper, gek\u00e4mpft, hatte alles \u201egegeben\u201c, wochenlange Krankenhausaufenthalte und Qualen hinter sich, um nun, nach fast 5 Jahren \u201eTherapie\u201c von den \u00c4rzten gesagt zu kriegen, dass sie nur noch kurze Zeit zu leben habe.<br \/>\nFast \u201eerleichtert\u201c beschloss die Frau, mit den letzten ihr verbliebenen Kr\u00e4ften nach Irland zu reisen, da dies schon immer ihr Wunsch gewesen war.<br \/>\nSie lie\u00df sich an einen einsamen See bringen, wo sie darum bat, alleine gelassen zu werden. Alles was sie wollte, war, an diesem See zu sitzen, die wundersch\u00f6ne Natur zu genie\u00dfen und regelrecht in sich \u201eaufzusaugen\u201c. Nach all den Jahren des K\u00e4mpfens gegen einen offenbar unbesiegbaren Feind  wollte sie einfach nur noch SEIN. SEIN ohne irgend ein <em>m\u00fcssen<\/em>, ohne jegliches<em> wollen<\/em>, ja sogar ohne <em>hoffen<\/em>.<br \/>\nSEIN in vollkommenem EINKLANG mit der NATUR, einfach nur SEIN, ohne jegliches \u201eirdisches Zubeh\u00f6r\u201c.<br \/>\nUnd w\u00e4hrend die Frau einfach nur in HARMONIE mit der Natur und sich SELBST war, wurde ihr pl\u00f6tzlich bewusst, dass sie HEIL war bzw. dass das, wogegen sie gek\u00e4mpft hatte, mit ihrem WAHREN SELBST nichts zu tun hatte. Dieses innere Wissen war keine \u201eEinbildung\u201c, sondern Wahrheit, denn als sie sich nach ihrer R\u00fcckkehr im Krankenhaus untersuchen lie\u00df, war ihr K\u00f6rper vollkommen \u201eKrebs-frei\u201c. <\/p>\n<p>Diese Geschichte ist kein M\u00e4rchen. Sie ist auch kein Einzelfall, sondern ist ganz einfach ein Beispiel daf\u00fcr, dass wir Heilung niemals erzwingen k\u00f6nnen, sondern vielmehr erst erm\u00f6glichen, indem wir den Identifikationsschwerpunkt von der \u201eKrankheit\u201c auf die HARMONIE verlegen.<\/p>\n<p>Wir sind grunds\u00e4tzlich das, womit wir uns identifizieren und wof\u00fcr wir unsere \u201eEnergie\u201c und Sprache (!) einsetzen, und das bedeutet, dass wir \u2013 wenn wir uns mit etwas identifizieren &#8211; also auch st\u00e4ndig davon sprechen &#8211; bzw. \u201egegen\u201c etwas k\u00e4mpfen, dieses selbst \u201esind\u201c bzw. \u201ewerden\u201c. <\/p>\n<p>Wie ich in meinem Buch <em><a href=\"http:\/\/www.amazon.de\/Der-Mond-kosmische-Code-Sch%C3%B6pfung\/dp\/3000433120\/ref=sr_1_1?ie=UTF8&#038;qid=1393169521&#038;sr=8-1&#038;keywords=der+mond+und+der+kosmische+code+der+sch%C3%B6pfung\">Der Mond und der kosmische Code der Sch\u00f6pfung<\/a><\/em> beschreibe und durch die Reise durch die 12 kosmischen Kr\u00e4fte praktisch erl\u00e4utere, entspricht der WEG gleichzeitig dem ZIEL, d.h. wenn wir uns t\u00e4glich durch das vom <strong>Mond<\/strong> als <strong>kosmischem Pendant unserer Seele<\/strong> vorgegebenen kosmischen Tor einstimmen, werden wir EINS mit der QUELLE bzw. mit jenem sich kontinuierlich aus der Quelle ergie\u00dfenden Strom vollkommener <strong>Lebensenergie<\/strong> und<strong> Heilkraft,<\/strong> die wir in Wahrheit in jedem Moment unseres Lebens sind.<\/p>\n<p>Wie der bekannte kubanisch-amerikanische Arzt A. Villoldo sagte, gibt es in S\u00fcdamerika Schamanen, die von sich behaupten den Schl\u00fcssel zu ewiger Jugend bzw. zum Nicht-Altern gefunden zu haben und zu nutzen.<\/p>\n<p>Und was ist dieser Schl\u00fcssel?<\/p>\n<p>Es ist genau das, was ich in <em><a href=\"http:\/\/www.amazon.de\/Der-Mond-kosmische-Code-Sch%C3%B6pfung\/dp\/3000433120\/ref=sr_1_1?ie=UTF8&#038;qid=1393169521&#038;sr=8-1&#038;keywords=der+mond+und+der+kosmische+code+der+sch%C3%B6pfung\">Der Mond und der kosmische Code der Sch\u00f6pfung<\/a><\/em> beschreibe, n\u00e4mlich die IDENTIFIKATION mit der Quelle, der Einheit bzw. Wahrheit, also der Ebene des Geistes, die immer WAR, IST und SEIN WIRD, anstatt mit jener Ebene der K\u00f6rperlichkeit, die verg\u00e4nglich ist.<\/p>\n<p>In dem Moment, in dem wir uns mit unserem K\u00f6rper, unserer K\u00f6rperlichkeit, oder sogar \u201eunserer\u201c Krankheit, identifizieren, werden wir selbst \u201everg\u00e4nglich\u201c bzw. altern und sind Krankheit und Verfall ausgesetzt.<\/p>\n<p>In dem Moment, in dem wir uns mit der der K\u00f6rperlichkeit \u00fcbergeordneten Ebene des Geistes, unseres WAHREN SELBST, des ewigen, geistigen Lichts der 7. Tiefe, identifizieren, werden wir gleichsam \u201eimmun\u201c gegen alles, was der irdischen Ebene der K\u00f6rperlichkeit und Verg\u00e4nglichkeit entspricht, so \u201eunglaublich\u201c dies zun\u00e4chst klingen mag.<\/p>\n<p>Wenn wir uns einstimmen, wie in <em><a href=\"http:\/\/www.amazon.de\/Der-Mond-kosmische-Code-Sch%C3%B6pfung\/dp\/3000433120\/ref=sr_1_1?ie=UTF8&#038;qid=1393169521&#038;sr=8-1&#038;keywords=der+mond+und+der+kosmische+code+der+sch%C3%B6pfung\">Der Mond und der kosmische Code der Sch\u00f6pfung<\/a><\/em> beschrieben, \u201e\u00f6ffnen\u201c wir t\u00e4glich das vom Mond vorgegebene Tor, welches das Verbindungs-Tor zwischen unser <strong>k\u00f6rperlichen<\/strong> Ebene und der <strong>geistigen<\/strong> Ebene, zwischen Wirkung der Wahrheit und Wahrheit ist. Indem wir das Tor durch das entsprechende Organ, den Schl\u00fcssel bzw. das Werkzeug unserer Seele, \u00f6ffnen, werden wir sozusagen <em>durch<\/em> die Organkraft, durch den <strong>Einklang<\/strong> dieser Organkraft mit der vom Mond vorgegebenen, entsprechenden Schwingung, EINS mit der Quelle allen Lebens.<\/p>\n<p>Wir heilen also das Organ, indem wir den entsprechenden Organstrom \u201e\u00f6ffnen\u201c und aktivieren, und indem wir dies tun, identifizieren wir uns sozusagen <em>durch <\/em>dieses Organ und seine positiven Attribute (wie z.B. die Freude, Liebe und Begeisterung der Herzenergie), <em>durch<\/em> dieses Werkzeug der Seele, mit unserem der k\u00f6rperlich-organischen Ebene \u00fcbergeordneten Wahren, vollkommenen Selbst und SIND dadurch selbst vollkommene Gesundheit.<\/p>\n<p>Wir verlegen den Schwerpunkt von der \u201eBek\u00e4mpfung\u201c von spezifischen Symptomen auf die Wiederherstellung vollkommener HARMONIE = EINKLANG bzw. \u2013 wie ich in meinem Buch beschreibe \u2013 der 3-Einheit von K\u00d6RPER, GEIST und SEELE \u2013 der (vollkommener Gesundheit entsprechenden) EINHEIT von K\u00f6rper und Geist durch die zwischen diesen beiden Ebenen durch ihre 12 Tore vermittelnde SEELE!<\/p>\n<p>Und \u2013 indem wir dies tun, \u201eentziehen\u201c wir gem\u00e4\u00df kosmischem Sch\u00f6pfungsgrundsatz \u201eDer Weg ist gleichzeitig das Ziel\u201c den k\u00f6rperlichen Symptomen, der Krankheit, ihre \u201eMacht\u201c \u00fcber uns, unsere Seele und unser Leben, und ERLAUBEN dem geistigen Licht der 7. Tiefe, unseren K\u00f6rper und eventuelle k\u00f6rperliche Symptome zu TRANSFORMIEREN in vollkommene GESUNDHEIT und EWIGE JUGEND!<\/p>\n<p>Um den Heilungsprozess durch die Einstimmung noch zus\u00e4tzlich zu unterst\u00fctzen, ist es daher sinnvoll, wenn wir uns das Organ, welches wir gerade aktivieren wie in <em><a href=\"http:\/\/www.amazon.de\/Der-Mond-kosmische-Code-Sch%C3%B6pfung\/dp\/3000433120\/ref=sr_1_1?ie=UTF8&#038;qid=1393169521&#038;sr=8-1&#038;keywords=der+mond+und+der+kosmische+code+der+sch%C3%B6pfung\">Der Mond und der kosmische Code der Sch\u00f6pfung<\/a><\/em> beschrieben, w\u00e4hrend des Einstimmens liebevoll in dessen strahlender Tiefen-Farbe vorstellen, also der Farbe in der auch die Tiefenkapitel gehalten sind, also z.B. das <strong>Herz<\/strong> in <strong>Rot<\/strong> (Farbe der 5. Tiefe), die <strong>Nieren<\/strong> in leuchtendem <strong>Blau<\/strong> (Farbe der 4. Tiefe), die <strong>Lebe<\/strong>r in strahlendem <strong>Gr\u00fcn<\/strong> (Farbe der 3. Tiefe), usw.<\/p>\n<p>Anstatt uns also auf eventuelle \u201eProbleme\u201c in bzw. mit dem Organ zu versteifen und uns z.B. vorzustellen, ob unsere Krankheit nun schon \u201eweg\u201c ist oder noch \u201eda\u201c ist, lenken wir die Aufmerksamkeit bewusst auf das <strong>Ziel<\/strong> der Einstimmung hin, n\u00e4mlich auf die entsprechende, <strong>leuchtende Farbe<\/strong>, ebenso wie auf die entsprechende <strong>positive Emotion<\/strong> (z.B. Liebe, Freude, Begeisterung f\u00fcr die Herzenergie) des Organs, welches wir gerade einstimmen. Wir k\u00f6nnen uns zus\u00e4tzlich auch noch bewusst innerlich bei dem Organ, dem Werkzeug unserer Seele, f\u00fcr dessen Arbeit <strong>bedanken<\/strong> und es innerlich <strong>anl\u00e4cheln<\/strong>.<\/p>\n<p>Probiert es einfach aus und sp\u00fcrt selbst, wie die Organe dankbar reagieren und durch effizientere Leistung \u201ezur\u00fcckl\u00e4cheln\u201c.<\/p>\n<p>Je l\u00e4nger wir dies tun, desto freudiger und effizienter arbeiten die Organe, desto ges\u00fcnder und vitaler werden wir, desto weiter entfernen wir uns von dem Zustand, den wir \u201eKrankheit\u201c oder \u201eErsch\u00f6pfung\u201c nennen, desto mehr werden wir WIR SELBST, also das, was wir geboren sind zu SEIN, womit wir zur\u00fcckkommen zu unserer urspr\u00fcnglichen Frage, n\u00e4mlich wann und wie wir beginnen zu heilen.<\/p>\n<p>Die Antwort ist also: wir heilen grunds\u00e4tzlich nur durch uns <strong>SELBST<\/strong>T, wobei der Heilungsprozess in dem Moment beginnt, in dem wir uns auf den <strong>WEG<\/strong> zu <strong>HARMONIE<\/strong> begeben.<\/p>\n<p>Kein Arzt und kein Medikament, und auch kein Therapeut und\/oder Heilpraktiker kann uns diesen Weg abnehmen, nur wir selbst k\u00f6nnen und m\u00fcssen uns bewusst f\u00fcr den EINKLANG, die HARMONIE entscheiden, sofern wir wahrhaft HEIL werden wollen.<\/p>\n<p>GESUNDHEIT kann und wird grunds\u00e4tzlich nur bei uns SELBST beginnen; es liegt an uns, wann und ob wir diesen Weg einschlagen!<\/p>\n<p><a href=\"http:\/\/www.irenelauretti.com\/wp-content\/uploads\/2013\/08\/Logo_with.png\" data-rel=\"lightbox-image-1\" data-rl_title=\"\" data-rl_caption=\"\" title=\"\"><img decoding=\"async\" src=\"http:\/\/www.irenelauretti.com\/wp-content\/uploads\/2013\/08\/Logo_with.png\" alt=\"Logo_with\" width=\"180\" height=\"113\" class=\"alignnone size-full wp-image-136\" \/><\/a><\/p>\n<p><\/p>","protected":false},"excerpt":{"rendered":"<p>WANN und WIE beginnen wir zu heilen? Ist es dann, wenn wir einen Arzt und Heilpraktiker aufsuchen, beginnen Medikamente einzunehmen, oder\/und beschlie\u00dfen, etwas \u201ef\u00fcr\u201c unsere Gesundheit zu tun? HEILUNG \u2013 so paradox dies f\u00fcr manchen zun\u00e4chst klingen mag, beginnt in dem Moment, in dem wir den Schwerpunkt wegnehmen von der Krankheit bzw. deren \u201eBek\u00e4mpfung\u201c und [&hellip;]<\/p>\n","protected":false},"author":2,"featured_media":0,"comment_status":"open","ping_status":"open","sticky":false,"template":"","format":"standard","meta":{"_coblocks_attr":"","_coblocks_dimensions":"","_coblocks_responsive_height":"","_coblocks_accordion_ie_support":"","ocean_post_layout":"","ocean_both_sidebars_style":"","ocean_both_sidebars_content_width":0,"ocean_both_sidebars_sidebars_width":0,"ocean_sidebar":"","ocean_second_sidebar":"","ocean_disable_margins":"enable","ocean_add_body_class":"","ocean_shortcode_before_top_bar":"","ocean_shortcode_after_top_bar":"","ocean_shortcode_before_header":"","ocean_shortcode_after_header":"","ocean_has_shortcode":"","ocean_shortcode_after_title":"","ocean_shortcode_before_footer_widgets":"","ocean_shortcode_after_footer_widgets":"","ocean_shortcode_before_footer_bottom":"","ocean_shortcode_after_footer_bottom":"","ocean_display_top_bar":"default","ocean_display_header":"default","ocean_header_style":"","ocean_center_header_left_menu":"","ocean_custom_header_template":"","ocean_custom_logo":0,"ocean_custom_retina_logo":0,"ocean_custom_logo_max_width":0,"ocean_custom_logo_tablet_max_width":0,"ocean_custom_logo_mobile_max_width":0,"ocean_custom_logo_max_height":0,"ocean_custom_logo_tablet_max_height":0,"ocean_custom_logo_mobile_max_height":0,"ocean_header_custom_menu":"","ocean_menu_typo_font_family":"","ocean_menu_typo_font_subset":"","ocean_menu_typo_font_size":0,"ocean_menu_typo_font_size_tablet":0,"ocean_menu_typo_font_size_mobile":0,"ocean_menu_typo_font_size_unit":"px","ocean_menu_typo_font_weight":"","ocean_menu_typo_font_weight_tablet":"","ocean_menu_typo_font_weight_mobile":"","ocean_menu_typo_transform":"","ocean_menu_typo_transform_tablet":"","ocean_menu_typo_transform_mobile":"","ocean_menu_typo_line_height":0,"ocean_menu_typo_line_height_tablet":0,"ocean_menu_typo_line_height_mobile":0,"ocean_menu_typo_line_height_unit":"","ocean_menu_typo_spacing":0,"ocean_menu_typo_spacing_tablet":0,"ocean_menu_typo_spacing_mobile":0,"ocean_menu_typo_spacing_unit":"","ocean_menu_link_color":"","ocean_menu_link_color_hover":"","ocean_menu_link_color_active":"","ocean_menu_link_background":"","ocean_menu_link_hover_background":"","ocean_menu_link_active_background":"","ocean_menu_social_links_bg":"","ocean_menu_social_hover_links_bg":"","ocean_menu_social_links_color":"","ocean_menu_social_hover_links_color":"","ocean_disable_title":"default","ocean_disable_heading":"default","ocean_post_title":"","ocean_post_subheading":"","ocean_post_title_style":"","ocean_post_title_background_color":"","ocean_post_title_background":0,"ocean_post_title_bg_image_position":"","ocean_post_title_bg_image_attachment":"","ocean_post_title_bg_image_repeat":"","ocean_post_title_bg_image_size":"","ocean_post_title_height":0,"ocean_post_title_bg_overlay":0.5,"ocean_post_title_bg_overlay_color":"","ocean_disable_breadcrumbs":"default","ocean_breadcrumbs_color":"","ocean_breadcrumbs_separator_color":"","ocean_breadcrumbs_links_color":"","ocean_breadcrumbs_links_hover_color":"","ocean_display_footer_widgets":"default","ocean_display_footer_bottom":"default","ocean_custom_footer_template":"","omw_enable_modal_window":"enable","_themeisle_gutenberg_block_has_review":false,"ocean_post_oembed":"","ocean_post_self_hosted_media":"","ocean_post_video_embed":"","ocean_link_format":"","ocean_link_format_target":"self","ocean_quote_format":"","ocean_quote_format_link":"post","ocean_gallery_link_images":"on","ocean_gallery_id":[],"footnotes":""},"categories":[44,46],"tags":[93,81,92,501,91,94,90,95],"class_list":["post-1530","post","type-post","status-publish","format-standard","hentry","category-energieheilen","category-gesundheit","tag-alberto-villoldo","tag-einstimmen","tag-harmonie","tag-heilung","tag-identifizierung","tag-schamanen","tag-spontanheilung","tag-wahres-selbst","entry"],"yoast_head":"<!-- This site is optimized with the Yoast SEO plugin v27.4 - https:\/\/yoast.com\/product\/yoast-seo-wordpress\/ -->\n<title>HEILUNG \u2013 wann und wie beginnt der Heilprozess? - irenelauretti.com<\/title>\n<meta name=\"robots\" content=\"index, follow, max-snippet:-1, max-image-preview:large, max-video-preview:-1\" \/>\n<link rel=\"canonical\" href=\"https:\/\/www.irenelauretti.com\/de\/deutsch-heilung-wann-und-wie-beginnt-der-heilprozess\/\" \/>\n<meta name=\"twitter:card\" content=\"summary_large_image\" \/>\n<meta name=\"twitter:title\" content=\"HEILUNG \u2013 wann und wie beginnt der Heilprozess? - irenelauretti.com\" \/>\n<meta name=\"twitter:description\" content=\"WANN und WIE beginnen wir zu heilen? Ist es dann, wenn wir einen Arzt und Heilpraktiker aufsuchen, beginnen Medikamente einzunehmen, oder\/und beschlie\u00dfen, etwas \u201ef\u00fcr\u201c unsere Gesundheit zu tun? HEILUNG \u2013 so paradox dies f\u00fcr manchen zun\u00e4chst klingen mag, beginnt in dem Moment, in dem wir den Schwerpunkt wegnehmen von der Krankheit bzw. deren \u201eBek\u00e4mpfung\u201c und [&hellip;]\" \/>\n<meta name=\"twitter:image\" content=\"http:\/\/www.irenelauretti.com\/wp-content\/uploads\/2013\/08\/Irene-265x300.jpg\" \/>\n<meta name=\"twitter:label1\" content=\"Verfasst von\" \/>\n\t<meta name=\"twitter:data1\" content=\"Irene Lauretti\" \/>\n\t<meta name=\"twitter:label2\" content=\"Gesch\u00e4tzte Lesezeit\" \/>\n\t<meta name=\"twitter:data2\" content=\"6\u00a0Minuten\" \/>\n<script type=\"application\/ld+json\" class=\"yoast-schema-graph\">{\"@context\":\"https:\\\/\\\/schema.org\",\"@graph\":[{\"@type\":\"Article\",\"@id\":\"https:\\\/\\\/www.irenelauretti.com\\\/deutsch-heilung-wann-und-wie-beginnt-der-heilprozess\\\/#article\",\"isPartOf\":{\"@id\":\"https:\\\/\\\/www.irenelauretti.com\\\/deutsch-heilung-wann-und-wie-beginnt-der-heilprozess\\\/\"},\"author\":{\"name\":\"Irene Lauretti\",\"@id\":\"https:\\\/\\\/www.irenelauretti.com\\\/#\\\/schema\\\/person\\\/692dd8be38a44ae26e451ac8e1d35f4d\"},\"headline\":\"HEILUNG \u2013 wann und wie beginnt der Heilprozess?\",\"datePublished\":\"2014-07-02T17:15:52+00:00\",\"dateModified\":\"2014-07-19T09:59:04+00:00\",\"mainEntityOfPage\":{\"@id\":\"https:\\\/\\\/www.irenelauretti.com\\\/deutsch-heilung-wann-und-wie-beginnt-der-heilprozess\\\/\"},\"wordCount\":1302,\"commentCount\":4,\"publisher\":{\"@id\":\"https:\\\/\\\/www.irenelauretti.com\\\/#organization\"},\"image\":{\"@id\":\"https:\\\/\\\/www.irenelauretti.com\\\/deutsch-heilung-wann-und-wie-beginnt-der-heilprozess\\\/#primaryimage\"},\"thumbnailUrl\":\"http:\\\/\\\/www.irenelauretti.com\\\/wp-content\\\/uploads\\\/2013\\\/08\\\/Irene-265x300.jpg\",\"keywords\":[\"Alberto Villoldo\",\"Einstimmen\",\"Harmonie\",\"Heilung\",\"Identifizierung\",\"Schamanen\",\"Spontanheilung\",\"Wahres Selbst\"],\"articleSection\":[\"Energieheilen\",\"Gesundheit\"],\"inLanguage\":\"de\",\"potentialAction\":[{\"@type\":\"CommentAction\",\"name\":\"Comment\",\"target\":[\"https:\\\/\\\/www.irenelauretti.com\\\/deutsch-heilung-wann-und-wie-beginnt-der-heilprozess\\\/#respond\"]}]},{\"@type\":\"WebPage\",\"@id\":\"https:\\\/\\\/www.irenelauretti.com\\\/de\\\/deutsch-heilung-wann-und-wie-beginnt-der-heilprozess\\\/\",\"url\":\"https:\\\/\\\/www.irenelauretti.com\\\/de\\\/deutsch-heilung-wann-und-wie-beginnt-der-heilprozess\\\/\",\"name\":\"HEILUNG \u2013 wann und wie beginnt der Heilprozess? - irenelauretti.com\",\"isPartOf\":{\"@id\":\"https:\\\/\\\/www.irenelauretti.com\\\/de\\\/#website\"},\"primaryImageOfPage\":{\"@id\":\"https:\\\/\\\/www.irenelauretti.com\\\/de\\\/deutsch-heilung-wann-und-wie-beginnt-der-heilprozess\\\/#primaryimage\"},\"image\":{\"@id\":\"https:\\\/\\\/www.irenelauretti.com\\\/deutsch-heilung-wann-und-wie-beginnt-der-heilprozess\\\/#primaryimage\"},\"thumbnailUrl\":\"http:\\\/\\\/www.irenelauretti.com\\\/wp-content\\\/uploads\\\/2013\\\/08\\\/Irene-265x300.jpg\",\"datePublished\":\"2014-07-02T17:15:52+00:00\",\"dateModified\":\"2014-07-19T09:59:04+00:00\",\"breadcrumb\":{\"@id\":\"https:\\\/\\\/www.irenelauretti.com\\\/de\\\/deutsch-heilung-wann-und-wie-beginnt-der-heilprozess\\\/#breadcrumb\"},\"inLanguage\":\"de\",\"potentialAction\":[{\"@type\":\"ReadAction\",\"target\":[[\"https:\\\/\\\/www.irenelauretti.com\\\/de\\\/deutsch-heilung-wann-und-wie-beginnt-der-heilprozess\\\/\"]]}]},{\"@type\":\"ImageObject\",\"inLanguage\":\"de\",\"@id\":\"https:\\\/\\\/www.irenelauretti.com\\\/de\\\/deutsch-heilung-wann-und-wie-beginnt-der-heilprozess\\\/#primaryimage\",\"url\":\"http:\\\/\\\/www.irenelauretti.com\\\/wp-content\\\/uploads\\\/2013\\\/08\\\/Irene-265x300.jpg\",\"contentUrl\":\"http:\\\/\\\/www.irenelauretti.com\\\/wp-content\\\/uploads\\\/2013\\\/08\\\/Irene-265x300.jpg\"},{\"@type\":\"BreadcrumbList\",\"@id\":\"https:\\\/\\\/www.irenelauretti.com\\\/de\\\/deutsch-heilung-wann-und-wie-beginnt-der-heilprozess\\\/#breadcrumb\",\"itemListElement\":[{\"@type\":\"ListItem\",\"position\":1,\"name\":\"Start\",\"item\":\"https:\\\/\\\/www.irenelauretti.com\\\/de\\\/\"},{\"@type\":\"ListItem\",\"position\":2,\"name\":\"HEILUNG \u2013 wann und wie beginnt der Heilprozess?\"}]},{\"@type\":\"WebSite\",\"@id\":\"https:\\\/\\\/www.irenelauretti.com\\\/de\\\/#website\",\"url\":\"https:\\\/\\\/www.irenelauretti.com\\\/de\\\/\",\"name\":\"irenelauretti.com\",\"description\":\"Autorin Mystikerin Heilerin Vision\u00e4rin\",\"publisher\":{\"@id\":\"https:\\\/\\\/www.irenelauretti.com\\\/de\\\/#organization\"},\"potentialAction\":[{\"@type\":\"SearchAction\",\"target\":{\"@type\":\"EntryPoint\",\"urlTemplate\":\"https:\\\/\\\/www.irenelauretti.com\\\/de\\\/?s={search_term_string}\"},\"query-input\":{\"@type\":\"PropertyValueSpecification\",\"valueRequired\":true,\"valueName\":\"search_term_string\"}}],\"inLanguage\":\"de\"},{\"@type\":\"Organization\",\"@id\":\"https:\\\/\\\/www.irenelauretti.com\\\/de\\\/#organization\",\"name\":\"irenelauretti.com\",\"url\":\"https:\\\/\\\/www.irenelauretti.com\\\/de\\\/\",\"logo\":{\"@type\":\"ImageObject\",\"inLanguage\":\"de\",\"@id\":\"https:\\\/\\\/www.irenelauretti.com\\\/de\\\/#\\\/schema\\\/logo\\\/image\\\/\",\"url\":\"https:\\\/\\\/www.irenelauretti.com\\\/wp-content\\\/uploads\\\/2013\\\/08\\\/Logo_with.png\",\"contentUrl\":\"https:\\\/\\\/www.irenelauretti.com\\\/wp-content\\\/uploads\\\/2013\\\/08\\\/Logo_with.png\",\"width\":180,\"height\":113,\"caption\":\"irenelauretti.com\"},\"image\":{\"@id\":\"https:\\\/\\\/www.irenelauretti.com\\\/de\\\/#\\\/schema\\\/logo\\\/image\\\/\"}},{\"@type\":\"Person\",\"@id\":\"https:\\\/\\\/www.irenelauretti.com\\\/#\\\/schema\\\/person\\\/692dd8be38a44ae26e451ac8e1d35f4d\",\"name\":\"Irene Lauretti\",\"image\":{\"@type\":\"ImageObject\",\"inLanguage\":\"de\",\"@id\":\"https:\\\/\\\/secure.gravatar.com\\\/avatar\\\/fc11751010b28816d1d3f43dfe9b51d964b6d1ace79d23ea8873bf0f0cf231ea?s=96&d=mm&r=g\",\"url\":\"https:\\\/\\\/secure.gravatar.com\\\/avatar\\\/fc11751010b28816d1d3f43dfe9b51d964b6d1ace79d23ea8873bf0f0cf231ea?s=96&d=mm&r=g\",\"contentUrl\":\"https:\\\/\\\/secure.gravatar.com\\\/avatar\\\/fc11751010b28816d1d3f43dfe9b51d964b6d1ace79d23ea8873bf0f0cf231ea?s=96&d=mm&r=g\",\"caption\":\"Irene Lauretti\"},\"sameAs\":[\"http:\\\/\\\/www.irenelauretti.com\"],\"url\":\"https:\\\/\\\/www.irenelauretti.com\\\/de\\\/author\\\/ilauretti\\\/\"}]}<\/script>\n<!-- \/ Yoast SEO plugin. -->","yoast_head_json":{"title":"HEILUNG \u2013 wann und wie beginnt der Heilprozess? - irenelauretti.com","robots":{"index":"index","follow":"follow","max-snippet":"max-snippet:-1","max-image-preview":"max-image-preview:large","max-video-preview":"max-video-preview:-1"},"canonical":"https:\/\/www.irenelauretti.com\/de\/deutsch-heilung-wann-und-wie-beginnt-der-heilprozess\/","twitter_card":"summary_large_image","twitter_title":"HEILUNG \u2013 wann und wie beginnt der Heilprozess? - irenelauretti.com","twitter_description":"WANN und WIE beginnen wir zu heilen? Ist es dann, wenn wir einen Arzt und Heilpraktiker aufsuchen, beginnen Medikamente einzunehmen, oder\/und beschlie\u00dfen, etwas \u201ef\u00fcr\u201c unsere Gesundheit zu tun? HEILUNG \u2013 so paradox dies f\u00fcr manchen zun\u00e4chst klingen mag, beginnt in dem Moment, in dem wir den Schwerpunkt wegnehmen von der Krankheit bzw. deren \u201eBek\u00e4mpfung\u201c und [&hellip;]","twitter_image":"http:\/\/www.irenelauretti.com\/wp-content\/uploads\/2013\/08\/Irene-265x300.jpg","twitter_misc":{"Verfasst von":"Irene Lauretti","Gesch\u00e4tzte Lesezeit":"6\u00a0Minuten"},"schema":{"@context":"https:\/\/schema.org","@graph":[{"@type":"Article","@id":"https:\/\/www.irenelauretti.com\/deutsch-heilung-wann-und-wie-beginnt-der-heilprozess\/#article","isPartOf":{"@id":"https:\/\/www.irenelauretti.com\/deutsch-heilung-wann-und-wie-beginnt-der-heilprozess\/"},"author":{"name":"Irene Lauretti","@id":"https:\/\/www.irenelauretti.com\/#\/schema\/person\/692dd8be38a44ae26e451ac8e1d35f4d"},"headline":"HEILUNG \u2013 wann und wie beginnt der Heilprozess?","datePublished":"2014-07-02T17:15:52+00:00","dateModified":"2014-07-19T09:59:04+00:00","mainEntityOfPage":{"@id":"https:\/\/www.irenelauretti.com\/deutsch-heilung-wann-und-wie-beginnt-der-heilprozess\/"},"wordCount":1302,"commentCount":4,"publisher":{"@id":"https:\/\/www.irenelauretti.com\/#organization"},"image":{"@id":"https:\/\/www.irenelauretti.com\/deutsch-heilung-wann-und-wie-beginnt-der-heilprozess\/#primaryimage"},"thumbnailUrl":"http:\/\/www.irenelauretti.com\/wp-content\/uploads\/2013\/08\/Irene-265x300.jpg","keywords":["Alberto Villoldo","Einstimmen","Harmonie","Heilung","Identifizierung","Schamanen","Spontanheilung","Wahres Selbst"],"articleSection":["Energieheilen","Gesundheit"],"inLanguage":"de","potentialAction":[{"@type":"CommentAction","name":"Comment","target":["https:\/\/www.irenelauretti.com\/deutsch-heilung-wann-und-wie-beginnt-der-heilprozess\/#respond"]}]},{"@type":"WebPage","@id":"https:\/\/www.irenelauretti.com\/de\/deutsch-heilung-wann-und-wie-beginnt-der-heilprozess\/","url":"https:\/\/www.irenelauretti.com\/de\/deutsch-heilung-wann-und-wie-beginnt-der-heilprozess\/","name":"HEILUNG \u2013 wann und wie beginnt der Heilprozess? - irenelauretti.com","isPartOf":{"@id":"https:\/\/www.irenelauretti.com\/de\/#website"},"primaryImageOfPage":{"@id":"https:\/\/www.irenelauretti.com\/de\/deutsch-heilung-wann-und-wie-beginnt-der-heilprozess\/#primaryimage"},"image":{"@id":"https:\/\/www.irenelauretti.com\/deutsch-heilung-wann-und-wie-beginnt-der-heilprozess\/#primaryimage"},"thumbnailUrl":"http:\/\/www.irenelauretti.com\/wp-content\/uploads\/2013\/08\/Irene-265x300.jpg","datePublished":"2014-07-02T17:15:52+00:00","dateModified":"2014-07-19T09:59:04+00:00","breadcrumb":{"@id":"https:\/\/www.irenelauretti.com\/de\/deutsch-heilung-wann-und-wie-beginnt-der-heilprozess\/#breadcrumb"},"inLanguage":"de","potentialAction":[{"@type":"ReadAction","target":[["https:\/\/www.irenelauretti.com\/de\/deutsch-heilung-wann-und-wie-beginnt-der-heilprozess\/"]]}]},{"@type":"ImageObject","inLanguage":"de","@id":"https:\/\/www.irenelauretti.com\/de\/deutsch-heilung-wann-und-wie-beginnt-der-heilprozess\/#primaryimage","url":"http:\/\/www.irenelauretti.com\/wp-content\/uploads\/2013\/08\/Irene-265x300.jpg","contentUrl":"http:\/\/www.irenelauretti.com\/wp-content\/uploads\/2013\/08\/Irene-265x300.jpg"},{"@type":"BreadcrumbList","@id":"https:\/\/www.irenelauretti.com\/de\/deutsch-heilung-wann-und-wie-beginnt-der-heilprozess\/#breadcrumb","itemListElement":[{"@type":"ListItem","position":1,"name":"Start","item":"https:\/\/www.irenelauretti.com\/de\/"},{"@type":"ListItem","position":2,"name":"HEILUNG \u2013 wann und wie beginnt der Heilprozess?"}]},{"@type":"WebSite","@id":"https:\/\/www.irenelauretti.com\/de\/#website","url":"https:\/\/www.irenelauretti.com\/de\/","name":"irenelauretti.com","description":"Autorin Mystikerin Heilerin Vision\u00e4rin","publisher":{"@id":"https:\/\/www.irenelauretti.com\/de\/#organization"},"potentialAction":[{"@type":"SearchAction","target":{"@type":"EntryPoint","urlTemplate":"https:\/\/www.irenelauretti.com\/de\/?s={search_term_string}"},"query-input":{"@type":"PropertyValueSpecification","valueRequired":true,"valueName":"search_term_string"}}],"inLanguage":"de"},{"@type":"Organization","@id":"https:\/\/www.irenelauretti.com\/de\/#organization","name":"irenelauretti.com","url":"https:\/\/www.irenelauretti.com\/de\/","logo":{"@type":"ImageObject","inLanguage":"de","@id":"https:\/\/www.irenelauretti.com\/de\/#\/schema\/logo\/image\/","url":"https:\/\/www.irenelauretti.com\/wp-content\/uploads\/2013\/08\/Logo_with.png","contentUrl":"https:\/\/www.irenelauretti.com\/wp-content\/uploads\/2013\/08\/Logo_with.png","width":180,"height":113,"caption":"irenelauretti.com"},"image":{"@id":"https:\/\/www.irenelauretti.com\/de\/#\/schema\/logo\/image\/"}},{"@type":"Person","@id":"https:\/\/www.irenelauretti.com\/#\/schema\/person\/692dd8be38a44ae26e451ac8e1d35f4d","name":"Irene Lauretti","image":{"@type":"ImageObject","inLanguage":"de","@id":"https:\/\/secure.gravatar.com\/avatar\/fc11751010b28816d1d3f43dfe9b51d964b6d1ace79d23ea8873bf0f0cf231ea?s=96&d=mm&r=g","url":"https:\/\/secure.gravatar.com\/avatar\/fc11751010b28816d1d3f43dfe9b51d964b6d1ace79d23ea8873bf0f0cf231ea?s=96&d=mm&r=g","contentUrl":"https:\/\/secure.gravatar.com\/avatar\/fc11751010b28816d1d3f43dfe9b51d964b6d1ace79d23ea8873bf0f0cf231ea?s=96&d=mm&r=g","caption":"Irene Lauretti"},"sameAs":["http:\/\/www.irenelauretti.com"],"url":"https:\/\/www.irenelauretti.com\/de\/author\/ilauretti\/"}]}},"cc_featured_image_caption":{"caption_text":false,"source_text":false,"source_url":false},"_links":{"self":[{"href":"https:\/\/www.irenelauretti.com\/de\/wp-json\/wp\/v2\/posts\/1530","targetHints":{"allow":["GET"]}}],"collection":[{"href":"https:\/\/www.irenelauretti.com\/de\/wp-json\/wp\/v2\/posts"}],"about":[{"href":"https:\/\/www.irenelauretti.com\/de\/wp-json\/wp\/v2\/types\/post"}],"author":[{"embeddable":true,"href":"https:\/\/www.irenelauretti.com\/de\/wp-json\/wp\/v2\/users\/2"}],"replies":[{"embeddable":true,"href":"https:\/\/www.irenelauretti.com\/de\/wp-json\/wp\/v2\/comments?post=1530"}],"version-history":[{"count":7,"href":"https:\/\/www.irenelauretti.com\/de\/wp-json\/wp\/v2\/posts\/1530\/revisions"}],"predecessor-version":[{"id":1550,"href":"https:\/\/www.irenelauretti.com\/de\/wp-json\/wp\/v2\/posts\/1530\/revisions\/1550"}],"wp:attachment":[{"href":"https:\/\/www.irenelauretti.com\/de\/wp-json\/wp\/v2\/media?parent=1530"}],"wp:term":[{"taxonomy":"category","embeddable":true,"href":"https:\/\/www.irenelauretti.com\/de\/wp-json\/wp\/v2\/categories?post=1530"},{"taxonomy":"post_tag","embeddable":true,"href":"https:\/\/www.irenelauretti.com\/de\/wp-json\/wp\/v2\/tags?post=1530"}],"curies":[{"name":"wp","href":"https:\/\/api.w.org\/{rel}","templated":true}]}}