{"id":1574,"date":"2014-08-07T10:47:10","date_gmt":"2014-08-07T10:47:10","guid":{"rendered":"http:\/\/www.irenelauretti.com\/?p=1574"},"modified":"2014-08-07T12:46:28","modified_gmt":"2014-08-07T12:46:28","slug":"deutsch-frieden-durch-den-einklang-mit-dem-mond","status":"publish","type":"post","link":"https:\/\/www.irenelauretti.com\/de\/deutsch-frieden-durch-den-einklang-mit-dem-mond\/","title":{"rendered":"FRIEDEN durch den Einklang mit dem MOND!"},"content":{"rendered":"<p><a href=\"http:\/\/www.irenelauretti.com\/wp-content\/uploads\/2013\/08\/Irene.jpg\" data-rel=\"lightbox-image-0\" data-rl_title=\"\" data-rl_caption=\"\" title=\"\"><img fetchpriority=\"high\" decoding=\"async\" src=\"http:\/\/www.irenelauretti.com\/wp-content\/uploads\/2013\/08\/Irene-265x300.jpg\" alt=\"Irene Lauretti\" width=\"265\" height=\"300\" class=\"alignnone size-medium wp-image-1140\" srcset=\"https:\/\/www.irenelauretti.com\/wp-content\/uploads\/2013\/08\/Irene-265x300.jpg 265w, https:\/\/www.irenelauretti.com\/wp-content\/uploads\/2013\/08\/Irene-330x373.jpg 330w, https:\/\/www.irenelauretti.com\/wp-content\/uploads\/2013\/08\/Irene.jpg 500w\" sizes=\"(max-width: 265px) 100vw, 265px\" \/><\/a><\/p>\n<p>Was hat <strong>FRIEDEN<\/strong> mit dem <strong>MOND<\/strong> zu tun?<\/p>\n<p>Sehr viel, denn in FRIEDEN sein k\u00f6nnen wir nur, wenn wir im EINKLANG sind \u2013 im EINKLANG mit unserem WAHREN SELBST durch den EINKLANG unserer SEELE mit der vom MOND vorgegebenen Schwingung.<\/p>\n<p>Anstatt also den Schwerpunkt auf die \u201eVerhinderung\u201c von Kriegen zu setzen, sollten wir lieber den Schwerpunkt auf die HARMONIE = EINKLANG legen. <\/p>\n<p>Wenn jeder Mensch mit sich \/ seinem HOHEN SELBST im Einklang w\u00e4re, dann g\u00e4be es weder Krankheit noch Zerst\u00f6rung noch Krieg, denn der wahre Grund f\u00fcr zerst\u00f6rerische Akte, f\u00fcr Krieg und Machtstreben ist in Wahrheit nichts anderes als die eigene Disharmonie bzw. der disharmonische Klang der Melodie der SEELE mit jenem gro\u00dfen Tonangeber des Menschen, ohne den der Planet Erde ebenso wenig existieren k\u00f6nnte wie Inkarnation \u00fcberhaupt m\u00f6glich w\u00e4re!<\/p>\n<p><em>Der MOND ist f\u00fcr die SEELE das, was die SEELE f\u00fcr den MENSCHEN ist<\/em>, und das bedeutet, dass die Harmonie mit dem MOND die Bedingung f\u00fcr den Einklang des Menschen mit sich \/ seinem hohen SELBST ist. <\/p>\n<p>Die meisten Menschen haben bereits bemerkt, dass sie sich an gewissen Mondstellungen besser oder schlechter f\u00fchlen als sonst, dass sie \u2013 wenn der Mond z.B. im Wassermann (Gallenblase) oder dessen Opposition L\u00f6we (Herz) weilt, \u201egereizter\u201c oder vergesslicher sind, oder dass sie an Tagen des Mondaufenthalts in der Waage (Blase) oder dem Skorpion (Niere) \u00e4ngstlicher sind als an anderen Tagen.<br \/>\nT\u00f6dliche Schie\u00dfereien finden z.B. so gut wie immer an Tagen statt, an denen der Mond in dem der Leber zugeordneten Tor der Fische oder dessen Oppositionstor Jungfrau weilt.<\/p>\n<p>WARUM? <\/p>\n<p>Nicht etwa, weil der Mond \u201eauf\u201c uns wirkt (wie es die meisten Mondb\u00fccher- oder Kalender behaupten), sondern vielmehr, weil wir \/ unsere SEELE <em>durch <\/em>die Mondschwingung bzw. <em>durch<\/em> die vom Mond vorgegebene Reise durch die 12 kosmischen Sch\u00f6pfungswerkzeuge WIRKT und sich dabei kontinuierlich neu ERSCHAFFT!<\/p>\n<p>Ist das der Mondstellung entsprechende Organ bzw. dessen Energieschwingung in Harmonie mit der aktuell vom Mond aktivierten Kraft, dann f\u00fchlen wir uns energiegeladen und gut.<br \/>\nT\u00f6nen wir hingegen daneben, dann spielen wir die Melodie unserer Seele nicht im Einklang mit der Mond vorgegebenen Sch\u00f6pfungssymphonie, dann f\u00fchlen wir uns \u00e4ngstlich, neigen zu Wutausbr\u00fcchen oder versp\u00fcren k\u00f6rperliche Symptome.<\/p>\n<p>Das hei\u00dft: <strong>WIR selbst haben es in der Hand<\/strong>, wie wir durch die Mondschwingung wirken bzw. wie wir unsere WAHRHEIT ver-wirk-lichen, d.h. <em>durch<\/em> die 12 Tore unserer SEELE in die Wirklichkeit (Realit\u00e4t) bringen und wirken lassen.  <\/p>\n<p>HARMONIE ist die BEDINGUNG f\u00fcr FRIEDEN, und daher sollte das ZIEL eines jeden Menschen die HARMONIE sein!<br \/>\nDie Harmonie der 12 Sch\u00f6pfungskr\u00e4fte mit der vom Mond vorgegebenen kosmischen Symphonie der Sch\u00f6pfung, oder anders ausgedr\u00fcckt, die HARMONIE mit dem eigenen SELBST durch den Einklang mit dem MOND!<\/p>\n<p>In meinem Buch <a href=\"http:\/\/www.amazon.de\/Der-Mond-kosmische-Code-Sch%C3%B6pfung\/dp\/3000433120\/ref=sr_1_1?ie=UTF8&#038;qid=1393169521&#038;sr=8-1&#038;keywords=der+mond+und+der+kosmische+code+der+sch%C3%B6pfung\">\u201eDer Mond und der kosmische Code der Sch\u00f6pfung\u201c<\/a>, ISBN 9783000433122, lade ich den Leser ein zur monatlichen Reise des MONDES durch die 12 Sch\u00f6pfungskr\u00e4fte der SEELE und zeige, wie wir uns T\u00c4GLICH durch leicht auszuf\u00fchrende Selbsthilfegriffe energetisch auf die Mondschwingung einstimmen k\u00f6nnen, um dadurch vollkommene HARMONIE = GESUNDHEIT = ERF\u00dcLLUNG zu erreichen!<\/p>\n<p>Herzlichst,<br \/>\n<a href=\"http:\/\/www.irenelauretti.com\/wp-content\/uploads\/2013\/09\/Logo_mobile.png\" data-rel=\"lightbox-image-1\" data-rl_title=\"\" data-rl_caption=\"\" title=\"\"><img decoding=\"async\" src=\"http:\/\/www.irenelauretti.com\/wp-content\/uploads\/2013\/09\/Logo_mobile-300x188.png\" alt=\"Logo_mobile\" width=\"300\" height=\"188\" class=\"alignnone size-medium wp-image-297\" srcset=\"https:\/\/www.irenelauretti.com\/wp-content\/uploads\/2013\/09\/Logo_mobile-300x188.png 300w, https:\/\/www.irenelauretti.com\/wp-content\/uploads\/2013\/09\/Logo_mobile-330x207.png 330w, https:\/\/www.irenelauretti.com\/wp-content\/uploads\/2013\/09\/Logo_mobile-90x56.png 90w, https:\/\/www.irenelauretti.com\/wp-content\/uploads\/2013\/09\/Logo_mobile-150x94.png 150w, https:\/\/www.irenelauretti.com\/wp-content\/uploads\/2013\/09\/Logo_mobile.png 360w\" sizes=\"(max-width: 300px) 100vw, 300px\" \/><\/a><\/p>\n<p><\/p>","protected":false},"excerpt":{"rendered":"<p>Was hat FRIEDEN mit dem MOND zu tun? Sehr viel, denn in FRIEDEN sein k\u00f6nnen wir nur, wenn wir im EINKLANG sind \u2013 im EINKLANG mit unserem WAHREN SELBST durch den EINKLANG unserer SEELE mit der vom MOND vorgegebenen Schwingung. Anstatt also den Schwerpunkt auf die \u201eVerhinderung\u201c von Kriegen zu setzen, sollten wir lieber den [&hellip;]<\/p>\n","protected":false},"author":2,"featured_media":0,"comment_status":"open","ping_status":"open","sticky":false,"template":"","format":"standard","meta":{"_coblocks_attr":"","_coblocks_dimensions":"","_coblocks_responsive_height":"","_coblocks_accordion_ie_support":"","ocean_post_layout":"","ocean_both_sidebars_style":"","ocean_both_sidebars_content_width":0,"ocean_both_sidebars_sidebars_width":0,"ocean_sidebar":"","ocean_second_sidebar":"","ocean_disable_margins":"enable","ocean_add_body_class":"","ocean_shortcode_before_top_bar":"","ocean_shortcode_after_top_bar":"","ocean_shortcode_before_header":"","ocean_shortcode_after_header":"","ocean_has_shortcode":"","ocean_shortcode_after_title":"","ocean_shortcode_before_footer_widgets":"","ocean_shortcode_after_footer_widgets":"","ocean_shortcode_before_footer_bottom":"","ocean_shortcode_after_footer_bottom":"","ocean_display_top_bar":"default","ocean_display_header":"default","ocean_header_style":"","ocean_center_header_left_menu":"","ocean_custom_header_template":"","ocean_custom_logo":0,"ocean_custom_retina_logo":0,"ocean_custom_logo_max_width":0,"ocean_custom_logo_tablet_max_width":0,"ocean_custom_logo_mobile_max_width":0,"ocean_custom_logo_max_height":0,"ocean_custom_logo_tablet_max_height":0,"ocean_custom_logo_mobile_max_height":0,"ocean_header_custom_menu":"","ocean_menu_typo_font_family":"","ocean_menu_typo_font_subset":"","ocean_menu_typo_font_size":0,"ocean_menu_typo_font_size_tablet":0,"ocean_menu_typo_font_size_mobile":0,"ocean_menu_typo_font_size_unit":"px","ocean_menu_typo_font_weight":"","ocean_menu_typo_font_weight_tablet":"","ocean_menu_typo_font_weight_mobile":"","ocean_menu_typo_transform":"","ocean_menu_typo_transform_tablet":"","ocean_menu_typo_transform_mobile":"","ocean_menu_typo_line_height":0,"ocean_menu_typo_line_height_tablet":0,"ocean_menu_typo_line_height_mobile":0,"ocean_menu_typo_line_height_unit":"","ocean_menu_typo_spacing":0,"ocean_menu_typo_spacing_tablet":0,"ocean_menu_typo_spacing_mobile":0,"ocean_menu_typo_spacing_unit":"","ocean_menu_link_color":"","ocean_menu_link_color_hover":"","ocean_menu_link_color_active":"","ocean_menu_link_background":"","ocean_menu_link_hover_background":"","ocean_menu_link_active_background":"","ocean_menu_social_links_bg":"","ocean_menu_social_hover_links_bg":"","ocean_menu_social_links_color":"","ocean_menu_social_hover_links_color":"","ocean_disable_title":"default","ocean_disable_heading":"default","ocean_post_title":"","ocean_post_subheading":"","ocean_post_title_style":"","ocean_post_title_background_color":"","ocean_post_title_background":0,"ocean_post_title_bg_image_position":"","ocean_post_title_bg_image_attachment":"","ocean_post_title_bg_image_repeat":"","ocean_post_title_bg_image_size":"","ocean_post_title_height":0,"ocean_post_title_bg_overlay":0.5,"ocean_post_title_bg_overlay_color":"","ocean_disable_breadcrumbs":"default","ocean_breadcrumbs_color":"","ocean_breadcrumbs_separator_color":"","ocean_breadcrumbs_links_color":"","ocean_breadcrumbs_links_hover_color":"","ocean_display_footer_widgets":"default","ocean_display_footer_bottom":"default","ocean_custom_footer_template":"","omw_enable_modal_window":"enable","_themeisle_gutenberg_block_has_review":false,"ocean_post_oembed":"","ocean_post_self_hosted_media":"","ocean_post_video_embed":"","ocean_link_format":"","ocean_link_format_target":"self","ocean_quote_format":"","ocean_quote_format_link":"post","ocean_gallery_link_images":"on","ocean_gallery_id":[],"footnotes":""},"categories":[44],"tags":[124,490,122,92,495,506],"class_list":["post-1574","post","type-post","status-publish","format-standard","hentry","category-energieheilen","tag-einklang","tag-energieheilen","tag-frieden","tag-harmonie","tag-mond","tag-seele","entry"],"yoast_head":"<!-- This site is optimized with the Yoast SEO plugin v27.4 - https:\/\/yoast.com\/product\/yoast-seo-wordpress\/ -->\n<title>FRIEDEN durch den Einklang mit dem MOND! - irenelauretti.com<\/title>\n<meta name=\"robots\" content=\"index, follow, max-snippet:-1, max-image-preview:large, max-video-preview:-1\" \/>\n<link rel=\"canonical\" href=\"https:\/\/www.irenelauretti.com\/de\/deutsch-frieden-durch-den-einklang-mit-dem-mond\/\" \/>\n<meta name=\"twitter:card\" content=\"summary_large_image\" \/>\n<meta name=\"twitter:title\" content=\"FRIEDEN durch den Einklang mit dem MOND! - irenelauretti.com\" \/>\n<meta name=\"twitter:description\" content=\"Was hat FRIEDEN mit dem MOND zu tun? Sehr viel, denn in FRIEDEN sein k\u00f6nnen wir nur, wenn wir im EINKLANG sind \u2013 im EINKLANG mit unserem WAHREN SELBST durch den EINKLANG unserer SEELE mit der vom MOND vorgegebenen Schwingung. Anstatt also den Schwerpunkt auf die \u201eVerhinderung\u201c von Kriegen zu setzen, sollten wir lieber den [&hellip;]\" \/>\n<meta name=\"twitter:image\" content=\"http:\/\/www.irenelauretti.com\/wp-content\/uploads\/2013\/08\/Irene-265x300.jpg\" \/>\n<meta name=\"twitter:label1\" content=\"Verfasst von\" \/>\n\t<meta name=\"twitter:data1\" content=\"Irene Lauretti\" \/>\n\t<meta name=\"twitter:label2\" content=\"Gesch\u00e4tzte Lesezeit\" \/>\n\t<meta name=\"twitter:data2\" content=\"3\u00a0Minuten\" \/>\n<script type=\"application\/ld+json\" class=\"yoast-schema-graph\">{\"@context\":\"https:\\\/\\\/schema.org\",\"@graph\":[{\"@type\":\"Article\",\"@id\":\"https:\\\/\\\/www.irenelauretti.com\\\/deutsch-frieden-durch-den-einklang-mit-dem-mond\\\/#article\",\"isPartOf\":{\"@id\":\"https:\\\/\\\/www.irenelauretti.com\\\/deutsch-frieden-durch-den-einklang-mit-dem-mond\\\/\"},\"author\":{\"name\":\"Irene Lauretti\",\"@id\":\"https:\\\/\\\/www.irenelauretti.com\\\/#\\\/schema\\\/person\\\/692dd8be38a44ae26e451ac8e1d35f4d\"},\"headline\":\"FRIEDEN durch den Einklang mit dem MOND!\",\"datePublished\":\"2014-08-07T10:47:10+00:00\",\"dateModified\":\"2014-08-07T12:46:28+00:00\",\"mainEntityOfPage\":{\"@id\":\"https:\\\/\\\/www.irenelauretti.com\\\/deutsch-frieden-durch-den-einklang-mit-dem-mond\\\/\"},\"wordCount\":535,\"commentCount\":2,\"publisher\":{\"@id\":\"https:\\\/\\\/www.irenelauretti.com\\\/#organization\"},\"image\":{\"@id\":\"https:\\\/\\\/www.irenelauretti.com\\\/deutsch-frieden-durch-den-einklang-mit-dem-mond\\\/#primaryimage\"},\"thumbnailUrl\":\"http:\\\/\\\/www.irenelauretti.com\\\/wp-content\\\/uploads\\\/2013\\\/08\\\/Irene-265x300.jpg\",\"keywords\":[\"Einklang\",\"Energieheilen\",\"Frieden\",\"Harmonie\",\"Mond\",\"Seele\"],\"articleSection\":[\"Energieheilen\"],\"inLanguage\":\"de\",\"potentialAction\":[{\"@type\":\"CommentAction\",\"name\":\"Comment\",\"target\":[\"https:\\\/\\\/www.irenelauretti.com\\\/deutsch-frieden-durch-den-einklang-mit-dem-mond\\\/#respond\"]}]},{\"@type\":\"WebPage\",\"@id\":\"https:\\\/\\\/www.irenelauretti.com\\\/de\\\/deutsch-frieden-durch-den-einklang-mit-dem-mond\\\/\",\"url\":\"https:\\\/\\\/www.irenelauretti.com\\\/de\\\/deutsch-frieden-durch-den-einklang-mit-dem-mond\\\/\",\"name\":\"FRIEDEN durch den Einklang mit dem MOND! - irenelauretti.com\",\"isPartOf\":{\"@id\":\"https:\\\/\\\/www.irenelauretti.com\\\/de\\\/#website\"},\"primaryImageOfPage\":{\"@id\":\"https:\\\/\\\/www.irenelauretti.com\\\/de\\\/deutsch-frieden-durch-den-einklang-mit-dem-mond\\\/#primaryimage\"},\"image\":{\"@id\":\"https:\\\/\\\/www.irenelauretti.com\\\/deutsch-frieden-durch-den-einklang-mit-dem-mond\\\/#primaryimage\"},\"thumbnailUrl\":\"http:\\\/\\\/www.irenelauretti.com\\\/wp-content\\\/uploads\\\/2013\\\/08\\\/Irene-265x300.jpg\",\"datePublished\":\"2014-08-07T10:47:10+00:00\",\"dateModified\":\"2014-08-07T12:46:28+00:00\",\"breadcrumb\":{\"@id\":\"https:\\\/\\\/www.irenelauretti.com\\\/de\\\/deutsch-frieden-durch-den-einklang-mit-dem-mond\\\/#breadcrumb\"},\"inLanguage\":\"de\",\"potentialAction\":[{\"@type\":\"ReadAction\",\"target\":[[\"https:\\\/\\\/www.irenelauretti.com\\\/de\\\/deutsch-frieden-durch-den-einklang-mit-dem-mond\\\/\"]]}]},{\"@type\":\"ImageObject\",\"inLanguage\":\"de\",\"@id\":\"https:\\\/\\\/www.irenelauretti.com\\\/de\\\/deutsch-frieden-durch-den-einklang-mit-dem-mond\\\/#primaryimage\",\"url\":\"http:\\\/\\\/www.irenelauretti.com\\\/wp-content\\\/uploads\\\/2013\\\/08\\\/Irene-265x300.jpg\",\"contentUrl\":\"http:\\\/\\\/www.irenelauretti.com\\\/wp-content\\\/uploads\\\/2013\\\/08\\\/Irene-265x300.jpg\"},{\"@type\":\"BreadcrumbList\",\"@id\":\"https:\\\/\\\/www.irenelauretti.com\\\/de\\\/deutsch-frieden-durch-den-einklang-mit-dem-mond\\\/#breadcrumb\",\"itemListElement\":[{\"@type\":\"ListItem\",\"position\":1,\"name\":\"Start\",\"item\":\"https:\\\/\\\/www.irenelauretti.com\\\/de\\\/\"},{\"@type\":\"ListItem\",\"position\":2,\"name\":\"FRIEDEN durch den Einklang mit dem MOND!\"}]},{\"@type\":\"WebSite\",\"@id\":\"https:\\\/\\\/www.irenelauretti.com\\\/de\\\/#website\",\"url\":\"https:\\\/\\\/www.irenelauretti.com\\\/de\\\/\",\"name\":\"irenelauretti.com\",\"description\":\"Autorin Mystikerin Heilerin Vision\u00e4rin\",\"publisher\":{\"@id\":\"https:\\\/\\\/www.irenelauretti.com\\\/de\\\/#organization\"},\"potentialAction\":[{\"@type\":\"SearchAction\",\"target\":{\"@type\":\"EntryPoint\",\"urlTemplate\":\"https:\\\/\\\/www.irenelauretti.com\\\/de\\\/?s={search_term_string}\"},\"query-input\":{\"@type\":\"PropertyValueSpecification\",\"valueRequired\":true,\"valueName\":\"search_term_string\"}}],\"inLanguage\":\"de\"},{\"@type\":\"Organization\",\"@id\":\"https:\\\/\\\/www.irenelauretti.com\\\/de\\\/#organization\",\"name\":\"irenelauretti.com\",\"url\":\"https:\\\/\\\/www.irenelauretti.com\\\/de\\\/\",\"logo\":{\"@type\":\"ImageObject\",\"inLanguage\":\"de\",\"@id\":\"https:\\\/\\\/www.irenelauretti.com\\\/de\\\/#\\\/schema\\\/logo\\\/image\\\/\",\"url\":\"https:\\\/\\\/www.irenelauretti.com\\\/wp-content\\\/uploads\\\/2013\\\/08\\\/Logo_with.png\",\"contentUrl\":\"https:\\\/\\\/www.irenelauretti.com\\\/wp-content\\\/uploads\\\/2013\\\/08\\\/Logo_with.png\",\"width\":180,\"height\":113,\"caption\":\"irenelauretti.com\"},\"image\":{\"@id\":\"https:\\\/\\\/www.irenelauretti.com\\\/de\\\/#\\\/schema\\\/logo\\\/image\\\/\"}},{\"@type\":\"Person\",\"@id\":\"https:\\\/\\\/www.irenelauretti.com\\\/#\\\/schema\\\/person\\\/692dd8be38a44ae26e451ac8e1d35f4d\",\"name\":\"Irene Lauretti\",\"image\":{\"@type\":\"ImageObject\",\"inLanguage\":\"de\",\"@id\":\"https:\\\/\\\/secure.gravatar.com\\\/avatar\\\/fc11751010b28816d1d3f43dfe9b51d964b6d1ace79d23ea8873bf0f0cf231ea?s=96&d=mm&r=g\",\"url\":\"https:\\\/\\\/secure.gravatar.com\\\/avatar\\\/fc11751010b28816d1d3f43dfe9b51d964b6d1ace79d23ea8873bf0f0cf231ea?s=96&d=mm&r=g\",\"contentUrl\":\"https:\\\/\\\/secure.gravatar.com\\\/avatar\\\/fc11751010b28816d1d3f43dfe9b51d964b6d1ace79d23ea8873bf0f0cf231ea?s=96&d=mm&r=g\",\"caption\":\"Irene Lauretti\"},\"sameAs\":[\"http:\\\/\\\/www.irenelauretti.com\"],\"url\":\"https:\\\/\\\/www.irenelauretti.com\\\/de\\\/author\\\/ilauretti\\\/\"}]}<\/script>\n<!-- \/ Yoast SEO plugin. -->","yoast_head_json":{"title":"FRIEDEN durch den Einklang mit dem MOND! - irenelauretti.com","robots":{"index":"index","follow":"follow","max-snippet":"max-snippet:-1","max-image-preview":"max-image-preview:large","max-video-preview":"max-video-preview:-1"},"canonical":"https:\/\/www.irenelauretti.com\/de\/deutsch-frieden-durch-den-einklang-mit-dem-mond\/","twitter_card":"summary_large_image","twitter_title":"FRIEDEN durch den Einklang mit dem MOND! - irenelauretti.com","twitter_description":"Was hat FRIEDEN mit dem MOND zu tun? Sehr viel, denn in FRIEDEN sein k\u00f6nnen wir nur, wenn wir im EINKLANG sind \u2013 im EINKLANG mit unserem WAHREN SELBST durch den EINKLANG unserer SEELE mit der vom MOND vorgegebenen Schwingung. Anstatt also den Schwerpunkt auf die \u201eVerhinderung\u201c von Kriegen zu setzen, sollten wir lieber den [&hellip;]","twitter_image":"http:\/\/www.irenelauretti.com\/wp-content\/uploads\/2013\/08\/Irene-265x300.jpg","twitter_misc":{"Verfasst von":"Irene Lauretti","Gesch\u00e4tzte Lesezeit":"3\u00a0Minuten"},"schema":{"@context":"https:\/\/schema.org","@graph":[{"@type":"Article","@id":"https:\/\/www.irenelauretti.com\/deutsch-frieden-durch-den-einklang-mit-dem-mond\/#article","isPartOf":{"@id":"https:\/\/www.irenelauretti.com\/deutsch-frieden-durch-den-einklang-mit-dem-mond\/"},"author":{"name":"Irene Lauretti","@id":"https:\/\/www.irenelauretti.com\/#\/schema\/person\/692dd8be38a44ae26e451ac8e1d35f4d"},"headline":"FRIEDEN durch den Einklang mit dem MOND!","datePublished":"2014-08-07T10:47:10+00:00","dateModified":"2014-08-07T12:46:28+00:00","mainEntityOfPage":{"@id":"https:\/\/www.irenelauretti.com\/deutsch-frieden-durch-den-einklang-mit-dem-mond\/"},"wordCount":535,"commentCount":2,"publisher":{"@id":"https:\/\/www.irenelauretti.com\/#organization"},"image":{"@id":"https:\/\/www.irenelauretti.com\/deutsch-frieden-durch-den-einklang-mit-dem-mond\/#primaryimage"},"thumbnailUrl":"http:\/\/www.irenelauretti.com\/wp-content\/uploads\/2013\/08\/Irene-265x300.jpg","keywords":["Einklang","Energieheilen","Frieden","Harmonie","Mond","Seele"],"articleSection":["Energieheilen"],"inLanguage":"de","potentialAction":[{"@type":"CommentAction","name":"Comment","target":["https:\/\/www.irenelauretti.com\/deutsch-frieden-durch-den-einklang-mit-dem-mond\/#respond"]}]},{"@type":"WebPage","@id":"https:\/\/www.irenelauretti.com\/de\/deutsch-frieden-durch-den-einklang-mit-dem-mond\/","url":"https:\/\/www.irenelauretti.com\/de\/deutsch-frieden-durch-den-einklang-mit-dem-mond\/","name":"FRIEDEN durch den Einklang mit dem MOND! - irenelauretti.com","isPartOf":{"@id":"https:\/\/www.irenelauretti.com\/de\/#website"},"primaryImageOfPage":{"@id":"https:\/\/www.irenelauretti.com\/de\/deutsch-frieden-durch-den-einklang-mit-dem-mond\/#primaryimage"},"image":{"@id":"https:\/\/www.irenelauretti.com\/deutsch-frieden-durch-den-einklang-mit-dem-mond\/#primaryimage"},"thumbnailUrl":"http:\/\/www.irenelauretti.com\/wp-content\/uploads\/2013\/08\/Irene-265x300.jpg","datePublished":"2014-08-07T10:47:10+00:00","dateModified":"2014-08-07T12:46:28+00:00","breadcrumb":{"@id":"https:\/\/www.irenelauretti.com\/de\/deutsch-frieden-durch-den-einklang-mit-dem-mond\/#breadcrumb"},"inLanguage":"de","potentialAction":[{"@type":"ReadAction","target":[["https:\/\/www.irenelauretti.com\/de\/deutsch-frieden-durch-den-einklang-mit-dem-mond\/"]]}]},{"@type":"ImageObject","inLanguage":"de","@id":"https:\/\/www.irenelauretti.com\/de\/deutsch-frieden-durch-den-einklang-mit-dem-mond\/#primaryimage","url":"http:\/\/www.irenelauretti.com\/wp-content\/uploads\/2013\/08\/Irene-265x300.jpg","contentUrl":"http:\/\/www.irenelauretti.com\/wp-content\/uploads\/2013\/08\/Irene-265x300.jpg"},{"@type":"BreadcrumbList","@id":"https:\/\/www.irenelauretti.com\/de\/deutsch-frieden-durch-den-einklang-mit-dem-mond\/#breadcrumb","itemListElement":[{"@type":"ListItem","position":1,"name":"Start","item":"https:\/\/www.irenelauretti.com\/de\/"},{"@type":"ListItem","position":2,"name":"FRIEDEN durch den Einklang mit dem MOND!"}]},{"@type":"WebSite","@id":"https:\/\/www.irenelauretti.com\/de\/#website","url":"https:\/\/www.irenelauretti.com\/de\/","name":"irenelauretti.com","description":"Autorin Mystikerin Heilerin Vision\u00e4rin","publisher":{"@id":"https:\/\/www.irenelauretti.com\/de\/#organization"},"potentialAction":[{"@type":"SearchAction","target":{"@type":"EntryPoint","urlTemplate":"https:\/\/www.irenelauretti.com\/de\/?s={search_term_string}"},"query-input":{"@type":"PropertyValueSpecification","valueRequired":true,"valueName":"search_term_string"}}],"inLanguage":"de"},{"@type":"Organization","@id":"https:\/\/www.irenelauretti.com\/de\/#organization","name":"irenelauretti.com","url":"https:\/\/www.irenelauretti.com\/de\/","logo":{"@type":"ImageObject","inLanguage":"de","@id":"https:\/\/www.irenelauretti.com\/de\/#\/schema\/logo\/image\/","url":"https:\/\/www.irenelauretti.com\/wp-content\/uploads\/2013\/08\/Logo_with.png","contentUrl":"https:\/\/www.irenelauretti.com\/wp-content\/uploads\/2013\/08\/Logo_with.png","width":180,"height":113,"caption":"irenelauretti.com"},"image":{"@id":"https:\/\/www.irenelauretti.com\/de\/#\/schema\/logo\/image\/"}},{"@type":"Person","@id":"https:\/\/www.irenelauretti.com\/#\/schema\/person\/692dd8be38a44ae26e451ac8e1d35f4d","name":"Irene Lauretti","image":{"@type":"ImageObject","inLanguage":"de","@id":"https:\/\/secure.gravatar.com\/avatar\/fc11751010b28816d1d3f43dfe9b51d964b6d1ace79d23ea8873bf0f0cf231ea?s=96&d=mm&r=g","url":"https:\/\/secure.gravatar.com\/avatar\/fc11751010b28816d1d3f43dfe9b51d964b6d1ace79d23ea8873bf0f0cf231ea?s=96&d=mm&r=g","contentUrl":"https:\/\/secure.gravatar.com\/avatar\/fc11751010b28816d1d3f43dfe9b51d964b6d1ace79d23ea8873bf0f0cf231ea?s=96&d=mm&r=g","caption":"Irene Lauretti"},"sameAs":["http:\/\/www.irenelauretti.com"],"url":"https:\/\/www.irenelauretti.com\/de\/author\/ilauretti\/"}]}},"cc_featured_image_caption":{"caption_text":false,"source_text":false,"source_url":false},"_links":{"self":[{"href":"https:\/\/www.irenelauretti.com\/de\/wp-json\/wp\/v2\/posts\/1574","targetHints":{"allow":["GET"]}}],"collection":[{"href":"https:\/\/www.irenelauretti.com\/de\/wp-json\/wp\/v2\/posts"}],"about":[{"href":"https:\/\/www.irenelauretti.com\/de\/wp-json\/wp\/v2\/types\/post"}],"author":[{"embeddable":true,"href":"https:\/\/www.irenelauretti.com\/de\/wp-json\/wp\/v2\/users\/2"}],"replies":[{"embeddable":true,"href":"https:\/\/www.irenelauretti.com\/de\/wp-json\/wp\/v2\/comments?post=1574"}],"version-history":[{"count":4,"href":"https:\/\/www.irenelauretti.com\/de\/wp-json\/wp\/v2\/posts\/1574\/revisions"}],"predecessor-version":[{"id":1578,"href":"https:\/\/www.irenelauretti.com\/de\/wp-json\/wp\/v2\/posts\/1574\/revisions\/1578"}],"wp:attachment":[{"href":"https:\/\/www.irenelauretti.com\/de\/wp-json\/wp\/v2\/media?parent=1574"}],"wp:term":[{"taxonomy":"category","embeddable":true,"href":"https:\/\/www.irenelauretti.com\/de\/wp-json\/wp\/v2\/categories?post=1574"},{"taxonomy":"post_tag","embeddable":true,"href":"https:\/\/www.irenelauretti.com\/de\/wp-json\/wp\/v2\/tags?post=1574"}],"curies":[{"name":"wp","href":"https:\/\/api.w.org\/{rel}","templated":true}]}}