{"id":1580,"date":"2014-08-09T11:16:46","date_gmt":"2014-08-09T11:16:46","guid":{"rendered":"http:\/\/www.irenelauretti.com\/?p=1580"},"modified":"2014-08-09T20:42:50","modified_gmt":"2014-08-09T20:42:50","slug":"deutsch-vollmond-im-wassermann-kreative-schaffenskraft-dur","status":"publish","type":"post","link":"https:\/\/www.irenelauretti.com\/de\/deutsch-vollmond-im-wassermann-kreative-schaffenskraft-dur\/","title":{"rendered":"Vollmond im WASSERMANN: kreative SCHAFFENSKRAFT in A-DUR"},"content":{"rendered":"<p><a href=\"http:\/\/www.irenelauretti.com\/wp-content\/uploads\/2013\/08\/Irene.jpg\" data-rel=\"lightbox-image-0\" data-rl_title=\"\" data-rl_caption=\"\" title=\"\"><img fetchpriority=\"high\" decoding=\"async\" src=\"http:\/\/www.irenelauretti.com\/wp-content\/uploads\/2013\/08\/Irene-265x300.jpg\" alt=\"Irene Lauretti\" width=\"265\" height=\"300\" class=\"alignnone size-medium wp-image-1140\" srcset=\"https:\/\/www.irenelauretti.com\/wp-content\/uploads\/2013\/08\/Irene-265x300.jpg 265w, https:\/\/www.irenelauretti.com\/wp-content\/uploads\/2013\/08\/Irene-330x373.jpg 330w, https:\/\/www.irenelauretti.com\/wp-content\/uploads\/2013\/08\/Irene.jpg 500w\" sizes=\"(max-width: 265px) 100vw, 265px\" \/><\/a><br \/>\n<strong>Mond im Wassermann<\/strong>: wie kaum ein anderes kosmisches Tor regt der Aufenthalt des Mondes im Wassermann-Tor die <strong>Fantasie <\/strong>und kreative <strong>Schaffenskraft<\/strong> an \u2013 die kreative Schaffenskraft, die mich immer zuerst an W.A. Mozart denken l\u00e4sst \u2013 jenem begnadeten Komponisten von heiterem Gem\u00fct, dessen Sonnzeichen der Wassermann war und dessen Lieblingstonart nicht umsonst <strong>A-Dur<\/strong> war!<\/p>\n<p>A-Dur n\u00e4mlich ist die Tonart, durch die sich die Wassermann-Energie ausdr\u00fcckt und in der wir deshalb die Melodie unserer SEELE am heutigen Vollmond erklingen lassen sollten, um im EINKLANG zu schwingen mit der vom Mond vorgegebenen kosmischen Symphonie der Sch\u00f6pfung!<\/p>\n<p>K\u00f6nnten wir die kosmische Symphonie der Sch\u00f6pfung mit unseren physischen Ohren vernehmen, so w\u00fcrden wir w\u00e4hrend der Wassermann-Tage eine heitere Melodie in A-Dur vernehmen, denn wenn der Mond das Tor des Wassermanns betritt und \u00f6ffnet, dann manifestiert sich die Wahrheit durch A-Dur, dann erklingt der gesamte Kosmos in dieser von klassischen Komponisten oft und gerne genutzten Tonart! <\/p>\n<p><iframe width=\"640\" height=\"360\" src=\"\/\/www.youtube.com\/embed\/U5kFSO94aaQ?feature=player_detailpage\" frameborder=\"0\" allowfullscreen><\/iframe><\/p>\n<p>EINKLANG ist HARMONIE ist GESUNDHEIT, und wenn wir im EINKLANG sind, dann f\u00fchlen wir uns energiegeladen und gut, dann k\u00f6nnten wir \u201eB\u00e4ume ausrei\u00dfen\u201c und die kreativen Ideen sprudeln nur so aus uns \/ unserer Quelle heraus.<\/p>\n<p>Spielen wir die Melodie unserer SEELE hingegen nicht im Einklang mit dem Mond als unserem gro\u00dfen Ton- und Taktangeber, dann tut die Seele dies kund u.a. durch bohrende Kopfschmerzen und Migr\u00e4ne, gesteigerte Lichtempfindlichkeit und emotionale Empfindlichkeit bis hin zu vulkanartigen Wutausbr\u00fcchen, Hasstyraden, Aggressionen und Depressionen!<\/p>\n<p>Der Mondaufenthalt im Tor des Wassermann (Gallenblase, Kreativit\u00e4t, Zusammenarbeit) ebenso wie in dessen Oppositions-Tor L\u00f6we (Herzenergie, Liebe, Erfolg) ist die potenziell \u201egef\u00e4hrlichste\u201c und dabei gleichzeitig wohl <strong>emotional befriedigendste kosmische Schwingung<\/strong> \u00fcberhaupt, wobei es wie bei jeder kosmischen Konstellation an UNS SELBST liegt, wie wir diese Schwingung nutzen!<\/p>\n<p>Die ausf\u00fchrliche Information zum kosmischen Tor des Wassermanns und dessen Organenergie Gallenblase findet Ihr \u2013 ebenso wie auch die Info zu den 11 anderen Toren und Kr\u00e4ften des Zodiaks \u2013  in meinem Buch <em><a href=\"http:\/\/www.amazon.de\/Der-Mond-kosmische-Code-Sch%C3%B6pfung\/dp\/3000433120\/ref=sr_1_1?ie=UTF8&#038;qid=1393169521&#038;sr=8-1&#038;keywords=der+mond+und+der+kosmische+code+der+sch%C3%B6pfung\">Der Mond und der kosmische Code der Sch\u00f6pfung<\/a><\/em>, ISBN 9783000433122. Das Kapitel zum Tor des Wassermanns ist Teil des gr\u00fcnen Oberkapitels, beginnend auf Seite 231<\/p>\n<p>Um die Melodie unserer SEELE durch unser Instrument K\u00f6rper im EINKLANG mit der vom Mond vorgegebenen Sch\u00f6pfungstonart A-Dur erklingen zu lassen, aktivieren wir w\u00e4hrend des Mondaufenthalts die Gallenblasenenergie wie im Buch in Wort und Bild beschrieben und im eingef\u00fcgten Kurzfilm demonstriert!<\/p>\n<p>Heiterkeit und kreative Schaffenskraft w\u00fcnscht Euch,<\/p>\n<p><a href=\"http:\/\/www.irenelauretti.com\/wp-content\/uploads\/2013\/08\/Logo_with.png\" data-rel=\"lightbox-image-1\" data-rl_title=\"\" data-rl_caption=\"\" title=\"\"><img decoding=\"async\" src=\"http:\/\/www.irenelauretti.com\/wp-content\/uploads\/2013\/08\/Logo_with.png\" alt=\"Logo_with\" width=\"180\" height=\"113\" class=\"alignnone size-full wp-image-136\" \/><\/a><br \/>\n<\/p>","protected":false},"excerpt":{"rendered":"<p>Mond im Wassermann: wie kaum ein anderes kosmisches Tor regt der Aufenthalt des Mondes im Wassermann-Tor die Fantasie und kreative Schaffenskraft an \u2013 die kreative Schaffenskraft, die mich immer zuerst an W.A. Mozart denken l\u00e4sst \u2013 jenem begnadeten Komponisten von heiterem Gem\u00fct, dessen Sonnzeichen der Wassermann war und dessen Lieblingstonart nicht umsonst A-Dur war! A-Dur [&hellip;]<\/p>\n","protected":false},"author":2,"featured_media":0,"comment_status":"open","ping_status":"open","sticky":false,"template":"","format":"standard","meta":{"_coblocks_attr":"","_coblocks_dimensions":"","_coblocks_responsive_height":"","_coblocks_accordion_ie_support":"","ocean_post_layout":"","ocean_both_sidebars_style":"","ocean_both_sidebars_content_width":0,"ocean_both_sidebars_sidebars_width":0,"ocean_sidebar":"","ocean_second_sidebar":"","ocean_disable_margins":"enable","ocean_add_body_class":"","ocean_shortcode_before_top_bar":"","ocean_shortcode_after_top_bar":"","ocean_shortcode_before_header":"","ocean_shortcode_after_header":"","ocean_has_shortcode":"","ocean_shortcode_after_title":"","ocean_shortcode_before_footer_widgets":"","ocean_shortcode_after_footer_widgets":"","ocean_shortcode_before_footer_bottom":"","ocean_shortcode_after_footer_bottom":"","ocean_display_top_bar":"default","ocean_display_header":"default","ocean_header_style":"","ocean_center_header_left_menu":"","ocean_custom_header_template":"","ocean_custom_logo":0,"ocean_custom_retina_logo":0,"ocean_custom_logo_max_width":0,"ocean_custom_logo_tablet_max_width":0,"ocean_custom_logo_mobile_max_width":0,"ocean_custom_logo_max_height":0,"ocean_custom_logo_tablet_max_height":0,"ocean_custom_logo_mobile_max_height":0,"ocean_header_custom_menu":"","ocean_menu_typo_font_family":"","ocean_menu_typo_font_subset":"","ocean_menu_typo_font_size":0,"ocean_menu_typo_font_size_tablet":0,"ocean_menu_typo_font_size_mobile":0,"ocean_menu_typo_font_size_unit":"px","ocean_menu_typo_font_weight":"","ocean_menu_typo_font_weight_tablet":"","ocean_menu_typo_font_weight_mobile":"","ocean_menu_typo_transform":"","ocean_menu_typo_transform_tablet":"","ocean_menu_typo_transform_mobile":"","ocean_menu_typo_line_height":0,"ocean_menu_typo_line_height_tablet":0,"ocean_menu_typo_line_height_mobile":0,"ocean_menu_typo_line_height_unit":"","ocean_menu_typo_spacing":0,"ocean_menu_typo_spacing_tablet":0,"ocean_menu_typo_spacing_mobile":0,"ocean_menu_typo_spacing_unit":"","ocean_menu_link_color":"","ocean_menu_link_color_hover":"","ocean_menu_link_color_active":"","ocean_menu_link_background":"","ocean_menu_link_hover_background":"","ocean_menu_link_active_background":"","ocean_menu_social_links_bg":"","ocean_menu_social_hover_links_bg":"","ocean_menu_social_links_color":"","ocean_menu_social_hover_links_color":"","ocean_disable_title":"default","ocean_disable_heading":"default","ocean_post_title":"","ocean_post_subheading":"","ocean_post_title_style":"","ocean_post_title_background_color":"","ocean_post_title_background":0,"ocean_post_title_bg_image_position":"","ocean_post_title_bg_image_attachment":"","ocean_post_title_bg_image_repeat":"","ocean_post_title_bg_image_size":"","ocean_post_title_height":0,"ocean_post_title_bg_overlay":0.5,"ocean_post_title_bg_overlay_color":"","ocean_disable_breadcrumbs":"default","ocean_breadcrumbs_color":"","ocean_breadcrumbs_separator_color":"","ocean_breadcrumbs_links_color":"","ocean_breadcrumbs_links_hover_color":"","ocean_display_footer_widgets":"default","ocean_display_footer_bottom":"default","ocean_custom_footer_template":"","omw_enable_modal_window":"enable","_themeisle_gutenberg_block_has_review":false,"ocean_post_oembed":"","ocean_post_self_hosted_media":"","ocean_post_video_embed":"","ocean_link_format":"","ocean_link_format_target":"self","ocean_quote_format":"","ocean_quote_format_link":"post","ocean_gallery_link_images":"on","ocean_gallery_id":[],"footnotes":""},"categories":[1],"tags":[],"class_list":["post-1580","post","type-post","status-publish","format-standard","hentry","category-other","entry"],"yoast_head":"<!-- This site is optimized with the Yoast SEO plugin v27.4 - https:\/\/yoast.com\/product\/yoast-seo-wordpress\/ -->\n<title>Vollmond im WASSERMANN: kreative SCHAFFENSKRAFT in A-DUR - irenelauretti.com<\/title>\n<meta name=\"robots\" content=\"index, follow, max-snippet:-1, max-image-preview:large, max-video-preview:-1\" \/>\n<link rel=\"canonical\" href=\"https:\/\/www.irenelauretti.com\/de\/deutsch-vollmond-im-wassermann-kreative-schaffenskraft-dur\/\" \/>\n<meta name=\"twitter:card\" content=\"summary_large_image\" \/>\n<meta name=\"twitter:title\" content=\"Vollmond im WASSERMANN: kreative SCHAFFENSKRAFT in A-DUR - irenelauretti.com\" \/>\n<meta name=\"twitter:description\" content=\"Mond im Wassermann: wie kaum ein anderes kosmisches Tor regt der Aufenthalt des Mondes im Wassermann-Tor die Fantasie und kreative Schaffenskraft an \u2013 die kreative Schaffenskraft, die mich immer zuerst an W.A. Mozart denken l\u00e4sst \u2013 jenem begnadeten Komponisten von heiterem Gem\u00fct, dessen Sonnzeichen der Wassermann war und dessen Lieblingstonart nicht umsonst A-Dur war! A-Dur [&hellip;]\" \/>\n<meta name=\"twitter:image\" content=\"http:\/\/www.irenelauretti.com\/wp-content\/uploads\/2013\/08\/Irene-265x300.jpg\" \/>\n<meta name=\"twitter:label1\" content=\"Verfasst von\" \/>\n\t<meta name=\"twitter:data1\" content=\"Irene Lauretti\" \/>\n\t<meta name=\"twitter:label2\" content=\"Gesch\u00e4tzte Lesezeit\" \/>\n\t<meta name=\"twitter:data2\" content=\"2\u00a0Minuten\" \/>\n<script type=\"application\/ld+json\" class=\"yoast-schema-graph\">{\"@context\":\"https:\\\/\\\/schema.org\",\"@graph\":[{\"@type\":\"Article\",\"@id\":\"https:\\\/\\\/www.irenelauretti.com\\\/deutsch-vollmond-im-wassermann-kreative-schaffenskraft-dur\\\/#article\",\"isPartOf\":{\"@id\":\"https:\\\/\\\/www.irenelauretti.com\\\/deutsch-vollmond-im-wassermann-kreative-schaffenskraft-dur\\\/\"},\"author\":{\"name\":\"Irene Lauretti\",\"@id\":\"https:\\\/\\\/www.irenelauretti.com\\\/#\\\/schema\\\/person\\\/692dd8be38a44ae26e451ac8e1d35f4d\"},\"headline\":\"Vollmond im WASSERMANN: kreative SCHAFFENSKRAFT in A-DUR\",\"datePublished\":\"2014-08-09T11:16:46+00:00\",\"dateModified\":\"2014-08-09T20:42:50+00:00\",\"mainEntityOfPage\":{\"@id\":\"https:\\\/\\\/www.irenelauretti.com\\\/deutsch-vollmond-im-wassermann-kreative-schaffenskraft-dur\\\/\"},\"wordCount\":415,\"commentCount\":0,\"publisher\":{\"@id\":\"https:\\\/\\\/www.irenelauretti.com\\\/#organization\"},\"image\":{\"@id\":\"https:\\\/\\\/www.irenelauretti.com\\\/deutsch-vollmond-im-wassermann-kreative-schaffenskraft-dur\\\/#primaryimage\"},\"thumbnailUrl\":\"http:\\\/\\\/www.irenelauretti.com\\\/wp-content\\\/uploads\\\/2013\\\/08\\\/Irene-265x300.jpg\",\"articleSection\":[\"Other\"],\"inLanguage\":\"de\",\"potentialAction\":[{\"@type\":\"CommentAction\",\"name\":\"Comment\",\"target\":[\"https:\\\/\\\/www.irenelauretti.com\\\/deutsch-vollmond-im-wassermann-kreative-schaffenskraft-dur\\\/#respond\"]}]},{\"@type\":\"WebPage\",\"@id\":\"https:\\\/\\\/www.irenelauretti.com\\\/de\\\/deutsch-vollmond-im-wassermann-kreative-schaffenskraft-dur\\\/\",\"url\":\"https:\\\/\\\/www.irenelauretti.com\\\/de\\\/deutsch-vollmond-im-wassermann-kreative-schaffenskraft-dur\\\/\",\"name\":\"Vollmond im WASSERMANN: kreative SCHAFFENSKRAFT in A-DUR - irenelauretti.com\",\"isPartOf\":{\"@id\":\"https:\\\/\\\/www.irenelauretti.com\\\/de\\\/#website\"},\"primaryImageOfPage\":{\"@id\":\"https:\\\/\\\/www.irenelauretti.com\\\/de\\\/deutsch-vollmond-im-wassermann-kreative-schaffenskraft-dur\\\/#primaryimage\"},\"image\":{\"@id\":\"https:\\\/\\\/www.irenelauretti.com\\\/deutsch-vollmond-im-wassermann-kreative-schaffenskraft-dur\\\/#primaryimage\"},\"thumbnailUrl\":\"http:\\\/\\\/www.irenelauretti.com\\\/wp-content\\\/uploads\\\/2013\\\/08\\\/Irene-265x300.jpg\",\"datePublished\":\"2014-08-09T11:16:46+00:00\",\"dateModified\":\"2014-08-09T20:42:50+00:00\",\"breadcrumb\":{\"@id\":\"https:\\\/\\\/www.irenelauretti.com\\\/de\\\/deutsch-vollmond-im-wassermann-kreative-schaffenskraft-dur\\\/#breadcrumb\"},\"inLanguage\":\"de\",\"potentialAction\":[{\"@type\":\"ReadAction\",\"target\":[[\"https:\\\/\\\/www.irenelauretti.com\\\/de\\\/deutsch-vollmond-im-wassermann-kreative-schaffenskraft-dur\\\/\"]]}]},{\"@type\":\"ImageObject\",\"inLanguage\":\"de\",\"@id\":\"https:\\\/\\\/www.irenelauretti.com\\\/de\\\/deutsch-vollmond-im-wassermann-kreative-schaffenskraft-dur\\\/#primaryimage\",\"url\":\"http:\\\/\\\/www.irenelauretti.com\\\/wp-content\\\/uploads\\\/2013\\\/08\\\/Irene-265x300.jpg\",\"contentUrl\":\"http:\\\/\\\/www.irenelauretti.com\\\/wp-content\\\/uploads\\\/2013\\\/08\\\/Irene-265x300.jpg\"},{\"@type\":\"BreadcrumbList\",\"@id\":\"https:\\\/\\\/www.irenelauretti.com\\\/de\\\/deutsch-vollmond-im-wassermann-kreative-schaffenskraft-dur\\\/#breadcrumb\",\"itemListElement\":[{\"@type\":\"ListItem\",\"position\":1,\"name\":\"Start\",\"item\":\"https:\\\/\\\/www.irenelauretti.com\\\/de\\\/\"},{\"@type\":\"ListItem\",\"position\":2,\"name\":\"Vollmond im WASSERMANN: kreative SCHAFFENSKRAFT in A-DUR\"}]},{\"@type\":\"WebSite\",\"@id\":\"https:\\\/\\\/www.irenelauretti.com\\\/de\\\/#website\",\"url\":\"https:\\\/\\\/www.irenelauretti.com\\\/de\\\/\",\"name\":\"irenelauretti.com\",\"description\":\"Autorin Mystikerin Heilerin Vision\u00e4rin\",\"publisher\":{\"@id\":\"https:\\\/\\\/www.irenelauretti.com\\\/de\\\/#organization\"},\"potentialAction\":[{\"@type\":\"SearchAction\",\"target\":{\"@type\":\"EntryPoint\",\"urlTemplate\":\"https:\\\/\\\/www.irenelauretti.com\\\/de\\\/?s={search_term_string}\"},\"query-input\":{\"@type\":\"PropertyValueSpecification\",\"valueRequired\":true,\"valueName\":\"search_term_string\"}}],\"inLanguage\":\"de\"},{\"@type\":\"Organization\",\"@id\":\"https:\\\/\\\/www.irenelauretti.com\\\/de\\\/#organization\",\"name\":\"irenelauretti.com\",\"url\":\"https:\\\/\\\/www.irenelauretti.com\\\/de\\\/\",\"logo\":{\"@type\":\"ImageObject\",\"inLanguage\":\"de\",\"@id\":\"https:\\\/\\\/www.irenelauretti.com\\\/de\\\/#\\\/schema\\\/logo\\\/image\\\/\",\"url\":\"https:\\\/\\\/www.irenelauretti.com\\\/wp-content\\\/uploads\\\/2013\\\/08\\\/Logo_with.png\",\"contentUrl\":\"https:\\\/\\\/www.irenelauretti.com\\\/wp-content\\\/uploads\\\/2013\\\/08\\\/Logo_with.png\",\"width\":180,\"height\":113,\"caption\":\"irenelauretti.com\"},\"image\":{\"@id\":\"https:\\\/\\\/www.irenelauretti.com\\\/de\\\/#\\\/schema\\\/logo\\\/image\\\/\"}},{\"@type\":\"Person\",\"@id\":\"https:\\\/\\\/www.irenelauretti.com\\\/#\\\/schema\\\/person\\\/692dd8be38a44ae26e451ac8e1d35f4d\",\"name\":\"Irene Lauretti\",\"image\":{\"@type\":\"ImageObject\",\"inLanguage\":\"de\",\"@id\":\"https:\\\/\\\/secure.gravatar.com\\\/avatar\\\/fc11751010b28816d1d3f43dfe9b51d964b6d1ace79d23ea8873bf0f0cf231ea?s=96&d=mm&r=g\",\"url\":\"https:\\\/\\\/secure.gravatar.com\\\/avatar\\\/fc11751010b28816d1d3f43dfe9b51d964b6d1ace79d23ea8873bf0f0cf231ea?s=96&d=mm&r=g\",\"contentUrl\":\"https:\\\/\\\/secure.gravatar.com\\\/avatar\\\/fc11751010b28816d1d3f43dfe9b51d964b6d1ace79d23ea8873bf0f0cf231ea?s=96&d=mm&r=g\",\"caption\":\"Irene Lauretti\"},\"sameAs\":[\"http:\\\/\\\/www.irenelauretti.com\"],\"url\":\"https:\\\/\\\/www.irenelauretti.com\\\/de\\\/author\\\/ilauretti\\\/\"}]}<\/script>\n<!-- \/ Yoast SEO plugin. -->","yoast_head_json":{"title":"Vollmond im WASSERMANN: kreative SCHAFFENSKRAFT in A-DUR - irenelauretti.com","robots":{"index":"index","follow":"follow","max-snippet":"max-snippet:-1","max-image-preview":"max-image-preview:large","max-video-preview":"max-video-preview:-1"},"canonical":"https:\/\/www.irenelauretti.com\/de\/deutsch-vollmond-im-wassermann-kreative-schaffenskraft-dur\/","twitter_card":"summary_large_image","twitter_title":"Vollmond im WASSERMANN: kreative SCHAFFENSKRAFT in A-DUR - irenelauretti.com","twitter_description":"Mond im Wassermann: wie kaum ein anderes kosmisches Tor regt der Aufenthalt des Mondes im Wassermann-Tor die Fantasie und kreative Schaffenskraft an \u2013 die kreative Schaffenskraft, die mich immer zuerst an W.A. Mozart denken l\u00e4sst \u2013 jenem begnadeten Komponisten von heiterem Gem\u00fct, dessen Sonnzeichen der Wassermann war und dessen Lieblingstonart nicht umsonst A-Dur war! A-Dur [&hellip;]","twitter_image":"http:\/\/www.irenelauretti.com\/wp-content\/uploads\/2013\/08\/Irene-265x300.jpg","twitter_misc":{"Verfasst von":"Irene Lauretti","Gesch\u00e4tzte Lesezeit":"2\u00a0Minuten"},"schema":{"@context":"https:\/\/schema.org","@graph":[{"@type":"Article","@id":"https:\/\/www.irenelauretti.com\/deutsch-vollmond-im-wassermann-kreative-schaffenskraft-dur\/#article","isPartOf":{"@id":"https:\/\/www.irenelauretti.com\/deutsch-vollmond-im-wassermann-kreative-schaffenskraft-dur\/"},"author":{"name":"Irene Lauretti","@id":"https:\/\/www.irenelauretti.com\/#\/schema\/person\/692dd8be38a44ae26e451ac8e1d35f4d"},"headline":"Vollmond im WASSERMANN: kreative SCHAFFENSKRAFT in A-DUR","datePublished":"2014-08-09T11:16:46+00:00","dateModified":"2014-08-09T20:42:50+00:00","mainEntityOfPage":{"@id":"https:\/\/www.irenelauretti.com\/deutsch-vollmond-im-wassermann-kreative-schaffenskraft-dur\/"},"wordCount":415,"commentCount":0,"publisher":{"@id":"https:\/\/www.irenelauretti.com\/#organization"},"image":{"@id":"https:\/\/www.irenelauretti.com\/deutsch-vollmond-im-wassermann-kreative-schaffenskraft-dur\/#primaryimage"},"thumbnailUrl":"http:\/\/www.irenelauretti.com\/wp-content\/uploads\/2013\/08\/Irene-265x300.jpg","articleSection":["Other"],"inLanguage":"de","potentialAction":[{"@type":"CommentAction","name":"Comment","target":["https:\/\/www.irenelauretti.com\/deutsch-vollmond-im-wassermann-kreative-schaffenskraft-dur\/#respond"]}]},{"@type":"WebPage","@id":"https:\/\/www.irenelauretti.com\/de\/deutsch-vollmond-im-wassermann-kreative-schaffenskraft-dur\/","url":"https:\/\/www.irenelauretti.com\/de\/deutsch-vollmond-im-wassermann-kreative-schaffenskraft-dur\/","name":"Vollmond im WASSERMANN: kreative SCHAFFENSKRAFT in A-DUR - irenelauretti.com","isPartOf":{"@id":"https:\/\/www.irenelauretti.com\/de\/#website"},"primaryImageOfPage":{"@id":"https:\/\/www.irenelauretti.com\/de\/deutsch-vollmond-im-wassermann-kreative-schaffenskraft-dur\/#primaryimage"},"image":{"@id":"https:\/\/www.irenelauretti.com\/deutsch-vollmond-im-wassermann-kreative-schaffenskraft-dur\/#primaryimage"},"thumbnailUrl":"http:\/\/www.irenelauretti.com\/wp-content\/uploads\/2013\/08\/Irene-265x300.jpg","datePublished":"2014-08-09T11:16:46+00:00","dateModified":"2014-08-09T20:42:50+00:00","breadcrumb":{"@id":"https:\/\/www.irenelauretti.com\/de\/deutsch-vollmond-im-wassermann-kreative-schaffenskraft-dur\/#breadcrumb"},"inLanguage":"de","potentialAction":[{"@type":"ReadAction","target":[["https:\/\/www.irenelauretti.com\/de\/deutsch-vollmond-im-wassermann-kreative-schaffenskraft-dur\/"]]}]},{"@type":"ImageObject","inLanguage":"de","@id":"https:\/\/www.irenelauretti.com\/de\/deutsch-vollmond-im-wassermann-kreative-schaffenskraft-dur\/#primaryimage","url":"http:\/\/www.irenelauretti.com\/wp-content\/uploads\/2013\/08\/Irene-265x300.jpg","contentUrl":"http:\/\/www.irenelauretti.com\/wp-content\/uploads\/2013\/08\/Irene-265x300.jpg"},{"@type":"BreadcrumbList","@id":"https:\/\/www.irenelauretti.com\/de\/deutsch-vollmond-im-wassermann-kreative-schaffenskraft-dur\/#breadcrumb","itemListElement":[{"@type":"ListItem","position":1,"name":"Start","item":"https:\/\/www.irenelauretti.com\/de\/"},{"@type":"ListItem","position":2,"name":"Vollmond im WASSERMANN: kreative SCHAFFENSKRAFT in A-DUR"}]},{"@type":"WebSite","@id":"https:\/\/www.irenelauretti.com\/de\/#website","url":"https:\/\/www.irenelauretti.com\/de\/","name":"irenelauretti.com","description":"Autorin Mystikerin Heilerin Vision\u00e4rin","publisher":{"@id":"https:\/\/www.irenelauretti.com\/de\/#organization"},"potentialAction":[{"@type":"SearchAction","target":{"@type":"EntryPoint","urlTemplate":"https:\/\/www.irenelauretti.com\/de\/?s={search_term_string}"},"query-input":{"@type":"PropertyValueSpecification","valueRequired":true,"valueName":"search_term_string"}}],"inLanguage":"de"},{"@type":"Organization","@id":"https:\/\/www.irenelauretti.com\/de\/#organization","name":"irenelauretti.com","url":"https:\/\/www.irenelauretti.com\/de\/","logo":{"@type":"ImageObject","inLanguage":"de","@id":"https:\/\/www.irenelauretti.com\/de\/#\/schema\/logo\/image\/","url":"https:\/\/www.irenelauretti.com\/wp-content\/uploads\/2013\/08\/Logo_with.png","contentUrl":"https:\/\/www.irenelauretti.com\/wp-content\/uploads\/2013\/08\/Logo_with.png","width":180,"height":113,"caption":"irenelauretti.com"},"image":{"@id":"https:\/\/www.irenelauretti.com\/de\/#\/schema\/logo\/image\/"}},{"@type":"Person","@id":"https:\/\/www.irenelauretti.com\/#\/schema\/person\/692dd8be38a44ae26e451ac8e1d35f4d","name":"Irene Lauretti","image":{"@type":"ImageObject","inLanguage":"de","@id":"https:\/\/secure.gravatar.com\/avatar\/fc11751010b28816d1d3f43dfe9b51d964b6d1ace79d23ea8873bf0f0cf231ea?s=96&d=mm&r=g","url":"https:\/\/secure.gravatar.com\/avatar\/fc11751010b28816d1d3f43dfe9b51d964b6d1ace79d23ea8873bf0f0cf231ea?s=96&d=mm&r=g","contentUrl":"https:\/\/secure.gravatar.com\/avatar\/fc11751010b28816d1d3f43dfe9b51d964b6d1ace79d23ea8873bf0f0cf231ea?s=96&d=mm&r=g","caption":"Irene Lauretti"},"sameAs":["http:\/\/www.irenelauretti.com"],"url":"https:\/\/www.irenelauretti.com\/de\/author\/ilauretti\/"}]}},"cc_featured_image_caption":{"caption_text":false,"source_text":false,"source_url":false},"_links":{"self":[{"href":"https:\/\/www.irenelauretti.com\/de\/wp-json\/wp\/v2\/posts\/1580","targetHints":{"allow":["GET"]}}],"collection":[{"href":"https:\/\/www.irenelauretti.com\/de\/wp-json\/wp\/v2\/posts"}],"about":[{"href":"https:\/\/www.irenelauretti.com\/de\/wp-json\/wp\/v2\/types\/post"}],"author":[{"embeddable":true,"href":"https:\/\/www.irenelauretti.com\/de\/wp-json\/wp\/v2\/users\/2"}],"replies":[{"embeddable":true,"href":"https:\/\/www.irenelauretti.com\/de\/wp-json\/wp\/v2\/comments?post=1580"}],"version-history":[{"count":3,"href":"https:\/\/www.irenelauretti.com\/de\/wp-json\/wp\/v2\/posts\/1580\/revisions"}],"predecessor-version":[{"id":1583,"href":"https:\/\/www.irenelauretti.com\/de\/wp-json\/wp\/v2\/posts\/1580\/revisions\/1583"}],"wp:attachment":[{"href":"https:\/\/www.irenelauretti.com\/de\/wp-json\/wp\/v2\/media?parent=1580"}],"wp:term":[{"taxonomy":"category","embeddable":true,"href":"https:\/\/www.irenelauretti.com\/de\/wp-json\/wp\/v2\/categories?post=1580"},{"taxonomy":"post_tag","embeddable":true,"href":"https:\/\/www.irenelauretti.com\/de\/wp-json\/wp\/v2\/tags?post=1580"}],"curies":[{"name":"wp","href":"https:\/\/api.w.org\/{rel}","templated":true}]}}