{"id":1647,"date":"2014-09-28T13:16:00","date_gmt":"2014-09-28T13:16:00","guid":{"rendered":"http:\/\/www.irenelauretti.com\/?p=1647"},"modified":"2018-06-09T15:40:20","modified_gmt":"2018-06-09T15:40:20","slug":"deutsch-warum-werden-wir-geboren","status":"publish","type":"post","link":"https:\/\/www.irenelauretti.com\/de\/deutsch-warum-werden-wir-geboren\/","title":{"rendered":"WARUM werden wir GEBOREN?"},"content":{"rendered":"<p><a href=\"http:\/\/www.irenelauretti.com\/wp-content\/uploads\/2013\/08\/Irene.jpg\" data-rel=\"lightbox-image-0\" data-rl_title=\"\" data-rl_caption=\"\" title=\"\"><img fetchpriority=\"high\" decoding=\"async\" class=\"alignnone size-medium wp-image-1140\" alt=\"Irene Lauretti\" src=\"http:\/\/www.irenelauretti.com\/wp-content\/uploads\/2013\/08\/Irene-265x300.jpg\" width=\"265\" height=\"300\" srcset=\"https:\/\/www.irenelauretti.com\/wp-content\/uploads\/2013\/08\/Irene-265x300.jpg 265w, https:\/\/www.irenelauretti.com\/wp-content\/uploads\/2013\/08\/Irene-330x373.jpg 330w, https:\/\/www.irenelauretti.com\/wp-content\/uploads\/2013\/08\/Irene.jpg 500w\" sizes=\"(max-width: 265px) 100vw, 265px\" \/><\/a><br \/>\nWARUM werden wir GEBOREN??<\/p>\n<p>Diese Frage wurde von einem Kursteilnehmer eines 5-Tages-Kurses in Jin Shin Jyutsu gestellt. Ich war zu jener Zeit \u2013 es muss vor etwa 9 Jahren gewesen sein \u2013 selbst Kursteilnehmerin und erinnere mich noch, mit welch gro\u00dfer Erwartung ich der Antwort der damaligen Kursleiterin entgegenfieberte.<\/p>\n<p>\u201eWarum wir inkarnieren\u201c? wiederholte diese langsam w\u00e4hrend die Spannung im Raum f\u00fchlbar anstieg.<\/p>\n<p>\u201eNun\u201c, sagte die Kursleiterin, w\u00e4hrend sie ihre H\u00e4nde resigniert sinken lie\u00df, \u201edas kann niemand sagen\u201c.<\/p>\n<p>\u201eNein\u201c, wollte ich damals schreien. \u201eWie k\u00f6nnen Sie eine solche Antwort geben?\u201c<\/p>\n<p>Bereits damals sp\u00fcrte bzw. <em>wusste<\/em> ich tief in mir, dass ALL-ES im Universum einen tiefen bzw. tieferen (die Tiefen des Seins!) Sinn hat und haben MUSS. Nichts geschieht grundlos, jede Emotion, jeder Gedanke entspringt einer Quelle bzw. ent-wickelt sich aus einem bestimmten Energiemuster, um sich, wenn der Gedanke \/ die Emotion sich aus-gelebt und ERKANNT hat, wieder zu ver-fl\u00fcch-tigen im Meer endloser Energien. Um sich neu entstehen zu lassen, sich weiter zu ent-falten und zu ent-decken bzw. um sich end-lich als das zu erkennen, was jeder Mensch geboren ist zu SEIN:<\/p>\n<p><strong>LICHT!<\/strong><\/p>\n<p>Die entt\u00e4uschende Antwort der Kursleiterin war f\u00fcr mich damals ein weiterer Ansto\u00df und zugleich auch die Best\u00e4tigung, dass die Antworten auf die wichtigsten Fragen im Leben niemals von au\u00dfen kommen k\u00f6nnen, sondern vielmehr nur von innen heraus, aus dem Wahren Selbst, und damit aus jener Ebene kommen k\u00f6nnen, die paradoxerweise sowohl der URPRUNG als auch das ZIEL (die Antwort) auf die oben genannte Antwort ist.<\/p>\n<p>Die Ebene des geistigen Lichts der 7. Tiefe (der \u201e7. Himmel\u201c), oder anders ausgedr\u00fcckt:<\/p>\n<p>Die <strong>12<\/strong> als sich ihrer Selbst BEWUSST gewordene 3 = SEELE!<\/p>\n<p>Dies ist das Thema meines Buches <em><a href=\"http:\/\/www.amazon.de\/Der-Mond-kosmische-Code-Sch%C3%B6pfung\/dp\/3000433120\/ref=sr_1_1?ie=UTF8&amp;qid=1393169521&amp;sr=8-1&amp;keywords=der+mond+und+der+kosmische+code+der+sch%C3%B6pfung\">Der Mond und der kosmische Code der Sch\u00f6pfung<\/a><\/em>, denn Thema dieses Buches ist der dem Sch\u00f6pfungsakt entsprechende Weg der <strong>Bewusstwerdung<\/strong> der <strong>3 = SEELE.<\/strong><\/p>\n<p>Die <strong>3 <\/strong>ist der geistige Kern (des Menschen). Sie ist das LICHT, welches wir sind, immer waren und sein werden. Sie ist das unendliche Potential, welches jedoch \u2013 und das ist der \u201espringende Punkt\u201c \u2013 eine <strong>Begrenzung<\/strong> ben\u00f6tigt, um sich als das zu erkennen, was es wirklich ist bzw. um sich seiner SELBST BEWUSST zu werden!<\/p>\n<p>Das ist \u00fcbrigens etwas, das die meisten von Euch im t\u00e4glichen Leben vermutlich selbst schon einmal erlebt haben. Solange es einem wirklich \u201egut\u201c geht, ist man sich dessen meist gar nicht so bewusst. Man nimmt es als selbstverst\u00e4ndlich hin. Erst wenn die Probleme beginnen, wenn man den Job verliert, der Partner einem verl\u00e4sst, oder wenn Krankheiten \u201eauftauchen\u201c, beginnt man pl\u00f6tzlich zu realisieren, was man \u201everloren\u201c hat. Man trauert dem hinterher, was man meint verloren zu haben und will es \u201ewieder haben\u201c, wobei es dieses Mal eben BEWUSST ist. Menschen, die von lebensbedrohlichen Krankheiten heilten, empfinden ihr \u201ezweites Leben\u201c oftmals als das \u201eWahre\u201c, weil BEWUSSTE Leben. Jeder Tag ist dann ein Geschenk, es wird BEWUSST gelebt, der Moment wir ausgekostet.<\/p>\n<p>Dasselbe Prinzip gilt auch f\u00fcr das unendliche Lebens- und Heilpotential, das geistige Licht der 7. Tiefe. Dieses Licht, welches wir SIND, will und muss sich erkennen. Es muss sich seiner SELBST, seines unendlichen Sch\u00f6pfungspotentials, BEWUSST werden, und um dies zu erreichen, ben\u00f6tigt die <strong>3<\/strong> die <strong>4<\/strong>.<\/p>\n<p>Die <strong>4<\/strong>, welche die <strong>3<\/strong> (das Dreieck) \u00fcbrigens sogar sichtbar in sich tr\u00e4gt, ist die Zahl der <strong>Inkarnation<\/strong>. Sie ist die Zahl des <strong>Mondes<\/strong> und symbolisiert den <strong>Weg<\/strong> zum <strong>Bewusstsein<\/strong> (Energieschloss 4 im JSJ steht f\u00fcr Bewusstsein!) durch die <strong>Begrenzun<\/strong>g des Zodiaks.<\/p>\n<p>Der Zodiak \u2013 der symbolisch bereits die <strong>12<\/strong>, und damit das ZIEL des Weges ausdr\u00fcckt (der Weg ist das Ziel!) \u2013 ist das gro\u00dfe <strong>Rad des Lebens<\/strong>, (Tarot bzw. Rota = Rad des Lebens), welches wir geboren sind zu MEISTERN, um dadurch wieder BEWUSST das Licht zu erkennen \u2026<\/p>\n<p>\u2026 das Licht erkennen durch die <strong>12<\/strong> Tore unserer SEELE, wobei die 12, wie bereits erw\u00e4hnt, gleichzeitig das ZIEL unserer Reise darstellt, n\u00e4mlich die ERH\u00d6HTE = sich ihrer selbst <strong>BEWUSSTE 3<\/strong> (12 ist die Quersumme der 3) = <strong>SEELE! <\/strong><\/p>\n<p><em>Wie<\/em> wir die <strong>12<\/strong> Kr\u00e4fte unserer Seele einstimmen und dadurch meistern, um dadurch die Sch\u00f6pferkraft in uns zu erwecken und die Realit\u00e4t BEWUSST zu erschaffen, das zeige ich ausf\u00fchrlich in Schrift und Bild in meinem Buch <em><a href=\"http:\/\/www.amazon.de\/Der-Mond-kosmische-Code-Sch%C3%B6pfung\/dp\/3000433120\/ref=sr_1_1?ie=UTF8&amp;qid=1393169521&amp;sr=8-1&amp;keywords=der+mond+und+der+kosmische+code+der+sch%C3%B6pfung\">Der Mond und der kosmische Code der Sch\u00f6pfung<\/a><\/em>, und daher werde ich an dieser Stelle hier auch nicht weiter darauf eingehen.<\/p>\n<p>Was ich jedoch an dieser Stelle noch erw\u00e4hnen will, ist die Tarotkarte Nr. XII, Der Geh\u00e4ngte, (siehe Abbildung) denn diese repr\u00e4sentiert durch ihre numerologische und symbolische Bedeutung den Weg der 3 (in die Inkarnation strebenden Seele bzw. geistigen Kern) zur 12 (bewussten Seele).<br \/>\n<em>Tarotkarte XII, &#8222;Der Geh\u00e4ngte&#8220; repr\u00e4sentiert den ver\u00e4nderten bzw. BEWUSSTEN Blickwinkel, repr\u00e4sentiert durch das goldene Auralicht um den Kopf.<\/em><\/p>\n<p>Der \u201eGeh\u00e4ngte\u201c (die 12) repr\u00e4sentiert im Grunde genau das, zu was die 3 werden muss und WILL: zur Erleuchtung (die goldene Aura um den Kopf) bzw. zum ver\u00e4nderten bzw. BEWUSSTEN Blickwinkel. Der Geh\u00e4ngte erkennt das sch\u00f6pferische Potential (dargestellt durch die gr\u00fcnen Bl\u00e4tter am Querbalken des Kreuzes) durch den Blickwinkel von \u201eunten\u201c, d.h. von der Ebene der Inkarnation. Auch wenn er (3, dargestellt durch die Dreiecksform der H\u00e4nde und des Beines) dieses Potential immer war, ist und sein wird, wird er sich dessen erst durch den ver\u00e4nderten Blickwinkel bewusst, und um diesen Blickwinkel zu erreichen, muss er den Schritt in die <strong>Materie<\/strong>, in die <strong>Zeit<\/strong> bzw. die \u201eZukunft\u201c wagen. Symbolisiert wird dies zum einen durch die \u201eForm\u201c des Geh\u00e4ngten mit dem angewinkelten Bein. Der Geh\u00e4ngte ist im Grunde eine umgedrehte <strong>4<\/strong>, die ihren geistigen Kern (angewinkeltes Bein) latent in sich tr\u00e4gt und ihn durch das Kreuz (die 4 bzw. die 4 Elemente des Zodiaks und Gro\u00dfen Energiekreislaufs) aus-leben und erkennen will, indem sie den <strong>Schritt<\/strong> in die Materie wagt, dargestellt durch das gefesselte rechte Bein (rechts repr\u00e4sentiert die Zukunft!) am Balken des Kreuzes (Kreuz ist die 4, welche den Zodiak repr\u00e4sentiert).<\/p>\n<p>\u201eDer Geh\u00e4ngte\u201c, so furchterregend diese Karte auf viele zun\u00e4chst wirkt, ist \u2013 sofern wir die Botschaft hinter der Karte verstehen \u2013 eine sehr positive Karte bzw. dr\u00fcckt genau das aus, was die Antwort auf die Frage dieses Blogs ist, n\u00e4mlich \u201ewarum wir geboren werden\u201c.<\/p>\n<p>Der Mensch inkarniert, um sein volles Potential (<strong>3<\/strong>) durch die Begrenzung dieses Potentials (<strong>x4<\/strong>) zu ERKENNEN bzw. um sich dessen BEWUSST zu werden (<strong>12<\/strong>), dargestellt durch die goldene Aura (geistiges Licht der 7. Tiefe) um den Kopf des Geh\u00e4ngten.<\/p>\n<p>Das Ziel der Bewusstwerdung (12) ist dabei gleichzeitig der Weg (12) und umgekehrt, was praktisch ganz einfach bedeutet:<\/p>\n<p>Die MEISTERUNG der 12 Kr\u00e4fte der SEELE durch das t\u00e4gliche Einstimmen auf die vom Mond (4) vorgegebene Schwingung ist gleichzeitig auch das ZIEL und der GRUND f\u00fcr die Inkarnation des Menschen:<\/p>\n<p>Die MANIFESTATION des LICHTS = der WAHRHEIT = des HIMMELS auf ERDEN!<\/p>\n<p>In diesem Sinne w\u00fcnsche ich Euch einen er-leuchteten Weg = Ziel,<\/p>\n<p>bis zum n\u00e4chsten Mal,<\/p>\n<p><a href=\"http:\/\/www.irenelauretti.com\/wp-content\/uploads\/2013\/08\/Logo_with.png\" data-rel=\"lightbox-image-1\" data-rl_title=\"\" data-rl_caption=\"\" title=\"\"><img decoding=\"async\" class=\"alignnone size-full wp-image-136\" alt=\"Logo_with\" src=\"http:\/\/www.irenelauretti.com\/wp-content\/uploads\/2013\/08\/Logo_with.png\" width=\"180\" height=\"113\" \/><\/a><\/p>","protected":false},"excerpt":{"rendered":"<p>WARUM werden wir GEBOREN?? Diese Frage wurde von einem Kursteilnehmer eines 5-Tages-Kurses in Jin Shin Jyutsu gestellt. Ich war zu jener Zeit \u2013 es muss vor etwa 9 Jahren gewesen sein \u2013 selbst Kursteilnehmerin und erinnere mich noch, mit welch gro\u00dfer Erwartung ich der Antwort der damaligen Kursleiterin entgegenfieberte. \u201eWarum wir inkarnieren\u201c? wiederholte diese langsam [&hellip;]<\/p>\n","protected":false},"author":2,"featured_media":0,"comment_status":"open","ping_status":"open","sticky":false,"template":"","format":"standard","meta":{"_coblocks_attr":"","_coblocks_dimensions":"","_coblocks_responsive_height":"","_coblocks_accordion_ie_support":"","ocean_post_layout":"","ocean_both_sidebars_style":"","ocean_both_sidebars_content_width":0,"ocean_both_sidebars_sidebars_width":0,"ocean_sidebar":"","ocean_second_sidebar":"","ocean_disable_margins":"enable","ocean_add_body_class":"","ocean_shortcode_before_top_bar":"","ocean_shortcode_after_top_bar":"","ocean_shortcode_before_header":"","ocean_shortcode_after_header":"","ocean_has_shortcode":"","ocean_shortcode_after_title":"","ocean_shortcode_before_footer_widgets":"","ocean_shortcode_after_footer_widgets":"","ocean_shortcode_before_footer_bottom":"","ocean_shortcode_after_footer_bottom":"","ocean_display_top_bar":"default","ocean_display_header":"default","ocean_header_style":"","ocean_center_header_left_menu":"","ocean_custom_header_template":"","ocean_custom_logo":0,"ocean_custom_retina_logo":0,"ocean_custom_logo_max_width":0,"ocean_custom_logo_tablet_max_width":0,"ocean_custom_logo_mobile_max_width":0,"ocean_custom_logo_max_height":0,"ocean_custom_logo_tablet_max_height":0,"ocean_custom_logo_mobile_max_height":0,"ocean_header_custom_menu":"","ocean_menu_typo_font_family":"","ocean_menu_typo_font_subset":"","ocean_menu_typo_font_size":0,"ocean_menu_typo_font_size_tablet":0,"ocean_menu_typo_font_size_mobile":0,"ocean_menu_typo_font_size_unit":"px","ocean_menu_typo_font_weight":"","ocean_menu_typo_font_weight_tablet":"","ocean_menu_typo_font_weight_mobile":"","ocean_menu_typo_transform":"","ocean_menu_typo_transform_tablet":"","ocean_menu_typo_transform_mobile":"","ocean_menu_typo_line_height":0,"ocean_menu_typo_line_height_tablet":0,"ocean_menu_typo_line_height_mobile":0,"ocean_menu_typo_line_height_unit":"","ocean_menu_typo_spacing":0,"ocean_menu_typo_spacing_tablet":0,"ocean_menu_typo_spacing_mobile":0,"ocean_menu_typo_spacing_unit":"","ocean_menu_link_color":"","ocean_menu_link_color_hover":"","ocean_menu_link_color_active":"","ocean_menu_link_background":"","ocean_menu_link_hover_background":"","ocean_menu_link_active_background":"","ocean_menu_social_links_bg":"","ocean_menu_social_hover_links_bg":"","ocean_menu_social_links_color":"","ocean_menu_social_hover_links_color":"","ocean_disable_title":"default","ocean_disable_heading":"default","ocean_post_title":"","ocean_post_subheading":"","ocean_post_title_style":"","ocean_post_title_background_color":"","ocean_post_title_background":0,"ocean_post_title_bg_image_position":"","ocean_post_title_bg_image_attachment":"","ocean_post_title_bg_image_repeat":"","ocean_post_title_bg_image_size":"","ocean_post_title_height":0,"ocean_post_title_bg_overlay":0.5,"ocean_post_title_bg_overlay_color":"","ocean_disable_breadcrumbs":"default","ocean_breadcrumbs_color":"","ocean_breadcrumbs_separator_color":"","ocean_breadcrumbs_links_color":"","ocean_breadcrumbs_links_hover_color":"","ocean_display_footer_widgets":"default","ocean_display_footer_bottom":"default","ocean_custom_footer_template":"","omw_enable_modal_window":"enable","_themeisle_gutenberg_block_has_review":false,"ocean_post_oembed":"","ocean_post_self_hosted_media":"","ocean_post_video_embed":"","ocean_link_format":"","ocean_link_format_target":"self","ocean_quote_format":"","ocean_quote_format_link":"post","ocean_gallery_link_images":"on","ocean_gallery_id":[],"footnotes":""},"categories":[143],"tags":[147,148,149,508,146,144,495,20],"class_list":["post-1647","post","type-post","status-publish","format-standard","hentry","category-lebensweisheit","tag-147","tag-148","tag-149","tag-bewusstsein","tag-der-gehangte","tag-geboren-werden","tag-mond","tag-tarot","entry"],"yoast_head":"<!-- This site is optimized with the Yoast SEO plugin v27.4 - https:\/\/yoast.com\/product\/yoast-seo-wordpress\/ -->\n<title>WARUM werden wir GEBOREN? - irenelauretti.com<\/title>\n<meta name=\"robots\" content=\"index, follow, max-snippet:-1, max-image-preview:large, max-video-preview:-1\" \/>\n<link rel=\"canonical\" href=\"https:\/\/www.irenelauretti.com\/de\/deutsch-warum-werden-wir-geboren\/\" \/>\n<meta name=\"twitter:card\" content=\"summary_large_image\" \/>\n<meta name=\"twitter:title\" content=\"WARUM werden wir GEBOREN? - irenelauretti.com\" \/>\n<meta name=\"twitter:description\" content=\"WARUM werden wir GEBOREN?? Diese Frage wurde von einem Kursteilnehmer eines 5-Tages-Kurses in Jin Shin Jyutsu gestellt. Ich war zu jener Zeit \u2013 es muss vor etwa 9 Jahren gewesen sein \u2013 selbst Kursteilnehmerin und erinnere mich noch, mit welch gro\u00dfer Erwartung ich der Antwort der damaligen Kursleiterin entgegenfieberte. \u201eWarum wir inkarnieren\u201c? wiederholte diese langsam [&hellip;]\" \/>\n<meta name=\"twitter:image\" content=\"http:\/\/www.irenelauretti.com\/wp-content\/uploads\/2013\/08\/Irene-265x300.jpg\" \/>\n<meta name=\"twitter:label1\" content=\"Verfasst von\" \/>\n\t<meta name=\"twitter:data1\" content=\"Irene Lauretti\" \/>\n\t<meta name=\"twitter:label2\" content=\"Gesch\u00e4tzte Lesezeit\" \/>\n\t<meta name=\"twitter:data2\" content=\"6\u00a0Minuten\" \/>\n<script type=\"application\/ld+json\" class=\"yoast-schema-graph\">{\"@context\":\"https:\\\/\\\/schema.org\",\"@graph\":[{\"@type\":\"Article\",\"@id\":\"https:\\\/\\\/www.irenelauretti.com\\\/deutsch-warum-werden-wir-geboren\\\/#article\",\"isPartOf\":{\"@id\":\"https:\\\/\\\/www.irenelauretti.com\\\/deutsch-warum-werden-wir-geboren\\\/\"},\"author\":{\"name\":\"Irene Lauretti\",\"@id\":\"https:\\\/\\\/www.irenelauretti.com\\\/#\\\/schema\\\/person\\\/692dd8be38a44ae26e451ac8e1d35f4d\"},\"headline\":\"WARUM werden wir GEBOREN?\",\"datePublished\":\"2014-09-28T13:16:00+00:00\",\"dateModified\":\"2018-06-09T15:40:20+00:00\",\"mainEntityOfPage\":{\"@id\":\"https:\\\/\\\/www.irenelauretti.com\\\/deutsch-warum-werden-wir-geboren\\\/\"},\"wordCount\":1140,\"commentCount\":0,\"publisher\":{\"@id\":\"https:\\\/\\\/www.irenelauretti.com\\\/#organization\"},\"image\":{\"@id\":\"https:\\\/\\\/www.irenelauretti.com\\\/deutsch-warum-werden-wir-geboren\\\/#primaryimage\"},\"thumbnailUrl\":\"http:\\\/\\\/www.irenelauretti.com\\\/wp-content\\\/uploads\\\/2013\\\/08\\\/Irene-265x300.jpg\",\"keywords\":[\"12\",\"3\",\"4\",\"Bewusstsein\",\"Der Geh\u00e4ngte\",\"Geboren werden\",\"Mond\",\"tarot\"],\"articleSection\":[\"Lebensweisheit\"],\"inLanguage\":\"de\",\"potentialAction\":[{\"@type\":\"CommentAction\",\"name\":\"Comment\",\"target\":[\"https:\\\/\\\/www.irenelauretti.com\\\/deutsch-warum-werden-wir-geboren\\\/#respond\"]}]},{\"@type\":\"WebPage\",\"@id\":\"https:\\\/\\\/www.irenelauretti.com\\\/de\\\/deutsch-warum-werden-wir-geboren\\\/\",\"url\":\"https:\\\/\\\/www.irenelauretti.com\\\/de\\\/deutsch-warum-werden-wir-geboren\\\/\",\"name\":\"WARUM werden wir GEBOREN? - irenelauretti.com\",\"isPartOf\":{\"@id\":\"https:\\\/\\\/www.irenelauretti.com\\\/de\\\/#website\"},\"primaryImageOfPage\":{\"@id\":\"https:\\\/\\\/www.irenelauretti.com\\\/de\\\/deutsch-warum-werden-wir-geboren\\\/#primaryimage\"},\"image\":{\"@id\":\"https:\\\/\\\/www.irenelauretti.com\\\/deutsch-warum-werden-wir-geboren\\\/#primaryimage\"},\"thumbnailUrl\":\"http:\\\/\\\/www.irenelauretti.com\\\/wp-content\\\/uploads\\\/2013\\\/08\\\/Irene-265x300.jpg\",\"datePublished\":\"2014-09-28T13:16:00+00:00\",\"dateModified\":\"2018-06-09T15:40:20+00:00\",\"breadcrumb\":{\"@id\":\"https:\\\/\\\/www.irenelauretti.com\\\/de\\\/deutsch-warum-werden-wir-geboren\\\/#breadcrumb\"},\"inLanguage\":\"de\",\"potentialAction\":[{\"@type\":\"ReadAction\",\"target\":[[\"https:\\\/\\\/www.irenelauretti.com\\\/de\\\/deutsch-warum-werden-wir-geboren\\\/\"]]}]},{\"@type\":\"ImageObject\",\"inLanguage\":\"de\",\"@id\":\"https:\\\/\\\/www.irenelauretti.com\\\/de\\\/deutsch-warum-werden-wir-geboren\\\/#primaryimage\",\"url\":\"http:\\\/\\\/www.irenelauretti.com\\\/wp-content\\\/uploads\\\/2013\\\/08\\\/Irene-265x300.jpg\",\"contentUrl\":\"http:\\\/\\\/www.irenelauretti.com\\\/wp-content\\\/uploads\\\/2013\\\/08\\\/Irene-265x300.jpg\"},{\"@type\":\"BreadcrumbList\",\"@id\":\"https:\\\/\\\/www.irenelauretti.com\\\/de\\\/deutsch-warum-werden-wir-geboren\\\/#breadcrumb\",\"itemListElement\":[{\"@type\":\"ListItem\",\"position\":1,\"name\":\"Start\",\"item\":\"https:\\\/\\\/www.irenelauretti.com\\\/de\\\/\"},{\"@type\":\"ListItem\",\"position\":2,\"name\":\"WARUM werden wir GEBOREN?\"}]},{\"@type\":\"WebSite\",\"@id\":\"https:\\\/\\\/www.irenelauretti.com\\\/de\\\/#website\",\"url\":\"https:\\\/\\\/www.irenelauretti.com\\\/de\\\/\",\"name\":\"irenelauretti.com\",\"description\":\"Autorin Mystikerin Heilerin Vision\u00e4rin\",\"publisher\":{\"@id\":\"https:\\\/\\\/www.irenelauretti.com\\\/de\\\/#organization\"},\"potentialAction\":[{\"@type\":\"SearchAction\",\"target\":{\"@type\":\"EntryPoint\",\"urlTemplate\":\"https:\\\/\\\/www.irenelauretti.com\\\/de\\\/?s={search_term_string}\"},\"query-input\":{\"@type\":\"PropertyValueSpecification\",\"valueRequired\":true,\"valueName\":\"search_term_string\"}}],\"inLanguage\":\"de\"},{\"@type\":\"Organization\",\"@id\":\"https:\\\/\\\/www.irenelauretti.com\\\/de\\\/#organization\",\"name\":\"irenelauretti.com\",\"url\":\"https:\\\/\\\/www.irenelauretti.com\\\/de\\\/\",\"logo\":{\"@type\":\"ImageObject\",\"inLanguage\":\"de\",\"@id\":\"https:\\\/\\\/www.irenelauretti.com\\\/de\\\/#\\\/schema\\\/logo\\\/image\\\/\",\"url\":\"https:\\\/\\\/www.irenelauretti.com\\\/wp-content\\\/uploads\\\/2013\\\/08\\\/Logo_with.png\",\"contentUrl\":\"https:\\\/\\\/www.irenelauretti.com\\\/wp-content\\\/uploads\\\/2013\\\/08\\\/Logo_with.png\",\"width\":180,\"height\":113,\"caption\":\"irenelauretti.com\"},\"image\":{\"@id\":\"https:\\\/\\\/www.irenelauretti.com\\\/de\\\/#\\\/schema\\\/logo\\\/image\\\/\"}},{\"@type\":\"Person\",\"@id\":\"https:\\\/\\\/www.irenelauretti.com\\\/#\\\/schema\\\/person\\\/692dd8be38a44ae26e451ac8e1d35f4d\",\"name\":\"Irene Lauretti\",\"image\":{\"@type\":\"ImageObject\",\"inLanguage\":\"de\",\"@id\":\"https:\\\/\\\/secure.gravatar.com\\\/avatar\\\/fc11751010b28816d1d3f43dfe9b51d964b6d1ace79d23ea8873bf0f0cf231ea?s=96&d=mm&r=g\",\"url\":\"https:\\\/\\\/secure.gravatar.com\\\/avatar\\\/fc11751010b28816d1d3f43dfe9b51d964b6d1ace79d23ea8873bf0f0cf231ea?s=96&d=mm&r=g\",\"contentUrl\":\"https:\\\/\\\/secure.gravatar.com\\\/avatar\\\/fc11751010b28816d1d3f43dfe9b51d964b6d1ace79d23ea8873bf0f0cf231ea?s=96&d=mm&r=g\",\"caption\":\"Irene Lauretti\"},\"sameAs\":[\"http:\\\/\\\/www.irenelauretti.com\"],\"url\":\"https:\\\/\\\/www.irenelauretti.com\\\/de\\\/author\\\/ilauretti\\\/\"}]}<\/script>\n<!-- \/ Yoast SEO plugin. -->","yoast_head_json":{"title":"WARUM werden wir GEBOREN? - irenelauretti.com","robots":{"index":"index","follow":"follow","max-snippet":"max-snippet:-1","max-image-preview":"max-image-preview:large","max-video-preview":"max-video-preview:-1"},"canonical":"https:\/\/www.irenelauretti.com\/de\/deutsch-warum-werden-wir-geboren\/","twitter_card":"summary_large_image","twitter_title":"WARUM werden wir GEBOREN? - irenelauretti.com","twitter_description":"WARUM werden wir GEBOREN?? Diese Frage wurde von einem Kursteilnehmer eines 5-Tages-Kurses in Jin Shin Jyutsu gestellt. Ich war zu jener Zeit \u2013 es muss vor etwa 9 Jahren gewesen sein \u2013 selbst Kursteilnehmerin und erinnere mich noch, mit welch gro\u00dfer Erwartung ich der Antwort der damaligen Kursleiterin entgegenfieberte. \u201eWarum wir inkarnieren\u201c? wiederholte diese langsam [&hellip;]","twitter_image":"http:\/\/www.irenelauretti.com\/wp-content\/uploads\/2013\/08\/Irene-265x300.jpg","twitter_misc":{"Verfasst von":"Irene Lauretti","Gesch\u00e4tzte Lesezeit":"6\u00a0Minuten"},"schema":{"@context":"https:\/\/schema.org","@graph":[{"@type":"Article","@id":"https:\/\/www.irenelauretti.com\/deutsch-warum-werden-wir-geboren\/#article","isPartOf":{"@id":"https:\/\/www.irenelauretti.com\/deutsch-warum-werden-wir-geboren\/"},"author":{"name":"Irene Lauretti","@id":"https:\/\/www.irenelauretti.com\/#\/schema\/person\/692dd8be38a44ae26e451ac8e1d35f4d"},"headline":"WARUM werden wir GEBOREN?","datePublished":"2014-09-28T13:16:00+00:00","dateModified":"2018-06-09T15:40:20+00:00","mainEntityOfPage":{"@id":"https:\/\/www.irenelauretti.com\/deutsch-warum-werden-wir-geboren\/"},"wordCount":1140,"commentCount":0,"publisher":{"@id":"https:\/\/www.irenelauretti.com\/#organization"},"image":{"@id":"https:\/\/www.irenelauretti.com\/deutsch-warum-werden-wir-geboren\/#primaryimage"},"thumbnailUrl":"http:\/\/www.irenelauretti.com\/wp-content\/uploads\/2013\/08\/Irene-265x300.jpg","keywords":["12","3","4","Bewusstsein","Der Geh\u00e4ngte","Geboren werden","Mond","tarot"],"articleSection":["Lebensweisheit"],"inLanguage":"de","potentialAction":[{"@type":"CommentAction","name":"Comment","target":["https:\/\/www.irenelauretti.com\/deutsch-warum-werden-wir-geboren\/#respond"]}]},{"@type":"WebPage","@id":"https:\/\/www.irenelauretti.com\/de\/deutsch-warum-werden-wir-geboren\/","url":"https:\/\/www.irenelauretti.com\/de\/deutsch-warum-werden-wir-geboren\/","name":"WARUM werden wir GEBOREN? - irenelauretti.com","isPartOf":{"@id":"https:\/\/www.irenelauretti.com\/de\/#website"},"primaryImageOfPage":{"@id":"https:\/\/www.irenelauretti.com\/de\/deutsch-warum-werden-wir-geboren\/#primaryimage"},"image":{"@id":"https:\/\/www.irenelauretti.com\/deutsch-warum-werden-wir-geboren\/#primaryimage"},"thumbnailUrl":"http:\/\/www.irenelauretti.com\/wp-content\/uploads\/2013\/08\/Irene-265x300.jpg","datePublished":"2014-09-28T13:16:00+00:00","dateModified":"2018-06-09T15:40:20+00:00","breadcrumb":{"@id":"https:\/\/www.irenelauretti.com\/de\/deutsch-warum-werden-wir-geboren\/#breadcrumb"},"inLanguage":"de","potentialAction":[{"@type":"ReadAction","target":[["https:\/\/www.irenelauretti.com\/de\/deutsch-warum-werden-wir-geboren\/"]]}]},{"@type":"ImageObject","inLanguage":"de","@id":"https:\/\/www.irenelauretti.com\/de\/deutsch-warum-werden-wir-geboren\/#primaryimage","url":"http:\/\/www.irenelauretti.com\/wp-content\/uploads\/2013\/08\/Irene-265x300.jpg","contentUrl":"http:\/\/www.irenelauretti.com\/wp-content\/uploads\/2013\/08\/Irene-265x300.jpg"},{"@type":"BreadcrumbList","@id":"https:\/\/www.irenelauretti.com\/de\/deutsch-warum-werden-wir-geboren\/#breadcrumb","itemListElement":[{"@type":"ListItem","position":1,"name":"Start","item":"https:\/\/www.irenelauretti.com\/de\/"},{"@type":"ListItem","position":2,"name":"WARUM werden wir GEBOREN?"}]},{"@type":"WebSite","@id":"https:\/\/www.irenelauretti.com\/de\/#website","url":"https:\/\/www.irenelauretti.com\/de\/","name":"irenelauretti.com","description":"Autorin Mystikerin Heilerin Vision\u00e4rin","publisher":{"@id":"https:\/\/www.irenelauretti.com\/de\/#organization"},"potentialAction":[{"@type":"SearchAction","target":{"@type":"EntryPoint","urlTemplate":"https:\/\/www.irenelauretti.com\/de\/?s={search_term_string}"},"query-input":{"@type":"PropertyValueSpecification","valueRequired":true,"valueName":"search_term_string"}}],"inLanguage":"de"},{"@type":"Organization","@id":"https:\/\/www.irenelauretti.com\/de\/#organization","name":"irenelauretti.com","url":"https:\/\/www.irenelauretti.com\/de\/","logo":{"@type":"ImageObject","inLanguage":"de","@id":"https:\/\/www.irenelauretti.com\/de\/#\/schema\/logo\/image\/","url":"https:\/\/www.irenelauretti.com\/wp-content\/uploads\/2013\/08\/Logo_with.png","contentUrl":"https:\/\/www.irenelauretti.com\/wp-content\/uploads\/2013\/08\/Logo_with.png","width":180,"height":113,"caption":"irenelauretti.com"},"image":{"@id":"https:\/\/www.irenelauretti.com\/de\/#\/schema\/logo\/image\/"}},{"@type":"Person","@id":"https:\/\/www.irenelauretti.com\/#\/schema\/person\/692dd8be38a44ae26e451ac8e1d35f4d","name":"Irene Lauretti","image":{"@type":"ImageObject","inLanguage":"de","@id":"https:\/\/secure.gravatar.com\/avatar\/fc11751010b28816d1d3f43dfe9b51d964b6d1ace79d23ea8873bf0f0cf231ea?s=96&d=mm&r=g","url":"https:\/\/secure.gravatar.com\/avatar\/fc11751010b28816d1d3f43dfe9b51d964b6d1ace79d23ea8873bf0f0cf231ea?s=96&d=mm&r=g","contentUrl":"https:\/\/secure.gravatar.com\/avatar\/fc11751010b28816d1d3f43dfe9b51d964b6d1ace79d23ea8873bf0f0cf231ea?s=96&d=mm&r=g","caption":"Irene Lauretti"},"sameAs":["http:\/\/www.irenelauretti.com"],"url":"https:\/\/www.irenelauretti.com\/de\/author\/ilauretti\/"}]}},"cc_featured_image_caption":{"caption_text":"","source_text":"","source_url":""},"_links":{"self":[{"href":"https:\/\/www.irenelauretti.com\/de\/wp-json\/wp\/v2\/posts\/1647","targetHints":{"allow":["GET"]}}],"collection":[{"href":"https:\/\/www.irenelauretti.com\/de\/wp-json\/wp\/v2\/posts"}],"about":[{"href":"https:\/\/www.irenelauretti.com\/de\/wp-json\/wp\/v2\/types\/post"}],"author":[{"embeddable":true,"href":"https:\/\/www.irenelauretti.com\/de\/wp-json\/wp\/v2\/users\/2"}],"replies":[{"embeddable":true,"href":"https:\/\/www.irenelauretti.com\/de\/wp-json\/wp\/v2\/comments?post=1647"}],"version-history":[{"count":3,"href":"https:\/\/www.irenelauretti.com\/de\/wp-json\/wp\/v2\/posts\/1647\/revisions"}],"predecessor-version":[{"id":2396,"href":"https:\/\/www.irenelauretti.com\/de\/wp-json\/wp\/v2\/posts\/1647\/revisions\/2396"}],"wp:attachment":[{"href":"https:\/\/www.irenelauretti.com\/de\/wp-json\/wp\/v2\/media?parent=1647"}],"wp:term":[{"taxonomy":"category","embeddable":true,"href":"https:\/\/www.irenelauretti.com\/de\/wp-json\/wp\/v2\/categories?post=1647"},{"taxonomy":"post_tag","embeddable":true,"href":"https:\/\/www.irenelauretti.com\/de\/wp-json\/wp\/v2\/tags?post=1647"}],"curies":[{"name":"wp","href":"https:\/\/api.w.org\/{rel}","templated":true}]}}