{"id":1954,"date":"2015-07-13T15:12:41","date_gmt":"2015-07-13T15:12:41","guid":{"rendered":"http:\/\/www.irenelauretti.com\/?p=1954"},"modified":"2015-07-13T15:31:09","modified_gmt":"2015-07-13T15:31:09","slug":"deutsch-energieheilen-mit-dem-mond-schlussel-fur-die-menschheit","status":"publish","type":"post","link":"https:\/\/www.irenelauretti.com\/de\/deutsch-energieheilen-mit-dem-mond-schlussel-fur-die-menschheit\/","title":{"rendered":"Energieheilen mit dem MOND \u2013 SCHL\u00dcSSEL f\u00fcr die MENSCHHEIT"},"content":{"rendered":"<p><a href=\"http:\/\/www.irenelauretti.com\/wp-content\/uploads\/2013\/08\/Irene.jpg\" data-rel=\"lightbox-image-0\" data-rl_title=\"\" data-rl_caption=\"\" title=\"\"><img fetchpriority=\"high\" decoding=\"async\" src=\"http:\/\/www.irenelauretti.com\/wp-content\/uploads\/2013\/08\/Irene-265x300.jpg\" alt=\"Irene Lauretti\" width=\"265\" height=\"300\" class=\"alignnone size-medium wp-image-1140\" srcset=\"https:\/\/www.irenelauretti.com\/wp-content\/uploads\/2013\/08\/Irene-265x300.jpg 265w, https:\/\/www.irenelauretti.com\/wp-content\/uploads\/2013\/08\/Irene-330x373.jpg 330w, https:\/\/www.irenelauretti.com\/wp-content\/uploads\/2013\/08\/Irene.jpg 500w\" sizes=\"(max-width: 265px) 100vw, 265px\" \/><\/a><\/p>\n<p>ENERGIEHEILEN \u2013 ein Wort mit revolution\u00e4rer Bedeutung. <\/p>\n<p>WAS ist Energieheilen? Energieheilen ist die Kunst des MEISTERNS der Ebene des POTENTIALS, der noch \u201eunbearbeiteten Energie\u201c. Es ist die Kunst, dort zu wirken, wo noch \u201ealles m\u00f6glich ist\u201c. In der Ebene, aus der wir unsere Realit\u00e4t erschaffen, der Ebene, die der K\u00f6rperlichkeit \u00fcbergeordnet ist.<\/p>\n<p>NUR und AUSCHLIESSLICH in uns aus dieser Ebene heraus ist wahre Heilung und \u201eProbleml\u00f6sung\u201c m\u00f6glich.<\/p>\n<p>All das, was wir mit unseren physischen Sinnen er-<em>leben<\/em>, sehen, ber\u00fchren, ist IMMER das Produkt einer Energie dahinter. Ein Produkt, welches verg\u00e4nglich ist \u2026 <\/p>\n<p>Solange wir auf der Ebene des Produkts, der Realit\u00e4t oder Wirklichkeit, \u201eherumdoktern\u201c, werden die Ergebnisse oberfl\u00e4chlich und vor\u00fcbergehend sein. <\/p>\n<p>Ein Beispiel sind Tumore, die operativ oder durch Chemo-Behandlung bek\u00e4mpft und entfernt werden. Die wahre Ursache, n\u00e4mlich die \u201eKommunikationsst\u00f6rung in den Energien dahinter\u201c, wird und kann weder durch Entfernen eines Tumors noch durch Chemo-Behandlung oder Bestrahlung gel\u00f6st werden.<\/p>\n<p>Sie kann und wird nur dort gel\u00f6st werden k\u00f6nnen, wo sie begann und sich weiterhin ausbreitet: bei dem Blockadeherd in der Ursprungsebene, der Ebene der die Realit\u00e4t und K\u00f6rperlichkeit erschaffenden Energiestr\u00f6me: der Organstr\u00f6me.<\/p>\n<p>S\u00e4mtliche \u201eProbleme\u201c dieser Welt, s\u00e4mtliche Kriege, Machtspiele, ja sogar Naturkatastrophen haben in dieser Ebene der \u201eErschaffung\u201c ihren Ursprung. <\/p>\n<p>Die Energiestr\u00f6me sind die Fl\u00fcsse, die in die Realit\u00e4t f\u00fchren und diese entstehen lassen, sie sind unsere Schl\u00fcssel zu einer besseren Welt, zu Harmonie und Gesundheit.<\/p>\n<p>Gro\u00dfe Worte? <\/p>\n<p>Ja, und wenn die Energiestr\u00f6me nicht bewusst genutzt werden, werden es auch nur \u201eWorte\u201c bleiben. <\/p>\n<p>Energie will genutzt werden &#8211;  BEWUSST genutzt werden, und genau das ist<br \/>\nENERGIE-HEILEN.<\/p>\n<p>Im Energie-Heilen nehmen wir aktivierenden bzw. harmonisierenden Einfluss auf die Energiestr\u00f6me, die K\u00f6rper und Realit\u00e4t in einem st\u00e4ndigen Energiefluss, einem st\u00e4ndigen sich-miteinander-Verschmelzen, kontinuierlich neu erschaffen.<\/p>\n<p>REALIT\u00c4T ist das PRODUKT des Verschmelzens unterschiedlicher Energien. Sie ist Produkt des Zusammenkommens unterschiedlicher Elemente und Schwingungen, \u00e4hnlich wie beim \u201eKochen\u201c, wo wir mit mehreren Zutaten k\u00f6stliche oder \u2013 wenn diese Zutaten nicht in der richtigen Mischung miteinander vermengt werden \u2013 weniger k\u00f6stliche Nahrung zubereiten.<br \/>\nDer \u201eKoch\u201c des Produktes = der Realit\u00e4t sind wir selbst, nur dass die wenigsten sich dessen bewusst sind \u2013 und genau hier liegt das \u201eProblem\u201c der Menschheit.<\/p>\n<p><a href=\"http:\/\/www.irenelauretti.com\/wp-content\/uploads\/2015\/07\/Abb6_Gro\u00dfer-Energiekreis-des-Menschen.-Copyright-Irene-Lauretti-copy.jpg\" data-rel=\"lightbox-image-1\" data-rl_title=\"\" data-rl_caption=\"\" title=\"\"><img decoding=\"async\" src=\"http:\/\/www.irenelauretti.com\/wp-content\/uploads\/2015\/07\/Abb6_Gro\u00dfer-Energiekreis-des-Menschen.-Copyright-Irene-Lauretti-copy-682x1024.jpg\" alt=\"Abb6_Gro\u00dfer Energiekreis des Menschen. Copyright Irene Lauretti copy\" width=\"682\" height=\"1024\" class=\"alignnone size-large wp-image-1955\" srcset=\"https:\/\/www.irenelauretti.com\/wp-content\/uploads\/2015\/07\/Abb6_Gro\u00dfer-Energiekreis-des-Menschen.-Copyright-Irene-Lauretti-copy-682x1024.jpg 682w, https:\/\/www.irenelauretti.com\/wp-content\/uploads\/2015\/07\/Abb6_Gro\u00dfer-Energiekreis-des-Menschen.-Copyright-Irene-Lauretti-copy-200x300.jpg 200w, https:\/\/www.irenelauretti.com\/wp-content\/uploads\/2015\/07\/Abb6_Gro\u00dfer-Energiekreis-des-Menschen.-Copyright-Irene-Lauretti-copy-700x1050.jpg 700w, https:\/\/www.irenelauretti.com\/wp-content\/uploads\/2015\/07\/Abb6_Gro\u00dfer-Energiekreis-des-Menschen.-Copyright-Irene-Lauretti-copy-1050x1575.jpg 1050w, https:\/\/www.irenelauretti.com\/wp-content\/uploads\/2015\/07\/Abb6_Gro\u00dfer-Energiekreis-des-Menschen.-Copyright-Irene-Lauretti-copy-690x1035.jpg 690w, https:\/\/www.irenelauretti.com\/wp-content\/uploads\/2015\/07\/Abb6_Gro\u00dfer-Energiekreis-des-Menschen.-Copyright-Irene-Lauretti-copy-330x495.jpg 330w, https:\/\/www.irenelauretti.com\/wp-content\/uploads\/2015\/07\/Abb6_Gro\u00dfer-Energiekreis-des-Menschen.-Copyright-Irene-Lauretti-copy-500x750.jpg 500w, https:\/\/www.irenelauretti.com\/wp-content\/uploads\/2015\/07\/Abb6_Gro\u00dfer-Energiekreis-des-Menschen.-Copyright-Irene-Lauretti-copy.jpg 1890w\" sizes=\"(max-width: 682px) 100vw, 682px\" \/><\/a><br \/>\n<em>Die Abbildung ist dem Buch &#8222;<a href=\"http:\/\/www.amazon.de\/Der-Mond-kosmische-Code-Sch%C3%B6pfung\/dp\/3000433120\/ref=sr_1_1?ie=UTF8&#038;qid=1393169521&#038;sr=8-1&#038;keywords=der+mond+und+der+kosmische+code+der+sch%C3%B6pfung\">Der Mond und der kosmische Code der Sch\u00f6pfung<\/a>&#8220; entnommen. Sie zeigt den Zusammenfluss der 12 Organstr\u00f6me, die zusammen den Gro\u00dfen Energiekreislauf ergeben. Copyright Irene Lauretti.<\/em><\/p>\n<p>Die gro\u00dfe Mehrheit der Menschheit meint noch immer, dass Realit\u00e4t \u201eZufall\u201c ist bzw. dass sie als Menschen mit dieser Realit\u00e4t \u201ezurechtkommen\u201c m\u00fcssen, anstatt sie BEWUSST zu transformieren bzw. harmonisierend und zielgerichtet auf deren Entstehung einwirken.<\/p>\n<p>Solange die Menschheit an das M\u00e4rchen einer von ihnen getrennten Realit\u00e4tsentstehung glaubt, wird sich NICHTS, aber auch gar nichts \u00e4ndern bzw. verbessern in der Welt. Trotz immer neuer Medikamente, ausgekl\u00fcgelten Maschinen und top ausgebildeten Wissenschaftlern wird die Menschheit nicht in der Lage sein, sich selbst zu heilen bzw. Probleme wie Kriege, Machtmissbrauch, Epidemien und Naturkatastrophen zu vermeiden. <\/p>\n<p>In dem Moment, wo JEDER EINZELNE beginnt,  dort heilend und harmonisierend anzusetzen, wo alles entsteht, n\u00e4mlich bei sich SELBST bzw. bei den aus der Ebene der Einheit (dem hohen Selbst) entspringenden Energiestr\u00f6men, den Werkzeugen der SEELE (siehe mein Buch <em><a href=\"http:\/\/www.amazon.de\/Der-Mond-kosmische-Code-Sch%C3%B6pfung\/dp\/3000433120\/ref=sr_1_1?ie=UTF8&#038;qid=1393169521&#038;sr=8-1&#038;keywords=der+mond+und+der+kosmische+code+der+sch%C3%B6pfung\">Der Mond und der kosmische Code der Sch\u00f6pfung<\/a><\/em>), kann die abw\u00e4rtsf\u00fchrende Spirale beginnen, sich hinaufzuschrauben, in die Ebene des Lichtes, die Ebene, wo GESUNDHEIT, HARMONIE und BEWUSSTSEIN zu Hause ist.  <\/p>\n<p>Und welche Bedeutung hat der MOND in diesem Schauspiel, dieser bewussten Erschaffung der \u201eWirkung\u201c der Wahrheit aus der Wahrheit (siehe 1. Kapitel bzw. Teil I von <em><a href=\"http:\/\/www.amazon.de\/Der-Mond-kosmische-Code-Sch%C3%B6pfung\/dp\/3000433120\/ref=sr_1_1?ie=UTF8&#038;qid=1393169521&#038;sr=8-1&#038;keywords=der+mond+und+der+kosmische+code+der+sch%C3%B6pfung\">Der Mond und der kosmische Code der Sch\u00f6pfung<\/a><\/em>)<\/p>\n<p>Als kosmisches Vermittlungsprinzip zwischen Sonne (Ursprung) und Erde (Produkt) ist der MOND f\u00fcr den Menschen der Tonangeber zur Erschaffung seiner eigenen Realit\u00e4t. Der MOND ist sozusagen die Bedingung f\u00fcr den Menschen, um sich SELBST zu erkennen  &#8211; zu erkennen und zu erschaffen durch eben jene ENERGIEN, die der MOND uns auf seiner monatlichen Reise um die Erde t\u00e4glich durch seinen Aufenthaltsort im Zodiak vorgibt.<\/p>\n<p>Der SCHL\u00dcSSEL f\u00fcr die MENSCHHEIT liegt im EINKLANG mit dem MOND, und genau darum geht es in Theorie und Praxis in meinem Buch <em><a href=\"http:\/\/www.amazon.de\/Der-Mond-kosmische-Code-Sch%C3%B6pfung\/dp\/3000433120\/ref=sr_1_1?ie=UTF8&#038;qid=1393169521&#038;sr=8-1&#038;keywords=der+mond+und+der+kosmische+code+der+sch%C3%B6pfung\">Der Mond und der kosmische Code der Sch\u00f6pfung<\/a><\/em> sowie in dem neu erschienenen Mondkalender f\u00fcr 2016, <em><a href=\"http:\/\/www.amazon.de\/WAHRE-Mondkalender-2016-Gesundheit-deiner\/dp\/3898454835\/ref=pd_sim_14_4?ie=UTF8&#038;refRID=00S6878BJBGP2TJVTWKK\">Der WAHRE Mondkalender 2016<\/a><\/em>. <\/p>\n<p>Der SCHL\u00dcSSEL sind immer wir SELBST \u2013 vorausgesetzt wir erkennen und nutzen unser Energie-Potential durch die 12 Sch\u00f6pfungs-Werkzeuge unserer SEELE!<\/p>\n<p><a href=\"http:\/\/www.irenelauretti.com\/wp-content\/uploads\/2013\/09\/Logo_mobile.png\" data-rel=\"lightbox-image-2\" data-rl_title=\"\" data-rl_caption=\"\" title=\"\"><img decoding=\"async\" src=\"http:\/\/www.irenelauretti.com\/wp-content\/uploads\/2013\/09\/Logo_mobile-300x188.png\" alt=\"Logo_mobile\" width=\"300\" height=\"188\" class=\"alignnone size-medium wp-image-297\" srcset=\"https:\/\/www.irenelauretti.com\/wp-content\/uploads\/2013\/09\/Logo_mobile-300x188.png 300w, https:\/\/www.irenelauretti.com\/wp-content\/uploads\/2013\/09\/Logo_mobile-330x207.png 330w, https:\/\/www.irenelauretti.com\/wp-content\/uploads\/2013\/09\/Logo_mobile-90x56.png 90w, https:\/\/www.irenelauretti.com\/wp-content\/uploads\/2013\/09\/Logo_mobile-150x94.png 150w, https:\/\/www.irenelauretti.com\/wp-content\/uploads\/2013\/09\/Logo_mobile.png 360w\" sizes=\"(max-width: 300px) 100vw, 300px\" \/><\/a><\/p>\n<p><\/p>","protected":false},"excerpt":{"rendered":"<p>ENERGIEHEILEN \u2013 ein Wort mit revolution\u00e4rer Bedeutung. WAS ist Energieheilen? Energieheilen ist die Kunst des MEISTERNS der Ebene des POTENTIALS, der noch \u201eunbearbeiteten Energie\u201c. Es ist die Kunst, dort zu wirken, wo noch \u201ealles m\u00f6glich ist\u201c. In der Ebene, aus der wir unsere Realit\u00e4t erschaffen, der Ebene, die der K\u00f6rperlichkeit \u00fcbergeordnet ist. NUR und AUSCHLIESSLICH [&hellip;]<\/p>\n","protected":false},"author":2,"featured_media":0,"comment_status":"open","ping_status":"open","sticky":false,"template":"","format":"standard","meta":{"_coblocks_attr":"","_coblocks_dimensions":"","_coblocks_responsive_height":"","_coblocks_accordion_ie_support":"","ocean_post_layout":"","ocean_both_sidebars_style":"","ocean_both_sidebars_content_width":0,"ocean_both_sidebars_sidebars_width":0,"ocean_sidebar":"","ocean_second_sidebar":"","ocean_disable_margins":"enable","ocean_add_body_class":"","ocean_shortcode_before_top_bar":"","ocean_shortcode_after_top_bar":"","ocean_shortcode_before_header":"","ocean_shortcode_after_header":"","ocean_has_shortcode":"","ocean_shortcode_after_title":"","ocean_shortcode_before_footer_widgets":"","ocean_shortcode_after_footer_widgets":"","ocean_shortcode_before_footer_bottom":"","ocean_shortcode_after_footer_bottom":"","ocean_display_top_bar":"default","ocean_display_header":"default","ocean_header_style":"","ocean_center_header_left_menu":"","ocean_custom_header_template":"","ocean_custom_logo":0,"ocean_custom_retina_logo":0,"ocean_custom_logo_max_width":0,"ocean_custom_logo_tablet_max_width":0,"ocean_custom_logo_mobile_max_width":0,"ocean_custom_logo_max_height":0,"ocean_custom_logo_tablet_max_height":0,"ocean_custom_logo_mobile_max_height":0,"ocean_header_custom_menu":"","ocean_menu_typo_font_family":"","ocean_menu_typo_font_subset":"","ocean_menu_typo_font_size":0,"ocean_menu_typo_font_size_tablet":0,"ocean_menu_typo_font_size_mobile":0,"ocean_menu_typo_font_size_unit":"px","ocean_menu_typo_font_weight":"","ocean_menu_typo_font_weight_tablet":"","ocean_menu_typo_font_weight_mobile":"","ocean_menu_typo_transform":"","ocean_menu_typo_transform_tablet":"","ocean_menu_typo_transform_mobile":"","ocean_menu_typo_line_height":0,"ocean_menu_typo_line_height_tablet":0,"ocean_menu_typo_line_height_mobile":0,"ocean_menu_typo_line_height_unit":"","ocean_menu_typo_spacing":0,"ocean_menu_typo_spacing_tablet":0,"ocean_menu_typo_spacing_mobile":0,"ocean_menu_typo_spacing_unit":"","ocean_menu_link_color":"","ocean_menu_link_color_hover":"","ocean_menu_link_color_active":"","ocean_menu_link_background":"","ocean_menu_link_hover_background":"","ocean_menu_link_active_background":"","ocean_menu_social_links_bg":"","ocean_menu_social_hover_links_bg":"","ocean_menu_social_links_color":"","ocean_menu_social_hover_links_color":"","ocean_disable_title":"default","ocean_disable_heading":"default","ocean_post_title":"","ocean_post_subheading":"","ocean_post_title_style":"","ocean_post_title_background_color":"","ocean_post_title_background":0,"ocean_post_title_bg_image_position":"","ocean_post_title_bg_image_attachment":"","ocean_post_title_bg_image_repeat":"","ocean_post_title_bg_image_size":"","ocean_post_title_height":0,"ocean_post_title_bg_overlay":0.5,"ocean_post_title_bg_overlay_color":"","ocean_disable_breadcrumbs":"default","ocean_breadcrumbs_color":"","ocean_breadcrumbs_separator_color":"","ocean_breadcrumbs_links_color":"","ocean_breadcrumbs_links_hover_color":"","ocean_display_footer_widgets":"default","ocean_display_footer_bottom":"default","ocean_custom_footer_template":"","omw_enable_modal_window":"enable","_themeisle_gutenberg_block_has_review":false,"ocean_post_oembed":"","ocean_post_self_hosted_media":"","ocean_post_video_embed":"","ocean_link_format":"","ocean_link_format_target":"self","ocean_quote_format":"","ocean_quote_format_link":"post","ocean_gallery_link_images":"on","ocean_gallery_id":[],"footnotes":""},"categories":[33,44,49],"tags":[490,50,492,92,218,495,512,217],"class_list":["post-1954","post","type-post","status-publish","format-standard","hentry","category-der-mond-und-der-kosmische-code-der-schopfung","category-energieheilen","category-mond","tag-energieheilen","tag-energiestrome","tag-gesundheit","tag-harmonie","tag-krieg","tag-mond","tag-organstrome","tag-schlussel-fur-die-menschheit","entry"],"yoast_head":"<!-- This site is optimized with the Yoast SEO plugin v27.4 - https:\/\/yoast.com\/product\/yoast-seo-wordpress\/ -->\n<title>Energieheilen mit dem Mond - Schl\u00fcssel f\u00fcr die Menschheit<\/title>\n<meta name=\"robots\" content=\"index, follow, max-snippet:-1, max-image-preview:large, max-video-preview:-1\" \/>\n<link rel=\"canonical\" href=\"https:\/\/www.irenelauretti.com\/de\/deutsch-energieheilen-mit-dem-mond-schlussel-fur-die-menschheit\/\" \/>\n<meta name=\"twitter:card\" content=\"summary_large_image\" \/>\n<meta name=\"twitter:title\" content=\"Energieheilen mit dem Mond - Schl\u00fcssel f\u00fcr die Menschheit\" \/>\n<meta name=\"twitter:description\" content=\"ENERGIEHEILEN \u2013 ein Wort mit revolution\u00e4rer Bedeutung. WAS ist Energieheilen? Energieheilen ist die Kunst des MEISTERNS der Ebene des POTENTIALS, der noch \u201eunbearbeiteten Energie\u201c. Es ist die Kunst, dort zu wirken, wo noch \u201ealles m\u00f6glich ist\u201c. In der Ebene, aus der wir unsere Realit\u00e4t erschaffen, der Ebene, die der K\u00f6rperlichkeit \u00fcbergeordnet ist. NUR und AUSCHLIESSLICH [&hellip;]\" \/>\n<meta name=\"twitter:image\" content=\"http:\/\/www.irenelauretti.com\/wp-content\/uploads\/2013\/08\/Irene-265x300.jpg\" \/>\n<meta name=\"twitter:label1\" content=\"Verfasst von\" \/>\n\t<meta name=\"twitter:data1\" content=\"Irene Lauretti\" \/>\n\t<meta name=\"twitter:label2\" content=\"Gesch\u00e4tzte Lesezeit\" \/>\n\t<meta name=\"twitter:data2\" content=\"4\u00a0Minuten\" \/>\n<script type=\"application\/ld+json\" class=\"yoast-schema-graph\">{\"@context\":\"https:\\\/\\\/schema.org\",\"@graph\":[{\"@type\":\"Article\",\"@id\":\"https:\\\/\\\/www.irenelauretti.com\\\/deutsch-energieheilen-mit-dem-mond-schlussel-fur-die-menschheit\\\/#article\",\"isPartOf\":{\"@id\":\"https:\\\/\\\/www.irenelauretti.com\\\/deutsch-energieheilen-mit-dem-mond-schlussel-fur-die-menschheit\\\/\"},\"author\":{\"name\":\"Irene Lauretti\",\"@id\":\"https:\\\/\\\/www.irenelauretti.com\\\/#\\\/schema\\\/person\\\/692dd8be38a44ae26e451ac8e1d35f4d\"},\"headline\":\"Energieheilen mit dem MOND \u2013 SCHL\u00dcSSEL f\u00fcr die MENSCHHEIT\",\"datePublished\":\"2015-07-13T15:12:41+00:00\",\"dateModified\":\"2015-07-13T15:31:09+00:00\",\"mainEntityOfPage\":{\"@id\":\"https:\\\/\\\/www.irenelauretti.com\\\/deutsch-energieheilen-mit-dem-mond-schlussel-fur-die-menschheit\\\/\"},\"wordCount\":769,\"commentCount\":0,\"publisher\":{\"@id\":\"https:\\\/\\\/www.irenelauretti.com\\\/#organization\"},\"image\":{\"@id\":\"https:\\\/\\\/www.irenelauretti.com\\\/deutsch-energieheilen-mit-dem-mond-schlussel-fur-die-menschheit\\\/#primaryimage\"},\"thumbnailUrl\":\"http:\\\/\\\/www.irenelauretti.com\\\/wp-content\\\/uploads\\\/2013\\\/08\\\/Irene-265x300.jpg\",\"keywords\":[\"Energieheilen\",\"Energiestr\u00f6me\",\"Gesundheit\",\"Harmonie\",\"Krieg\",\"Mond\",\"Organstr\u00f6me\",\"Schl\u00fcssel f\u00fcr die Menschheit\"],\"articleSection\":[\"Der Mond und der kosmische Code der Sch\u00f6pfung\",\"Energieheilen\",\"Mond\"],\"inLanguage\":\"de\",\"potentialAction\":[{\"@type\":\"CommentAction\",\"name\":\"Comment\",\"target\":[\"https:\\\/\\\/www.irenelauretti.com\\\/deutsch-energieheilen-mit-dem-mond-schlussel-fur-die-menschheit\\\/#respond\"]}]},{\"@type\":\"WebPage\",\"@id\":\"https:\\\/\\\/www.irenelauretti.com\\\/de\\\/deutsch-energieheilen-mit-dem-mond-schlussel-fur-die-menschheit\\\/\",\"url\":\"https:\\\/\\\/www.irenelauretti.com\\\/de\\\/deutsch-energieheilen-mit-dem-mond-schlussel-fur-die-menschheit\\\/\",\"name\":\"Energieheilen mit dem Mond - Schl\u00fcssel f\u00fcr die Menschheit\",\"isPartOf\":{\"@id\":\"https:\\\/\\\/www.irenelauretti.com\\\/de\\\/#website\"},\"primaryImageOfPage\":{\"@id\":\"https:\\\/\\\/www.irenelauretti.com\\\/de\\\/deutsch-energieheilen-mit-dem-mond-schlussel-fur-die-menschheit\\\/#primaryimage\"},\"image\":{\"@id\":\"https:\\\/\\\/www.irenelauretti.com\\\/deutsch-energieheilen-mit-dem-mond-schlussel-fur-die-menschheit\\\/#primaryimage\"},\"thumbnailUrl\":\"http:\\\/\\\/www.irenelauretti.com\\\/wp-content\\\/uploads\\\/2013\\\/08\\\/Irene-265x300.jpg\",\"datePublished\":\"2015-07-13T15:12:41+00:00\",\"dateModified\":\"2015-07-13T15:31:09+00:00\",\"breadcrumb\":{\"@id\":\"https:\\\/\\\/www.irenelauretti.com\\\/de\\\/deutsch-energieheilen-mit-dem-mond-schlussel-fur-die-menschheit\\\/#breadcrumb\"},\"inLanguage\":\"de\",\"potentialAction\":[{\"@type\":\"ReadAction\",\"target\":[[\"https:\\\/\\\/www.irenelauretti.com\\\/de\\\/deutsch-energieheilen-mit-dem-mond-schlussel-fur-die-menschheit\\\/\"]]}]},{\"@type\":\"ImageObject\",\"inLanguage\":\"de\",\"@id\":\"https:\\\/\\\/www.irenelauretti.com\\\/de\\\/deutsch-energieheilen-mit-dem-mond-schlussel-fur-die-menschheit\\\/#primaryimage\",\"url\":\"http:\\\/\\\/www.irenelauretti.com\\\/wp-content\\\/uploads\\\/2013\\\/08\\\/Irene-265x300.jpg\",\"contentUrl\":\"http:\\\/\\\/www.irenelauretti.com\\\/wp-content\\\/uploads\\\/2013\\\/08\\\/Irene-265x300.jpg\"},{\"@type\":\"BreadcrumbList\",\"@id\":\"https:\\\/\\\/www.irenelauretti.com\\\/de\\\/deutsch-energieheilen-mit-dem-mond-schlussel-fur-die-menschheit\\\/#breadcrumb\",\"itemListElement\":[{\"@type\":\"ListItem\",\"position\":1,\"name\":\"Start\",\"item\":\"https:\\\/\\\/www.irenelauretti.com\\\/de\\\/\"},{\"@type\":\"ListItem\",\"position\":2,\"name\":\"Energieheilen mit dem MOND \u2013 SCHL\u00dcSSEL f\u00fcr die MENSCHHEIT\"}]},{\"@type\":\"WebSite\",\"@id\":\"https:\\\/\\\/www.irenelauretti.com\\\/de\\\/#website\",\"url\":\"https:\\\/\\\/www.irenelauretti.com\\\/de\\\/\",\"name\":\"irenelauretti.com\",\"description\":\"Autorin Mystikerin Heilerin Vision\u00e4rin\",\"publisher\":{\"@id\":\"https:\\\/\\\/www.irenelauretti.com\\\/de\\\/#organization\"},\"potentialAction\":[{\"@type\":\"SearchAction\",\"target\":{\"@type\":\"EntryPoint\",\"urlTemplate\":\"https:\\\/\\\/www.irenelauretti.com\\\/de\\\/?s={search_term_string}\"},\"query-input\":{\"@type\":\"PropertyValueSpecification\",\"valueRequired\":true,\"valueName\":\"search_term_string\"}}],\"inLanguage\":\"de\"},{\"@type\":\"Organization\",\"@id\":\"https:\\\/\\\/www.irenelauretti.com\\\/de\\\/#organization\",\"name\":\"irenelauretti.com\",\"url\":\"https:\\\/\\\/www.irenelauretti.com\\\/de\\\/\",\"logo\":{\"@type\":\"ImageObject\",\"inLanguage\":\"de\",\"@id\":\"https:\\\/\\\/www.irenelauretti.com\\\/de\\\/#\\\/schema\\\/logo\\\/image\\\/\",\"url\":\"https:\\\/\\\/www.irenelauretti.com\\\/wp-content\\\/uploads\\\/2013\\\/08\\\/Logo_with.png\",\"contentUrl\":\"https:\\\/\\\/www.irenelauretti.com\\\/wp-content\\\/uploads\\\/2013\\\/08\\\/Logo_with.png\",\"width\":180,\"height\":113,\"caption\":\"irenelauretti.com\"},\"image\":{\"@id\":\"https:\\\/\\\/www.irenelauretti.com\\\/de\\\/#\\\/schema\\\/logo\\\/image\\\/\"}},{\"@type\":\"Person\",\"@id\":\"https:\\\/\\\/www.irenelauretti.com\\\/#\\\/schema\\\/person\\\/692dd8be38a44ae26e451ac8e1d35f4d\",\"name\":\"Irene Lauretti\",\"image\":{\"@type\":\"ImageObject\",\"inLanguage\":\"de\",\"@id\":\"https:\\\/\\\/secure.gravatar.com\\\/avatar\\\/fc11751010b28816d1d3f43dfe9b51d964b6d1ace79d23ea8873bf0f0cf231ea?s=96&d=mm&r=g\",\"url\":\"https:\\\/\\\/secure.gravatar.com\\\/avatar\\\/fc11751010b28816d1d3f43dfe9b51d964b6d1ace79d23ea8873bf0f0cf231ea?s=96&d=mm&r=g\",\"contentUrl\":\"https:\\\/\\\/secure.gravatar.com\\\/avatar\\\/fc11751010b28816d1d3f43dfe9b51d964b6d1ace79d23ea8873bf0f0cf231ea?s=96&d=mm&r=g\",\"caption\":\"Irene Lauretti\"},\"sameAs\":[\"http:\\\/\\\/www.irenelauretti.com\"],\"url\":\"https:\\\/\\\/www.irenelauretti.com\\\/de\\\/author\\\/ilauretti\\\/\"}]}<\/script>\n<!-- \/ Yoast SEO plugin. -->","yoast_head_json":{"title":"Energieheilen mit dem Mond - Schl\u00fcssel f\u00fcr die Menschheit","robots":{"index":"index","follow":"follow","max-snippet":"max-snippet:-1","max-image-preview":"max-image-preview:large","max-video-preview":"max-video-preview:-1"},"canonical":"https:\/\/www.irenelauretti.com\/de\/deutsch-energieheilen-mit-dem-mond-schlussel-fur-die-menschheit\/","twitter_card":"summary_large_image","twitter_title":"Energieheilen mit dem Mond - Schl\u00fcssel f\u00fcr die Menschheit","twitter_description":"ENERGIEHEILEN \u2013 ein Wort mit revolution\u00e4rer Bedeutung. WAS ist Energieheilen? Energieheilen ist die Kunst des MEISTERNS der Ebene des POTENTIALS, der noch \u201eunbearbeiteten Energie\u201c. Es ist die Kunst, dort zu wirken, wo noch \u201ealles m\u00f6glich ist\u201c. In der Ebene, aus der wir unsere Realit\u00e4t erschaffen, der Ebene, die der K\u00f6rperlichkeit \u00fcbergeordnet ist. NUR und AUSCHLIESSLICH [&hellip;]","twitter_image":"http:\/\/www.irenelauretti.com\/wp-content\/uploads\/2013\/08\/Irene-265x300.jpg","twitter_misc":{"Verfasst von":"Irene Lauretti","Gesch\u00e4tzte Lesezeit":"4\u00a0Minuten"},"schema":{"@context":"https:\/\/schema.org","@graph":[{"@type":"Article","@id":"https:\/\/www.irenelauretti.com\/deutsch-energieheilen-mit-dem-mond-schlussel-fur-die-menschheit\/#article","isPartOf":{"@id":"https:\/\/www.irenelauretti.com\/deutsch-energieheilen-mit-dem-mond-schlussel-fur-die-menschheit\/"},"author":{"name":"Irene Lauretti","@id":"https:\/\/www.irenelauretti.com\/#\/schema\/person\/692dd8be38a44ae26e451ac8e1d35f4d"},"headline":"Energieheilen mit dem MOND \u2013 SCHL\u00dcSSEL f\u00fcr die MENSCHHEIT","datePublished":"2015-07-13T15:12:41+00:00","dateModified":"2015-07-13T15:31:09+00:00","mainEntityOfPage":{"@id":"https:\/\/www.irenelauretti.com\/deutsch-energieheilen-mit-dem-mond-schlussel-fur-die-menschheit\/"},"wordCount":769,"commentCount":0,"publisher":{"@id":"https:\/\/www.irenelauretti.com\/#organization"},"image":{"@id":"https:\/\/www.irenelauretti.com\/deutsch-energieheilen-mit-dem-mond-schlussel-fur-die-menschheit\/#primaryimage"},"thumbnailUrl":"http:\/\/www.irenelauretti.com\/wp-content\/uploads\/2013\/08\/Irene-265x300.jpg","keywords":["Energieheilen","Energiestr\u00f6me","Gesundheit","Harmonie","Krieg","Mond","Organstr\u00f6me","Schl\u00fcssel f\u00fcr die Menschheit"],"articleSection":["Der Mond und der kosmische Code der Sch\u00f6pfung","Energieheilen","Mond"],"inLanguage":"de","potentialAction":[{"@type":"CommentAction","name":"Comment","target":["https:\/\/www.irenelauretti.com\/deutsch-energieheilen-mit-dem-mond-schlussel-fur-die-menschheit\/#respond"]}]},{"@type":"WebPage","@id":"https:\/\/www.irenelauretti.com\/de\/deutsch-energieheilen-mit-dem-mond-schlussel-fur-die-menschheit\/","url":"https:\/\/www.irenelauretti.com\/de\/deutsch-energieheilen-mit-dem-mond-schlussel-fur-die-menschheit\/","name":"Energieheilen mit dem Mond - Schl\u00fcssel f\u00fcr die Menschheit","isPartOf":{"@id":"https:\/\/www.irenelauretti.com\/de\/#website"},"primaryImageOfPage":{"@id":"https:\/\/www.irenelauretti.com\/de\/deutsch-energieheilen-mit-dem-mond-schlussel-fur-die-menschheit\/#primaryimage"},"image":{"@id":"https:\/\/www.irenelauretti.com\/deutsch-energieheilen-mit-dem-mond-schlussel-fur-die-menschheit\/#primaryimage"},"thumbnailUrl":"http:\/\/www.irenelauretti.com\/wp-content\/uploads\/2013\/08\/Irene-265x300.jpg","datePublished":"2015-07-13T15:12:41+00:00","dateModified":"2015-07-13T15:31:09+00:00","breadcrumb":{"@id":"https:\/\/www.irenelauretti.com\/de\/deutsch-energieheilen-mit-dem-mond-schlussel-fur-die-menschheit\/#breadcrumb"},"inLanguage":"de","potentialAction":[{"@type":"ReadAction","target":[["https:\/\/www.irenelauretti.com\/de\/deutsch-energieheilen-mit-dem-mond-schlussel-fur-die-menschheit\/"]]}]},{"@type":"ImageObject","inLanguage":"de","@id":"https:\/\/www.irenelauretti.com\/de\/deutsch-energieheilen-mit-dem-mond-schlussel-fur-die-menschheit\/#primaryimage","url":"http:\/\/www.irenelauretti.com\/wp-content\/uploads\/2013\/08\/Irene-265x300.jpg","contentUrl":"http:\/\/www.irenelauretti.com\/wp-content\/uploads\/2013\/08\/Irene-265x300.jpg"},{"@type":"BreadcrumbList","@id":"https:\/\/www.irenelauretti.com\/de\/deutsch-energieheilen-mit-dem-mond-schlussel-fur-die-menschheit\/#breadcrumb","itemListElement":[{"@type":"ListItem","position":1,"name":"Start","item":"https:\/\/www.irenelauretti.com\/de\/"},{"@type":"ListItem","position":2,"name":"Energieheilen mit dem MOND \u2013 SCHL\u00dcSSEL f\u00fcr die MENSCHHEIT"}]},{"@type":"WebSite","@id":"https:\/\/www.irenelauretti.com\/de\/#website","url":"https:\/\/www.irenelauretti.com\/de\/","name":"irenelauretti.com","description":"Autorin Mystikerin Heilerin Vision\u00e4rin","publisher":{"@id":"https:\/\/www.irenelauretti.com\/de\/#organization"},"potentialAction":[{"@type":"SearchAction","target":{"@type":"EntryPoint","urlTemplate":"https:\/\/www.irenelauretti.com\/de\/?s={search_term_string}"},"query-input":{"@type":"PropertyValueSpecification","valueRequired":true,"valueName":"search_term_string"}}],"inLanguage":"de"},{"@type":"Organization","@id":"https:\/\/www.irenelauretti.com\/de\/#organization","name":"irenelauretti.com","url":"https:\/\/www.irenelauretti.com\/de\/","logo":{"@type":"ImageObject","inLanguage":"de","@id":"https:\/\/www.irenelauretti.com\/de\/#\/schema\/logo\/image\/","url":"https:\/\/www.irenelauretti.com\/wp-content\/uploads\/2013\/08\/Logo_with.png","contentUrl":"https:\/\/www.irenelauretti.com\/wp-content\/uploads\/2013\/08\/Logo_with.png","width":180,"height":113,"caption":"irenelauretti.com"},"image":{"@id":"https:\/\/www.irenelauretti.com\/de\/#\/schema\/logo\/image\/"}},{"@type":"Person","@id":"https:\/\/www.irenelauretti.com\/#\/schema\/person\/692dd8be38a44ae26e451ac8e1d35f4d","name":"Irene Lauretti","image":{"@type":"ImageObject","inLanguage":"de","@id":"https:\/\/secure.gravatar.com\/avatar\/fc11751010b28816d1d3f43dfe9b51d964b6d1ace79d23ea8873bf0f0cf231ea?s=96&d=mm&r=g","url":"https:\/\/secure.gravatar.com\/avatar\/fc11751010b28816d1d3f43dfe9b51d964b6d1ace79d23ea8873bf0f0cf231ea?s=96&d=mm&r=g","contentUrl":"https:\/\/secure.gravatar.com\/avatar\/fc11751010b28816d1d3f43dfe9b51d964b6d1ace79d23ea8873bf0f0cf231ea?s=96&d=mm&r=g","caption":"Irene Lauretti"},"sameAs":["http:\/\/www.irenelauretti.com"],"url":"https:\/\/www.irenelauretti.com\/de\/author\/ilauretti\/"}]}},"cc_featured_image_caption":{"caption_text":false,"source_text":false,"source_url":false},"_links":{"self":[{"href":"https:\/\/www.irenelauretti.com\/de\/wp-json\/wp\/v2\/posts\/1954","targetHints":{"allow":["GET"]}}],"collection":[{"href":"https:\/\/www.irenelauretti.com\/de\/wp-json\/wp\/v2\/posts"}],"about":[{"href":"https:\/\/www.irenelauretti.com\/de\/wp-json\/wp\/v2\/types\/post"}],"author":[{"embeddable":true,"href":"https:\/\/www.irenelauretti.com\/de\/wp-json\/wp\/v2\/users\/2"}],"replies":[{"embeddable":true,"href":"https:\/\/www.irenelauretti.com\/de\/wp-json\/wp\/v2\/comments?post=1954"}],"version-history":[{"count":4,"href":"https:\/\/www.irenelauretti.com\/de\/wp-json\/wp\/v2\/posts\/1954\/revisions"}],"predecessor-version":[{"id":1959,"href":"https:\/\/www.irenelauretti.com\/de\/wp-json\/wp\/v2\/posts\/1954\/revisions\/1959"}],"wp:attachment":[{"href":"https:\/\/www.irenelauretti.com\/de\/wp-json\/wp\/v2\/media?parent=1954"}],"wp:term":[{"taxonomy":"category","embeddable":true,"href":"https:\/\/www.irenelauretti.com\/de\/wp-json\/wp\/v2\/categories?post=1954"},{"taxonomy":"post_tag","embeddable":true,"href":"https:\/\/www.irenelauretti.com\/de\/wp-json\/wp\/v2\/tags?post=1954"}],"curies":[{"name":"wp","href":"https:\/\/api.w.org\/{rel}","templated":true}]}}