{"id":1997,"date":"2015-12-26T11:05:27","date_gmt":"2015-12-26T11:05:27","guid":{"rendered":"http:\/\/www.irenelauretti.com\/?p=1997"},"modified":"2015-12-26T11:46:55","modified_gmt":"2015-12-26T11:46:55","slug":"deutsch-2016-jahr-des-mars","status":"publish","type":"post","link":"https:\/\/www.irenelauretti.com\/de\/deutsch-2016-jahr-des-mars\/","title":{"rendered":"2016 \u2013 Jahr des MARS!"},"content":{"rendered":"<p><a href=\"http:\/\/www.irenelauretti.com\/wp-content\/uploads\/2013\/08\/Irene.jpg\" data-rel=\"lightbox-image-0\" data-rl_title=\"\" data-rl_caption=\"\" title=\"\"><img fetchpriority=\"high\" decoding=\"async\" src=\"http:\/\/www.irenelauretti.com\/wp-content\/uploads\/2013\/08\/Irene-265x300.jpg\" alt=\"Irene Lauretti\" width=\"265\" height=\"300\" class=\"alignnone size-medium wp-image-1140\" srcset=\"https:\/\/www.irenelauretti.com\/wp-content\/uploads\/2013\/08\/Irene-265x300.jpg 265w, https:\/\/www.irenelauretti.com\/wp-content\/uploads\/2013\/08\/Irene-330x373.jpg 330w, https:\/\/www.irenelauretti.com\/wp-content\/uploads\/2013\/08\/Irene.jpg 500w\" sizes=\"(max-width: 265px) 100vw, 265px\" \/><\/a><\/p>\n<p>Meine Lieben,<\/p>\n<p>2015, das Jahr des Planeten Jupiter, neigt sich dem Ende zu. Jupiter gilt als \u201eGl\u00fccksplanet\u201c, aber auch als \u201ePforte\u201c zur anderen Ebene \u2026<br \/>\nBeide Aspekte bekam ich pers\u00f6nlich 2015 mit voller Wucht zu sp\u00fcren. Da war zum einen der H\u00f6hepunkt meiner Arbeit, genau 7 (!!) Jahre nachdem ich die ersten Zeilen zu <em><a href=\"http:\/\/www.amazon.de\/Mond-kosmische-Code-Sch%C3%B6pfung-Manifestiere\/dp\/3000433120\/ref=sr_1_1?ie=UTF8&#038;qid=1451126654&#038;sr=8-1&#038;keywords=der+mond+und+der+kosmische+code+der+sch%C3%B6pfung\">Der Mond und der kosmische Code der Sch\u00f6pfung<\/a><\/em> auf der Insel Maui geschrieben hatte \u2026<br \/>\n <em><a href=\"http:\/\/www.amazon.de\/Mond-kosmische-Code-Sch%C3%B6pfung-Manifestiere\/dp\/3000433120\/ref=sr_1_1?ie=UTF8&#038;qid=1451126654&#038;sr=8-1&#038;keywords=der+mond+und+der+kosmische+code+der+sch%C3%B6pfung\">Der Mond und der kosmische Code der Sch\u00f6pfung<\/a> <\/em>hilft mehr und mehr Menschen, die mich mit gro\u00dfer Begeisterung immer wieder anschreiben, um mir die gro\u00dfen Heilwirkungen zu berichten, welche das t\u00e4gliche Einstimmen bringt \u2026<br \/>\nMeine Vision ist, dass das Einstimmen von mehr und mehr Menschen praktiziert wird, dass die Menschen \u2013 und damit der Planet Erde \u2013 sich transformieren, ihre innere Kraft und Sch\u00f6pfungs-Macht erkennen und dass die Menschen mehr und mehr UN-ABH\u00c4NGIG werden!!<br \/>\nUn-abh\u00e4ngig vom System, vom medizinischen System, von der Meinung anderer, von Politikern,  von \u00c4ngsten und selbstauferlegten Zw\u00e4ngen  \u2026<\/p>\n<p>Dann der dazu passende Mondkalender <em>Der WAHRE Mondkalender 2016<\/em>. Innerhalb weniger Monate war die gesamte Auflage ausverkauft, er ist wundersch\u00f6n gelungen, und ich hoffe, dass sich bald ganz Deutschland, \u00d6sterreich und die Schweiz die Finger passend zur Mondstellung halten werden!<br \/>\n<em>Der WAHRE Mondkalender 2017<\/em> wird voraussichtlich im Juni\/Juli 2016 erscheinen \u2026<\/p>\n<p>Anfang des Jahres unterschrieb ich den Vertrag f\u00fcr mein amerikanisches Buch \u2013 die englische Version des Mondbuches <em>The MOON &#038; YOU<\/em>, welches 2017 auf dem weltweiten englischsprachigen Markt erscheinen wird \u2026<\/p>\n<p>Zuvor jedoch erscheinen zun\u00e4chst noch zwei weitere deutsche B\u00fccher f\u00fcr meine hochgesch\u00e4tzte deutschsprachige Leserschaft: <em><a href=\"http:\/\/www.amazon.de\/Mit-Kraft-deiner-H%C3%A4nde-Energieheilgriffe\/dp\/3898454991\/ref=sr_1_1?s=books&#038;ie=UTF8&#038;qid=1451126873&#038;sr=1-1&#038;keywords=mit+der+kraft+deiner+h%C3%A4nde\">Mit der Kraft deiner H\u00e4nde<\/a><\/em>, die \u00fcberarbeitete und erweiterte deutsche Version meines bereits erschienenen englischsprachigen B\u00fcchleins <em>Wellness above the Clouds<\/em>.<br \/>\n<em><a href=\"http:\/\/www.amazon.de\/Mit-Kraft-deiner-H%C3%A4nde-Energieheilgriffe\/dp\/3898454991\/ref=sr_1_1?s=books&#038;ie=UTF8&#038;qid=1451126873&#038;sr=1-1&#038;keywords=mit+der+kraft+deiner+h%C3%A4nde\">Mit der Kraft deiner H\u00e4nde<\/a> <\/em>zeigt super einfache, jedoch hochwirksame Mudras (Fingerstellungen) und Energieheilgriffe zur raschen Hilfe bei Alltageschwerden, wie z.B. Kopfschmerzen, Durchblutungsst\u00f6rungen, R\u00fcckenproblemen. Das in k\u00fcrze erscheinende handliche und reich bebilderte, vollfarbige B\u00fcchlein zum Preis von nur Euro 9.95 ist z.B. bei Amazon.de bereits <a href=\"http:\/\/www.amazon.de\/Mit-Kraft-deiner-H%C3%A4nde-Energieheilgriffe\/dp\/3898454991\/ref=sr_1_1?s=books&#038;ie=UTF8&#038;qid=1451126873&#038;sr=1-1&#038;keywords=mit+der+kraft+deiner+h%C3%A4nde\">vorbestellbar!<\/a><\/p>\n<p>Vermutlich im Sommer dann wird das weitere Herzensprojekt <em>Die 26 Energieschl\u00f6sser des Menschen und die Gro\u00dfen Arkana Karten des Tarot <\/em>erscheinen \u2026<\/p>\n<p>Ein spannendes Buch \u00fcber die 26 Energieschl\u00f6sser des Menschen, erl\u00e4utert durch die Weisheit der Numerologie und des jahrtausendealten geheimen Wissens der Einweihungstafeln der alten \u00c4gypter, der heutigen Gro\u00dfen Arkana Karten des Tarot \u2026<\/p>\n<p>Das also meine Be-RUF-ung, die 2015 wahrlich einen H\u00f6hepunkt erreichte, ganz im Sinne von Jupiter.<\/p>\n<p>Dann die tragische Seite dieses kraftvollen Planeten: meine Familie erlitt den f\u00fcr uns gr\u00f6\u00dften Schicksalsschlag. Meine geliebte Mutter, selbst im Zeichen des Wassermanns geboren (3. Tiefe = Jupiter!)  wurde durch mehrere Schlag-anf\u00e4lle bzw. Hirnblutungen (3. Tiefe!! = Planet Jupiter) aus einem sehr aktiven Leben gerissen \u2026<\/p>\n<p>Nichts wird jemals mehr so sein, wie es einmal war f\u00fcr unsere Familie \u2026<\/p>\n<p>Was also erwartet uns 2016??<\/p>\n<p><strong>MARS<\/strong> ist der Planet der 5. Tiefe mit dem Element <strong>FEUER<\/strong>. Es ist der Planet der Eroberungslust, der Willenst\u00e4rke, der LIEBE, aber auch der Auseinandersetzung!<br \/>\nFeurige Gem\u00fcter k\u00f6nnen und werden aufeinanderknallen, Menschen sich leidenschaftlich verlieben und <strong>LIEBEN <\/strong>(ja, darauf freue mich mich!!), politische Auseinandersetzungen k\u00f6nnen (und werden vermutlich) eskalieren \u2026<br \/>\nGesundheitlich ist 2016 vor allem f\u00fcr Menschen mit Herz- und Kreislaufproblemen  \u201egef\u00e4hrlich\u201c, doch auch hier gilt: der Einklang bzw. das t\u00e4gliche Einstimmen wie beschrieben in meinem Buch <em><a href=\"http:\/\/www.amazon.de\/Mond-kosmische-Code-Sch%C3%B6pfung-Manifestiere\/dp\/3000433120\/ref=sr_1_1?s=books&#038;ie=UTF8&#038;qid=1451127026&#038;sr=1-1&#038;keywords=der+mond+und+der+kosmische+code+der+sch%C3%B6pfung\">Der Mond und der kosmische Code der Sch\u00f6pfung<\/a> <\/em>ist die beste Vorbeuge  gegen Herzinfarkt oder andere Herzprobleme. Und diejenigen die meinen Mondkalender <em>Der WAHRE Mondkalender 2016<\/em> haben k\u00f6nnen wunderbar durch die Farben erkennen, wann \u201ekritische Tage\u201c sind bzw. wann der Herz-Finger, der kleine Finger, wichtig ist zu halten. Es sind die <strong>dunkelroten Tage der 5. Tiefe<\/strong>, denn hier regiert <strong>Mars<\/strong>! Aber auch w\u00e4hrend der <strong>gr\u00fcnen Tage<\/strong> (Oppositionstiefe) bzw. vor allem w\u00e4hrend der Wassermann-Tage (Gallenblase, Opposition der Herzenergie!) sollten Menschen mit Herzproblemen Vorsicht walten lassen und sich besonders ausgiebig den Energetisierungsfinger halten! (Mittelfinger f\u00fcr den gr\u00fcnen Bereich, aber man kann nat\u00fcrlich den kleinen Finger noch dazu nehmen!)<br \/>\nRichtig genutzt und angewandt (t\u00e4glich den angegebenen Energetisierungsfinger halten!!) kann \u201eDer WAHRE Mondkalender\u201c zum wichtigsten Gesundheitsbegleiter des neuen Jahres werden!<br \/>\n2016 vom chinesischen Aspekt aus gesehen wird das <strong>Jahr des AFFEN<\/strong> \u2026ein Jahr, in dem grunds\u00e4tzlich \u201ealles\u201c passieren kann.<br \/>\nEs wird ein quirliges, energiegeladenes, leidenschaftliches Jahr mit viel Kommunikation ebenso wie mit Humor und Witz \u2013 ganz im Sinnes des Affen, angefeuert durch das Feuer des Mars!<\/p>\n<p>Die Gro\u00dfe Arkana-Karte, die ich f\u00fcr 2016 gezogen hatte ist die wundervolle &#8211; und ganz im Sinne der feurigen Mars-Kraft &#8211; Karte<br \/>\nX, das RAD DES SCHICKSALS!<br \/>\nDiese kraftvolle Karte verhei\u00dft VER\u00c4NDERUNG, zum Guten hin, wenn es bislang nicht so gut lief, oder auch zum &#8222;Schlechten&#8220; hin, wenn wir unser Potential nicht leb(t)en &#8230; Sie fordert Dich auf, Dein LEBEN, Dein SCHICK-SAL, in die eigenen H\u00e4nde zu nehmen!<\/p>\n<p><a href=\"http:\/\/www.irenelauretti.com\/wp-content\/uploads\/2015\/12\/Taroh-16.jpeg\" data-rel=\"lightbox-image-1\" data-rl_title=\"\" data-rl_caption=\"\" title=\"\"><img decoding=\"async\" src=\"http:\/\/www.irenelauretti.com\/wp-content\/uploads\/2015\/12\/Taroh-16-173x300.jpeg\" alt=\"Taroh 16\" width=\"173\" height=\"300\" class=\"alignnone size-medium wp-image-1998\" srcset=\"https:\/\/www.irenelauretti.com\/wp-content\/uploads\/2015\/12\/Taroh-16-173x300.jpeg 173w, https:\/\/www.irenelauretti.com\/wp-content\/uploads\/2015\/12\/Taroh-16-593x1024.jpeg 593w\" sizes=\"(max-width: 173px) 100vw, 173px\" \/><\/a><\/p>\n<p>Mein pers\u00f6nlicher Tipp an Euch &#8211; an DICH \u2013 der auch ganz im Sinne des Mars-Affen-Jahres und der Karte ist:<br \/>\nWenn DU etwas tun willst \u2013 TU ES! Schieb es NICHT auf, die einzige Blockade bist immer nur DU selbst!<br \/>\n<strong>LEBE DEIN LEBEN, DEINE TR\u00c4UME, DEIN POTENTIAL \u2026 <\/strong><br \/>\nGeh hinaus in die Natur, auch einmal weg von Computer, I-Pad, I-Phone, etc.<br \/>\nLEBE DEIN LEBEN JETZT, denn das Leben ist IMMER im JETZT!!<br \/>\nMit den besten W\u00fcnschen f\u00fcr 2016, dem Jahr des Mars und des chinesischen Affen!<\/p>\n<p><a href=\"http:\/\/www.irenelauretti.com\/wp-content\/uploads\/2013\/09\/Logo_mobile.png\" data-rel=\"lightbox-image-2\" data-rl_title=\"\" data-rl_caption=\"\" title=\"\"><img decoding=\"async\" src=\"http:\/\/www.irenelauretti.com\/wp-content\/uploads\/2013\/09\/Logo_mobile.png\" alt=\"Logo_mobile\" width=\"360\" height=\"226\" class=\"alignnone size-full wp-image-297\" srcset=\"https:\/\/www.irenelauretti.com\/wp-content\/uploads\/2013\/09\/Logo_mobile.png 360w, https:\/\/www.irenelauretti.com\/wp-content\/uploads\/2013\/09\/Logo_mobile-300x188.png 300w, https:\/\/www.irenelauretti.com\/wp-content\/uploads\/2013\/09\/Logo_mobile-330x207.png 330w, https:\/\/www.irenelauretti.com\/wp-content\/uploads\/2013\/09\/Logo_mobile-90x56.png 90w, https:\/\/www.irenelauretti.com\/wp-content\/uploads\/2013\/09\/Logo_mobile-150x94.png 150w\" sizes=\"(max-width: 360px) 100vw, 360px\" \/><\/a><\/p>\n<p><\/p>","protected":false},"excerpt":{"rendered":"<p>Meine Lieben, 2015, das Jahr des Planeten Jupiter, neigt sich dem Ende zu. Jupiter gilt als \u201eGl\u00fccksplanet\u201c, aber auch als \u201ePforte\u201c zur anderen Ebene \u2026 Beide Aspekte bekam ich pers\u00f6nlich 2015 mit voller Wucht zu sp\u00fcren. Da war zum einen der H\u00f6hepunkt meiner Arbeit, genau 7 (!!) Jahre nachdem ich die ersten Zeilen zu Der [&hellip;]<\/p>\n","protected":false},"author":2,"featured_media":0,"comment_status":"open","ping_status":"open","sticky":false,"template":"","format":"standard","meta":{"_coblocks_attr":"","_coblocks_dimensions":"","_coblocks_responsive_height":"","_coblocks_accordion_ie_support":"","ocean_post_layout":"","ocean_both_sidebars_style":"","ocean_both_sidebars_content_width":0,"ocean_both_sidebars_sidebars_width":0,"ocean_sidebar":"","ocean_second_sidebar":"","ocean_disable_margins":"enable","ocean_add_body_class":"","ocean_shortcode_before_top_bar":"","ocean_shortcode_after_top_bar":"","ocean_shortcode_before_header":"","ocean_shortcode_after_header":"","ocean_has_shortcode":"","ocean_shortcode_after_title":"","ocean_shortcode_before_footer_widgets":"","ocean_shortcode_after_footer_widgets":"","ocean_shortcode_before_footer_bottom":"","ocean_shortcode_after_footer_bottom":"","ocean_display_top_bar":"default","ocean_display_header":"default","ocean_header_style":"","ocean_center_header_left_menu":"","ocean_custom_header_template":"","ocean_custom_logo":0,"ocean_custom_retina_logo":0,"ocean_custom_logo_max_width":0,"ocean_custom_logo_tablet_max_width":0,"ocean_custom_logo_mobile_max_width":0,"ocean_custom_logo_max_height":0,"ocean_custom_logo_tablet_max_height":0,"ocean_custom_logo_mobile_max_height":0,"ocean_header_custom_menu":"","ocean_menu_typo_font_family":"","ocean_menu_typo_font_subset":"","ocean_menu_typo_font_size":0,"ocean_menu_typo_font_size_tablet":0,"ocean_menu_typo_font_size_mobile":0,"ocean_menu_typo_font_size_unit":"px","ocean_menu_typo_font_weight":"","ocean_menu_typo_font_weight_tablet":"","ocean_menu_typo_font_weight_mobile":"","ocean_menu_typo_transform":"","ocean_menu_typo_transform_tablet":"","ocean_menu_typo_transform_mobile":"","ocean_menu_typo_line_height":0,"ocean_menu_typo_line_height_tablet":0,"ocean_menu_typo_line_height_mobile":0,"ocean_menu_typo_line_height_unit":"","ocean_menu_typo_spacing":0,"ocean_menu_typo_spacing_tablet":0,"ocean_menu_typo_spacing_mobile":0,"ocean_menu_typo_spacing_unit":"","ocean_menu_link_color":"","ocean_menu_link_color_hover":"","ocean_menu_link_color_active":"","ocean_menu_link_background":"","ocean_menu_link_hover_background":"","ocean_menu_link_active_background":"","ocean_menu_social_links_bg":"","ocean_menu_social_hover_links_bg":"","ocean_menu_social_links_color":"","ocean_menu_social_hover_links_color":"","ocean_disable_title":"default","ocean_disable_heading":"default","ocean_post_title":"","ocean_post_subheading":"","ocean_post_title_style":"","ocean_post_title_background_color":"","ocean_post_title_background":0,"ocean_post_title_bg_image_position":"","ocean_post_title_bg_image_attachment":"","ocean_post_title_bg_image_repeat":"","ocean_post_title_bg_image_size":"","ocean_post_title_height":0,"ocean_post_title_bg_overlay":0.5,"ocean_post_title_bg_overlay_color":"","ocean_disable_breadcrumbs":"default","ocean_breadcrumbs_color":"","ocean_breadcrumbs_separator_color":"","ocean_breadcrumbs_links_color":"","ocean_breadcrumbs_links_hover_color":"","ocean_display_footer_widgets":"default","ocean_display_footer_bottom":"default","ocean_custom_footer_template":"","omw_enable_modal_window":"enable","_themeisle_gutenberg_block_has_review":false,"ocean_post_oembed":"","ocean_post_self_hosted_media":"","ocean_post_video_embed":"","ocean_link_format":"","ocean_link_format_target":"self","ocean_quote_format":"","ocean_quote_format_link":"post","ocean_gallery_link_images":"on","ocean_gallery_id":[],"footnotes":""},"categories":[143],"tags":[244,249,246,492,491,248,517,245],"class_list":["post-1997","post","type-post","status-publish","format-standard","hentry","category-lebensweisheit","tag-244","tag-ausdauer","tag-feuer","tag-gesundheit","tag-herz","tag-leidenschaft","tag-liebe","tag-mars","entry"],"yoast_head":"<!-- This site is optimized with the Yoast SEO plugin v27.4 - https:\/\/yoast.com\/product\/yoast-seo-wordpress\/ -->\n<title>2016 \u2013 Jahr des MARS! - irenelauretti.com<\/title>\n<meta name=\"description\" content=\"2016 - Jahr des MARS ist eine energetische Vorschau f\u00fcr das Jahr 2016 mit Tipps zur Gesundheit und zum Wohlbefinden!\" \/>\n<meta name=\"robots\" content=\"index, follow, max-snippet:-1, max-image-preview:large, max-video-preview:-1\" \/>\n<link rel=\"canonical\" href=\"https:\/\/www.irenelauretti.com\/de\/deutsch-2016-jahr-des-mars\/\" \/>\n<meta name=\"twitter:card\" content=\"summary_large_image\" \/>\n<meta name=\"twitter:title\" content=\"2016 \u2013 Jahr des MARS! - irenelauretti.com\" \/>\n<meta name=\"twitter:description\" content=\"2016 - Jahr des MARS ist eine energetische Vorschau f\u00fcr das Jahr 2016 mit Tipps zur Gesundheit und zum Wohlbefinden!\" \/>\n<meta name=\"twitter:image\" content=\"http:\/\/www.irenelauretti.com\/wp-content\/uploads\/2013\/08\/Irene-265x300.jpg\" \/>\n<meta name=\"twitter:label1\" content=\"Verfasst von\" \/>\n\t<meta name=\"twitter:data1\" content=\"Irene Lauretti\" \/>\n\t<meta name=\"twitter:label2\" content=\"Gesch\u00e4tzte Lesezeit\" \/>\n\t<meta name=\"twitter:data2\" content=\"4\u00a0Minuten\" \/>\n<script type=\"application\/ld+json\" class=\"yoast-schema-graph\">{\"@context\":\"https:\\\/\\\/schema.org\",\"@graph\":[{\"@type\":\"Article\",\"@id\":\"https:\\\/\\\/www.irenelauretti.com\\\/deutsch-2016-jahr-des-mars\\\/#article\",\"isPartOf\":{\"@id\":\"https:\\\/\\\/www.irenelauretti.com\\\/deutsch-2016-jahr-des-mars\\\/\"},\"author\":{\"name\":\"Irene Lauretti\",\"@id\":\"https:\\\/\\\/www.irenelauretti.com\\\/#\\\/schema\\\/person\\\/692dd8be38a44ae26e451ac8e1d35f4d\"},\"headline\":\"2016 \u2013 Jahr des MARS!\",\"datePublished\":\"2015-12-26T11:05:27+00:00\",\"dateModified\":\"2015-12-26T11:46:55+00:00\",\"mainEntityOfPage\":{\"@id\":\"https:\\\/\\\/www.irenelauretti.com\\\/deutsch-2016-jahr-des-mars\\\/\"},\"wordCount\":891,\"commentCount\":3,\"publisher\":{\"@id\":\"https:\\\/\\\/www.irenelauretti.com\\\/#organization\"},\"image\":{\"@id\":\"https:\\\/\\\/www.irenelauretti.com\\\/deutsch-2016-jahr-des-mars\\\/#primaryimage\"},\"thumbnailUrl\":\"http:\\\/\\\/www.irenelauretti.com\\\/wp-content\\\/uploads\\\/2013\\\/08\\\/Irene-265x300.jpg\",\"keywords\":[\"2016\",\"Ausdauer\",\"Feuer\",\"Gesundheit\",\"Herz\",\"Leidenschaft\",\"Liebe\",\"Mars\"],\"articleSection\":[\"Lebensweisheit\"],\"inLanguage\":\"de\",\"potentialAction\":[{\"@type\":\"CommentAction\",\"name\":\"Comment\",\"target\":[\"https:\\\/\\\/www.irenelauretti.com\\\/deutsch-2016-jahr-des-mars\\\/#respond\"]}]},{\"@type\":\"WebPage\",\"@id\":\"https:\\\/\\\/www.irenelauretti.com\\\/de\\\/deutsch-2016-jahr-des-mars\\\/\",\"url\":\"https:\\\/\\\/www.irenelauretti.com\\\/de\\\/deutsch-2016-jahr-des-mars\\\/\",\"name\":\"2016 \u2013 Jahr des MARS! - irenelauretti.com\",\"isPartOf\":{\"@id\":\"https:\\\/\\\/www.irenelauretti.com\\\/de\\\/#website\"},\"primaryImageOfPage\":{\"@id\":\"https:\\\/\\\/www.irenelauretti.com\\\/de\\\/deutsch-2016-jahr-des-mars\\\/#primaryimage\"},\"image\":{\"@id\":\"https:\\\/\\\/www.irenelauretti.com\\\/deutsch-2016-jahr-des-mars\\\/#primaryimage\"},\"thumbnailUrl\":\"http:\\\/\\\/www.irenelauretti.com\\\/wp-content\\\/uploads\\\/2013\\\/08\\\/Irene-265x300.jpg\",\"datePublished\":\"2015-12-26T11:05:27+00:00\",\"dateModified\":\"2015-12-26T11:46:55+00:00\",\"description\":\"2016 - Jahr des MARS ist eine energetische Vorschau f\u00fcr das Jahr 2016 mit Tipps zur Gesundheit und zum Wohlbefinden!\",\"breadcrumb\":{\"@id\":\"https:\\\/\\\/www.irenelauretti.com\\\/de\\\/deutsch-2016-jahr-des-mars\\\/#breadcrumb\"},\"inLanguage\":\"de\",\"potentialAction\":[{\"@type\":\"ReadAction\",\"target\":[[\"https:\\\/\\\/www.irenelauretti.com\\\/de\\\/deutsch-2016-jahr-des-mars\\\/\"]]}]},{\"@type\":\"ImageObject\",\"inLanguage\":\"de\",\"@id\":\"https:\\\/\\\/www.irenelauretti.com\\\/de\\\/deutsch-2016-jahr-des-mars\\\/#primaryimage\",\"url\":\"http:\\\/\\\/www.irenelauretti.com\\\/wp-content\\\/uploads\\\/2013\\\/08\\\/Irene-265x300.jpg\",\"contentUrl\":\"http:\\\/\\\/www.irenelauretti.com\\\/wp-content\\\/uploads\\\/2013\\\/08\\\/Irene-265x300.jpg\"},{\"@type\":\"BreadcrumbList\",\"@id\":\"https:\\\/\\\/www.irenelauretti.com\\\/de\\\/deutsch-2016-jahr-des-mars\\\/#breadcrumb\",\"itemListElement\":[{\"@type\":\"ListItem\",\"position\":1,\"name\":\"Start\",\"item\":\"https:\\\/\\\/www.irenelauretti.com\\\/de\\\/\"},{\"@type\":\"ListItem\",\"position\":2,\"name\":\"2016 \u2013 Jahr des MARS!\"}]},{\"@type\":\"WebSite\",\"@id\":\"https:\\\/\\\/www.irenelauretti.com\\\/de\\\/#website\",\"url\":\"https:\\\/\\\/www.irenelauretti.com\\\/de\\\/\",\"name\":\"irenelauretti.com\",\"description\":\"Autorin Mystikerin Heilerin Vision\u00e4rin\",\"publisher\":{\"@id\":\"https:\\\/\\\/www.irenelauretti.com\\\/de\\\/#organization\"},\"potentialAction\":[{\"@type\":\"SearchAction\",\"target\":{\"@type\":\"EntryPoint\",\"urlTemplate\":\"https:\\\/\\\/www.irenelauretti.com\\\/de\\\/?s={search_term_string}\"},\"query-input\":{\"@type\":\"PropertyValueSpecification\",\"valueRequired\":true,\"valueName\":\"search_term_string\"}}],\"inLanguage\":\"de\"},{\"@type\":\"Organization\",\"@id\":\"https:\\\/\\\/www.irenelauretti.com\\\/de\\\/#organization\",\"name\":\"irenelauretti.com\",\"url\":\"https:\\\/\\\/www.irenelauretti.com\\\/de\\\/\",\"logo\":{\"@type\":\"ImageObject\",\"inLanguage\":\"de\",\"@id\":\"https:\\\/\\\/www.irenelauretti.com\\\/de\\\/#\\\/schema\\\/logo\\\/image\\\/\",\"url\":\"https:\\\/\\\/www.irenelauretti.com\\\/wp-content\\\/uploads\\\/2013\\\/08\\\/Logo_with.png\",\"contentUrl\":\"https:\\\/\\\/www.irenelauretti.com\\\/wp-content\\\/uploads\\\/2013\\\/08\\\/Logo_with.png\",\"width\":180,\"height\":113,\"caption\":\"irenelauretti.com\"},\"image\":{\"@id\":\"https:\\\/\\\/www.irenelauretti.com\\\/de\\\/#\\\/schema\\\/logo\\\/image\\\/\"}},{\"@type\":\"Person\",\"@id\":\"https:\\\/\\\/www.irenelauretti.com\\\/#\\\/schema\\\/person\\\/692dd8be38a44ae26e451ac8e1d35f4d\",\"name\":\"Irene Lauretti\",\"image\":{\"@type\":\"ImageObject\",\"inLanguage\":\"de\",\"@id\":\"https:\\\/\\\/secure.gravatar.com\\\/avatar\\\/fc11751010b28816d1d3f43dfe9b51d964b6d1ace79d23ea8873bf0f0cf231ea?s=96&d=mm&r=g\",\"url\":\"https:\\\/\\\/secure.gravatar.com\\\/avatar\\\/fc11751010b28816d1d3f43dfe9b51d964b6d1ace79d23ea8873bf0f0cf231ea?s=96&d=mm&r=g\",\"contentUrl\":\"https:\\\/\\\/secure.gravatar.com\\\/avatar\\\/fc11751010b28816d1d3f43dfe9b51d964b6d1ace79d23ea8873bf0f0cf231ea?s=96&d=mm&r=g\",\"caption\":\"Irene Lauretti\"},\"sameAs\":[\"http:\\\/\\\/www.irenelauretti.com\"],\"url\":\"https:\\\/\\\/www.irenelauretti.com\\\/de\\\/author\\\/ilauretti\\\/\"}]}<\/script>\n<!-- \/ Yoast SEO plugin. -->","yoast_head_json":{"title":"2016 \u2013 Jahr des MARS! - irenelauretti.com","description":"2016 - Jahr des MARS ist eine energetische Vorschau f\u00fcr das Jahr 2016 mit Tipps zur Gesundheit und zum Wohlbefinden!","robots":{"index":"index","follow":"follow","max-snippet":"max-snippet:-1","max-image-preview":"max-image-preview:large","max-video-preview":"max-video-preview:-1"},"canonical":"https:\/\/www.irenelauretti.com\/de\/deutsch-2016-jahr-des-mars\/","twitter_card":"summary_large_image","twitter_title":"2016 \u2013 Jahr des MARS! - irenelauretti.com","twitter_description":"2016 - Jahr des MARS ist eine energetische Vorschau f\u00fcr das Jahr 2016 mit Tipps zur Gesundheit und zum Wohlbefinden!","twitter_image":"http:\/\/www.irenelauretti.com\/wp-content\/uploads\/2013\/08\/Irene-265x300.jpg","twitter_misc":{"Verfasst von":"Irene Lauretti","Gesch\u00e4tzte Lesezeit":"4\u00a0Minuten"},"schema":{"@context":"https:\/\/schema.org","@graph":[{"@type":"Article","@id":"https:\/\/www.irenelauretti.com\/deutsch-2016-jahr-des-mars\/#article","isPartOf":{"@id":"https:\/\/www.irenelauretti.com\/deutsch-2016-jahr-des-mars\/"},"author":{"name":"Irene Lauretti","@id":"https:\/\/www.irenelauretti.com\/#\/schema\/person\/692dd8be38a44ae26e451ac8e1d35f4d"},"headline":"2016 \u2013 Jahr des MARS!","datePublished":"2015-12-26T11:05:27+00:00","dateModified":"2015-12-26T11:46:55+00:00","mainEntityOfPage":{"@id":"https:\/\/www.irenelauretti.com\/deutsch-2016-jahr-des-mars\/"},"wordCount":891,"commentCount":3,"publisher":{"@id":"https:\/\/www.irenelauretti.com\/#organization"},"image":{"@id":"https:\/\/www.irenelauretti.com\/deutsch-2016-jahr-des-mars\/#primaryimage"},"thumbnailUrl":"http:\/\/www.irenelauretti.com\/wp-content\/uploads\/2013\/08\/Irene-265x300.jpg","keywords":["2016","Ausdauer","Feuer","Gesundheit","Herz","Leidenschaft","Liebe","Mars"],"articleSection":["Lebensweisheit"],"inLanguage":"de","potentialAction":[{"@type":"CommentAction","name":"Comment","target":["https:\/\/www.irenelauretti.com\/deutsch-2016-jahr-des-mars\/#respond"]}]},{"@type":"WebPage","@id":"https:\/\/www.irenelauretti.com\/de\/deutsch-2016-jahr-des-mars\/","url":"https:\/\/www.irenelauretti.com\/de\/deutsch-2016-jahr-des-mars\/","name":"2016 \u2013 Jahr des MARS! - irenelauretti.com","isPartOf":{"@id":"https:\/\/www.irenelauretti.com\/de\/#website"},"primaryImageOfPage":{"@id":"https:\/\/www.irenelauretti.com\/de\/deutsch-2016-jahr-des-mars\/#primaryimage"},"image":{"@id":"https:\/\/www.irenelauretti.com\/deutsch-2016-jahr-des-mars\/#primaryimage"},"thumbnailUrl":"http:\/\/www.irenelauretti.com\/wp-content\/uploads\/2013\/08\/Irene-265x300.jpg","datePublished":"2015-12-26T11:05:27+00:00","dateModified":"2015-12-26T11:46:55+00:00","description":"2016 - Jahr des MARS ist eine energetische Vorschau f\u00fcr das Jahr 2016 mit Tipps zur Gesundheit und zum Wohlbefinden!","breadcrumb":{"@id":"https:\/\/www.irenelauretti.com\/de\/deutsch-2016-jahr-des-mars\/#breadcrumb"},"inLanguage":"de","potentialAction":[{"@type":"ReadAction","target":[["https:\/\/www.irenelauretti.com\/de\/deutsch-2016-jahr-des-mars\/"]]}]},{"@type":"ImageObject","inLanguage":"de","@id":"https:\/\/www.irenelauretti.com\/de\/deutsch-2016-jahr-des-mars\/#primaryimage","url":"http:\/\/www.irenelauretti.com\/wp-content\/uploads\/2013\/08\/Irene-265x300.jpg","contentUrl":"http:\/\/www.irenelauretti.com\/wp-content\/uploads\/2013\/08\/Irene-265x300.jpg"},{"@type":"BreadcrumbList","@id":"https:\/\/www.irenelauretti.com\/de\/deutsch-2016-jahr-des-mars\/#breadcrumb","itemListElement":[{"@type":"ListItem","position":1,"name":"Start","item":"https:\/\/www.irenelauretti.com\/de\/"},{"@type":"ListItem","position":2,"name":"2016 \u2013 Jahr des MARS!"}]},{"@type":"WebSite","@id":"https:\/\/www.irenelauretti.com\/de\/#website","url":"https:\/\/www.irenelauretti.com\/de\/","name":"irenelauretti.com","description":"Autorin Mystikerin Heilerin Vision\u00e4rin","publisher":{"@id":"https:\/\/www.irenelauretti.com\/de\/#organization"},"potentialAction":[{"@type":"SearchAction","target":{"@type":"EntryPoint","urlTemplate":"https:\/\/www.irenelauretti.com\/de\/?s={search_term_string}"},"query-input":{"@type":"PropertyValueSpecification","valueRequired":true,"valueName":"search_term_string"}}],"inLanguage":"de"},{"@type":"Organization","@id":"https:\/\/www.irenelauretti.com\/de\/#organization","name":"irenelauretti.com","url":"https:\/\/www.irenelauretti.com\/de\/","logo":{"@type":"ImageObject","inLanguage":"de","@id":"https:\/\/www.irenelauretti.com\/de\/#\/schema\/logo\/image\/","url":"https:\/\/www.irenelauretti.com\/wp-content\/uploads\/2013\/08\/Logo_with.png","contentUrl":"https:\/\/www.irenelauretti.com\/wp-content\/uploads\/2013\/08\/Logo_with.png","width":180,"height":113,"caption":"irenelauretti.com"},"image":{"@id":"https:\/\/www.irenelauretti.com\/de\/#\/schema\/logo\/image\/"}},{"@type":"Person","@id":"https:\/\/www.irenelauretti.com\/#\/schema\/person\/692dd8be38a44ae26e451ac8e1d35f4d","name":"Irene Lauretti","image":{"@type":"ImageObject","inLanguage":"de","@id":"https:\/\/secure.gravatar.com\/avatar\/fc11751010b28816d1d3f43dfe9b51d964b6d1ace79d23ea8873bf0f0cf231ea?s=96&d=mm&r=g","url":"https:\/\/secure.gravatar.com\/avatar\/fc11751010b28816d1d3f43dfe9b51d964b6d1ace79d23ea8873bf0f0cf231ea?s=96&d=mm&r=g","contentUrl":"https:\/\/secure.gravatar.com\/avatar\/fc11751010b28816d1d3f43dfe9b51d964b6d1ace79d23ea8873bf0f0cf231ea?s=96&d=mm&r=g","caption":"Irene Lauretti"},"sameAs":["http:\/\/www.irenelauretti.com"],"url":"https:\/\/www.irenelauretti.com\/de\/author\/ilauretti\/"}]}},"cc_featured_image_caption":{"caption_text":false,"source_text":false,"source_url":false},"_links":{"self":[{"href":"https:\/\/www.irenelauretti.com\/de\/wp-json\/wp\/v2\/posts\/1997","targetHints":{"allow":["GET"]}}],"collection":[{"href":"https:\/\/www.irenelauretti.com\/de\/wp-json\/wp\/v2\/posts"}],"about":[{"href":"https:\/\/www.irenelauretti.com\/de\/wp-json\/wp\/v2\/types\/post"}],"author":[{"embeddable":true,"href":"https:\/\/www.irenelauretti.com\/de\/wp-json\/wp\/v2\/users\/2"}],"replies":[{"embeddable":true,"href":"https:\/\/www.irenelauretti.com\/de\/wp-json\/wp\/v2\/comments?post=1997"}],"version-history":[{"count":8,"href":"https:\/\/www.irenelauretti.com\/de\/wp-json\/wp\/v2\/posts\/1997\/revisions"}],"predecessor-version":[{"id":2006,"href":"https:\/\/www.irenelauretti.com\/de\/wp-json\/wp\/v2\/posts\/1997\/revisions\/2006"}],"wp:attachment":[{"href":"https:\/\/www.irenelauretti.com\/de\/wp-json\/wp\/v2\/media?parent=1997"}],"wp:term":[{"taxonomy":"category","embeddable":true,"href":"https:\/\/www.irenelauretti.com\/de\/wp-json\/wp\/v2\/categories?post=1997"},{"taxonomy":"post_tag","embeddable":true,"href":"https:\/\/www.irenelauretti.com\/de\/wp-json\/wp\/v2\/tags?post=1997"}],"curies":[{"name":"wp","href":"https:\/\/api.w.org\/{rel}","templated":true}]}}