{"id":2351,"date":"2018-03-08T08:51:11","date_gmt":"2018-03-08T08:51:11","guid":{"rendered":"http:\/\/www.irenelauretti.com\/?p=2351"},"modified":"2018-03-08T08:51:11","modified_gmt":"2018-03-08T08:51:11","slug":"deutsch-ewige-jugend-durch-bewusstsein","status":"publish","type":"post","link":"https:\/\/www.irenelauretti.com\/de\/deutsch-ewige-jugend-durch-bewusstsein\/","title":{"rendered":"EWIGE JUGEND durch BEWUSSTSEIN"},"content":{"rendered":"<p><a href=\"http:\/\/www.irenelauretti.com\/wp-content\/uploads\/2013\/08\/prof_c2.jpg\" data-rel=\"lightbox-image-0\" data-rl_title=\"\" data-rl_caption=\"\" title=\"\"><img fetchpriority=\"high\" decoding=\"async\" src=\"http:\/\/www.irenelauretti.com\/wp-content\/uploads\/2013\/08\/prof_c2.jpg\" alt=\"prof_c2\" width=\"300\" height=\"300\" class=\"alignleft size-full wp-image-2235\" srcset=\"https:\/\/www.irenelauretti.com\/wp-content\/uploads\/2013\/08\/prof_c2.jpg 300w, https:\/\/www.irenelauretti.com\/wp-content\/uploads\/2013\/08\/prof_c2-150x150.jpg 150w, https:\/\/www.irenelauretti.com\/wp-content\/uploads\/2013\/08\/prof_c2-90x90.jpg 90w, https:\/\/www.irenelauretti.com\/wp-content\/uploads\/2013\/08\/prof_c2-50x50.jpg 50w, https:\/\/www.irenelauretti.com\/wp-content\/uploads\/2013\/08\/prof_c2-100x100.jpg 100w, https:\/\/www.irenelauretti.com\/wp-content\/uploads\/2013\/08\/prof_c2-130x130.jpg 130w, https:\/\/www.irenelauretti.com\/wp-content\/uploads\/2013\/08\/prof_c2-191x191.jpg 191w, https:\/\/www.irenelauretti.com\/wp-content\/uploads\/2013\/08\/prof_c2-240x240.jpg 240w\" sizes=\"(max-width: 300px) 100vw, 300px\" \/><\/a><\/p>\n<p>EWIGE JUGEND durch BEWUSSTSEIN<\/p>\n<p>Der Mensch \u2013 so steht es in den Biologie-Lehrb\u00fcchern \u2026 altert \u2026<br \/>\nDoch stimmt diese Aussage?<\/p>\n<p>Materie, und dazu z\u00e4hlt der K\u00f6rper, ist verg\u00e4nglich \u2013 das ist unumstritten. Alles Materielle \u201evergeht\u201c \u2026 bzw. wandelt sich \u2026transformiert sich \u2026 <\/p>\n<p>Wandlung ist etwas durch und durch irdisches \u2013 ja, ist die Quintessenz alles irdischen Lebens!<\/p>\n<p>Doch muss Wandlung auch \u201eAlterung\u201c bedeuten bzw. ist es \u201enotwendig\u201c dass lebendige Wesen einen Alterungsprozess durchlaufen?<\/p>\n<p>Gem\u00e4\u00df des kosmischen Sch\u00f6pfungscodes lautet die Antwort: nein, Alterung ist weder \u201enotwendig\u201c noch \u2013 f\u00fcr den BEWUSSTEN Menschen &#8211;  nat\u00fcrlich.<\/p>\n<p>Schockierend?<\/p>\n<p>Das sollte es nicht sein, denn sehen wir uns das Prinzip des <a href=\"http:\/\/https:\/\/www.amazon.de\/Der-Mond-kosmische-Code-Sch%C3%B6pfung\/dp\/3000433120\/ref=sr_1_1?ie=UTF8&#038;qid=1393169521&#038;sr=8-1&#038;keywords=der+mond+und+der+kosmische+code+der+sch%C3%B6pfung\">kosmischen Codes der Sch\u00f6pfung<\/a> an: <\/p>\n<p>Natur erschafft sich kontinuierlich neu und bedeutet wortw\u00f6rtlich \u201egeboren werden\u201c. Immer wieder NEU geboren werden, wobei die Betonung auf GEBOREN werden liegt und NICHTS von Altern in dem Wort \u201eNatur\u201c vorkommt.<\/p>\n<p>WAS ist Altern \u00fcberhaupt? \u2013 und was ist der Unterschied zwischen \u201eAltern\u201c und \u201eRegeneration\u201c? <\/p>\n<p>Der Unterschied liegt in der Quelle \u2026 er liegt in der Ebene, mit welcher der Mensch sich identi-fiziert \u2026 im wahrsten Sinnes des Wortes!<\/p>\n<p>Identifizieren bedeutet \u201esich selbst eine Ident-it\u00e4t\u201c zu erschaffen. Sprich \u2026 der Wortteil \u201eident\u201c bedeutet auch \u201egleich\u201c \u2026 also mit anderen Worten wird man durch eine Identifizierung zu dem, mit dem man sich identifiziert!<\/p>\n<p>Es ist also ganz einfach: identifiziert man sich mit dem K\u00f6rper bzw. dem K\u00f6rperlichen allgemein \u2013 dazu geh\u00f6ren auch alle irdischen Dinge, wie Besitz, etc \u2013 und genau dies tut der GROSSE Teil der Menschheit! \u2013 dann ist man den Gesetzen der biologischen K\u00f6rperlichkeit \u201eunter-worfen\u201c. Sprich: man altert \u2026<\/p>\n<p>Ident-ifiziert man sich jedoch mit dem, aus dem der K\u00f6rper tagt\u00e4glich NEU erschaffen wird \u2013 also der QUELLE \u2013 dem ewigen kristallwei\u00dfen Licht der 7. Tiefe \u2013 Deinem WAHREN SELBST  &#8211; so ist Altern nicht m\u00f6glich, denn diese Ebene ist der Zeit ja \u00fcber-geordnet!<\/p>\n<p>H\u00f6rt sich diese f\u00fcr Dich \u201eab-gehoben\u201c an?<\/p>\n<p>Es ist nur im dem Sinne ab-gehoben, als dass unser Bewusstsein noch viel zu erd-gebunden ist. <\/p>\n<p>Das Bewusstsein ist sowohl individuell als auch kollektiv. Individuell kann und SOLL jeder sein Bewusstsein der Quelle zuwenden \u2013 die Quelle SEIN \u2013 je mehr Menschen dies tun, umso eher steigt das kollektive Bewusstsein (das \u201eneue Jerusalem\u201c, wie es bereits in der Bibel beschrieben wurde).<\/p>\n<p>Es ist jedoch eine T\u00c4GLICHE Bewusstwerdung, die im wahrsten Sinne BEWUSST herbeigef\u00fchrt werden muss!<\/p>\n<p>Um den sofortigen Effekt dieser Bewusstseinsanhebung zu sp\u00fcren, probier es am besten aus, wenn Du \u201eein Problem\u201c hast \u2026 sei es ein physisches Problem (Gesund-eitsproblem) oder Stress mit Arbeitskollegen, etc.<\/p>\n<p>Visualisiere DICH ALS DAS KRISTALLWEISSE LICHT, SEI das Licht!! Sehe Deinen K\u00f6rper als aus dem Licht hervor-gehen \u2026 ebenso wie die gesamte Realit\u00e4t als aus einem gigantischen Lichtball (der kollektiven Seele, Akasha!!, 7. Tiefe!) hervor-gehend \u2026 KONTINUIERLICH! <\/p>\n<p>Doch das kristallwei\u00dfe Licht bleibt UNVER\u00c4NDERT Kristallwei\u00df \u2026 es IST die EWIGE QUELLE \u2013 und diese EWIGE QUELLE BIST Du Selbst!<\/p>\n<p>Und AUS dieser ewigen Quelle ERSCHAFFST Du Dich kontinuierlich NEU!!!<\/p>\n<p>Immer wieder \u2013 tagt\u00e4glich!<\/p>\n<p>In dem Moment, wo Du BEWUSST dieses Licht BIST, erkennst Du das \u201eProblem\u201c als \u201eabseits\u201c von der Wahrheit \u2026 es ist eine \u201everg\u00e4ngliche Wirkung\u201c, die in Wahrheit bereits \u201eVergangenheit\u201c ist \u2026 denn die Materie ist ja verg\u00e4nglich \u2026 das JETZT ist vollkommen \u2026 es liegt nun an DIR \u2026 die Zukunft aus und ALS Vollkommenheit aus der Vollkommenheit \u2013 dem LICHT \u2013 zu erschaffen!<\/p>\n<p>Die Heilung geschieht in DEM MOMENT, in dem Du BEWUSST das Licht BIST \u2013 der Effekt wird sich dann in K\u00fcrze auf der k\u00f6rperlich-irdischen Ebene zeigen \u2026 denn das Licht manifestiert sich ja dann durch die Tiefen hindurch, siehe mein Buch <a href=\"https:\/\/www.amazon.de\/Der-Mond-kosmische-Code-Sch%C3%B6pfung\/dp\/3000433120\/ref=sr_1_1?ie=UTF8&#038;qid=1393169521&#038;sr=8-1&#038;keywords=der+mond+und+der+kosmische+code+der+sch%C3%B6pfung\">\u201eDer Mond und der kosmische Code der Sch\u00f6pfung\u201c<\/a>.<\/p>\n<p>Altern kann und WIRD \u2013 sofern die Menschheit bereit ist, denn Blick \u201enach oben, anstatt nach unten\u201c zuwenden \u2013 der Vergangenheit angeh\u00f6ren. <\/p>\n<p>Wechseljahre zum Beispiel sind solch ein Thema \u2013 sie sind ganz einfach nicht \u201en\u00f6tig\u201c \u2026 und jede Frau kann  sie durch BEWUSSTSEINSERWEITERUNG \u2013 sofern sie es will \u2013 r\u00fcckg\u00e4ngig machen \u2026 <\/p>\n<p>Der K\u00f6rper kann bis zum hin\u00fcbergleiten in die andere Ebene v\u00f6llig jugendlich und frisch sein \u2013 weil er ja kontinuierlich neu erschaffen wird!<\/p>\n<p>Die SEELE entscheidet dann einfach selbst, wann sie in der irdischen Ebene ihre \u201eArbeit\u201c erledigt hat \u2026 und verl\u00e4sst den K\u00f6rper \u2013 weder \u201eKrankheit\u201c noch \u201eAltern\u201c sind daf\u00fcr notwendig \u2026!<\/p>\n<p>Utopisch! Nur, wenn Dein Denken der Utopie verf\u00e4llt \u2026.<\/p>\n<p>\u00c4ndere Dein BEWUSSTSEIN \u2013 und die Welt ver\u00e4ndert sich \u2026.<\/p>\n<p>In LICHT und LIEBE,<\/p>\n<p><a href=\"http:\/\/www.irenelauretti.com\/wp-content\/uploads\/2016\/02\/Logo_main.1.1.15d5e221.jpg\" data-rel=\"lightbox-image-1\" data-rl_title=\"\" data-rl_caption=\"\" title=\"\"><img decoding=\"async\" src=\"http:\/\/www.irenelauretti.com\/wp-content\/uploads\/2016\/02\/Logo_main.1.1.15d5e221.jpg\" alt=\"Logo_main.1.1.15d5e22[1]\" width=\"200\" height=\"120\" class=\"alignleft size-full wp-image-2027\" \/><\/a><\/p>\n<p><\/p>","protected":false},"excerpt":{"rendered":"<p>EWIGE JUGEND durch BEWUSSTSEIN Der Mensch \u2013 so steht es in den Biologie-Lehrb\u00fcchern \u2026 altert \u2026 Doch stimmt diese Aussage? Materie, und dazu z\u00e4hlt der K\u00f6rper, ist verg\u00e4nglich \u2013 das ist unumstritten. Alles Materielle \u201evergeht\u201c \u2026 bzw. wandelt sich \u2026transformiert sich \u2026 Wandlung ist etwas durch und durch irdisches \u2013 ja, ist die Quintessenz alles [&hellip;]<\/p>\n","protected":false},"author":2,"featured_media":0,"comment_status":"open","ping_status":"open","sticky":false,"template":"","format":"standard","meta":{"_coblocks_attr":"","_coblocks_dimensions":"","_coblocks_responsive_height":"","_coblocks_accordion_ie_support":"","ocean_post_layout":"","ocean_both_sidebars_style":"","ocean_both_sidebars_content_width":0,"ocean_both_sidebars_sidebars_width":0,"ocean_sidebar":"","ocean_second_sidebar":"","ocean_disable_margins":"enable","ocean_add_body_class":"","ocean_shortcode_before_top_bar":"","ocean_shortcode_after_top_bar":"","ocean_shortcode_before_header":"","ocean_shortcode_after_header":"","ocean_has_shortcode":"","ocean_shortcode_after_title":"","ocean_shortcode_before_footer_widgets":"","ocean_shortcode_after_footer_widgets":"","ocean_shortcode_before_footer_bottom":"","ocean_shortcode_after_footer_bottom":"","ocean_display_top_bar":"default","ocean_display_header":"default","ocean_header_style":"","ocean_center_header_left_menu":"","ocean_custom_header_template":"","ocean_custom_logo":0,"ocean_custom_retina_logo":0,"ocean_custom_logo_max_width":0,"ocean_custom_logo_tablet_max_width":0,"ocean_custom_logo_mobile_max_width":0,"ocean_custom_logo_max_height":0,"ocean_custom_logo_tablet_max_height":0,"ocean_custom_logo_mobile_max_height":0,"ocean_header_custom_menu":"","ocean_menu_typo_font_family":"","ocean_menu_typo_font_subset":"","ocean_menu_typo_font_size":0,"ocean_menu_typo_font_size_tablet":0,"ocean_menu_typo_font_size_mobile":0,"ocean_menu_typo_font_size_unit":"px","ocean_menu_typo_font_weight":"","ocean_menu_typo_font_weight_tablet":"","ocean_menu_typo_font_weight_mobile":"","ocean_menu_typo_transform":"","ocean_menu_typo_transform_tablet":"","ocean_menu_typo_transform_mobile":"","ocean_menu_typo_line_height":0,"ocean_menu_typo_line_height_tablet":0,"ocean_menu_typo_line_height_mobile":0,"ocean_menu_typo_line_height_unit":"","ocean_menu_typo_spacing":0,"ocean_menu_typo_spacing_tablet":0,"ocean_menu_typo_spacing_mobile":0,"ocean_menu_typo_spacing_unit":"","ocean_menu_link_color":"","ocean_menu_link_color_hover":"","ocean_menu_link_color_active":"","ocean_menu_link_background":"","ocean_menu_link_hover_background":"","ocean_menu_link_active_background":"","ocean_menu_social_links_bg":"","ocean_menu_social_hover_links_bg":"","ocean_menu_social_links_color":"","ocean_menu_social_hover_links_color":"","ocean_disable_title":"default","ocean_disable_heading":"default","ocean_post_title":"","ocean_post_subheading":"","ocean_post_title_style":"","ocean_post_title_background_color":"","ocean_post_title_background":0,"ocean_post_title_bg_image_position":"","ocean_post_title_bg_image_attachment":"","ocean_post_title_bg_image_repeat":"","ocean_post_title_bg_image_size":"","ocean_post_title_height":0,"ocean_post_title_bg_overlay":0.5,"ocean_post_title_bg_overlay_color":"","ocean_disable_breadcrumbs":"default","ocean_breadcrumbs_color":"","ocean_breadcrumbs_separator_color":"","ocean_breadcrumbs_links_color":"","ocean_breadcrumbs_links_hover_color":"","ocean_display_footer_widgets":"default","ocean_display_footer_bottom":"default","ocean_custom_footer_template":"","omw_enable_modal_window":"enable","_themeisle_gutenberg_block_has_review":false,"ocean_post_oembed":"","ocean_post_self_hosted_media":"","ocean_post_video_embed":"","ocean_link_format":"","ocean_link_format_target":"self","ocean_quote_format":"","ocean_quote_format_link":"post","ocean_gallery_link_images":"on","ocean_gallery_id":[],"footnotes":""},"categories":[1],"tags":[197,492,54,266,267],"class_list":["post-2351","post","type-post","status-publish","format-standard","hentry","category-other","tag-ewige-jugend","tag-gesundheit","tag-heilen","tag-licht","tag-quelle","entry"],"yoast_head":"<!-- This site is optimized with the Yoast SEO plugin v27.4 - https:\/\/yoast.com\/product\/yoast-seo-wordpress\/ -->\n<title>EWIGE JUGEND durch BEWUSSTSEIN - irenelauretti.com<\/title>\n<meta name=\"robots\" content=\"index, follow, max-snippet:-1, max-image-preview:large, max-video-preview:-1\" \/>\n<link rel=\"canonical\" href=\"https:\/\/www.irenelauretti.com\/de\/deutsch-ewige-jugend-durch-bewusstsein\/\" \/>\n<meta name=\"twitter:card\" content=\"summary_large_image\" \/>\n<meta name=\"twitter:title\" content=\"EWIGE JUGEND durch BEWUSSTSEIN - irenelauretti.com\" \/>\n<meta name=\"twitter:description\" content=\"EWIGE JUGEND durch BEWUSSTSEIN Der Mensch \u2013 so steht es in den Biologie-Lehrb\u00fcchern \u2026 altert \u2026 Doch stimmt diese Aussage? Materie, und dazu z\u00e4hlt der K\u00f6rper, ist verg\u00e4nglich \u2013 das ist unumstritten. Alles Materielle \u201evergeht\u201c \u2026 bzw. wandelt sich \u2026transformiert sich \u2026 Wandlung ist etwas durch und durch irdisches \u2013 ja, ist die Quintessenz alles [&hellip;]\" \/>\n<meta name=\"twitter:image\" content=\"http:\/\/www.irenelauretti.com\/wp-content\/uploads\/2013\/08\/prof_c2.jpg\" \/>\n<meta name=\"twitter:label1\" content=\"Verfasst von\" \/>\n\t<meta name=\"twitter:data1\" content=\"Irene Lauretti\" \/>\n\t<meta name=\"twitter:label2\" content=\"Gesch\u00e4tzte Lesezeit\" \/>\n\t<meta name=\"twitter:data2\" content=\"4\u00a0Minuten\" \/>\n<script type=\"application\/ld+json\" class=\"yoast-schema-graph\">{\"@context\":\"https:\\\/\\\/schema.org\",\"@graph\":[{\"@type\":\"Article\",\"@id\":\"https:\\\/\\\/www.irenelauretti.com\\\/deutsch-ewige-jugend-durch-bewusstsein\\\/#article\",\"isPartOf\":{\"@id\":\"https:\\\/\\\/www.irenelauretti.com\\\/deutsch-ewige-jugend-durch-bewusstsein\\\/\"},\"author\":{\"name\":\"Irene Lauretti\",\"@id\":\"https:\\\/\\\/www.irenelauretti.com\\\/#\\\/schema\\\/person\\\/692dd8be38a44ae26e451ac8e1d35f4d\"},\"headline\":\"EWIGE JUGEND durch BEWUSSTSEIN\",\"datePublished\":\"2018-03-08T08:51:11+00:00\",\"mainEntityOfPage\":{\"@id\":\"https:\\\/\\\/www.irenelauretti.com\\\/deutsch-ewige-jugend-durch-bewusstsein\\\/\"},\"wordCount\":730,\"commentCount\":6,\"publisher\":{\"@id\":\"https:\\\/\\\/www.irenelauretti.com\\\/#organization\"},\"image\":{\"@id\":\"https:\\\/\\\/www.irenelauretti.com\\\/deutsch-ewige-jugend-durch-bewusstsein\\\/#primaryimage\"},\"thumbnailUrl\":\"http:\\\/\\\/www.irenelauretti.com\\\/wp-content\\\/uploads\\\/2013\\\/08\\\/prof_c2.jpg\",\"keywords\":[\"Ewige Jugend\",\"Gesundheit\",\"Heilen\",\"Licht\",\"Quelle\"],\"articleSection\":[\"Other\"],\"inLanguage\":\"de\",\"potentialAction\":[{\"@type\":\"CommentAction\",\"name\":\"Comment\",\"target\":[\"https:\\\/\\\/www.irenelauretti.com\\\/deutsch-ewige-jugend-durch-bewusstsein\\\/#respond\"]}]},{\"@type\":\"WebPage\",\"@id\":\"https:\\\/\\\/www.irenelauretti.com\\\/de\\\/deutsch-ewige-jugend-durch-bewusstsein\\\/\",\"url\":\"https:\\\/\\\/www.irenelauretti.com\\\/de\\\/deutsch-ewige-jugend-durch-bewusstsein\\\/\",\"name\":\"EWIGE JUGEND durch BEWUSSTSEIN - irenelauretti.com\",\"isPartOf\":{\"@id\":\"https:\\\/\\\/www.irenelauretti.com\\\/de\\\/#website\"},\"primaryImageOfPage\":{\"@id\":\"https:\\\/\\\/www.irenelauretti.com\\\/de\\\/deutsch-ewige-jugend-durch-bewusstsein\\\/#primaryimage\"},\"image\":{\"@id\":\"https:\\\/\\\/www.irenelauretti.com\\\/deutsch-ewige-jugend-durch-bewusstsein\\\/#primaryimage\"},\"thumbnailUrl\":\"http:\\\/\\\/www.irenelauretti.com\\\/wp-content\\\/uploads\\\/2013\\\/08\\\/prof_c2.jpg\",\"datePublished\":\"2018-03-08T08:51:11+00:00\",\"breadcrumb\":{\"@id\":\"https:\\\/\\\/www.irenelauretti.com\\\/de\\\/deutsch-ewige-jugend-durch-bewusstsein\\\/#breadcrumb\"},\"inLanguage\":\"de\",\"potentialAction\":[{\"@type\":\"ReadAction\",\"target\":[[\"https:\\\/\\\/www.irenelauretti.com\\\/de\\\/deutsch-ewige-jugend-durch-bewusstsein\\\/\"]]}]},{\"@type\":\"ImageObject\",\"inLanguage\":\"de\",\"@id\":\"https:\\\/\\\/www.irenelauretti.com\\\/de\\\/deutsch-ewige-jugend-durch-bewusstsein\\\/#primaryimage\",\"url\":\"http:\\\/\\\/www.irenelauretti.com\\\/wp-content\\\/uploads\\\/2013\\\/08\\\/prof_c2.jpg\",\"contentUrl\":\"http:\\\/\\\/www.irenelauretti.com\\\/wp-content\\\/uploads\\\/2013\\\/08\\\/prof_c2.jpg\"},{\"@type\":\"BreadcrumbList\",\"@id\":\"https:\\\/\\\/www.irenelauretti.com\\\/de\\\/deutsch-ewige-jugend-durch-bewusstsein\\\/#breadcrumb\",\"itemListElement\":[{\"@type\":\"ListItem\",\"position\":1,\"name\":\"Start\",\"item\":\"https:\\\/\\\/www.irenelauretti.com\\\/de\\\/\"},{\"@type\":\"ListItem\",\"position\":2,\"name\":\"EWIGE JUGEND durch BEWUSSTSEIN\"}]},{\"@type\":\"WebSite\",\"@id\":\"https:\\\/\\\/www.irenelauretti.com\\\/de\\\/#website\",\"url\":\"https:\\\/\\\/www.irenelauretti.com\\\/de\\\/\",\"name\":\"irenelauretti.com\",\"description\":\"Autorin Mystikerin Heilerin Vision\u00e4rin\",\"publisher\":{\"@id\":\"https:\\\/\\\/www.irenelauretti.com\\\/de\\\/#organization\"},\"potentialAction\":[{\"@type\":\"SearchAction\",\"target\":{\"@type\":\"EntryPoint\",\"urlTemplate\":\"https:\\\/\\\/www.irenelauretti.com\\\/de\\\/?s={search_term_string}\"},\"query-input\":{\"@type\":\"PropertyValueSpecification\",\"valueRequired\":true,\"valueName\":\"search_term_string\"}}],\"inLanguage\":\"de\"},{\"@type\":\"Organization\",\"@id\":\"https:\\\/\\\/www.irenelauretti.com\\\/de\\\/#organization\",\"name\":\"irenelauretti.com\",\"url\":\"https:\\\/\\\/www.irenelauretti.com\\\/de\\\/\",\"logo\":{\"@type\":\"ImageObject\",\"inLanguage\":\"de\",\"@id\":\"https:\\\/\\\/www.irenelauretti.com\\\/de\\\/#\\\/schema\\\/logo\\\/image\\\/\",\"url\":\"https:\\\/\\\/www.irenelauretti.com\\\/wp-content\\\/uploads\\\/2013\\\/08\\\/Logo_with.png\",\"contentUrl\":\"https:\\\/\\\/www.irenelauretti.com\\\/wp-content\\\/uploads\\\/2013\\\/08\\\/Logo_with.png\",\"width\":180,\"height\":113,\"caption\":\"irenelauretti.com\"},\"image\":{\"@id\":\"https:\\\/\\\/www.irenelauretti.com\\\/de\\\/#\\\/schema\\\/logo\\\/image\\\/\"}},{\"@type\":\"Person\",\"@id\":\"https:\\\/\\\/www.irenelauretti.com\\\/#\\\/schema\\\/person\\\/692dd8be38a44ae26e451ac8e1d35f4d\",\"name\":\"Irene Lauretti\",\"image\":{\"@type\":\"ImageObject\",\"inLanguage\":\"de\",\"@id\":\"https:\\\/\\\/secure.gravatar.com\\\/avatar\\\/fc11751010b28816d1d3f43dfe9b51d964b6d1ace79d23ea8873bf0f0cf231ea?s=96&d=mm&r=g\",\"url\":\"https:\\\/\\\/secure.gravatar.com\\\/avatar\\\/fc11751010b28816d1d3f43dfe9b51d964b6d1ace79d23ea8873bf0f0cf231ea?s=96&d=mm&r=g\",\"contentUrl\":\"https:\\\/\\\/secure.gravatar.com\\\/avatar\\\/fc11751010b28816d1d3f43dfe9b51d964b6d1ace79d23ea8873bf0f0cf231ea?s=96&d=mm&r=g\",\"caption\":\"Irene Lauretti\"},\"sameAs\":[\"http:\\\/\\\/www.irenelauretti.com\"],\"url\":\"https:\\\/\\\/www.irenelauretti.com\\\/de\\\/author\\\/ilauretti\\\/\"}]}<\/script>\n<!-- \/ Yoast SEO plugin. -->","yoast_head_json":{"title":"EWIGE JUGEND durch BEWUSSTSEIN - irenelauretti.com","robots":{"index":"index","follow":"follow","max-snippet":"max-snippet:-1","max-image-preview":"max-image-preview:large","max-video-preview":"max-video-preview:-1"},"canonical":"https:\/\/www.irenelauretti.com\/de\/deutsch-ewige-jugend-durch-bewusstsein\/","twitter_card":"summary_large_image","twitter_title":"EWIGE JUGEND durch BEWUSSTSEIN - irenelauretti.com","twitter_description":"EWIGE JUGEND durch BEWUSSTSEIN Der Mensch \u2013 so steht es in den Biologie-Lehrb\u00fcchern \u2026 altert \u2026 Doch stimmt diese Aussage? Materie, und dazu z\u00e4hlt der K\u00f6rper, ist verg\u00e4nglich \u2013 das ist unumstritten. Alles Materielle \u201evergeht\u201c \u2026 bzw. wandelt sich \u2026transformiert sich \u2026 Wandlung ist etwas durch und durch irdisches \u2013 ja, ist die Quintessenz alles [&hellip;]","twitter_image":"http:\/\/www.irenelauretti.com\/wp-content\/uploads\/2013\/08\/prof_c2.jpg","twitter_misc":{"Verfasst von":"Irene Lauretti","Gesch\u00e4tzte Lesezeit":"4\u00a0Minuten"},"schema":{"@context":"https:\/\/schema.org","@graph":[{"@type":"Article","@id":"https:\/\/www.irenelauretti.com\/deutsch-ewige-jugend-durch-bewusstsein\/#article","isPartOf":{"@id":"https:\/\/www.irenelauretti.com\/deutsch-ewige-jugend-durch-bewusstsein\/"},"author":{"name":"Irene Lauretti","@id":"https:\/\/www.irenelauretti.com\/#\/schema\/person\/692dd8be38a44ae26e451ac8e1d35f4d"},"headline":"EWIGE JUGEND durch BEWUSSTSEIN","datePublished":"2018-03-08T08:51:11+00:00","mainEntityOfPage":{"@id":"https:\/\/www.irenelauretti.com\/deutsch-ewige-jugend-durch-bewusstsein\/"},"wordCount":730,"commentCount":6,"publisher":{"@id":"https:\/\/www.irenelauretti.com\/#organization"},"image":{"@id":"https:\/\/www.irenelauretti.com\/deutsch-ewige-jugend-durch-bewusstsein\/#primaryimage"},"thumbnailUrl":"http:\/\/www.irenelauretti.com\/wp-content\/uploads\/2013\/08\/prof_c2.jpg","keywords":["Ewige Jugend","Gesundheit","Heilen","Licht","Quelle"],"articleSection":["Other"],"inLanguage":"de","potentialAction":[{"@type":"CommentAction","name":"Comment","target":["https:\/\/www.irenelauretti.com\/deutsch-ewige-jugend-durch-bewusstsein\/#respond"]}]},{"@type":"WebPage","@id":"https:\/\/www.irenelauretti.com\/de\/deutsch-ewige-jugend-durch-bewusstsein\/","url":"https:\/\/www.irenelauretti.com\/de\/deutsch-ewige-jugend-durch-bewusstsein\/","name":"EWIGE JUGEND durch BEWUSSTSEIN - irenelauretti.com","isPartOf":{"@id":"https:\/\/www.irenelauretti.com\/de\/#website"},"primaryImageOfPage":{"@id":"https:\/\/www.irenelauretti.com\/de\/deutsch-ewige-jugend-durch-bewusstsein\/#primaryimage"},"image":{"@id":"https:\/\/www.irenelauretti.com\/deutsch-ewige-jugend-durch-bewusstsein\/#primaryimage"},"thumbnailUrl":"http:\/\/www.irenelauretti.com\/wp-content\/uploads\/2013\/08\/prof_c2.jpg","datePublished":"2018-03-08T08:51:11+00:00","breadcrumb":{"@id":"https:\/\/www.irenelauretti.com\/de\/deutsch-ewige-jugend-durch-bewusstsein\/#breadcrumb"},"inLanguage":"de","potentialAction":[{"@type":"ReadAction","target":[["https:\/\/www.irenelauretti.com\/de\/deutsch-ewige-jugend-durch-bewusstsein\/"]]}]},{"@type":"ImageObject","inLanguage":"de","@id":"https:\/\/www.irenelauretti.com\/de\/deutsch-ewige-jugend-durch-bewusstsein\/#primaryimage","url":"http:\/\/www.irenelauretti.com\/wp-content\/uploads\/2013\/08\/prof_c2.jpg","contentUrl":"http:\/\/www.irenelauretti.com\/wp-content\/uploads\/2013\/08\/prof_c2.jpg"},{"@type":"BreadcrumbList","@id":"https:\/\/www.irenelauretti.com\/de\/deutsch-ewige-jugend-durch-bewusstsein\/#breadcrumb","itemListElement":[{"@type":"ListItem","position":1,"name":"Start","item":"https:\/\/www.irenelauretti.com\/de\/"},{"@type":"ListItem","position":2,"name":"EWIGE JUGEND durch BEWUSSTSEIN"}]},{"@type":"WebSite","@id":"https:\/\/www.irenelauretti.com\/de\/#website","url":"https:\/\/www.irenelauretti.com\/de\/","name":"irenelauretti.com","description":"Autorin Mystikerin Heilerin Vision\u00e4rin","publisher":{"@id":"https:\/\/www.irenelauretti.com\/de\/#organization"},"potentialAction":[{"@type":"SearchAction","target":{"@type":"EntryPoint","urlTemplate":"https:\/\/www.irenelauretti.com\/de\/?s={search_term_string}"},"query-input":{"@type":"PropertyValueSpecification","valueRequired":true,"valueName":"search_term_string"}}],"inLanguage":"de"},{"@type":"Organization","@id":"https:\/\/www.irenelauretti.com\/de\/#organization","name":"irenelauretti.com","url":"https:\/\/www.irenelauretti.com\/de\/","logo":{"@type":"ImageObject","inLanguage":"de","@id":"https:\/\/www.irenelauretti.com\/de\/#\/schema\/logo\/image\/","url":"https:\/\/www.irenelauretti.com\/wp-content\/uploads\/2013\/08\/Logo_with.png","contentUrl":"https:\/\/www.irenelauretti.com\/wp-content\/uploads\/2013\/08\/Logo_with.png","width":180,"height":113,"caption":"irenelauretti.com"},"image":{"@id":"https:\/\/www.irenelauretti.com\/de\/#\/schema\/logo\/image\/"}},{"@type":"Person","@id":"https:\/\/www.irenelauretti.com\/#\/schema\/person\/692dd8be38a44ae26e451ac8e1d35f4d","name":"Irene Lauretti","image":{"@type":"ImageObject","inLanguage":"de","@id":"https:\/\/secure.gravatar.com\/avatar\/fc11751010b28816d1d3f43dfe9b51d964b6d1ace79d23ea8873bf0f0cf231ea?s=96&d=mm&r=g","url":"https:\/\/secure.gravatar.com\/avatar\/fc11751010b28816d1d3f43dfe9b51d964b6d1ace79d23ea8873bf0f0cf231ea?s=96&d=mm&r=g","contentUrl":"https:\/\/secure.gravatar.com\/avatar\/fc11751010b28816d1d3f43dfe9b51d964b6d1ace79d23ea8873bf0f0cf231ea?s=96&d=mm&r=g","caption":"Irene Lauretti"},"sameAs":["http:\/\/www.irenelauretti.com"],"url":"https:\/\/www.irenelauretti.com\/de\/author\/ilauretti\/"}]}},"cc_featured_image_caption":{"caption_text":"","source_text":"","source_url":""},"_links":{"self":[{"href":"https:\/\/www.irenelauretti.com\/de\/wp-json\/wp\/v2\/posts\/2351","targetHints":{"allow":["GET"]}}],"collection":[{"href":"https:\/\/www.irenelauretti.com\/de\/wp-json\/wp\/v2\/posts"}],"about":[{"href":"https:\/\/www.irenelauretti.com\/de\/wp-json\/wp\/v2\/types\/post"}],"author":[{"embeddable":true,"href":"https:\/\/www.irenelauretti.com\/de\/wp-json\/wp\/v2\/users\/2"}],"replies":[{"embeddable":true,"href":"https:\/\/www.irenelauretti.com\/de\/wp-json\/wp\/v2\/comments?post=2351"}],"version-history":[{"count":1,"href":"https:\/\/www.irenelauretti.com\/de\/wp-json\/wp\/v2\/posts\/2351\/revisions"}],"predecessor-version":[{"id":2352,"href":"https:\/\/www.irenelauretti.com\/de\/wp-json\/wp\/v2\/posts\/2351\/revisions\/2352"}],"wp:attachment":[{"href":"https:\/\/www.irenelauretti.com\/de\/wp-json\/wp\/v2\/media?parent=2351"}],"wp:term":[{"taxonomy":"category","embeddable":true,"href":"https:\/\/www.irenelauretti.com\/de\/wp-json\/wp\/v2\/categories?post=2351"},{"taxonomy":"post_tag","embeddable":true,"href":"https:\/\/www.irenelauretti.com\/de\/wp-json\/wp\/v2\/tags?post=2351"}],"curies":[{"name":"wp","href":"https:\/\/api.w.org\/{rel}","templated":true}]}}