{"id":2715,"date":"2021-06-06T08:56:43","date_gmt":"2021-06-06T08:56:43","guid":{"rendered":"http:\/\/www.irenelauretti.com\/?p=2715"},"modified":"2021-06-06T08:56:43","modified_gmt":"2021-06-06T08:56:43","slug":"deutsch-die-grosse-wandlung","status":"publish","type":"post","link":"https:\/\/www.irenelauretti.com\/de\/deutsch-die-grosse-wandlung\/","title":{"rendered":"Die GROSSE WANDLUNG"},"content":{"rendered":"<p>Wir haben das Jahr 2021nChr. &#8230; <\/p>\n<p>Vor 2021 Jahren wurde Christus geboren und wenige Jahre vor seiner Kreuzigung sagte er laut Grossem Evangelium Johannes zu seinen J\u00fcngern:<\/p>\n<p>&#8222;Das aber k\u00f6nnt Ihr als v\u00f6llig wahr annehmen, dass n\u00e4mlich nahe alle zweitausend Jahre auf der Erde eine gro\u00dfe Ver\u00e4nderung vor sich geht. Und so wird es auch, von jetzt an gerechnet, vor sich gehen&#8220;<br \/>\nEr sagte au\u00dferdem als Ursache f\u00fcr den Verfall der Menschen, die Endzeit und das Gericht:<br \/>\n&#8222;&#8230;vor allem aber sind der Hochmut, die Tr\u00e4gheit, die Genu\u00dfsucht und die Selbstliebe (Ego) sowie die daraus erwachsende Herrschsucht die Ursachen solch eines Verfalles der Menschen&#8220;<\/p>\n<p>Und das sage ich dazu:<\/p>\n<p>Diese Endzeit .. die ist JETZT und wurde eingel\u00e4utet im Jahr 2012 &#8230; also der umgekehrten 21 &#8230; 12 war der erste gro\u00dfe Bewusstseinschritt &#8230; den die Menschheit h\u00e4tte gehen k\u00f6nnen &#8230; (es aber nicht tat) .. es war auch das Jahr, als ich nach meiner Nahtodeserfahrung mein Buch &#8222;Der Mond und der kosmische Code der Sch\u00f6pfung&#8220; https:\/\/amzn.to\/2lbjd6l   empfing &#8230; und nun im Jahre 21, der umgekehrten 12, 10 Jahre sp\u00e4ter schreibe ich ein direkt aus diesem Buch resultierendes neues Buch, gegen das ich mich lange &#8222;str\u00e4ubte&#8220; ob seiner gro\u00dfen Aussage, die &#8211; das wei\u00df ich jetzt schon &#8211; von den wenigsten Menschen aktuell verstanden und angenommen werden wird &#8211; wie es ja auch bei &#8222;Der Mond und der kosmische Code der Sch\u00f6pfung&#8220; ist &#8230; dennoch M\u00dcSSEN diese B\u00fccher raus, denn sie iniziiernn diesen Wandel f\u00fcr DEN der es annimmt und umsetzt &#8230; und das werden in der 3. Generation ab jetzt sehr viele Menschen sein &#8230; bis der Wandel bis in 500 Jahren deutlich die Menschen durchdringt und nichts mehr so ist, wie es jetzt ist .. das Dunkle, die ANGST, das Vergessen des Selbst, die Manipulation der Menschen durch die Angst heraus aus der Identifikation mit und durch die K\u00f6rperlichkeit wird dann AUFGEL\u00d6ST sein durch &#8230;<\/p>\n<p>LICHT &#8230;<\/p>\n<p>das Licht, welches bereits JETZT wie es immer war &#8211; DA IST .. weil der Mensch es SELBST IST &#8230; aber sich SELBST (noch) nicht erkennt &#8230;<br \/>\nUnd diese SELBST-Erkenntnis kann und wird NUR durch JEDEN EINZELNEN kommen .. durch die Wiedereingliederung in die kosmischen Zyklen durch den EINKLANG mit dem MOND &#8230;<br \/>\n&#8230; denn der MOND .. das kosmische Sch\u00f6pfungs- Christus-Prinzip .. ist das TOR zum SELBST ..<br \/>\nSo wie der Mond zwischen Himmel (Sonne) und Erde vermittelt &#8230; so vermittelt die SEELE zwischen Geist und K\u00f6rper &#8230; aber niemals getretennt von der Mondschwingung &#8230; denn sie ist f\u00fcr die SEELE das TOR zur Inkarnation &#8230;<\/p>\n<p>Daher geht BEWUSSTWERDUNG nicht ohne den EINKLANG mit dem MOND &#8211; der in Wahrheit der EINKLANG mit dem SELBST ist!<\/p>\n<p><a href=\"http:\/\/www.irenelauretti.com\/wp-content\/uploads\/2013\/08\/Logo_with.png\" data-rel=\"lightbox-image-0\" data-rl_title=\"\" data-rl_caption=\"\" title=\"\"><img decoding=\"async\" src=\"http:\/\/www.irenelauretti.com\/wp-content\/uploads\/2013\/08\/Logo_with.png\" alt=\"Logo_with\" width=\"180\" height=\"113\" class=\"aligncenter size-full wp-image-136\" \/><\/a><\/p>","protected":false},"excerpt":{"rendered":"<p>Wir haben das Jahr 2021nChr. &#8230; Vor 2021 Jahren wurde Christus geboren und wenige Jahre vor seiner Kreuzigung sagte er laut Grossem Evangelium Johannes zu seinen J\u00fcngern: &#8222;Das aber k\u00f6nnt Ihr als v\u00f6llig wahr annehmen, dass n\u00e4mlich nahe alle zweitausend Jahre auf der Erde eine gro\u00dfe Ver\u00e4nderung vor sich geht. Und so wird es auch, [&hellip;]<\/p>\n","protected":false},"author":2,"featured_media":0,"comment_status":"open","ping_status":"open","sticky":false,"template":"","format":"standard","meta":{"_coblocks_attr":"","_coblocks_dimensions":"","_coblocks_responsive_height":"","_coblocks_accordion_ie_support":"","ocean_post_layout":"","ocean_both_sidebars_style":"","ocean_both_sidebars_content_width":0,"ocean_both_sidebars_sidebars_width":0,"ocean_sidebar":"","ocean_second_sidebar":"","ocean_disable_margins":"enable","ocean_add_body_class":"","ocean_shortcode_before_top_bar":"","ocean_shortcode_after_top_bar":"","ocean_shortcode_before_header":"","ocean_shortcode_after_header":"","ocean_has_shortcode":"","ocean_shortcode_after_title":"","ocean_shortcode_before_footer_widgets":"","ocean_shortcode_after_footer_widgets":"","ocean_shortcode_before_footer_bottom":"","ocean_shortcode_after_footer_bottom":"","ocean_display_top_bar":"default","ocean_display_header":"default","ocean_header_style":"","ocean_center_header_left_menu":"","ocean_custom_header_template":"","ocean_custom_logo":0,"ocean_custom_retina_logo":0,"ocean_custom_logo_max_width":0,"ocean_custom_logo_tablet_max_width":0,"ocean_custom_logo_mobile_max_width":0,"ocean_custom_logo_max_height":0,"ocean_custom_logo_tablet_max_height":0,"ocean_custom_logo_mobile_max_height":0,"ocean_header_custom_menu":"","ocean_menu_typo_font_family":"","ocean_menu_typo_font_subset":"","ocean_menu_typo_font_size":0,"ocean_menu_typo_font_size_tablet":0,"ocean_menu_typo_font_size_mobile":0,"ocean_menu_typo_font_size_unit":"px","ocean_menu_typo_font_weight":"","ocean_menu_typo_font_weight_tablet":"","ocean_menu_typo_font_weight_mobile":"","ocean_menu_typo_transform":"","ocean_menu_typo_transform_tablet":"","ocean_menu_typo_transform_mobile":"","ocean_menu_typo_line_height":0,"ocean_menu_typo_line_height_tablet":0,"ocean_menu_typo_line_height_mobile":0,"ocean_menu_typo_line_height_unit":"","ocean_menu_typo_spacing":0,"ocean_menu_typo_spacing_tablet":0,"ocean_menu_typo_spacing_mobile":0,"ocean_menu_typo_spacing_unit":"","ocean_menu_link_color":"","ocean_menu_link_color_hover":"","ocean_menu_link_color_active":"","ocean_menu_link_background":"","ocean_menu_link_hover_background":"","ocean_menu_link_active_background":"","ocean_menu_social_links_bg":"","ocean_menu_social_hover_links_bg":"","ocean_menu_social_links_color":"","ocean_menu_social_hover_links_color":"","ocean_disable_title":"default","ocean_disable_heading":"default","ocean_post_title":"","ocean_post_subheading":"","ocean_post_title_style":"","ocean_post_title_background_color":"","ocean_post_title_background":0,"ocean_post_title_bg_image_position":"","ocean_post_title_bg_image_attachment":"","ocean_post_title_bg_image_repeat":"","ocean_post_title_bg_image_size":"","ocean_post_title_height":0,"ocean_post_title_bg_overlay":0.5,"ocean_post_title_bg_overlay_color":"","ocean_disable_breadcrumbs":"default","ocean_breadcrumbs_color":"","ocean_breadcrumbs_separator_color":"","ocean_breadcrumbs_links_color":"","ocean_breadcrumbs_links_hover_color":"","ocean_display_footer_widgets":"default","ocean_display_footer_bottom":"default","ocean_custom_footer_template":"","omw_enable_modal_window":"enable","_themeisle_gutenberg_block_has_review":false,"ocean_post_oembed":"","ocean_post_self_hosted_media":"","ocean_post_video_embed":"","ocean_link_format":"","ocean_link_format_target":"self","ocean_quote_format":"","ocean_quote_format_link":"post","ocean_gallery_link_images":"on","ocean_gallery_id":[],"footnotes":""},"categories":[33],"tags":[508,127,527,124,317,490,320,318,54,321,266,322,524,323,316,319],"class_list":["post-2715","post","type-post","status-publish","format-standard","hentry","category-der-mond-und-der-kosmische-code-der-schopfung","tag-bewusstsein","tag-bewusstwerdung","tag-christus","tag-einklang","tag-endzeit","tag-energieheilen","tag-evangelium","tag-grosse-wende","tag-heilen","tag-junger","tag-licht","tag-lichtbewusstsein","tag-schopfung","tag-selbstliebe","tag-wandlung","tag-wende","entry"],"yoast_head":"<!-- This site is optimized with the Yoast SEO plugin v27.4 - https:\/\/yoast.com\/product\/yoast-seo-wordpress\/ -->\n<title>Die GROSSE WANDLUNG  - irenelauretti.com<\/title>\n<meta name=\"robots\" content=\"index, follow, max-snippet:-1, max-image-preview:large, max-video-preview:-1\" \/>\n<link rel=\"canonical\" href=\"https:\/\/www.irenelauretti.com\/de\/deutsch-die-grosse-wandlung\/\" \/>\n<meta name=\"twitter:card\" content=\"summary_large_image\" \/>\n<meta name=\"twitter:title\" content=\"Die GROSSE WANDLUNG  - irenelauretti.com\" \/>\n<meta name=\"twitter:description\" content=\"Wir haben das Jahr 2021nChr. &#8230; Vor 2021 Jahren wurde Christus geboren und wenige Jahre vor seiner Kreuzigung sagte er laut Grossem Evangelium Johannes zu seinen J\u00fcngern: &#8222;Das aber k\u00f6nnt Ihr als v\u00f6llig wahr annehmen, dass n\u00e4mlich nahe alle zweitausend Jahre auf der Erde eine gro\u00dfe Ver\u00e4nderung vor sich geht. Und so wird es auch, [&hellip;]\" \/>\n<meta name=\"twitter:image\" content=\"http:\/\/www.irenelauretti.com\/wp-content\/uploads\/2013\/08\/Logo_with.png\" \/>\n<meta name=\"twitter:label1\" content=\"Verfasst von\" \/>\n\t<meta name=\"twitter:data1\" content=\"Irene Lauretti\" \/>\n\t<meta name=\"twitter:label2\" content=\"Gesch\u00e4tzte Lesezeit\" \/>\n\t<meta name=\"twitter:data2\" content=\"2\u00a0Minuten\" \/>\n<script type=\"application\/ld+json\" class=\"yoast-schema-graph\">{\"@context\":\"https:\\\/\\\/schema.org\",\"@graph\":[{\"@type\":\"Article\",\"@id\":\"https:\\\/\\\/www.irenelauretti.com\\\/deutsch-die-grosse-wandlung\\\/#article\",\"isPartOf\":{\"@id\":\"https:\\\/\\\/www.irenelauretti.com\\\/deutsch-die-grosse-wandlung\\\/\"},\"author\":{\"name\":\"Irene Lauretti\",\"@id\":\"https:\\\/\\\/www.irenelauretti.com\\\/#\\\/schema\\\/person\\\/692dd8be38a44ae26e451ac8e1d35f4d\"},\"headline\":\"Die GROSSE WANDLUNG\",\"datePublished\":\"2021-06-06T08:56:43+00:00\",\"mainEntityOfPage\":{\"@id\":\"https:\\\/\\\/www.irenelauretti.com\\\/deutsch-die-grosse-wandlung\\\/\"},\"wordCount\":445,\"commentCount\":0,\"publisher\":{\"@id\":\"https:\\\/\\\/www.irenelauretti.com\\\/#organization\"},\"image\":{\"@id\":\"https:\\\/\\\/www.irenelauretti.com\\\/deutsch-die-grosse-wandlung\\\/#primaryimage\"},\"thumbnailUrl\":\"http:\\\/\\\/www.irenelauretti.com\\\/wp-content\\\/uploads\\\/2013\\\/08\\\/Logo_with.png\",\"keywords\":[\"Bewusstsein\",\"Bewusstwerdung\",\"Christus\",\"Einklang\",\"Endzeit\",\"Energieheilen\",\"Evangelium\",\"Grosse Wende\",\"Heilen\",\"J\u00fcnger\",\"Licht\",\"Lichtbewusstsein\",\"Sch\u00f6pfung\",\"Selbstliebe\",\"Wandlung\",\"Wende\"],\"articleSection\":[\"Der Mond und der kosmische Code der Sch\u00f6pfung\"],\"inLanguage\":\"de\",\"potentialAction\":[{\"@type\":\"CommentAction\",\"name\":\"Comment\",\"target\":[\"https:\\\/\\\/www.irenelauretti.com\\\/deutsch-die-grosse-wandlung\\\/#respond\"]}]},{\"@type\":\"WebPage\",\"@id\":\"https:\\\/\\\/www.irenelauretti.com\\\/de\\\/deutsch-die-grosse-wandlung\\\/\",\"url\":\"https:\\\/\\\/www.irenelauretti.com\\\/de\\\/deutsch-die-grosse-wandlung\\\/\",\"name\":\"Die GROSSE WANDLUNG  - irenelauretti.com\",\"isPartOf\":{\"@id\":\"https:\\\/\\\/www.irenelauretti.com\\\/de\\\/#website\"},\"primaryImageOfPage\":{\"@id\":\"https:\\\/\\\/www.irenelauretti.com\\\/de\\\/deutsch-die-grosse-wandlung\\\/#primaryimage\"},\"image\":{\"@id\":\"https:\\\/\\\/www.irenelauretti.com\\\/deutsch-die-grosse-wandlung\\\/#primaryimage\"},\"thumbnailUrl\":\"http:\\\/\\\/www.irenelauretti.com\\\/wp-content\\\/uploads\\\/2013\\\/08\\\/Logo_with.png\",\"datePublished\":\"2021-06-06T08:56:43+00:00\",\"breadcrumb\":{\"@id\":\"https:\\\/\\\/www.irenelauretti.com\\\/de\\\/deutsch-die-grosse-wandlung\\\/#breadcrumb\"},\"inLanguage\":\"de\",\"potentialAction\":[{\"@type\":\"ReadAction\",\"target\":[[\"https:\\\/\\\/www.irenelauretti.com\\\/de\\\/deutsch-die-grosse-wandlung\\\/\"]]}]},{\"@type\":\"ImageObject\",\"inLanguage\":\"de\",\"@id\":\"https:\\\/\\\/www.irenelauretti.com\\\/de\\\/deutsch-die-grosse-wandlung\\\/#primaryimage\",\"url\":\"http:\\\/\\\/www.irenelauretti.com\\\/wp-content\\\/uploads\\\/2013\\\/08\\\/Logo_with.png\",\"contentUrl\":\"http:\\\/\\\/www.irenelauretti.com\\\/wp-content\\\/uploads\\\/2013\\\/08\\\/Logo_with.png\"},{\"@type\":\"BreadcrumbList\",\"@id\":\"https:\\\/\\\/www.irenelauretti.com\\\/de\\\/deutsch-die-grosse-wandlung\\\/#breadcrumb\",\"itemListElement\":[{\"@type\":\"ListItem\",\"position\":1,\"name\":\"Start\",\"item\":\"https:\\\/\\\/www.irenelauretti.com\\\/de\\\/\"},{\"@type\":\"ListItem\",\"position\":2,\"name\":\"Die GROSSE WANDLUNG\"}]},{\"@type\":\"WebSite\",\"@id\":\"https:\\\/\\\/www.irenelauretti.com\\\/de\\\/#website\",\"url\":\"https:\\\/\\\/www.irenelauretti.com\\\/de\\\/\",\"name\":\"irenelauretti.com\",\"description\":\"Autorin Mystikerin Heilerin Vision\u00e4rin\",\"publisher\":{\"@id\":\"https:\\\/\\\/www.irenelauretti.com\\\/de\\\/#organization\"},\"potentialAction\":[{\"@type\":\"SearchAction\",\"target\":{\"@type\":\"EntryPoint\",\"urlTemplate\":\"https:\\\/\\\/www.irenelauretti.com\\\/de\\\/?s={search_term_string}\"},\"query-input\":{\"@type\":\"PropertyValueSpecification\",\"valueRequired\":true,\"valueName\":\"search_term_string\"}}],\"inLanguage\":\"de\"},{\"@type\":\"Organization\",\"@id\":\"https:\\\/\\\/www.irenelauretti.com\\\/de\\\/#organization\",\"name\":\"irenelauretti.com\",\"url\":\"https:\\\/\\\/www.irenelauretti.com\\\/de\\\/\",\"logo\":{\"@type\":\"ImageObject\",\"inLanguage\":\"de\",\"@id\":\"https:\\\/\\\/www.irenelauretti.com\\\/de\\\/#\\\/schema\\\/logo\\\/image\\\/\",\"url\":\"https:\\\/\\\/www.irenelauretti.com\\\/wp-content\\\/uploads\\\/2013\\\/08\\\/Logo_with.png\",\"contentUrl\":\"https:\\\/\\\/www.irenelauretti.com\\\/wp-content\\\/uploads\\\/2013\\\/08\\\/Logo_with.png\",\"width\":180,\"height\":113,\"caption\":\"irenelauretti.com\"},\"image\":{\"@id\":\"https:\\\/\\\/www.irenelauretti.com\\\/de\\\/#\\\/schema\\\/logo\\\/image\\\/\"}},{\"@type\":\"Person\",\"@id\":\"https:\\\/\\\/www.irenelauretti.com\\\/#\\\/schema\\\/person\\\/692dd8be38a44ae26e451ac8e1d35f4d\",\"name\":\"Irene Lauretti\",\"image\":{\"@type\":\"ImageObject\",\"inLanguage\":\"de\",\"@id\":\"https:\\\/\\\/secure.gravatar.com\\\/avatar\\\/fc11751010b28816d1d3f43dfe9b51d964b6d1ace79d23ea8873bf0f0cf231ea?s=96&d=mm&r=g\",\"url\":\"https:\\\/\\\/secure.gravatar.com\\\/avatar\\\/fc11751010b28816d1d3f43dfe9b51d964b6d1ace79d23ea8873bf0f0cf231ea?s=96&d=mm&r=g\",\"contentUrl\":\"https:\\\/\\\/secure.gravatar.com\\\/avatar\\\/fc11751010b28816d1d3f43dfe9b51d964b6d1ace79d23ea8873bf0f0cf231ea?s=96&d=mm&r=g\",\"caption\":\"Irene Lauretti\"},\"sameAs\":[\"http:\\\/\\\/www.irenelauretti.com\"],\"url\":\"https:\\\/\\\/www.irenelauretti.com\\\/de\\\/author\\\/ilauretti\\\/\"}]}<\/script>\n<!-- \/ Yoast SEO plugin. -->","yoast_head_json":{"title":"Die GROSSE WANDLUNG  - irenelauretti.com","robots":{"index":"index","follow":"follow","max-snippet":"max-snippet:-1","max-image-preview":"max-image-preview:large","max-video-preview":"max-video-preview:-1"},"canonical":"https:\/\/www.irenelauretti.com\/de\/deutsch-die-grosse-wandlung\/","twitter_card":"summary_large_image","twitter_title":"Die GROSSE WANDLUNG  - irenelauretti.com","twitter_description":"Wir haben das Jahr 2021nChr. &#8230; Vor 2021 Jahren wurde Christus geboren und wenige Jahre vor seiner Kreuzigung sagte er laut Grossem Evangelium Johannes zu seinen J\u00fcngern: &#8222;Das aber k\u00f6nnt Ihr als v\u00f6llig wahr annehmen, dass n\u00e4mlich nahe alle zweitausend Jahre auf der Erde eine gro\u00dfe Ver\u00e4nderung vor sich geht. Und so wird es auch, [&hellip;]","twitter_image":"http:\/\/www.irenelauretti.com\/wp-content\/uploads\/2013\/08\/Logo_with.png","twitter_misc":{"Verfasst von":"Irene Lauretti","Gesch\u00e4tzte Lesezeit":"2\u00a0Minuten"},"schema":{"@context":"https:\/\/schema.org","@graph":[{"@type":"Article","@id":"https:\/\/www.irenelauretti.com\/deutsch-die-grosse-wandlung\/#article","isPartOf":{"@id":"https:\/\/www.irenelauretti.com\/deutsch-die-grosse-wandlung\/"},"author":{"name":"Irene Lauretti","@id":"https:\/\/www.irenelauretti.com\/#\/schema\/person\/692dd8be38a44ae26e451ac8e1d35f4d"},"headline":"Die GROSSE WANDLUNG","datePublished":"2021-06-06T08:56:43+00:00","mainEntityOfPage":{"@id":"https:\/\/www.irenelauretti.com\/deutsch-die-grosse-wandlung\/"},"wordCount":445,"commentCount":0,"publisher":{"@id":"https:\/\/www.irenelauretti.com\/#organization"},"image":{"@id":"https:\/\/www.irenelauretti.com\/deutsch-die-grosse-wandlung\/#primaryimage"},"thumbnailUrl":"http:\/\/www.irenelauretti.com\/wp-content\/uploads\/2013\/08\/Logo_with.png","keywords":["Bewusstsein","Bewusstwerdung","Christus","Einklang","Endzeit","Energieheilen","Evangelium","Grosse Wende","Heilen","J\u00fcnger","Licht","Lichtbewusstsein","Sch\u00f6pfung","Selbstliebe","Wandlung","Wende"],"articleSection":["Der Mond und der kosmische Code der Sch\u00f6pfung"],"inLanguage":"de","potentialAction":[{"@type":"CommentAction","name":"Comment","target":["https:\/\/www.irenelauretti.com\/deutsch-die-grosse-wandlung\/#respond"]}]},{"@type":"WebPage","@id":"https:\/\/www.irenelauretti.com\/de\/deutsch-die-grosse-wandlung\/","url":"https:\/\/www.irenelauretti.com\/de\/deutsch-die-grosse-wandlung\/","name":"Die GROSSE WANDLUNG  - irenelauretti.com","isPartOf":{"@id":"https:\/\/www.irenelauretti.com\/de\/#website"},"primaryImageOfPage":{"@id":"https:\/\/www.irenelauretti.com\/de\/deutsch-die-grosse-wandlung\/#primaryimage"},"image":{"@id":"https:\/\/www.irenelauretti.com\/deutsch-die-grosse-wandlung\/#primaryimage"},"thumbnailUrl":"http:\/\/www.irenelauretti.com\/wp-content\/uploads\/2013\/08\/Logo_with.png","datePublished":"2021-06-06T08:56:43+00:00","breadcrumb":{"@id":"https:\/\/www.irenelauretti.com\/de\/deutsch-die-grosse-wandlung\/#breadcrumb"},"inLanguage":"de","potentialAction":[{"@type":"ReadAction","target":[["https:\/\/www.irenelauretti.com\/de\/deutsch-die-grosse-wandlung\/"]]}]},{"@type":"ImageObject","inLanguage":"de","@id":"https:\/\/www.irenelauretti.com\/de\/deutsch-die-grosse-wandlung\/#primaryimage","url":"http:\/\/www.irenelauretti.com\/wp-content\/uploads\/2013\/08\/Logo_with.png","contentUrl":"http:\/\/www.irenelauretti.com\/wp-content\/uploads\/2013\/08\/Logo_with.png"},{"@type":"BreadcrumbList","@id":"https:\/\/www.irenelauretti.com\/de\/deutsch-die-grosse-wandlung\/#breadcrumb","itemListElement":[{"@type":"ListItem","position":1,"name":"Start","item":"https:\/\/www.irenelauretti.com\/de\/"},{"@type":"ListItem","position":2,"name":"Die GROSSE WANDLUNG"}]},{"@type":"WebSite","@id":"https:\/\/www.irenelauretti.com\/de\/#website","url":"https:\/\/www.irenelauretti.com\/de\/","name":"irenelauretti.com","description":"Autorin Mystikerin Heilerin Vision\u00e4rin","publisher":{"@id":"https:\/\/www.irenelauretti.com\/de\/#organization"},"potentialAction":[{"@type":"SearchAction","target":{"@type":"EntryPoint","urlTemplate":"https:\/\/www.irenelauretti.com\/de\/?s={search_term_string}"},"query-input":{"@type":"PropertyValueSpecification","valueRequired":true,"valueName":"search_term_string"}}],"inLanguage":"de"},{"@type":"Organization","@id":"https:\/\/www.irenelauretti.com\/de\/#organization","name":"irenelauretti.com","url":"https:\/\/www.irenelauretti.com\/de\/","logo":{"@type":"ImageObject","inLanguage":"de","@id":"https:\/\/www.irenelauretti.com\/de\/#\/schema\/logo\/image\/","url":"https:\/\/www.irenelauretti.com\/wp-content\/uploads\/2013\/08\/Logo_with.png","contentUrl":"https:\/\/www.irenelauretti.com\/wp-content\/uploads\/2013\/08\/Logo_with.png","width":180,"height":113,"caption":"irenelauretti.com"},"image":{"@id":"https:\/\/www.irenelauretti.com\/de\/#\/schema\/logo\/image\/"}},{"@type":"Person","@id":"https:\/\/www.irenelauretti.com\/#\/schema\/person\/692dd8be38a44ae26e451ac8e1d35f4d","name":"Irene Lauretti","image":{"@type":"ImageObject","inLanguage":"de","@id":"https:\/\/secure.gravatar.com\/avatar\/fc11751010b28816d1d3f43dfe9b51d964b6d1ace79d23ea8873bf0f0cf231ea?s=96&d=mm&r=g","url":"https:\/\/secure.gravatar.com\/avatar\/fc11751010b28816d1d3f43dfe9b51d964b6d1ace79d23ea8873bf0f0cf231ea?s=96&d=mm&r=g","contentUrl":"https:\/\/secure.gravatar.com\/avatar\/fc11751010b28816d1d3f43dfe9b51d964b6d1ace79d23ea8873bf0f0cf231ea?s=96&d=mm&r=g","caption":"Irene Lauretti"},"sameAs":["http:\/\/www.irenelauretti.com"],"url":"https:\/\/www.irenelauretti.com\/de\/author\/ilauretti\/"}]}},"cc_featured_image_caption":{"caption_text":"","source_text":"","source_url":""},"_links":{"self":[{"href":"https:\/\/www.irenelauretti.com\/de\/wp-json\/wp\/v2\/posts\/2715","targetHints":{"allow":["GET"]}}],"collection":[{"href":"https:\/\/www.irenelauretti.com\/de\/wp-json\/wp\/v2\/posts"}],"about":[{"href":"https:\/\/www.irenelauretti.com\/de\/wp-json\/wp\/v2\/types\/post"}],"author":[{"embeddable":true,"href":"https:\/\/www.irenelauretti.com\/de\/wp-json\/wp\/v2\/users\/2"}],"replies":[{"embeddable":true,"href":"https:\/\/www.irenelauretti.com\/de\/wp-json\/wp\/v2\/comments?post=2715"}],"version-history":[{"count":1,"href":"https:\/\/www.irenelauretti.com\/de\/wp-json\/wp\/v2\/posts\/2715\/revisions"}],"predecessor-version":[{"id":2716,"href":"https:\/\/www.irenelauretti.com\/de\/wp-json\/wp\/v2\/posts\/2715\/revisions\/2716"}],"wp:attachment":[{"href":"https:\/\/www.irenelauretti.com\/de\/wp-json\/wp\/v2\/media?parent=2715"}],"wp:term":[{"taxonomy":"category","embeddable":true,"href":"https:\/\/www.irenelauretti.com\/de\/wp-json\/wp\/v2\/categories?post=2715"},{"taxonomy":"post_tag","embeddable":true,"href":"https:\/\/www.irenelauretti.com\/de\/wp-json\/wp\/v2\/tags?post=2715"}],"curies":[{"name":"wp","href":"https:\/\/api.w.org\/{rel}","templated":true}]}}