{"id":2782,"date":"2021-09-12T08:23:20","date_gmt":"2021-09-12T08:23:20","guid":{"rendered":"http:\/\/www.irenelauretti.com\/?p=2782"},"modified":"2021-09-12T08:23:20","modified_gmt":"2021-09-12T08:23:20","slug":"deutsch-die-grose-umkehr-zum-licht","status":"publish","type":"post","link":"https:\/\/www.irenelauretti.com\/de\/deutsch-die-grose-umkehr-zum-licht\/","title":{"rendered":"Die gro\u00dfe UMKEHR zum LICHT"},"content":{"rendered":"<p>VIREN k\u00f6nnen Menschen nur dann und deshalb etwas anhaben &#8230; weil sie von Menschen als &#8222;schadhaft&#8220; anerkannt worden sind, es so ins Kollektivbewusstsein der Menschheit eingepr\u00e4gt wurde&#8230; Wissen-schaft schafft Glaubens-Grunds\u00e4tze .. nach denen die Menschheit lebt und handelt UND re-agiert.<br \/>\nJa, es gibt einen Weg heraus .. und NUR den EINEN .. es ist genau DAS was der MOND &#8211; der kosmische Tonangeber unseres Planeten &#8211; repr\u00e4sentiert:<br \/>\ndie zwei Seiten &#8230; das &#8222;get\u00fcrkte&#8220; Glauben der dunkeln Seite .. und das LICHTE Glauben &#8211; der Glauben an das LICHT als Quelle allen Lebens.<br \/>\nUnd der SCHL\u00dcSSEL diese LICHTE Seite zu erreichen .. ist auch der MOND bzw. &#8211; die SEELE .. denn &#8222;Der MOND ist f\u00fcr die SEELE das was die SEELE f\u00fcr den Menschen ist&#8220;.<br \/>\nW\u00fcrde JEDER Mensch den Tag mit dem LEBENSSTROM und\/oder dem Mondstrom beginnen &#8230; sich SELBST als die QUELLE visualisierend .. und die Realit\u00e4t darauf hervorkommend sehend &#8230;denn die Realit\u00e4t erschafft der MENSCH SELBST &#8211; immer wieder .. aus der QUELLE!<br \/>\n&#8230; k\u00f6nnte keine Krankheit mehr &#8222;Fu\u00df&#8220; fassen &#8230; haften bleiben .. kein Virus w\u00fcrde krankhaft wirken &#8230; Alter-ung g\u00e4be es nicht ..<br \/>\ndenn der MENSCH manifestert DAS mit dem er sich IDENTIFIZERT.<br \/>\nEs ist <a href=\"https:\/\/amzn.to\/2lbjd6l  .\">&#8222;Der Mond und der kosmische Code der Sch\u00f6pfung&#8220;<\/a> https:\/\/amzn.to\/2lbjd6l  .<br \/>\nJA, ich sage hiermit: dieses Buch kann die WELT ver\u00e4ndern wenn die Menschen es LEBEN &#8211; denn es will GELEBT werden&#8230;<br \/>\nund in dem Moment wo eine bestimmte Anzahl der Menschen diese Umkehr vollbracht hat .. wird es kippen .. der TRUG wird nicht mehr haften bleiben &#8230; er wird vergehen &#8230; im Nebel &#8230; denn das ist Trug .. gehaltener Nebel &#8230;<\/p>\n<p><a href=\"http:\/\/www.irenelauretti.com\/wp-content\/uploads\/2021\/09\/90485532_2516450651926338_1244592749701758976_n.jpg\" data-rel=\"lightbox-image-0\" data-rl_title=\"\" data-rl_caption=\"\" title=\"\"><img fetchpriority=\"high\" decoding=\"async\" src=\"http:\/\/www.irenelauretti.com\/wp-content\/uploads\/2021\/09\/90485532_2516450651926338_1244592749701758976_n.jpg\" alt=\"90485532_2516450651926338_1244592749701758976_n\" width=\"945\" height=\"1260\" class=\"aligncenter size-full wp-image-2783\" srcset=\"https:\/\/www.irenelauretti.com\/wp-content\/uploads\/2021\/09\/90485532_2516450651926338_1244592749701758976_n.jpg 945w, https:\/\/www.irenelauretti.com\/wp-content\/uploads\/2021\/09\/90485532_2516450651926338_1244592749701758976_n-225x300.jpg 225w, https:\/\/www.irenelauretti.com\/wp-content\/uploads\/2021\/09\/90485532_2516450651926338_1244592749701758976_n-768x1024.jpg 768w, https:\/\/www.irenelauretti.com\/wp-content\/uploads\/2021\/09\/90485532_2516450651926338_1244592749701758976_n-700x933.jpg 700w, https:\/\/www.irenelauretti.com\/wp-content\/uploads\/2021\/09\/90485532_2516450651926338_1244592749701758976_n-690x920.jpg 690w, https:\/\/www.irenelauretti.com\/wp-content\/uploads\/2021\/09\/90485532_2516450651926338_1244592749701758976_n-330x440.jpg 330w, https:\/\/www.irenelauretti.com\/wp-content\/uploads\/2021\/09\/90485532_2516450651926338_1244592749701758976_n-240x320.jpg 240w, https:\/\/www.irenelauretti.com\/wp-content\/uploads\/2021\/09\/90485532_2516450651926338_1244592749701758976_n-500x666.jpg 500w\" sizes=\"(max-width: 945px) 100vw, 945px\" \/><\/a><\/p>\n<p><a href=\"http:\/\/www.irenelauretti.com\/wp-content\/uploads\/2013\/09\/Logo_mobile.png\" data-rel=\"lightbox-image-1\" data-rl_title=\"\" data-rl_caption=\"\" title=\"\"><img decoding=\"async\" src=\"http:\/\/www.irenelauretti.com\/wp-content\/uploads\/2013\/09\/Logo_mobile.png\" alt=\"Logo_mobile\" width=\"360\" height=\"226\" class=\"aligncenter size-full wp-image-297\" srcset=\"https:\/\/www.irenelauretti.com\/wp-content\/uploads\/2013\/09\/Logo_mobile.png 360w, https:\/\/www.irenelauretti.com\/wp-content\/uploads\/2013\/09\/Logo_mobile-300x188.png 300w, https:\/\/www.irenelauretti.com\/wp-content\/uploads\/2013\/09\/Logo_mobile-330x207.png 330w, https:\/\/www.irenelauretti.com\/wp-content\/uploads\/2013\/09\/Logo_mobile-90x56.png 90w, https:\/\/www.irenelauretti.com\/wp-content\/uploads\/2013\/09\/Logo_mobile-150x94.png 150w\" sizes=\"(max-width: 360px) 100vw, 360px\" \/><\/a><\/p>","protected":false},"excerpt":{"rendered":"<p>VIREN k\u00f6nnen Menschen nur dann und deshalb etwas anhaben &#8230; weil sie von Menschen als &#8222;schadhaft&#8220; anerkannt worden sind, es so ins Kollektivbewusstsein der Menschheit eingepr\u00e4gt wurde&#8230; Wissen-schaft schafft Glaubens-Grunds\u00e4tze .. nach denen die Menschheit lebt und handelt UND re-agiert. Ja, es gibt einen Weg heraus .. und NUR den EINEN .. es ist genau [&hellip;]<\/p>\n","protected":false},"author":2,"featured_media":0,"comment_status":"open","ping_status":"open","sticky":false,"template":"","format":"standard","meta":{"_coblocks_attr":"","_coblocks_dimensions":"","_coblocks_responsive_height":"","_coblocks_accordion_ie_support":"","ocean_post_layout":"","ocean_both_sidebars_style":"","ocean_both_sidebars_content_width":0,"ocean_both_sidebars_sidebars_width":0,"ocean_sidebar":"","ocean_second_sidebar":"","ocean_disable_margins":"enable","ocean_add_body_class":"","ocean_shortcode_before_top_bar":"","ocean_shortcode_after_top_bar":"","ocean_shortcode_before_header":"","ocean_shortcode_after_header":"","ocean_has_shortcode":"","ocean_shortcode_after_title":"","ocean_shortcode_before_footer_widgets":"","ocean_shortcode_after_footer_widgets":"","ocean_shortcode_before_footer_bottom":"","ocean_shortcode_after_footer_bottom":"","ocean_display_top_bar":"default","ocean_display_header":"default","ocean_header_style":"","ocean_center_header_left_menu":"","ocean_custom_header_template":"","ocean_custom_logo":0,"ocean_custom_retina_logo":0,"ocean_custom_logo_max_width":0,"ocean_custom_logo_tablet_max_width":0,"ocean_custom_logo_mobile_max_width":0,"ocean_custom_logo_max_height":0,"ocean_custom_logo_tablet_max_height":0,"ocean_custom_logo_mobile_max_height":0,"ocean_header_custom_menu":"","ocean_menu_typo_font_family":"","ocean_menu_typo_font_subset":"","ocean_menu_typo_font_size":0,"ocean_menu_typo_font_size_tablet":0,"ocean_menu_typo_font_size_mobile":0,"ocean_menu_typo_font_size_unit":"px","ocean_menu_typo_font_weight":"","ocean_menu_typo_font_weight_tablet":"","ocean_menu_typo_font_weight_mobile":"","ocean_menu_typo_transform":"","ocean_menu_typo_transform_tablet":"","ocean_menu_typo_transform_mobile":"","ocean_menu_typo_line_height":0,"ocean_menu_typo_line_height_tablet":0,"ocean_menu_typo_line_height_mobile":0,"ocean_menu_typo_line_height_unit":"","ocean_menu_typo_spacing":0,"ocean_menu_typo_spacing_tablet":0,"ocean_menu_typo_spacing_mobile":0,"ocean_menu_typo_spacing_unit":"","ocean_menu_link_color":"","ocean_menu_link_color_hover":"","ocean_menu_link_color_active":"","ocean_menu_link_background":"","ocean_menu_link_hover_background":"","ocean_menu_link_active_background":"","ocean_menu_social_links_bg":"","ocean_menu_social_hover_links_bg":"","ocean_menu_social_links_color":"","ocean_menu_social_hover_links_color":"","ocean_disable_title":"default","ocean_disable_heading":"default","ocean_post_title":"","ocean_post_subheading":"","ocean_post_title_style":"","ocean_post_title_background_color":"","ocean_post_title_background":0,"ocean_post_title_bg_image_position":"","ocean_post_title_bg_image_attachment":"","ocean_post_title_bg_image_repeat":"","ocean_post_title_bg_image_size":"","ocean_post_title_height":0,"ocean_post_title_bg_overlay":0.5,"ocean_post_title_bg_overlay_color":"","ocean_disable_breadcrumbs":"default","ocean_breadcrumbs_color":"","ocean_breadcrumbs_separator_color":"","ocean_breadcrumbs_links_color":"","ocean_breadcrumbs_links_hover_color":"","ocean_display_footer_widgets":"default","ocean_display_footer_bottom":"default","ocean_custom_footer_template":"","omw_enable_modal_window":"enable","_themeisle_gutenberg_block_has_review":false,"ocean_post_oembed":"","ocean_post_self_hosted_media":"","ocean_post_video_embed":"","ocean_link_format":"","ocean_link_format_target":"self","ocean_quote_format":"","ocean_quote_format_link":"post","ocean_gallery_link_images":"on","ocean_gallery_id":[],"footnotes":""},"categories":[33,338,337],"tags":[57,508,489,490,50,54,56,77,76,266,495,201,140],"class_list":["post-2782","post","type-post","status-publish","format-standard","hentry","category-der-mond-und-der-kosmische-code-der-schopfung","category-die-grose-umkehr-zum-licht-mensch","category-licht-mensch","tag-achtsamkeit","tag-bewusstsein","tag-der-mond-und-der-kosmische-code-der-schopfung","tag-energieheilen","tag-energiestrome","tag-heilen","tag-jin-shin-jyutsu","tag-kleiner-himmelszyklus","tag-lebensstrom","tag-licht","tag-mond","tag-organe","tag-zodiak","entry"],"yoast_head":"<!-- This site is optimized with the Yoast SEO plugin v27.4 - https:\/\/yoast.com\/product\/yoast-seo-wordpress\/ -->\n<title>Die gro\u00dfe UMKEHR zum LICHT  - irenelauretti.com<\/title>\n<meta name=\"robots\" content=\"index, follow, max-snippet:-1, max-image-preview:large, max-video-preview:-1\" \/>\n<link rel=\"canonical\" href=\"https:\/\/www.irenelauretti.com\/de\/deutsch-die-grose-umkehr-zum-licht\/\" \/>\n<meta name=\"twitter:card\" content=\"summary_large_image\" \/>\n<meta name=\"twitter:title\" content=\"Die gro\u00dfe UMKEHR zum LICHT  - irenelauretti.com\" \/>\n<meta name=\"twitter:description\" content=\"VIREN k\u00f6nnen Menschen nur dann und deshalb etwas anhaben &#8230; weil sie von Menschen als &#8222;schadhaft&#8220; anerkannt worden sind, es so ins Kollektivbewusstsein der Menschheit eingepr\u00e4gt wurde&#8230; Wissen-schaft schafft Glaubens-Grunds\u00e4tze .. nach denen die Menschheit lebt und handelt UND re-agiert. Ja, es gibt einen Weg heraus .. und NUR den EINEN .. es ist genau [&hellip;]\" \/>\n<meta name=\"twitter:image\" content=\"http:\/\/www.irenelauretti.com\/wp-content\/uploads\/2021\/09\/90485532_2516450651926338_1244592749701758976_n.jpg\" \/>\n<meta name=\"twitter:label1\" content=\"Verfasst von\" \/>\n\t<meta name=\"twitter:data1\" content=\"Irene Lauretti\" \/>\n\t<meta name=\"twitter:label2\" content=\"Gesch\u00e4tzte Lesezeit\" \/>\n\t<meta name=\"twitter:data2\" content=\"1\u00a0Minute\" \/>\n<script type=\"application\/ld+json\" class=\"yoast-schema-graph\">{\"@context\":\"https:\\\/\\\/schema.org\",\"@graph\":[{\"@type\":\"Article\",\"@id\":\"https:\\\/\\\/www.irenelauretti.com\\\/deutsch-die-grose-umkehr-zum-licht\\\/#article\",\"isPartOf\":{\"@id\":\"https:\\\/\\\/www.irenelauretti.com\\\/deutsch-die-grose-umkehr-zum-licht\\\/\"},\"author\":{\"name\":\"Irene Lauretti\",\"@id\":\"https:\\\/\\\/www.irenelauretti.com\\\/#\\\/schema\\\/person\\\/692dd8be38a44ae26e451ac8e1d35f4d\"},\"headline\":\"Die gro\u00dfe UMKEHR zum LICHT\",\"datePublished\":\"2021-09-12T08:23:20+00:00\",\"mainEntityOfPage\":{\"@id\":\"https:\\\/\\\/www.irenelauretti.com\\\/deutsch-die-grose-umkehr-zum-licht\\\/\"},\"wordCount\":277,\"commentCount\":0,\"publisher\":{\"@id\":\"https:\\\/\\\/www.irenelauretti.com\\\/#organization\"},\"image\":{\"@id\":\"https:\\\/\\\/www.irenelauretti.com\\\/deutsch-die-grose-umkehr-zum-licht\\\/#primaryimage\"},\"thumbnailUrl\":\"http:\\\/\\\/www.irenelauretti.com\\\/wp-content\\\/uploads\\\/2021\\\/09\\\/90485532_2516450651926338_1244592749701758976_n.jpg\",\"keywords\":[\"Achtsamkeit\",\"Bewusstsein\",\"Der Mond und der kosmische Code der Sch\u00f6pfung\",\"Energieheilen\",\"Energiestr\u00f6me\",\"Heilen\",\"Jin Shin Jyutsu\",\"Kleiner Himmelszyklus\",\"Lebensstrom\",\"Licht\",\"Mond\",\"Organe\",\"Zodiak\"],\"articleSection\":[\"Der Mond und der kosmische Code der Sch\u00f6pfung\",\"Die gro\u00dfe Umkehr zum Licht-Mensch\",\"Licht-Mensch\"],\"inLanguage\":\"de\",\"potentialAction\":[{\"@type\":\"CommentAction\",\"name\":\"Comment\",\"target\":[\"https:\\\/\\\/www.irenelauretti.com\\\/deutsch-die-grose-umkehr-zum-licht\\\/#respond\"]}]},{\"@type\":\"WebPage\",\"@id\":\"https:\\\/\\\/www.irenelauretti.com\\\/de\\\/deutsch-die-grose-umkehr-zum-licht\\\/\",\"url\":\"https:\\\/\\\/www.irenelauretti.com\\\/de\\\/deutsch-die-grose-umkehr-zum-licht\\\/\",\"name\":\"Die gro\u00dfe UMKEHR zum LICHT  - irenelauretti.com\",\"isPartOf\":{\"@id\":\"https:\\\/\\\/www.irenelauretti.com\\\/de\\\/#website\"},\"primaryImageOfPage\":{\"@id\":\"https:\\\/\\\/www.irenelauretti.com\\\/de\\\/deutsch-die-grose-umkehr-zum-licht\\\/#primaryimage\"},\"image\":{\"@id\":\"https:\\\/\\\/www.irenelauretti.com\\\/deutsch-die-grose-umkehr-zum-licht\\\/#primaryimage\"},\"thumbnailUrl\":\"http:\\\/\\\/www.irenelauretti.com\\\/wp-content\\\/uploads\\\/2021\\\/09\\\/90485532_2516450651926338_1244592749701758976_n.jpg\",\"datePublished\":\"2021-09-12T08:23:20+00:00\",\"breadcrumb\":{\"@id\":\"https:\\\/\\\/www.irenelauretti.com\\\/de\\\/deutsch-die-grose-umkehr-zum-licht\\\/#breadcrumb\"},\"inLanguage\":\"de\",\"potentialAction\":[{\"@type\":\"ReadAction\",\"target\":[[\"https:\\\/\\\/www.irenelauretti.com\\\/de\\\/deutsch-die-grose-umkehr-zum-licht\\\/\"]]}]},{\"@type\":\"ImageObject\",\"inLanguage\":\"de\",\"@id\":\"https:\\\/\\\/www.irenelauretti.com\\\/de\\\/deutsch-die-grose-umkehr-zum-licht\\\/#primaryimage\",\"url\":\"http:\\\/\\\/www.irenelauretti.com\\\/wp-content\\\/uploads\\\/2021\\\/09\\\/90485532_2516450651926338_1244592749701758976_n.jpg\",\"contentUrl\":\"http:\\\/\\\/www.irenelauretti.com\\\/wp-content\\\/uploads\\\/2021\\\/09\\\/90485532_2516450651926338_1244592749701758976_n.jpg\"},{\"@type\":\"BreadcrumbList\",\"@id\":\"https:\\\/\\\/www.irenelauretti.com\\\/de\\\/deutsch-die-grose-umkehr-zum-licht\\\/#breadcrumb\",\"itemListElement\":[{\"@type\":\"ListItem\",\"position\":1,\"name\":\"Start\",\"item\":\"https:\\\/\\\/www.irenelauretti.com\\\/de\\\/\"},{\"@type\":\"ListItem\",\"position\":2,\"name\":\"Die gro\u00dfe UMKEHR zum LICHT\"}]},{\"@type\":\"WebSite\",\"@id\":\"https:\\\/\\\/www.irenelauretti.com\\\/de\\\/#website\",\"url\":\"https:\\\/\\\/www.irenelauretti.com\\\/de\\\/\",\"name\":\"irenelauretti.com\",\"description\":\"Autorin Mystikerin Heilerin Vision\u00e4rin\",\"publisher\":{\"@id\":\"https:\\\/\\\/www.irenelauretti.com\\\/de\\\/#organization\"},\"potentialAction\":[{\"@type\":\"SearchAction\",\"target\":{\"@type\":\"EntryPoint\",\"urlTemplate\":\"https:\\\/\\\/www.irenelauretti.com\\\/de\\\/?s={search_term_string}\"},\"query-input\":{\"@type\":\"PropertyValueSpecification\",\"valueRequired\":true,\"valueName\":\"search_term_string\"}}],\"inLanguage\":\"de\"},{\"@type\":\"Organization\",\"@id\":\"https:\\\/\\\/www.irenelauretti.com\\\/de\\\/#organization\",\"name\":\"irenelauretti.com\",\"url\":\"https:\\\/\\\/www.irenelauretti.com\\\/de\\\/\",\"logo\":{\"@type\":\"ImageObject\",\"inLanguage\":\"de\",\"@id\":\"https:\\\/\\\/www.irenelauretti.com\\\/de\\\/#\\\/schema\\\/logo\\\/image\\\/\",\"url\":\"https:\\\/\\\/www.irenelauretti.com\\\/wp-content\\\/uploads\\\/2013\\\/08\\\/Logo_with.png\",\"contentUrl\":\"https:\\\/\\\/www.irenelauretti.com\\\/wp-content\\\/uploads\\\/2013\\\/08\\\/Logo_with.png\",\"width\":180,\"height\":113,\"caption\":\"irenelauretti.com\"},\"image\":{\"@id\":\"https:\\\/\\\/www.irenelauretti.com\\\/de\\\/#\\\/schema\\\/logo\\\/image\\\/\"}},{\"@type\":\"Person\",\"@id\":\"https:\\\/\\\/www.irenelauretti.com\\\/#\\\/schema\\\/person\\\/692dd8be38a44ae26e451ac8e1d35f4d\",\"name\":\"Irene Lauretti\",\"image\":{\"@type\":\"ImageObject\",\"inLanguage\":\"de\",\"@id\":\"https:\\\/\\\/secure.gravatar.com\\\/avatar\\\/fc11751010b28816d1d3f43dfe9b51d964b6d1ace79d23ea8873bf0f0cf231ea?s=96&d=mm&r=g\",\"url\":\"https:\\\/\\\/secure.gravatar.com\\\/avatar\\\/fc11751010b28816d1d3f43dfe9b51d964b6d1ace79d23ea8873bf0f0cf231ea?s=96&d=mm&r=g\",\"contentUrl\":\"https:\\\/\\\/secure.gravatar.com\\\/avatar\\\/fc11751010b28816d1d3f43dfe9b51d964b6d1ace79d23ea8873bf0f0cf231ea?s=96&d=mm&r=g\",\"caption\":\"Irene Lauretti\"},\"sameAs\":[\"http:\\\/\\\/www.irenelauretti.com\"],\"url\":\"https:\\\/\\\/www.irenelauretti.com\\\/de\\\/author\\\/ilauretti\\\/\"}]}<\/script>\n<!-- \/ Yoast SEO plugin. -->","yoast_head_json":{"title":"Die gro\u00dfe UMKEHR zum LICHT  - irenelauretti.com","robots":{"index":"index","follow":"follow","max-snippet":"max-snippet:-1","max-image-preview":"max-image-preview:large","max-video-preview":"max-video-preview:-1"},"canonical":"https:\/\/www.irenelauretti.com\/de\/deutsch-die-grose-umkehr-zum-licht\/","twitter_card":"summary_large_image","twitter_title":"Die gro\u00dfe UMKEHR zum LICHT  - irenelauretti.com","twitter_description":"VIREN k\u00f6nnen Menschen nur dann und deshalb etwas anhaben &#8230; weil sie von Menschen als &#8222;schadhaft&#8220; anerkannt worden sind, es so ins Kollektivbewusstsein der Menschheit eingepr\u00e4gt wurde&#8230; Wissen-schaft schafft Glaubens-Grunds\u00e4tze .. nach denen die Menschheit lebt und handelt UND re-agiert. Ja, es gibt einen Weg heraus .. und NUR den EINEN .. es ist genau [&hellip;]","twitter_image":"http:\/\/www.irenelauretti.com\/wp-content\/uploads\/2021\/09\/90485532_2516450651926338_1244592749701758976_n.jpg","twitter_misc":{"Verfasst von":"Irene Lauretti","Gesch\u00e4tzte Lesezeit":"1\u00a0Minute"},"schema":{"@context":"https:\/\/schema.org","@graph":[{"@type":"Article","@id":"https:\/\/www.irenelauretti.com\/deutsch-die-grose-umkehr-zum-licht\/#article","isPartOf":{"@id":"https:\/\/www.irenelauretti.com\/deutsch-die-grose-umkehr-zum-licht\/"},"author":{"name":"Irene Lauretti","@id":"https:\/\/www.irenelauretti.com\/#\/schema\/person\/692dd8be38a44ae26e451ac8e1d35f4d"},"headline":"Die gro\u00dfe UMKEHR zum LICHT","datePublished":"2021-09-12T08:23:20+00:00","mainEntityOfPage":{"@id":"https:\/\/www.irenelauretti.com\/deutsch-die-grose-umkehr-zum-licht\/"},"wordCount":277,"commentCount":0,"publisher":{"@id":"https:\/\/www.irenelauretti.com\/#organization"},"image":{"@id":"https:\/\/www.irenelauretti.com\/deutsch-die-grose-umkehr-zum-licht\/#primaryimage"},"thumbnailUrl":"http:\/\/www.irenelauretti.com\/wp-content\/uploads\/2021\/09\/90485532_2516450651926338_1244592749701758976_n.jpg","keywords":["Achtsamkeit","Bewusstsein","Der Mond und der kosmische Code der Sch\u00f6pfung","Energieheilen","Energiestr\u00f6me","Heilen","Jin Shin Jyutsu","Kleiner Himmelszyklus","Lebensstrom","Licht","Mond","Organe","Zodiak"],"articleSection":["Der Mond und der kosmische Code der Sch\u00f6pfung","Die gro\u00dfe Umkehr zum Licht-Mensch","Licht-Mensch"],"inLanguage":"de","potentialAction":[{"@type":"CommentAction","name":"Comment","target":["https:\/\/www.irenelauretti.com\/deutsch-die-grose-umkehr-zum-licht\/#respond"]}]},{"@type":"WebPage","@id":"https:\/\/www.irenelauretti.com\/de\/deutsch-die-grose-umkehr-zum-licht\/","url":"https:\/\/www.irenelauretti.com\/de\/deutsch-die-grose-umkehr-zum-licht\/","name":"Die gro\u00dfe UMKEHR zum LICHT  - irenelauretti.com","isPartOf":{"@id":"https:\/\/www.irenelauretti.com\/de\/#website"},"primaryImageOfPage":{"@id":"https:\/\/www.irenelauretti.com\/de\/deutsch-die-grose-umkehr-zum-licht\/#primaryimage"},"image":{"@id":"https:\/\/www.irenelauretti.com\/deutsch-die-grose-umkehr-zum-licht\/#primaryimage"},"thumbnailUrl":"http:\/\/www.irenelauretti.com\/wp-content\/uploads\/2021\/09\/90485532_2516450651926338_1244592749701758976_n.jpg","datePublished":"2021-09-12T08:23:20+00:00","breadcrumb":{"@id":"https:\/\/www.irenelauretti.com\/de\/deutsch-die-grose-umkehr-zum-licht\/#breadcrumb"},"inLanguage":"de","potentialAction":[{"@type":"ReadAction","target":[["https:\/\/www.irenelauretti.com\/de\/deutsch-die-grose-umkehr-zum-licht\/"]]}]},{"@type":"ImageObject","inLanguage":"de","@id":"https:\/\/www.irenelauretti.com\/de\/deutsch-die-grose-umkehr-zum-licht\/#primaryimage","url":"http:\/\/www.irenelauretti.com\/wp-content\/uploads\/2021\/09\/90485532_2516450651926338_1244592749701758976_n.jpg","contentUrl":"http:\/\/www.irenelauretti.com\/wp-content\/uploads\/2021\/09\/90485532_2516450651926338_1244592749701758976_n.jpg"},{"@type":"BreadcrumbList","@id":"https:\/\/www.irenelauretti.com\/de\/deutsch-die-grose-umkehr-zum-licht\/#breadcrumb","itemListElement":[{"@type":"ListItem","position":1,"name":"Start","item":"https:\/\/www.irenelauretti.com\/de\/"},{"@type":"ListItem","position":2,"name":"Die gro\u00dfe UMKEHR zum LICHT"}]},{"@type":"WebSite","@id":"https:\/\/www.irenelauretti.com\/de\/#website","url":"https:\/\/www.irenelauretti.com\/de\/","name":"irenelauretti.com","description":"Autorin Mystikerin Heilerin Vision\u00e4rin","publisher":{"@id":"https:\/\/www.irenelauretti.com\/de\/#organization"},"potentialAction":[{"@type":"SearchAction","target":{"@type":"EntryPoint","urlTemplate":"https:\/\/www.irenelauretti.com\/de\/?s={search_term_string}"},"query-input":{"@type":"PropertyValueSpecification","valueRequired":true,"valueName":"search_term_string"}}],"inLanguage":"de"},{"@type":"Organization","@id":"https:\/\/www.irenelauretti.com\/de\/#organization","name":"irenelauretti.com","url":"https:\/\/www.irenelauretti.com\/de\/","logo":{"@type":"ImageObject","inLanguage":"de","@id":"https:\/\/www.irenelauretti.com\/de\/#\/schema\/logo\/image\/","url":"https:\/\/www.irenelauretti.com\/wp-content\/uploads\/2013\/08\/Logo_with.png","contentUrl":"https:\/\/www.irenelauretti.com\/wp-content\/uploads\/2013\/08\/Logo_with.png","width":180,"height":113,"caption":"irenelauretti.com"},"image":{"@id":"https:\/\/www.irenelauretti.com\/de\/#\/schema\/logo\/image\/"}},{"@type":"Person","@id":"https:\/\/www.irenelauretti.com\/#\/schema\/person\/692dd8be38a44ae26e451ac8e1d35f4d","name":"Irene Lauretti","image":{"@type":"ImageObject","inLanguage":"de","@id":"https:\/\/secure.gravatar.com\/avatar\/fc11751010b28816d1d3f43dfe9b51d964b6d1ace79d23ea8873bf0f0cf231ea?s=96&d=mm&r=g","url":"https:\/\/secure.gravatar.com\/avatar\/fc11751010b28816d1d3f43dfe9b51d964b6d1ace79d23ea8873bf0f0cf231ea?s=96&d=mm&r=g","contentUrl":"https:\/\/secure.gravatar.com\/avatar\/fc11751010b28816d1d3f43dfe9b51d964b6d1ace79d23ea8873bf0f0cf231ea?s=96&d=mm&r=g","caption":"Irene Lauretti"},"sameAs":["http:\/\/www.irenelauretti.com"],"url":"https:\/\/www.irenelauretti.com\/de\/author\/ilauretti\/"}]}},"cc_featured_image_caption":{"caption_text":"","source_text":"","source_url":""},"_links":{"self":[{"href":"https:\/\/www.irenelauretti.com\/de\/wp-json\/wp\/v2\/posts\/2782","targetHints":{"allow":["GET"]}}],"collection":[{"href":"https:\/\/www.irenelauretti.com\/de\/wp-json\/wp\/v2\/posts"}],"about":[{"href":"https:\/\/www.irenelauretti.com\/de\/wp-json\/wp\/v2\/types\/post"}],"author":[{"embeddable":true,"href":"https:\/\/www.irenelauretti.com\/de\/wp-json\/wp\/v2\/users\/2"}],"replies":[{"embeddable":true,"href":"https:\/\/www.irenelauretti.com\/de\/wp-json\/wp\/v2\/comments?post=2782"}],"version-history":[{"count":1,"href":"https:\/\/www.irenelauretti.com\/de\/wp-json\/wp\/v2\/posts\/2782\/revisions"}],"predecessor-version":[{"id":2784,"href":"https:\/\/www.irenelauretti.com\/de\/wp-json\/wp\/v2\/posts\/2782\/revisions\/2784"}],"wp:attachment":[{"href":"https:\/\/www.irenelauretti.com\/de\/wp-json\/wp\/v2\/media?parent=2782"}],"wp:term":[{"taxonomy":"category","embeddable":true,"href":"https:\/\/www.irenelauretti.com\/de\/wp-json\/wp\/v2\/categories?post=2782"},{"taxonomy":"post_tag","embeddable":true,"href":"https:\/\/www.irenelauretti.com\/de\/wp-json\/wp\/v2\/tags?post=2782"}],"curies":[{"name":"wp","href":"https:\/\/api.w.org\/{rel}","templated":true}]}}