{"id":2958,"date":"2022-12-17T19:02:28","date_gmt":"2022-12-17T19:02:28","guid":{"rendered":"http:\/\/www.irenelauretti.com\/?p=2958"},"modified":"2022-12-17T19:02:28","modified_gmt":"2022-12-17T19:02:28","slug":"deutsch-als-ich-vor-das-himmelstor-schwebte-den-rauhnachten-2011-12","status":"publish","type":"post","link":"https:\/\/www.irenelauretti.com\/de\/deutsch-als-ich-vor-das-himmelstor-schwebte-den-rauhnachten-2011-12\/","title":{"rendered":"Als ich vor das Himmelstor schwebte &#8211; an den Rauhn\u00e4chten 2011 \/12"},"content":{"rendered":"<p><\/p>\n<div dir=\"auto\">\n<div id=\"jsc_c_2mh\">\n<div>W\u00e4hrend der Rauhn\u00e4chte &#8230; vor <b>11 Jahren <\/b>&#8211; 11 = <b>HIMMELSTOR <\/b>&#8211; entschwebte ich dem K\u00f6rper &#8230; man nennt es auch &#8222;Nahtoderfahrung&#8220; &#8230; und sp\u00e4ter wu\u00dfte ich dann auch, warum es so war&#8230;<\/div>\n<div>ich hatte bereits 3 Jahre geschrieben &#8230; an (m)einem Buch, welches in Wahrheit mein gesamtes Leben bereits in mir gekeimt hatte &#8230; es war die Frucht meiner jahrelangen Suche nach<\/div>\n<div>&#8222;dem Schl\u00fcssel zu vollkommener Gesundheit&#8220; &#8230;<\/div>\n<div>und den Schl\u00fcssel hatte ich w\u00e4hrend einer ergreifenden Erfahrung zwar 3 Jahre zuvor im MOND gefunden &#8211; bzw. in der &#8222;Beziehung&#8220; der <b>SEELE<\/b> zum <b>MOND<\/b> &#8211;<\/div>\n<div>doch das Verst\u00e4ndnis f\u00fcr das &#8222;warum&#8220; war noch nicht in mich eingedrungen &#8230; ich f\u00fchlte etwas, was ich &#8222;noch nicht in Worte fassen konnte, ich konnte es noch nicht greifen&#8220; &#8230;<\/div>\n<div>&#8230; ich war &#8211; wie so oft kurz vor ERF\u00dcLLUNG &#8230; in der &#8222;Krise&#8220; &#8230; hatte &#8222;ein Buch&#8220;, doch ich wu\u00dfte, das ist es noch nicht &#8230; etwas fehlt &#8230;.<\/div>\n<div>und dann begann im Oktober 2011 sprichw\u00f6rtlich mein Herz zu rasen &#8230; Tag und Nacht &#8230; die Brust f\u00f6rmlich zerprengend &#8230; und nichts half &#8230;<\/div>\n<div>&#8230; mir blieb nichts anderes \u00fcbrig, als mich hinzugeben&#8230;(wobei es genau darum geht) &#8230;<\/div>\n<div>&#8230; bis zu der Rauhnacht &#8230; zwischen Weihnachten und Neujahr 2011\/12&#8230;.<\/div>\n<div>mitten in der Nacht, wo ich sp\u00fcrte &#8230; ich verlasse nun den K\u00f6rper &#8230; ich sterbe nun &#8230; und leicht wie eine Feder die &#8222;steile Stra\u00dfe&#8220; gen Himmel schwebte &#8230; an das wundervolle Himmelsportal kam &#8230;<\/div>\n<div>und ja, ich WOLLTE HINEIN &#8230;<\/div>\n<div>doch wurde in dem Moment zur\u00fcckgezogen durch etwas, was mir am Portal selbst an das rechte Hangelenk geheftet worden war &#8230; was da waren mehrere wundervolle Ballons an Schn\u00fcren &#8230; geb\u00fcndeltes Sch\u00f6pfungswissen, JETZT bereit in die Welt durch die SCHRIFT (daher am rechten Handgelenk&#8220; LOSgelassen zu werden !<\/div>\n<div>und so kam ich wieder in den K\u00f6rper &#8230; die Einweihung am Himmelstor hatte den K\u00f6rper derart eingestellt &#8230; dass er diese hohe Sch\u00f6pfugswissen-Schwingung nun &#8222;ertragen&#8220; konnte, ohne zu zerbersten &#8230;<\/div>\n<div>und das Herzrasen &#8211; welches , wie ich sp\u00e4ter erst wu\u00dfte &#8211; den K\u00f6rper &#8222;vorbereitet hatte bzw. das Herz hatte Schwierirgkeiten, diese Schwingung umzusetzen&#8220; &#8230;<\/div>\n<div>hatte sich g\u00e4nzlich gelegt.<\/div>\n<div>3 (!!) Tage sp\u00e4ter erhielt ich die Aufforderung mich an meinen wundervollen Schreibtisch zu setzen (siehe Foto, dort entstand der Sch\u00f6pfungscode) &#8230; und AN ZU NEHMEN &#8211; auch wenn ich es noch nicht verstand!<\/div>\n<div>Ja, ein innerer Kampf! Denn der Verstand meinte anderes schreiben zu wollen &#8211; doch die WAHRHEIT siegte &#8211; es GING nicht anders &#8211; denn ich wurde nicht in Ruhe gelassen, bis es SO WAR WIE ES SEIN SOLLTE!<\/div>\n<div>Gleichzeitig &#8211; nach jedem Kapitel &#8211; &#8222;h\u00e4utete&#8220; sich der K\u00f6rper, die Vergangenheit &#8211; und ich wurde ein neuer Mensch &#8230; sichtlich &#8230; die Menschen erkannten mich auch \u00e4u\u00dferlich nicht mehr &#8230; das Innere bewirkte die Wandlung &#8211; das ist der Sch\u00f6pfungscode.<\/div>\n<div>Das ist<\/div>\n<div><a href=\" https:\/\/amzn.to\/2lbjd6l \"><strong>&#8222;Der Mond und der kosmische Code der Sch\u00f6pfung&#8220;<\/strong> <\/a>&#8230;<\/div>\n<div><\/div>\n<div>dessen Erf\u00fcllung ich exakt 10 Jahre sp\u00e4ter &#8211; nach Durchreifung und unendlich vielen Schick-Sals-Schl\u00e4gen vollendete mit und durch<\/div>\n<div><\/div>\n<div><a href=\"https:\/\/amzn.to\/3jzgVJ1\"><strong>&#8222;Die gro\u00dfe Umkehr zum LICHT-Mensch&#8220;\u00a0\u00a0 <\/strong><\/a><\/div>\n<div><\/div>\n<div><b>\u00a0 <\/b>&#8230; denn darum geht es! &#8211; im und durch den Sch\u00f6pfungscode!<\/div>\n<div>Du kannst meinen Erfahrungsbericht \u00fcber die NTE auch in meinem youtube-Kanal <b>&#8222;Irene Lauretti &#8211; Empowering People<\/b>&#8220; <a tabindex=\"0\" role=\"link\" href=\"https:\/\/www.youtube.com\/watch?v=czv0EUa_9L4&amp;fbclid=IwAR1nHLQ6cdmSqevTj1xeLR9WxRVTUQLLuSEXjcOXC2WgSbH1bxUXLMEEudk\" target=\"_blank\" rel=\"nofollow noopener\">https:\/\/www.youtube.com\/watch?v=czv0EUa_9L4<\/a> sehen&#8230;Du findest in dem Kanal auch die Demos ALLER Organstr\u00f6me durch mich &#8211; und den Lebensstrom und hunderte von Stunden Sch\u00f6pfungswissen, alles immer kostenlos &#8211; von Herz zu Herz!<\/div>\n<div>Was ich noch sagen will ist:<\/div>\n<div>das Entschweben war so LEICHT &#8211; so WUNDERVOLL &#8211; warum haben Menschen Angst davor?<\/div>\n<div>Nicht das &#8222;Sterben&#8220; ist schwer &#8211; das UMSETZEN der LebensAUFGABE machen die Menschen sich schwer &#8211;<\/div>\n<div>weil sie den Schwerpunkt auf die K\u00d6RPERLICHKEIT legen &#8230; anstatt auf den GEIST! &#8211; und genau DARUM gehen die beiden oben genannten B\u00fccher &#8211; und diese gro\u00dfe Umkehr, die die Menschheit JETZT aufgefordert ist zu vollziehen! Damit der HIMMEL auf ERDEN manifestiert wird! In und durch und zu LEBzeiten, sprich in und durch die K\u00f6rperlichkeit!<\/div>\n<div><\/div>\n<div><a href=\"http:\/\/www.irenelauretti.com\/wp-content\/uploads\/2022\/12\/20221128_133316.jpg\" data-rel=\"lightbox-image-0\" data-rl_title=\"\" data-rl_caption=\"\" title=\"\"><img fetchpriority=\"high\" decoding=\"async\" class=\"alignright size-large wp-image-2959\" alt=\"20221128_133316\" src=\"http:\/\/www.irenelauretti.com\/wp-content\/uploads\/2022\/12\/20221128_133316-e1671303377247-768x1024.jpg\" width=\"768\" height=\"1024\" srcset=\"https:\/\/www.irenelauretti.com\/wp-content\/uploads\/2022\/12\/20221128_133316-e1671303377247-768x1024.jpg 768w, https:\/\/www.irenelauretti.com\/wp-content\/uploads\/2022\/12\/20221128_133316-e1671303377247-225x300.jpg 225w\" sizes=\"(max-width: 768px) 100vw, 768px\" \/><\/a><\/div>\n<div><\/div>\n<div><\/div>\n<\/div>\n<\/div>\n<p><\/p>","protected":false},"excerpt":{"rendered":"<p>W\u00e4hrend der Rauhn\u00e4chte &#8230; vor 11 Jahren &#8211; 11 = HIMMELSTOR &#8211; entschwebte ich dem K\u00f6rper &#8230; man nennt es auch &#8222;Nahtoderfahrung&#8220; &#8230; und sp\u00e4ter wu\u00dfte ich dann auch, warum es so war&#8230; ich hatte bereits 3 Jahre geschrieben &#8230; an (m)einem Buch, welches in Wahrheit mein gesamtes Leben bereits in mir gekeimt hatte &#8230; [&hellip;]<\/p>\n","protected":false},"author":2,"featured_media":0,"comment_status":"open","ping_status":"open","sticky":false,"template":"","format":"standard","meta":{"_coblocks_attr":"","_coblocks_dimensions":"","_coblocks_responsive_height":"","_coblocks_accordion_ie_support":"","ocean_post_layout":"","ocean_both_sidebars_style":"","ocean_both_sidebars_content_width":0,"ocean_both_sidebars_sidebars_width":0,"ocean_sidebar":"","ocean_second_sidebar":"","ocean_disable_margins":"enable","ocean_add_body_class":"","ocean_shortcode_before_top_bar":"","ocean_shortcode_after_top_bar":"","ocean_shortcode_before_header":"","ocean_shortcode_after_header":"","ocean_has_shortcode":"","ocean_shortcode_after_title":"","ocean_shortcode_before_footer_widgets":"","ocean_shortcode_after_footer_widgets":"","ocean_shortcode_before_footer_bottom":"","ocean_shortcode_after_footer_bottom":"","ocean_display_top_bar":"default","ocean_display_header":"default","ocean_header_style":"","ocean_center_header_left_menu":"","ocean_custom_header_template":"","ocean_custom_logo":0,"ocean_custom_retina_logo":0,"ocean_custom_logo_max_width":0,"ocean_custom_logo_tablet_max_width":0,"ocean_custom_logo_mobile_max_width":0,"ocean_custom_logo_max_height":0,"ocean_custom_logo_tablet_max_height":0,"ocean_custom_logo_mobile_max_height":0,"ocean_header_custom_menu":"","ocean_menu_typo_font_family":"","ocean_menu_typo_font_subset":"","ocean_menu_typo_font_size":0,"ocean_menu_typo_font_size_tablet":0,"ocean_menu_typo_font_size_mobile":0,"ocean_menu_typo_font_size_unit":"px","ocean_menu_typo_font_weight":"","ocean_menu_typo_font_weight_tablet":"","ocean_menu_typo_font_weight_mobile":"","ocean_menu_typo_transform":"","ocean_menu_typo_transform_tablet":"","ocean_menu_typo_transform_mobile":"","ocean_menu_typo_line_height":0,"ocean_menu_typo_line_height_tablet":0,"ocean_menu_typo_line_height_mobile":0,"ocean_menu_typo_line_height_unit":"","ocean_menu_typo_spacing":0,"ocean_menu_typo_spacing_tablet":0,"ocean_menu_typo_spacing_mobile":0,"ocean_menu_typo_spacing_unit":"","ocean_menu_link_color":"","ocean_menu_link_color_hover":"","ocean_menu_link_color_active":"","ocean_menu_link_background":"","ocean_menu_link_hover_background":"","ocean_menu_link_active_background":"","ocean_menu_social_links_bg":"","ocean_menu_social_hover_links_bg":"","ocean_menu_social_links_color":"","ocean_menu_social_hover_links_color":"","ocean_disable_title":"default","ocean_disable_heading":"default","ocean_post_title":"","ocean_post_subheading":"","ocean_post_title_style":"","ocean_post_title_background_color":"","ocean_post_title_background":0,"ocean_post_title_bg_image_position":"","ocean_post_title_bg_image_attachment":"","ocean_post_title_bg_image_repeat":"","ocean_post_title_bg_image_size":"","ocean_post_title_height":0,"ocean_post_title_bg_overlay":0.5,"ocean_post_title_bg_overlay_color":"","ocean_disable_breadcrumbs":"default","ocean_breadcrumbs_color":"","ocean_breadcrumbs_separator_color":"","ocean_breadcrumbs_links_color":"","ocean_breadcrumbs_links_hover_color":"","ocean_display_footer_widgets":"default","ocean_display_footer_bottom":"default","ocean_custom_footer_template":"","omw_enable_modal_window":"enable","_themeisle_gutenberg_block_has_review":false,"ocean_post_oembed":"","ocean_post_self_hosted_media":"","ocean_post_video_embed":"","ocean_link_format":"","ocean_link_format_target":"self","ocean_quote_format":"","ocean_quote_format_link":"post","ocean_gallery_link_images":"on","ocean_gallery_id":[],"footnotes":""},"categories":[48,375,367,33,338,365,44,366,46,314,281,23,143,381,337,247,372,49,382,176,380,274,52],"tags":[57,508,489,490,54,501,56,77,293,76,542,515,524,506,95,63,140],"class_list":["post-2958","post","type-post","status-publish","format-standard","hentry","category-auferstehung","category-bewusstseinsentfaltung","category-der-besondere-mondkalender-gesundheit-in-deiner-hand","category-der-mond-und-der-kosmische-code-der-schopfung","category-die-grose-umkehr-zum-licht-mensch","category-die-umkehr","category-energieheilen","category-entfalte-deine-seele","category-gesundheit","category-gesundheit-in-deiner-hand-der-besondere-mondkalender","category-jin-shin","category-jsj","category-lebensweisheit","category-licht-bewusstsein","category-licht-mensch","category-liebe","category-lunajin-mondgesundheit","category-mond","category-nahtodeserfahrung","category-neubeginn","category-neue-welt","category-seelenzahlen","category-traumata","tag-achtsamkeit","tag-bewusstsein","tag-der-mond-und-der-kosmische-code-der-schopfung","tag-energieheilen","tag-heilen","tag-heilung","tag-jin-shin-jyutsu","tag-kleiner-himmelszyklus","tag-kosmos","tag-lebensstrom","tag-nahtodeserfahrung","tag-numerologie","tag-schopfung","tag-seele","tag-wahres-selbst","tag-weisheit","tag-zodiak","entry"],"yoast_head":"<!-- This site is optimized with the Yoast SEO plugin v27.4 - https:\/\/yoast.com\/product\/yoast-seo-wordpress\/ -->\n<title>Als ich vor das Himmelstor schwebte - an den Rauhn\u00e4chten 2011 \/12  - irenelauretti.com<\/title>\n<meta name=\"robots\" content=\"index, follow, max-snippet:-1, max-image-preview:large, max-video-preview:-1\" \/>\n<link rel=\"canonical\" href=\"https:\/\/www.irenelauretti.com\/de\/deutsch-als-ich-vor-das-himmelstor-schwebte-den-rauhnachten-2011-12\/\" \/>\n<meta name=\"twitter:card\" content=\"summary_large_image\" \/>\n<meta name=\"twitter:title\" content=\"Als ich vor das Himmelstor schwebte - an den Rauhn\u00e4chten 2011 \/12  - irenelauretti.com\" \/>\n<meta name=\"twitter:description\" content=\"W\u00e4hrend der Rauhn\u00e4chte &#8230; vor 11 Jahren &#8211; 11 = HIMMELSTOR &#8211; entschwebte ich dem K\u00f6rper &#8230; man nennt es auch &#8222;Nahtoderfahrung&#8220; &#8230; und sp\u00e4ter wu\u00dfte ich dann auch, warum es so war&#8230; ich hatte bereits 3 Jahre geschrieben &#8230; an (m)einem Buch, welches in Wahrheit mein gesamtes Leben bereits in mir gekeimt hatte &#8230; [&hellip;]\" \/>\n<meta name=\"twitter:image\" content=\"http:\/\/www.irenelauretti.com\/wp-content\/uploads\/2022\/12\/20221128_133316-e1671303377247-768x1024.jpg\" \/>\n<meta name=\"twitter:label1\" content=\"Verfasst von\" \/>\n\t<meta name=\"twitter:data1\" content=\"Irene Lauretti\" \/>\n\t<meta name=\"twitter:label2\" content=\"Gesch\u00e4tzte Lesezeit\" \/>\n\t<meta name=\"twitter:data2\" content=\"3\u00a0Minuten\" \/>\n<script type=\"application\/ld+json\" class=\"yoast-schema-graph\">{\"@context\":\"https:\\\/\\\/schema.org\",\"@graph\":[{\"@type\":\"Article\",\"@id\":\"https:\\\/\\\/www.irenelauretti.com\\\/deutsch-als-ich-vor-das-himmelstor-schwebte-den-rauhnachten-2011-12\\\/#article\",\"isPartOf\":{\"@id\":\"https:\\\/\\\/www.irenelauretti.com\\\/deutsch-als-ich-vor-das-himmelstor-schwebte-den-rauhnachten-2011-12\\\/\"},\"author\":{\"name\":\"Irene Lauretti\",\"@id\":\"https:\\\/\\\/www.irenelauretti.com\\\/#\\\/schema\\\/person\\\/692dd8be38a44ae26e451ac8e1d35f4d\"},\"headline\":\"Als ich vor das Himmelstor schwebte &#8211; an den Rauhn\u00e4chten 2011 \\\/12\",\"datePublished\":\"2022-12-17T19:02:28+00:00\",\"mainEntityOfPage\":{\"@id\":\"https:\\\/\\\/www.irenelauretti.com\\\/deutsch-als-ich-vor-das-himmelstor-schwebte-den-rauhnachten-2011-12\\\/\"},\"wordCount\":670,\"commentCount\":0,\"publisher\":{\"@id\":\"https:\\\/\\\/www.irenelauretti.com\\\/#organization\"},\"image\":{\"@id\":\"https:\\\/\\\/www.irenelauretti.com\\\/deutsch-als-ich-vor-das-himmelstor-schwebte-den-rauhnachten-2011-12\\\/#primaryimage\"},\"thumbnailUrl\":\"http:\\\/\\\/www.irenelauretti.com\\\/wp-content\\\/uploads\\\/2022\\\/12\\\/20221128_133316-e1671303377247-768x1024.jpg\",\"keywords\":[\"Achtsamkeit\",\"Bewusstsein\",\"Der Mond und der kosmische Code der Sch\u00f6pfung\",\"Energieheilen\",\"Heilen\",\"Heilung\",\"Jin Shin Jyutsu\",\"Kleiner Himmelszyklus\",\"Kosmos\",\"Lebensstrom\",\"Nahtodeserfahrung\",\"Numerologie\",\"Sch\u00f6pfung\",\"Seele\",\"Wahres Selbst\",\"Weisheit\",\"Zodiak\"],\"articleSection\":[\"Auferstehung\",\"Bewusstseinsentfaltung\",\"Der besondere Mondkalender - Gesundheit in deiner Hand\",\"Der Mond und der kosmische Code der Sch\u00f6pfung\",\"Die gro\u00dfe Umkehr zum Licht-Mensch\",\"Die UMKEHR\",\"Energieheilen\",\"Entfalte deine SEELE\",\"Gesundheit\",\"Gesundheit in Deiner Hand - der besondere Mondkalender\",\"Jin Shin\",\"Jin Shin Jyutsu\",\"Lebensweisheit\",\"LICHT Bewusstsein\",\"Licht-Mensch\",\"Liebe\",\"LunaJin Mond&amp;Gesundheit\",\"Mond\",\"Nahtodeserfahrung\",\"Neubeginn\",\"neue Welt\",\"Seelenzahlen\",\"Traumata\"],\"inLanguage\":\"de\",\"potentialAction\":[{\"@type\":\"CommentAction\",\"name\":\"Comment\",\"target\":[\"https:\\\/\\\/www.irenelauretti.com\\\/deutsch-als-ich-vor-das-himmelstor-schwebte-den-rauhnachten-2011-12\\\/#respond\"]}]},{\"@type\":\"WebPage\",\"@id\":\"https:\\\/\\\/www.irenelauretti.com\\\/de\\\/deutsch-als-ich-vor-das-himmelstor-schwebte-den-rauhnachten-2011-12\\\/\",\"url\":\"https:\\\/\\\/www.irenelauretti.com\\\/de\\\/deutsch-als-ich-vor-das-himmelstor-schwebte-den-rauhnachten-2011-12\\\/\",\"name\":\"Als ich vor das Himmelstor schwebte - an den Rauhn\u00e4chten 2011 \\\/12  - irenelauretti.com\",\"isPartOf\":{\"@id\":\"https:\\\/\\\/www.irenelauretti.com\\\/de\\\/#website\"},\"primaryImageOfPage\":{\"@id\":\"https:\\\/\\\/www.irenelauretti.com\\\/de\\\/deutsch-als-ich-vor-das-himmelstor-schwebte-den-rauhnachten-2011-12\\\/#primaryimage\"},\"image\":{\"@id\":\"https:\\\/\\\/www.irenelauretti.com\\\/deutsch-als-ich-vor-das-himmelstor-schwebte-den-rauhnachten-2011-12\\\/#primaryimage\"},\"thumbnailUrl\":\"http:\\\/\\\/www.irenelauretti.com\\\/wp-content\\\/uploads\\\/2022\\\/12\\\/20221128_133316-e1671303377247-768x1024.jpg\",\"datePublished\":\"2022-12-17T19:02:28+00:00\",\"breadcrumb\":{\"@id\":\"https:\\\/\\\/www.irenelauretti.com\\\/de\\\/deutsch-als-ich-vor-das-himmelstor-schwebte-den-rauhnachten-2011-12\\\/#breadcrumb\"},\"inLanguage\":\"de\",\"potentialAction\":[{\"@type\":\"ReadAction\",\"target\":[[\"https:\\\/\\\/www.irenelauretti.com\\\/de\\\/deutsch-als-ich-vor-das-himmelstor-schwebte-den-rauhnachten-2011-12\\\/\"]]}]},{\"@type\":\"ImageObject\",\"inLanguage\":\"de\",\"@id\":\"https:\\\/\\\/www.irenelauretti.com\\\/de\\\/deutsch-als-ich-vor-das-himmelstor-schwebte-den-rauhnachten-2011-12\\\/#primaryimage\",\"url\":\"http:\\\/\\\/www.irenelauretti.com\\\/wp-content\\\/uploads\\\/2022\\\/12\\\/20221128_133316-e1671303377247-768x1024.jpg\",\"contentUrl\":\"http:\\\/\\\/www.irenelauretti.com\\\/wp-content\\\/uploads\\\/2022\\\/12\\\/20221128_133316-e1671303377247-768x1024.jpg\"},{\"@type\":\"BreadcrumbList\",\"@id\":\"https:\\\/\\\/www.irenelauretti.com\\\/de\\\/deutsch-als-ich-vor-das-himmelstor-schwebte-den-rauhnachten-2011-12\\\/#breadcrumb\",\"itemListElement\":[{\"@type\":\"ListItem\",\"position\":1,\"name\":\"Start\",\"item\":\"https:\\\/\\\/www.irenelauretti.com\\\/de\\\/\"},{\"@type\":\"ListItem\",\"position\":2,\"name\":\"Als ich vor das Himmelstor schwebte &#8211; an den Rauhn\u00e4chten 2011 \\\/12\"}]},{\"@type\":\"WebSite\",\"@id\":\"https:\\\/\\\/www.irenelauretti.com\\\/de\\\/#website\",\"url\":\"https:\\\/\\\/www.irenelauretti.com\\\/de\\\/\",\"name\":\"irenelauretti.com\",\"description\":\"Autorin Mystikerin Heilerin Vision\u00e4rin\",\"publisher\":{\"@id\":\"https:\\\/\\\/www.irenelauretti.com\\\/de\\\/#organization\"},\"potentialAction\":[{\"@type\":\"SearchAction\",\"target\":{\"@type\":\"EntryPoint\",\"urlTemplate\":\"https:\\\/\\\/www.irenelauretti.com\\\/de\\\/?s={search_term_string}\"},\"query-input\":{\"@type\":\"PropertyValueSpecification\",\"valueRequired\":true,\"valueName\":\"search_term_string\"}}],\"inLanguage\":\"de\"},{\"@type\":\"Organization\",\"@id\":\"https:\\\/\\\/www.irenelauretti.com\\\/de\\\/#organization\",\"name\":\"irenelauretti.com\",\"url\":\"https:\\\/\\\/www.irenelauretti.com\\\/de\\\/\",\"logo\":{\"@type\":\"ImageObject\",\"inLanguage\":\"de\",\"@id\":\"https:\\\/\\\/www.irenelauretti.com\\\/de\\\/#\\\/schema\\\/logo\\\/image\\\/\",\"url\":\"https:\\\/\\\/www.irenelauretti.com\\\/wp-content\\\/uploads\\\/2013\\\/08\\\/Logo_with.png\",\"contentUrl\":\"https:\\\/\\\/www.irenelauretti.com\\\/wp-content\\\/uploads\\\/2013\\\/08\\\/Logo_with.png\",\"width\":180,\"height\":113,\"caption\":\"irenelauretti.com\"},\"image\":{\"@id\":\"https:\\\/\\\/www.irenelauretti.com\\\/de\\\/#\\\/schema\\\/logo\\\/image\\\/\"}},{\"@type\":\"Person\",\"@id\":\"https:\\\/\\\/www.irenelauretti.com\\\/#\\\/schema\\\/person\\\/692dd8be38a44ae26e451ac8e1d35f4d\",\"name\":\"Irene Lauretti\",\"image\":{\"@type\":\"ImageObject\",\"inLanguage\":\"de\",\"@id\":\"https:\\\/\\\/secure.gravatar.com\\\/avatar\\\/fc11751010b28816d1d3f43dfe9b51d964b6d1ace79d23ea8873bf0f0cf231ea?s=96&d=mm&r=g\",\"url\":\"https:\\\/\\\/secure.gravatar.com\\\/avatar\\\/fc11751010b28816d1d3f43dfe9b51d964b6d1ace79d23ea8873bf0f0cf231ea?s=96&d=mm&r=g\",\"contentUrl\":\"https:\\\/\\\/secure.gravatar.com\\\/avatar\\\/fc11751010b28816d1d3f43dfe9b51d964b6d1ace79d23ea8873bf0f0cf231ea?s=96&d=mm&r=g\",\"caption\":\"Irene Lauretti\"},\"sameAs\":[\"http:\\\/\\\/www.irenelauretti.com\"],\"url\":\"https:\\\/\\\/www.irenelauretti.com\\\/de\\\/author\\\/ilauretti\\\/\"}]}<\/script>\n<!-- \/ Yoast SEO plugin. -->","yoast_head_json":{"title":"Als ich vor das Himmelstor schwebte - an den Rauhn\u00e4chten 2011 \/12  - irenelauretti.com","robots":{"index":"index","follow":"follow","max-snippet":"max-snippet:-1","max-image-preview":"max-image-preview:large","max-video-preview":"max-video-preview:-1"},"canonical":"https:\/\/www.irenelauretti.com\/de\/deutsch-als-ich-vor-das-himmelstor-schwebte-den-rauhnachten-2011-12\/","twitter_card":"summary_large_image","twitter_title":"Als ich vor das Himmelstor schwebte - an den Rauhn\u00e4chten 2011 \/12  - irenelauretti.com","twitter_description":"W\u00e4hrend der Rauhn\u00e4chte &#8230; vor 11 Jahren &#8211; 11 = HIMMELSTOR &#8211; entschwebte ich dem K\u00f6rper &#8230; man nennt es auch &#8222;Nahtoderfahrung&#8220; &#8230; und sp\u00e4ter wu\u00dfte ich dann auch, warum es so war&#8230; ich hatte bereits 3 Jahre geschrieben &#8230; an (m)einem Buch, welches in Wahrheit mein gesamtes Leben bereits in mir gekeimt hatte &#8230; [&hellip;]","twitter_image":"http:\/\/www.irenelauretti.com\/wp-content\/uploads\/2022\/12\/20221128_133316-e1671303377247-768x1024.jpg","twitter_misc":{"Verfasst von":"Irene Lauretti","Gesch\u00e4tzte Lesezeit":"3\u00a0Minuten"},"schema":{"@context":"https:\/\/schema.org","@graph":[{"@type":"Article","@id":"https:\/\/www.irenelauretti.com\/deutsch-als-ich-vor-das-himmelstor-schwebte-den-rauhnachten-2011-12\/#article","isPartOf":{"@id":"https:\/\/www.irenelauretti.com\/deutsch-als-ich-vor-das-himmelstor-schwebte-den-rauhnachten-2011-12\/"},"author":{"name":"Irene Lauretti","@id":"https:\/\/www.irenelauretti.com\/#\/schema\/person\/692dd8be38a44ae26e451ac8e1d35f4d"},"headline":"Als ich vor das Himmelstor schwebte &#8211; an den Rauhn\u00e4chten 2011 \/12","datePublished":"2022-12-17T19:02:28+00:00","mainEntityOfPage":{"@id":"https:\/\/www.irenelauretti.com\/deutsch-als-ich-vor-das-himmelstor-schwebte-den-rauhnachten-2011-12\/"},"wordCount":670,"commentCount":0,"publisher":{"@id":"https:\/\/www.irenelauretti.com\/#organization"},"image":{"@id":"https:\/\/www.irenelauretti.com\/deutsch-als-ich-vor-das-himmelstor-schwebte-den-rauhnachten-2011-12\/#primaryimage"},"thumbnailUrl":"http:\/\/www.irenelauretti.com\/wp-content\/uploads\/2022\/12\/20221128_133316-e1671303377247-768x1024.jpg","keywords":["Achtsamkeit","Bewusstsein","Der Mond und der kosmische Code der Sch\u00f6pfung","Energieheilen","Heilen","Heilung","Jin Shin Jyutsu","Kleiner Himmelszyklus","Kosmos","Lebensstrom","Nahtodeserfahrung","Numerologie","Sch\u00f6pfung","Seele","Wahres Selbst","Weisheit","Zodiak"],"articleSection":["Auferstehung","Bewusstseinsentfaltung","Der besondere Mondkalender - Gesundheit in deiner Hand","Der Mond und der kosmische Code der Sch\u00f6pfung","Die gro\u00dfe Umkehr zum Licht-Mensch","Die UMKEHR","Energieheilen","Entfalte deine SEELE","Gesundheit","Gesundheit in Deiner Hand - der besondere Mondkalender","Jin Shin","Jin Shin Jyutsu","Lebensweisheit","LICHT Bewusstsein","Licht-Mensch","Liebe","LunaJin Mond&amp;Gesundheit","Mond","Nahtodeserfahrung","Neubeginn","neue Welt","Seelenzahlen","Traumata"],"inLanguage":"de","potentialAction":[{"@type":"CommentAction","name":"Comment","target":["https:\/\/www.irenelauretti.com\/deutsch-als-ich-vor-das-himmelstor-schwebte-den-rauhnachten-2011-12\/#respond"]}]},{"@type":"WebPage","@id":"https:\/\/www.irenelauretti.com\/de\/deutsch-als-ich-vor-das-himmelstor-schwebte-den-rauhnachten-2011-12\/","url":"https:\/\/www.irenelauretti.com\/de\/deutsch-als-ich-vor-das-himmelstor-schwebte-den-rauhnachten-2011-12\/","name":"Als ich vor das Himmelstor schwebte - an den Rauhn\u00e4chten 2011 \/12  - irenelauretti.com","isPartOf":{"@id":"https:\/\/www.irenelauretti.com\/de\/#website"},"primaryImageOfPage":{"@id":"https:\/\/www.irenelauretti.com\/de\/deutsch-als-ich-vor-das-himmelstor-schwebte-den-rauhnachten-2011-12\/#primaryimage"},"image":{"@id":"https:\/\/www.irenelauretti.com\/deutsch-als-ich-vor-das-himmelstor-schwebte-den-rauhnachten-2011-12\/#primaryimage"},"thumbnailUrl":"http:\/\/www.irenelauretti.com\/wp-content\/uploads\/2022\/12\/20221128_133316-e1671303377247-768x1024.jpg","datePublished":"2022-12-17T19:02:28+00:00","breadcrumb":{"@id":"https:\/\/www.irenelauretti.com\/de\/deutsch-als-ich-vor-das-himmelstor-schwebte-den-rauhnachten-2011-12\/#breadcrumb"},"inLanguage":"de","potentialAction":[{"@type":"ReadAction","target":[["https:\/\/www.irenelauretti.com\/de\/deutsch-als-ich-vor-das-himmelstor-schwebte-den-rauhnachten-2011-12\/"]]}]},{"@type":"ImageObject","inLanguage":"de","@id":"https:\/\/www.irenelauretti.com\/de\/deutsch-als-ich-vor-das-himmelstor-schwebte-den-rauhnachten-2011-12\/#primaryimage","url":"http:\/\/www.irenelauretti.com\/wp-content\/uploads\/2022\/12\/20221128_133316-e1671303377247-768x1024.jpg","contentUrl":"http:\/\/www.irenelauretti.com\/wp-content\/uploads\/2022\/12\/20221128_133316-e1671303377247-768x1024.jpg"},{"@type":"BreadcrumbList","@id":"https:\/\/www.irenelauretti.com\/de\/deutsch-als-ich-vor-das-himmelstor-schwebte-den-rauhnachten-2011-12\/#breadcrumb","itemListElement":[{"@type":"ListItem","position":1,"name":"Start","item":"https:\/\/www.irenelauretti.com\/de\/"},{"@type":"ListItem","position":2,"name":"Als ich vor das Himmelstor schwebte &#8211; an den Rauhn\u00e4chten 2011 \/12"}]},{"@type":"WebSite","@id":"https:\/\/www.irenelauretti.com\/de\/#website","url":"https:\/\/www.irenelauretti.com\/de\/","name":"irenelauretti.com","description":"Autorin Mystikerin Heilerin Vision\u00e4rin","publisher":{"@id":"https:\/\/www.irenelauretti.com\/de\/#organization"},"potentialAction":[{"@type":"SearchAction","target":{"@type":"EntryPoint","urlTemplate":"https:\/\/www.irenelauretti.com\/de\/?s={search_term_string}"},"query-input":{"@type":"PropertyValueSpecification","valueRequired":true,"valueName":"search_term_string"}}],"inLanguage":"de"},{"@type":"Organization","@id":"https:\/\/www.irenelauretti.com\/de\/#organization","name":"irenelauretti.com","url":"https:\/\/www.irenelauretti.com\/de\/","logo":{"@type":"ImageObject","inLanguage":"de","@id":"https:\/\/www.irenelauretti.com\/de\/#\/schema\/logo\/image\/","url":"https:\/\/www.irenelauretti.com\/wp-content\/uploads\/2013\/08\/Logo_with.png","contentUrl":"https:\/\/www.irenelauretti.com\/wp-content\/uploads\/2013\/08\/Logo_with.png","width":180,"height":113,"caption":"irenelauretti.com"},"image":{"@id":"https:\/\/www.irenelauretti.com\/de\/#\/schema\/logo\/image\/"}},{"@type":"Person","@id":"https:\/\/www.irenelauretti.com\/#\/schema\/person\/692dd8be38a44ae26e451ac8e1d35f4d","name":"Irene Lauretti","image":{"@type":"ImageObject","inLanguage":"de","@id":"https:\/\/secure.gravatar.com\/avatar\/fc11751010b28816d1d3f43dfe9b51d964b6d1ace79d23ea8873bf0f0cf231ea?s=96&d=mm&r=g","url":"https:\/\/secure.gravatar.com\/avatar\/fc11751010b28816d1d3f43dfe9b51d964b6d1ace79d23ea8873bf0f0cf231ea?s=96&d=mm&r=g","contentUrl":"https:\/\/secure.gravatar.com\/avatar\/fc11751010b28816d1d3f43dfe9b51d964b6d1ace79d23ea8873bf0f0cf231ea?s=96&d=mm&r=g","caption":"Irene Lauretti"},"sameAs":["http:\/\/www.irenelauretti.com"],"url":"https:\/\/www.irenelauretti.com\/de\/author\/ilauretti\/"}]}},"cc_featured_image_caption":{"caption_text":"","source_text":"","source_url":""},"_links":{"self":[{"href":"https:\/\/www.irenelauretti.com\/de\/wp-json\/wp\/v2\/posts\/2958","targetHints":{"allow":["GET"]}}],"collection":[{"href":"https:\/\/www.irenelauretti.com\/de\/wp-json\/wp\/v2\/posts"}],"about":[{"href":"https:\/\/www.irenelauretti.com\/de\/wp-json\/wp\/v2\/types\/post"}],"author":[{"embeddable":true,"href":"https:\/\/www.irenelauretti.com\/de\/wp-json\/wp\/v2\/users\/2"}],"replies":[{"embeddable":true,"href":"https:\/\/www.irenelauretti.com\/de\/wp-json\/wp\/v2\/comments?post=2958"}],"version-history":[{"count":1,"href":"https:\/\/www.irenelauretti.com\/de\/wp-json\/wp\/v2\/posts\/2958\/revisions"}],"predecessor-version":[{"id":2960,"href":"https:\/\/www.irenelauretti.com\/de\/wp-json\/wp\/v2\/posts\/2958\/revisions\/2960"}],"wp:attachment":[{"href":"https:\/\/www.irenelauretti.com\/de\/wp-json\/wp\/v2\/media?parent=2958"}],"wp:term":[{"taxonomy":"category","embeddable":true,"href":"https:\/\/www.irenelauretti.com\/de\/wp-json\/wp\/v2\/categories?post=2958"},{"taxonomy":"post_tag","embeddable":true,"href":"https:\/\/www.irenelauretti.com\/de\/wp-json\/wp\/v2\/tags?post=2958"}],"curies":[{"name":"wp","href":"https:\/\/api.w.org\/{rel}","templated":true}]}}