{"id":2966,"date":"2023-01-10T20:08:49","date_gmt":"2023-01-10T20:08:49","guid":{"rendered":"http:\/\/www.irenelauretti.com\/?p=2966"},"modified":"2023-01-10T20:08:49","modified_gmt":"2023-01-10T20:08:49","slug":"deutsch-sprache-als-weg-und-bzw-zum-ziel","status":"publish","type":"post","link":"https:\/\/www.irenelauretti.com\/de\/deutsch-sprache-als-weg-und-bzw-zum-ziel\/","title":{"rendered":"SPRACHE als WEG und bzw. zum ZIEL"},"content":{"rendered":"<p><\/p>\n<div dir=\"auto\">\n<div id=\"jsc_c_h2j\">\n<div><strong>SPRACHE als WEG und bzw. zum ZIEL <\/strong><\/div>\n<div><\/div>\n<div><strong>WORT<\/strong> ist <strong>Energie<\/strong> &#8211; es ist <strong>WILLE<\/strong> und es ist das kraftvollste und am meisten untersch\u00e4tzte <strong>Sch\u00f6pfungsinstrument<\/strong> \u00fcberhaupt.<\/div>\n<div><\/div>\n<div>Bewusst wurde mir das beim Empfangen des Sch\u00f6pfungscodes f\u00fcr mein Buch<\/div>\n<div><\/div>\n<div><a href=\"https:\/\/amzn.to\/2lbjd6l\"><strong>&#8222;Der Mond und der kosmische Code der Sch\u00f6pfung&#8220; <\/strong><\/a><\/div>\n<div><\/div>\n<div>nach meiner Nahtodeserfahrung und Einweihung am Himmelstor.<a href=\"http:\/\/www.irenelauretti.com\/wp-content\/uploads\/2022\/12\/Wahrheit.jpg\" data-rel=\"lightbox-image-0\" data-rl_title=\"\" data-rl_caption=\"\" title=\"\"><img fetchpriority=\"high\" decoding=\"async\" class=\"alignright size-medium wp-image-2954\" alt=\"Wahrheit\" src=\"http:\/\/www.irenelauretti.com\/wp-content\/uploads\/2022\/12\/Wahrheit-225x300.jpg\" width=\"225\" height=\"300\" srcset=\"https:\/\/www.irenelauretti.com\/wp-content\/uploads\/2022\/12\/Wahrheit-225x300.jpg 225w, https:\/\/www.irenelauretti.com\/wp-content\/uploads\/2022\/12\/Wahrheit-768x1024.jpg 768w, https:\/\/www.irenelauretti.com\/wp-content\/uploads\/2022\/12\/Wahrheit-700x933.jpg 700w, https:\/\/www.irenelauretti.com\/wp-content\/uploads\/2022\/12\/Wahrheit-1050x1400.jpg 1050w, https:\/\/www.irenelauretti.com\/wp-content\/uploads\/2022\/12\/Wahrheit-690x920.jpg 690w, https:\/\/www.irenelauretti.com\/wp-content\/uploads\/2022\/12\/Wahrheit-330x440.jpg 330w, https:\/\/www.irenelauretti.com\/wp-content\/uploads\/2022\/12\/Wahrheit-240x320.jpg 240w, https:\/\/www.irenelauretti.com\/wp-content\/uploads\/2022\/12\/Wahrheit-500x666.jpg 500w, https:\/\/www.irenelauretti.com\/wp-content\/uploads\/2022\/12\/Wahrheit.jpg 1512w\" sizes=\"(max-width: 225px) 100vw, 225px\" \/><\/a><\/div>\n<div><\/div>\n<div>Mir wurden die Worte eingegeben &#8211; und es wurde &#8222;keine Ruhe&#8220; gelassen, wenn ich aus dem Ego heraus meinte, die Worte &#8222;ver\u00e4ndern zu wollen&#8220;.<\/div>\n<div><\/div>\n<div><strong>WAHRHEIT &#8211; WIRK-lichkeit<\/strong> &#8230; die Basis &#8230; und doch immer und von ALLEN Autoren die ich je gelesen habe &#8230; falsch genutzt, vertauscht, unbewu\u00dft benutzt.<\/div>\n<div>Es gibt EINE WAHRHEIT &#8211; und die ist \u00fcber-pers\u00f6nlich &#8230; also kann es nicht &#8222;meine Wahrheit&#8220; im pers\u00f6nlichen Sinne geben sondern nur<\/div>\n<div>DIE <strong>EINE WAHRHEIT <\/strong>&#8211; und unendlich viele (pers\u00f6nliche) Wirk-lichkeiten &#8211; Wirk-ungen der EINEN WAHRHEIT.<\/div>\n<div>Das nur als ein Beispiel.<\/div>\n<div>Die Alten Germanen, ebenso wie die Alten Griechen und \u00c4gypter waren sich dieser Kraft und BeDEUT ung von Sprache und Wort bewu\u00dft .. auch hier \u00fcbrigens &#8230; immer wenn wir im Deutschen ein &#8230; &#8211; <i><strong>ung<\/strong><\/i> am Schlu\u00df haben, ist es ein Sch\u00f6pfungs- bzw. Ver\u00c4NDER <strong>ung s<\/strong>-Wort &#8230; sprich: etwas VER\u00c4NDERT sich &#8211; wird (in die Wirk-lichkeit &#8222;gezogen&#8220;)<\/div>\n<div>Germanisten haben davon wenig bzw. gar keine Ahnung. Als ich es einer meiner Verwandten, Germanistin und Gymnasial-Deutschlehrerin zeigte, blickte sie mich mit offenem Mund an &#8211; nie war es ihr &#8222;aufgefallen&#8220;. Die Unter-scheid &#8211;<strong>ung<\/strong> zwischen WAHRHEIT und Wirk-lichkeit freilich auch nicht.<\/div>\n<div>In meinen B\u00fcchern, meine Lieben &#8211; ist jedes Wort auf der Goldwaage gelegen und von oben durchgegeben, vor ALLEM eben in<\/div>\n<div><\/div>\n<div><a href=\" https:\/\/amzn.to\/2lbjd6l\"><strong>&#8222;Der Mond und der kosmische Code der Sch\u00f6pfung&#8220;<\/strong><\/a><\/div>\n<div>und<\/div>\n<div><a href=\"https:\/\/amzn.to\/3jzgVJ1\"><strong>&#8222;Die gro\u00dfe Umkehr zum LICHT-Mensch&#8220;<\/strong><\/a><\/div>\n<div><\/div>\n<div>Ach ja: <strong>TIER<\/strong>kreiszeichen kommen NICHT vom animalischen Wort &#8222;Tier&#8220; sondern vom altgermanischen <strong>&#8222;TYR&#8220; &#8211; TOR &#8211; ja, die 12 HIMME<\/strong>L und <strong>ERDE<\/strong> verbindenden Tore der <strong>SEELE!<\/strong> T\u00fcr kommt genau von diesem Tyr &#8230;<\/div>\n<div><\/div>\n<div>und <strong>ORGAN<\/strong> bedeutet im Ursprung auch genau das, was es ist:<\/div>\n<div><strong>Sch\u00f6pfungswerkzeug<\/strong> der <strong>SEELE<\/strong> zur VerWIRKlich ung der WAHRHEIT!<\/div>\n<div><\/div>\n<div>Diese Feinheiten wurden in der modernen Literatur leider von sonst keinem Autor und auch nicht von Rudolf Steiner beachtet, auch er machte die Unterscheidung zwischen Wahrheit und Wirklichkeit leider nicht &#8211; wenngleich er freilich das Richtige meinte!<\/div>\n<div>Sprache ist ein Mittler zwischen IDEE und ZIEL.<\/div>\n<div>Jedes Wort birgt die Energie des Ursprungs &#8211; die durch das Wort geformt wird und in die Wirk-lichkeit geschickt.<\/div>\n<div>Um so KATASTROPHALER ist es zu sehen, wie UNBEWUSST Menschen Worte nutzen &#8211; und noch schlimmer: sie oft nutzen um Menschen zu T\u00c4USCHEN (Werb-ung!!!!)!<\/div>\n<div>Und dann m\u00f6chte ich hier noch etwas Interessantes anbringen:<\/div>\n<div>Wer \u00fcber das Lebensalter sagt &#8211; wie es im Deutschen \u00fcblich ist:<\/div>\n<div><\/div>\n<div><strong>&#8222;Ich &#8222;bin&#8220; soundso &#8222;alt&#8220;<\/strong> &#8211; der zeigt durch diese Ausdrucksart, dass er sich MIT und DURCH das Alter &#8211; und damit auch die Alter-ung(!) identifiziert &#8230;<\/div>\n<div>sprich: mit und durch die K\u00f6rperlichkeit &#8211; das Grab des Geistes f\u00fcr den Unbewu\u00dften.<\/div>\n<div>Werde ich gefragt, wie &#8222;alt ich sei&#8220;, so antworte ich aus der Sicht- und Lebensweise des LICHTS<\/div>\n<div>(<a href=\"https:\/\/amzn.to\/3jzgVJ1\">&#8222;Die gro\u00dfe Umkehr zum LICHT-Mensch!&#8220;\u00a0<\/a> ) :<\/div>\n<div>Ich &#8211; SEELE &#8211; entschloss mich dann und dann dieses Kapitel in der Ewigkeit zu beginnen.<\/div>\n<div>oder:<\/div>\n<div>Ich (Seele) ging dann und dann in die K\u00f6rperlichkeit.<\/div>\n<div><\/div>\n<div>WAS ist da der Unterschied?<\/div>\n<div><\/div>\n<div>Die erstere &#8211; \u00fcbliche &#8211; Sprechweise zeigt die Seele als &#8222;Opfer&#8220; der ZEIT &#8211; &#8230; die zweitere &#8211; NEUE LICHT-Sprech- und Sichtweise &#8211; zeigt den sich als \u00dcBER der K\u00f6rperlichkeit erKENNENDEN<\/div>\n<div><strong>LICHT-Menschen! <\/strong><\/div>\n<div>Italiener und Franzosen sagen \u00fcbrigens:<\/div>\n<div>Ich &#8222;habe&#8220; soundso viele Jahre &#8211; und das ist demnach LICHTvoller &#8230; denn es ist die SEELE, die sich so und so viele Jahre &#8222;erarbeitet&#8220; hat im Lebenskapitel.<\/div>\n<div>Dennoch ist auch diese Ausdrucksweise nicht ideal, da sie auf das &#8222;Haben&#8220; baut, welches die SEELE t\u00e4uscht.<\/div>\n<div><\/div>\n<div><strong>BEGINNE HEUTE BEWUSST ZU SPRECHEN UND ZU SCHREIBEN UND DEIN LEBEN WIRD SICH MAGISCH durch &#8211; LICHT<\/strong>EN<strong> und <\/strong>Er<strong>LEUCHTEN! <\/strong><\/div>\n<div><\/div>\n<div><a href=\"http:\/\/www.irenelauretti.com\/wp-content\/uploads\/2016\/02\/Logo_main.1.1.15d5e221.jpg\" data-rel=\"lightbox-image-1\" data-rl_title=\"\" data-rl_caption=\"\" title=\"\"><img decoding=\"async\" class=\"aligncenter size-full wp-image-2027\" alt=\"Logo_main.1.1.15d5e22[1]\" src=\"http:\/\/www.irenelauretti.com\/wp-content\/uploads\/2016\/02\/Logo_main.1.1.15d5e221.jpg\" width=\"200\" height=\"120\" \/><\/a><\/div>\n<\/div>\n<\/div>\n<p><\/p>","protected":false},"excerpt":{"rendered":"<p>SPRACHE als WEG und bzw. zum ZIEL WORT ist Energie &#8211; es ist WILLE und es ist das kraftvollste und am meisten untersch\u00e4tzte Sch\u00f6pfungsinstrument \u00fcberhaupt. Bewusst wurde mir das beim Empfangen des Sch\u00f6pfungscodes f\u00fcr mein Buch &#8222;Der Mond und der kosmische Code der Sch\u00f6pfung&#8220; nach meiner Nahtodeserfahrung und Einweihung am Himmelstor. Mir wurden die Worte [&hellip;]<\/p>\n","protected":false},"author":2,"featured_media":0,"comment_status":"open","ping_status":"open","sticky":false,"template":"","format":"standard","meta":{"_coblocks_attr":"","_coblocks_dimensions":"","_coblocks_responsive_height":"","_coblocks_accordion_ie_support":"","ocean_post_layout":"","ocean_both_sidebars_style":"","ocean_both_sidebars_content_width":0,"ocean_both_sidebars_sidebars_width":0,"ocean_sidebar":"","ocean_second_sidebar":"","ocean_disable_margins":"enable","ocean_add_body_class":"","ocean_shortcode_before_top_bar":"","ocean_shortcode_after_top_bar":"","ocean_shortcode_before_header":"","ocean_shortcode_after_header":"","ocean_has_shortcode":"","ocean_shortcode_after_title":"","ocean_shortcode_before_footer_widgets":"","ocean_shortcode_after_footer_widgets":"","ocean_shortcode_before_footer_bottom":"","ocean_shortcode_after_footer_bottom":"","ocean_display_top_bar":"default","ocean_display_header":"default","ocean_header_style":"","ocean_center_header_left_menu":"","ocean_custom_header_template":"","ocean_custom_logo":0,"ocean_custom_retina_logo":0,"ocean_custom_logo_max_width":0,"ocean_custom_logo_tablet_max_width":0,"ocean_custom_logo_mobile_max_width":0,"ocean_custom_logo_max_height":0,"ocean_custom_logo_tablet_max_height":0,"ocean_custom_logo_mobile_max_height":0,"ocean_header_custom_menu":"","ocean_menu_typo_font_family":"","ocean_menu_typo_font_subset":"","ocean_menu_typo_font_size":0,"ocean_menu_typo_font_size_tablet":0,"ocean_menu_typo_font_size_mobile":0,"ocean_menu_typo_font_size_unit":"px","ocean_menu_typo_font_weight":"","ocean_menu_typo_font_weight_tablet":"","ocean_menu_typo_font_weight_mobile":"","ocean_menu_typo_transform":"","ocean_menu_typo_transform_tablet":"","ocean_menu_typo_transform_mobile":"","ocean_menu_typo_line_height":0,"ocean_menu_typo_line_height_tablet":0,"ocean_menu_typo_line_height_mobile":0,"ocean_menu_typo_line_height_unit":"","ocean_menu_typo_spacing":0,"ocean_menu_typo_spacing_tablet":0,"ocean_menu_typo_spacing_mobile":0,"ocean_menu_typo_spacing_unit":"","ocean_menu_link_color":"","ocean_menu_link_color_hover":"","ocean_menu_link_color_active":"","ocean_menu_link_background":"","ocean_menu_link_hover_background":"","ocean_menu_link_active_background":"","ocean_menu_social_links_bg":"","ocean_menu_social_hover_links_bg":"","ocean_menu_social_links_color":"","ocean_menu_social_hover_links_color":"","ocean_disable_title":"default","ocean_disable_heading":"default","ocean_post_title":"","ocean_post_subheading":"","ocean_post_title_style":"","ocean_post_title_background_color":"","ocean_post_title_background":0,"ocean_post_title_bg_image_position":"","ocean_post_title_bg_image_attachment":"","ocean_post_title_bg_image_repeat":"","ocean_post_title_bg_image_size":"","ocean_post_title_height":0,"ocean_post_title_bg_overlay":0.5,"ocean_post_title_bg_overlay_color":"","ocean_disable_breadcrumbs":"default","ocean_breadcrumbs_color":"","ocean_breadcrumbs_separator_color":"","ocean_breadcrumbs_links_color":"","ocean_breadcrumbs_links_hover_color":"","ocean_display_footer_widgets":"default","ocean_display_footer_bottom":"default","ocean_custom_footer_template":"","omw_enable_modal_window":"enable","_themeisle_gutenberg_block_has_review":false,"ocean_post_oembed":"","ocean_post_self_hosted_media":"","ocean_post_video_embed":"","ocean_link_format":"","ocean_link_format_target":"self","ocean_quote_format":"","ocean_quote_format_link":"post","ocean_gallery_link_images":"on","ocean_gallery_id":[],"footnotes":""},"categories":[396,72],"tags":[57,508,489,490,54,402,77,293,517,398,65,524,506,397,548,399,400,536,95,500,63,546,401],"class_list":["post-2966","post","type-post","status-publish","format-standard","hentry","category-sprache","category-wahrheit","tag-achtsamkeit","tag-bewusstsein","tag-der-mond-und-der-kosmische-code-der-schopfung","tag-energieheilen","tag-heilen","tag-im-anfang-war-das-wort","tag-kleiner-himmelszyklus","tag-kosmos","tag-liebe","tag-magie-der-sprache","tag-mensch-mond-kosmos","tag-schopfung","tag-seele","tag-sprachbewusstsein","tag-sprache","tag-sprache-als-werkzeug-zur-schopfung","tag-tyrkreiszeichen","tag-unterscheidung","tag-wahres-selbst","tag-wahrheit","tag-weisheit","tag-wirklichkeit","tag-wort","entry"],"yoast_head":"<!-- This site is optimized with the Yoast SEO plugin v27.4 - https:\/\/yoast.com\/product\/yoast-seo-wordpress\/ -->\n<title>SPRACHE als WEG und bzw. zum ZIEL  - irenelauretti.com<\/title>\n<meta name=\"robots\" content=\"index, follow, max-snippet:-1, max-image-preview:large, max-video-preview:-1\" \/>\n<link rel=\"canonical\" href=\"https:\/\/www.irenelauretti.com\/de\/deutsch-sprache-als-weg-und-bzw-zum-ziel\/\" \/>\n<meta name=\"twitter:card\" content=\"summary_large_image\" \/>\n<meta name=\"twitter:title\" content=\"SPRACHE als WEG und bzw. zum ZIEL  - irenelauretti.com\" \/>\n<meta name=\"twitter:description\" content=\"SPRACHE als WEG und bzw. zum ZIEL WORT ist Energie &#8211; es ist WILLE und es ist das kraftvollste und am meisten untersch\u00e4tzte Sch\u00f6pfungsinstrument \u00fcberhaupt. Bewusst wurde mir das beim Empfangen des Sch\u00f6pfungscodes f\u00fcr mein Buch &#8222;Der Mond und der kosmische Code der Sch\u00f6pfung&#8220; nach meiner Nahtodeserfahrung und Einweihung am Himmelstor. Mir wurden die Worte [&hellip;]\" \/>\n<meta name=\"twitter:image\" content=\"http:\/\/www.irenelauretti.com\/wp-content\/uploads\/2022\/12\/Wahrheit-225x300.jpg\" \/>\n<meta name=\"twitter:label1\" content=\"Verfasst von\" \/>\n\t<meta name=\"twitter:data1\" content=\"Irene Lauretti\" \/>\n\t<meta name=\"twitter:label2\" content=\"Gesch\u00e4tzte Lesezeit\" \/>\n\t<meta name=\"twitter:data2\" content=\"3\u00a0Minuten\" \/>\n<script type=\"application\/ld+json\" class=\"yoast-schema-graph\">{\"@context\":\"https:\\\/\\\/schema.org\",\"@graph\":[{\"@type\":\"Article\",\"@id\":\"https:\\\/\\\/www.irenelauretti.com\\\/deutsch-sprache-als-weg-und-bzw-zum-ziel\\\/#article\",\"isPartOf\":{\"@id\":\"https:\\\/\\\/www.irenelauretti.com\\\/deutsch-sprache-als-weg-und-bzw-zum-ziel\\\/\"},\"author\":{\"name\":\"Irene Lauretti\",\"@id\":\"https:\\\/\\\/www.irenelauretti.com\\\/#\\\/schema\\\/person\\\/692dd8be38a44ae26e451ac8e1d35f4d\"},\"headline\":\"SPRACHE als WEG und bzw. zum ZIEL\",\"datePublished\":\"2023-01-10T20:08:49+00:00\",\"mainEntityOfPage\":{\"@id\":\"https:\\\/\\\/www.irenelauretti.com\\\/deutsch-sprache-als-weg-und-bzw-zum-ziel\\\/\"},\"wordCount\":654,\"commentCount\":0,\"publisher\":{\"@id\":\"https:\\\/\\\/www.irenelauretti.com\\\/#organization\"},\"image\":{\"@id\":\"https:\\\/\\\/www.irenelauretti.com\\\/deutsch-sprache-als-weg-und-bzw-zum-ziel\\\/#primaryimage\"},\"thumbnailUrl\":\"http:\\\/\\\/www.irenelauretti.com\\\/wp-content\\\/uploads\\\/2022\\\/12\\\/Wahrheit-225x300.jpg\",\"keywords\":[\"Achtsamkeit\",\"Bewusstsein\",\"Der Mond und der kosmische Code der Sch\u00f6pfung\",\"Energieheilen\",\"Heilen\",\"Im Anfang war das Wort\",\"Kleiner Himmelszyklus\",\"Kosmos\",\"Liebe\",\"Magie der Sprache\",\"Mensch-Mond-Kosmos\",\"Sch\u00f6pfung\",\"Seele\",\"Sprachbewusstsein\",\"Sprache\",\"Sprache als Werkzeug zur Sch\u00f6pfung\",\"Tyrkreiszeichen\",\"Unterscheidung\",\"Wahres Selbst\",\"Wahrheit\",\"Weisheit\",\"Wirklichkeit\",\"Wort\"],\"articleSection\":[\"Sprache\",\"Wahrheit\"],\"inLanguage\":\"de\",\"potentialAction\":[{\"@type\":\"CommentAction\",\"name\":\"Comment\",\"target\":[\"https:\\\/\\\/www.irenelauretti.com\\\/deutsch-sprache-als-weg-und-bzw-zum-ziel\\\/#respond\"]}]},{\"@type\":\"WebPage\",\"@id\":\"https:\\\/\\\/www.irenelauretti.com\\\/de\\\/deutsch-sprache-als-weg-und-bzw-zum-ziel\\\/\",\"url\":\"https:\\\/\\\/www.irenelauretti.com\\\/de\\\/deutsch-sprache-als-weg-und-bzw-zum-ziel\\\/\",\"name\":\"SPRACHE als WEG und bzw. zum ZIEL  - irenelauretti.com\",\"isPartOf\":{\"@id\":\"https:\\\/\\\/www.irenelauretti.com\\\/de\\\/#website\"},\"primaryImageOfPage\":{\"@id\":\"https:\\\/\\\/www.irenelauretti.com\\\/de\\\/deutsch-sprache-als-weg-und-bzw-zum-ziel\\\/#primaryimage\"},\"image\":{\"@id\":\"https:\\\/\\\/www.irenelauretti.com\\\/deutsch-sprache-als-weg-und-bzw-zum-ziel\\\/#primaryimage\"},\"thumbnailUrl\":\"http:\\\/\\\/www.irenelauretti.com\\\/wp-content\\\/uploads\\\/2022\\\/12\\\/Wahrheit-225x300.jpg\",\"datePublished\":\"2023-01-10T20:08:49+00:00\",\"breadcrumb\":{\"@id\":\"https:\\\/\\\/www.irenelauretti.com\\\/de\\\/deutsch-sprache-als-weg-und-bzw-zum-ziel\\\/#breadcrumb\"},\"inLanguage\":\"de\",\"potentialAction\":[{\"@type\":\"ReadAction\",\"target\":[[\"https:\\\/\\\/www.irenelauretti.com\\\/de\\\/deutsch-sprache-als-weg-und-bzw-zum-ziel\\\/\"]]}]},{\"@type\":\"ImageObject\",\"inLanguage\":\"de\",\"@id\":\"https:\\\/\\\/www.irenelauretti.com\\\/de\\\/deutsch-sprache-als-weg-und-bzw-zum-ziel\\\/#primaryimage\",\"url\":\"http:\\\/\\\/www.irenelauretti.com\\\/wp-content\\\/uploads\\\/2022\\\/12\\\/Wahrheit-225x300.jpg\",\"contentUrl\":\"http:\\\/\\\/www.irenelauretti.com\\\/wp-content\\\/uploads\\\/2022\\\/12\\\/Wahrheit-225x300.jpg\"},{\"@type\":\"BreadcrumbList\",\"@id\":\"https:\\\/\\\/www.irenelauretti.com\\\/de\\\/deutsch-sprache-als-weg-und-bzw-zum-ziel\\\/#breadcrumb\",\"itemListElement\":[{\"@type\":\"ListItem\",\"position\":1,\"name\":\"Start\",\"item\":\"https:\\\/\\\/www.irenelauretti.com\\\/de\\\/\"},{\"@type\":\"ListItem\",\"position\":2,\"name\":\"SPRACHE als WEG und bzw. zum ZIEL\"}]},{\"@type\":\"WebSite\",\"@id\":\"https:\\\/\\\/www.irenelauretti.com\\\/de\\\/#website\",\"url\":\"https:\\\/\\\/www.irenelauretti.com\\\/de\\\/\",\"name\":\"irenelauretti.com\",\"description\":\"Autorin Mystikerin Heilerin Vision\u00e4rin\",\"publisher\":{\"@id\":\"https:\\\/\\\/www.irenelauretti.com\\\/de\\\/#organization\"},\"potentialAction\":[{\"@type\":\"SearchAction\",\"target\":{\"@type\":\"EntryPoint\",\"urlTemplate\":\"https:\\\/\\\/www.irenelauretti.com\\\/de\\\/?s={search_term_string}\"},\"query-input\":{\"@type\":\"PropertyValueSpecification\",\"valueRequired\":true,\"valueName\":\"search_term_string\"}}],\"inLanguage\":\"de\"},{\"@type\":\"Organization\",\"@id\":\"https:\\\/\\\/www.irenelauretti.com\\\/de\\\/#organization\",\"name\":\"irenelauretti.com\",\"url\":\"https:\\\/\\\/www.irenelauretti.com\\\/de\\\/\",\"logo\":{\"@type\":\"ImageObject\",\"inLanguage\":\"de\",\"@id\":\"https:\\\/\\\/www.irenelauretti.com\\\/de\\\/#\\\/schema\\\/logo\\\/image\\\/\",\"url\":\"https:\\\/\\\/www.irenelauretti.com\\\/wp-content\\\/uploads\\\/2013\\\/08\\\/Logo_with.png\",\"contentUrl\":\"https:\\\/\\\/www.irenelauretti.com\\\/wp-content\\\/uploads\\\/2013\\\/08\\\/Logo_with.png\",\"width\":180,\"height\":113,\"caption\":\"irenelauretti.com\"},\"image\":{\"@id\":\"https:\\\/\\\/www.irenelauretti.com\\\/de\\\/#\\\/schema\\\/logo\\\/image\\\/\"}},{\"@type\":\"Person\",\"@id\":\"https:\\\/\\\/www.irenelauretti.com\\\/#\\\/schema\\\/person\\\/692dd8be38a44ae26e451ac8e1d35f4d\",\"name\":\"Irene Lauretti\",\"image\":{\"@type\":\"ImageObject\",\"inLanguage\":\"de\",\"@id\":\"https:\\\/\\\/secure.gravatar.com\\\/avatar\\\/fc11751010b28816d1d3f43dfe9b51d964b6d1ace79d23ea8873bf0f0cf231ea?s=96&d=mm&r=g\",\"url\":\"https:\\\/\\\/secure.gravatar.com\\\/avatar\\\/fc11751010b28816d1d3f43dfe9b51d964b6d1ace79d23ea8873bf0f0cf231ea?s=96&d=mm&r=g\",\"contentUrl\":\"https:\\\/\\\/secure.gravatar.com\\\/avatar\\\/fc11751010b28816d1d3f43dfe9b51d964b6d1ace79d23ea8873bf0f0cf231ea?s=96&d=mm&r=g\",\"caption\":\"Irene Lauretti\"},\"sameAs\":[\"http:\\\/\\\/www.irenelauretti.com\"],\"url\":\"https:\\\/\\\/www.irenelauretti.com\\\/de\\\/author\\\/ilauretti\\\/\"}]}<\/script>\n<!-- \/ Yoast SEO plugin. -->","yoast_head_json":{"title":"SPRACHE als WEG und bzw. zum ZIEL  - irenelauretti.com","robots":{"index":"index","follow":"follow","max-snippet":"max-snippet:-1","max-image-preview":"max-image-preview:large","max-video-preview":"max-video-preview:-1"},"canonical":"https:\/\/www.irenelauretti.com\/de\/deutsch-sprache-als-weg-und-bzw-zum-ziel\/","twitter_card":"summary_large_image","twitter_title":"SPRACHE als WEG und bzw. zum ZIEL  - irenelauretti.com","twitter_description":"SPRACHE als WEG und bzw. zum ZIEL WORT ist Energie &#8211; es ist WILLE und es ist das kraftvollste und am meisten untersch\u00e4tzte Sch\u00f6pfungsinstrument \u00fcberhaupt. Bewusst wurde mir das beim Empfangen des Sch\u00f6pfungscodes f\u00fcr mein Buch &#8222;Der Mond und der kosmische Code der Sch\u00f6pfung&#8220; nach meiner Nahtodeserfahrung und Einweihung am Himmelstor. Mir wurden die Worte [&hellip;]","twitter_image":"http:\/\/www.irenelauretti.com\/wp-content\/uploads\/2022\/12\/Wahrheit-225x300.jpg","twitter_misc":{"Verfasst von":"Irene Lauretti","Gesch\u00e4tzte Lesezeit":"3\u00a0Minuten"},"schema":{"@context":"https:\/\/schema.org","@graph":[{"@type":"Article","@id":"https:\/\/www.irenelauretti.com\/deutsch-sprache-als-weg-und-bzw-zum-ziel\/#article","isPartOf":{"@id":"https:\/\/www.irenelauretti.com\/deutsch-sprache-als-weg-und-bzw-zum-ziel\/"},"author":{"name":"Irene Lauretti","@id":"https:\/\/www.irenelauretti.com\/#\/schema\/person\/692dd8be38a44ae26e451ac8e1d35f4d"},"headline":"SPRACHE als WEG und bzw. zum ZIEL","datePublished":"2023-01-10T20:08:49+00:00","mainEntityOfPage":{"@id":"https:\/\/www.irenelauretti.com\/deutsch-sprache-als-weg-und-bzw-zum-ziel\/"},"wordCount":654,"commentCount":0,"publisher":{"@id":"https:\/\/www.irenelauretti.com\/#organization"},"image":{"@id":"https:\/\/www.irenelauretti.com\/deutsch-sprache-als-weg-und-bzw-zum-ziel\/#primaryimage"},"thumbnailUrl":"http:\/\/www.irenelauretti.com\/wp-content\/uploads\/2022\/12\/Wahrheit-225x300.jpg","keywords":["Achtsamkeit","Bewusstsein","Der Mond und der kosmische Code der Sch\u00f6pfung","Energieheilen","Heilen","Im Anfang war das Wort","Kleiner Himmelszyklus","Kosmos","Liebe","Magie der Sprache","Mensch-Mond-Kosmos","Sch\u00f6pfung","Seele","Sprachbewusstsein","Sprache","Sprache als Werkzeug zur Sch\u00f6pfung","Tyrkreiszeichen","Unterscheidung","Wahres Selbst","Wahrheit","Weisheit","Wirklichkeit","Wort"],"articleSection":["Sprache","Wahrheit"],"inLanguage":"de","potentialAction":[{"@type":"CommentAction","name":"Comment","target":["https:\/\/www.irenelauretti.com\/deutsch-sprache-als-weg-und-bzw-zum-ziel\/#respond"]}]},{"@type":"WebPage","@id":"https:\/\/www.irenelauretti.com\/de\/deutsch-sprache-als-weg-und-bzw-zum-ziel\/","url":"https:\/\/www.irenelauretti.com\/de\/deutsch-sprache-als-weg-und-bzw-zum-ziel\/","name":"SPRACHE als WEG und bzw. zum ZIEL  - irenelauretti.com","isPartOf":{"@id":"https:\/\/www.irenelauretti.com\/de\/#website"},"primaryImageOfPage":{"@id":"https:\/\/www.irenelauretti.com\/de\/deutsch-sprache-als-weg-und-bzw-zum-ziel\/#primaryimage"},"image":{"@id":"https:\/\/www.irenelauretti.com\/deutsch-sprache-als-weg-und-bzw-zum-ziel\/#primaryimage"},"thumbnailUrl":"http:\/\/www.irenelauretti.com\/wp-content\/uploads\/2022\/12\/Wahrheit-225x300.jpg","datePublished":"2023-01-10T20:08:49+00:00","breadcrumb":{"@id":"https:\/\/www.irenelauretti.com\/de\/deutsch-sprache-als-weg-und-bzw-zum-ziel\/#breadcrumb"},"inLanguage":"de","potentialAction":[{"@type":"ReadAction","target":[["https:\/\/www.irenelauretti.com\/de\/deutsch-sprache-als-weg-und-bzw-zum-ziel\/"]]}]},{"@type":"ImageObject","inLanguage":"de","@id":"https:\/\/www.irenelauretti.com\/de\/deutsch-sprache-als-weg-und-bzw-zum-ziel\/#primaryimage","url":"http:\/\/www.irenelauretti.com\/wp-content\/uploads\/2022\/12\/Wahrheit-225x300.jpg","contentUrl":"http:\/\/www.irenelauretti.com\/wp-content\/uploads\/2022\/12\/Wahrheit-225x300.jpg"},{"@type":"BreadcrumbList","@id":"https:\/\/www.irenelauretti.com\/de\/deutsch-sprache-als-weg-und-bzw-zum-ziel\/#breadcrumb","itemListElement":[{"@type":"ListItem","position":1,"name":"Start","item":"https:\/\/www.irenelauretti.com\/de\/"},{"@type":"ListItem","position":2,"name":"SPRACHE als WEG und bzw. zum ZIEL"}]},{"@type":"WebSite","@id":"https:\/\/www.irenelauretti.com\/de\/#website","url":"https:\/\/www.irenelauretti.com\/de\/","name":"irenelauretti.com","description":"Autorin Mystikerin Heilerin Vision\u00e4rin","publisher":{"@id":"https:\/\/www.irenelauretti.com\/de\/#organization"},"potentialAction":[{"@type":"SearchAction","target":{"@type":"EntryPoint","urlTemplate":"https:\/\/www.irenelauretti.com\/de\/?s={search_term_string}"},"query-input":{"@type":"PropertyValueSpecification","valueRequired":true,"valueName":"search_term_string"}}],"inLanguage":"de"},{"@type":"Organization","@id":"https:\/\/www.irenelauretti.com\/de\/#organization","name":"irenelauretti.com","url":"https:\/\/www.irenelauretti.com\/de\/","logo":{"@type":"ImageObject","inLanguage":"de","@id":"https:\/\/www.irenelauretti.com\/de\/#\/schema\/logo\/image\/","url":"https:\/\/www.irenelauretti.com\/wp-content\/uploads\/2013\/08\/Logo_with.png","contentUrl":"https:\/\/www.irenelauretti.com\/wp-content\/uploads\/2013\/08\/Logo_with.png","width":180,"height":113,"caption":"irenelauretti.com"},"image":{"@id":"https:\/\/www.irenelauretti.com\/de\/#\/schema\/logo\/image\/"}},{"@type":"Person","@id":"https:\/\/www.irenelauretti.com\/#\/schema\/person\/692dd8be38a44ae26e451ac8e1d35f4d","name":"Irene Lauretti","image":{"@type":"ImageObject","inLanguage":"de","@id":"https:\/\/secure.gravatar.com\/avatar\/fc11751010b28816d1d3f43dfe9b51d964b6d1ace79d23ea8873bf0f0cf231ea?s=96&d=mm&r=g","url":"https:\/\/secure.gravatar.com\/avatar\/fc11751010b28816d1d3f43dfe9b51d964b6d1ace79d23ea8873bf0f0cf231ea?s=96&d=mm&r=g","contentUrl":"https:\/\/secure.gravatar.com\/avatar\/fc11751010b28816d1d3f43dfe9b51d964b6d1ace79d23ea8873bf0f0cf231ea?s=96&d=mm&r=g","caption":"Irene Lauretti"},"sameAs":["http:\/\/www.irenelauretti.com"],"url":"https:\/\/www.irenelauretti.com\/de\/author\/ilauretti\/"}]}},"cc_featured_image_caption":{"caption_text":"","source_text":"","source_url":""},"_links":{"self":[{"href":"https:\/\/www.irenelauretti.com\/de\/wp-json\/wp\/v2\/posts\/2966","targetHints":{"allow":["GET"]}}],"collection":[{"href":"https:\/\/www.irenelauretti.com\/de\/wp-json\/wp\/v2\/posts"}],"about":[{"href":"https:\/\/www.irenelauretti.com\/de\/wp-json\/wp\/v2\/types\/post"}],"author":[{"embeddable":true,"href":"https:\/\/www.irenelauretti.com\/de\/wp-json\/wp\/v2\/users\/2"}],"replies":[{"embeddable":true,"href":"https:\/\/www.irenelauretti.com\/de\/wp-json\/wp\/v2\/comments?post=2966"}],"version-history":[{"count":3,"href":"https:\/\/www.irenelauretti.com\/de\/wp-json\/wp\/v2\/posts\/2966\/revisions"}],"predecessor-version":[{"id":2969,"href":"https:\/\/www.irenelauretti.com\/de\/wp-json\/wp\/v2\/posts\/2966\/revisions\/2969"}],"wp:attachment":[{"href":"https:\/\/www.irenelauretti.com\/de\/wp-json\/wp\/v2\/media?parent=2966"}],"wp:term":[{"taxonomy":"category","embeddable":true,"href":"https:\/\/www.irenelauretti.com\/de\/wp-json\/wp\/v2\/categories?post=2966"},{"taxonomy":"post_tag","embeddable":true,"href":"https:\/\/www.irenelauretti.com\/de\/wp-json\/wp\/v2\/tags?post=2966"}],"curies":[{"name":"wp","href":"https:\/\/api.w.org\/{rel}","templated":true}]}}