{"id":2992,"date":"2023-02-13T19:11:32","date_gmt":"2023-02-13T19:11:32","guid":{"rendered":"http:\/\/www.irenelauretti.com\/?p=2992"},"modified":"2023-02-13T19:11:32","modified_gmt":"2023-02-13T19:11:32","slug":"deutsch-von-der-6-zur-9-mit-erzengel-michael","status":"publish","type":"post","link":"https:\/\/www.irenelauretti.com\/de\/deutsch-von-der-6-zur-9-mit-erzengel-michael\/","title":{"rendered":"Von der 6 zur 9 &#8211; mit ERZENGEL MICHAEL"},"content":{"rendered":"<p><\/p>\n<div dir=\"auto\">\n<div id=\"jsc_c_co\">\n<div><strong>Von der 6 zur 9<\/strong> <strong>&#8211; mit ERZENGEL MICHAEL<\/strong><\/div>\n<div><\/div>\n<div>gerade diese Tage schrieb ich dar\u00fcber einige Posts, erinnert Ihr Euch ? Und freilich geht ALLES dar\u00fcber im neuen Buch<\/div>\n<div><strong>&#8222;<a href=\"https:\/\/amzn.to\/3jzgVJ1\">Die gro\u00dfe Umkehr zum LICHT-Mensch<\/a>&#8220; <\/strong>&#8230;<\/div>\n<div><\/div>\n<div>Ich mu\u00dfte schmunzeln heute morgen &#8230; denn bei der Morgenmeditation blicke ich immer sowohl auf das Bild der Verk\u00fcndigung (3) und Menschwerdung (4) Christi des Isenheimer Altars, ich habe es beschrieben durch den Sch\u00f6pfungscode im obigen Buch &#8230;<\/div>\n<div>als auch &#8230;<\/div>\n<div>auf diese wundervolle Ost-Ikone &#8211; <strong>Erzengel MICHAEL<\/strong> &#8211;<\/div>\n<div>was jedoch so faszinierend ist ,wie das Unberbewu\u00dftsein die Botschaft dieses Gem\u00e4ldes in mich dringen liess &#8230; und mich diese Posts schreiben liess .. JETZT .. wo ich so intensiv diese Bild t\u00e4glich morgens w\u00e4hrend der 1-st\u00fcndigen LICHTMeditation in mich aufsauge &#8211; so funktioniert BEWUSSTSEIN!<\/div>\n<div><\/div>\n<div>WER erkennt es ?\u00a0\u00a0\u00a0\u00a0 <a href=\"http:\/\/www.irenelauretti.com\/wp-content\/uploads\/2023\/02\/Michael.jpg\" data-rel=\"lightbox-image-0\" data-rl_title=\"\" data-rl_caption=\"\" title=\"\"><img fetchpriority=\"high\" decoding=\"async\" class=\"alignright size-medium wp-image-2993\" alt=\"Michael\" src=\"http:\/\/www.irenelauretti.com\/wp-content\/uploads\/2023\/02\/Michael-225x300.jpg\" width=\"225\" height=\"300\" srcset=\"https:\/\/www.irenelauretti.com\/wp-content\/uploads\/2023\/02\/Michael-225x300.jpg 225w, https:\/\/www.irenelauretti.com\/wp-content\/uploads\/2023\/02\/Michael-768x1024.jpg 768w, https:\/\/www.irenelauretti.com\/wp-content\/uploads\/2023\/02\/Michael-700x933.jpg 700w, https:\/\/www.irenelauretti.com\/wp-content\/uploads\/2023\/02\/Michael-1050x1400.jpg 1050w, https:\/\/www.irenelauretti.com\/wp-content\/uploads\/2023\/02\/Michael-690x920.jpg 690w, https:\/\/www.irenelauretti.com\/wp-content\/uploads\/2023\/02\/Michael-330x440.jpg 330w, https:\/\/www.irenelauretti.com\/wp-content\/uploads\/2023\/02\/Michael-240x320.jpg 240w, https:\/\/www.irenelauretti.com\/wp-content\/uploads\/2023\/02\/Michael-500x666.jpg 500w, https:\/\/www.irenelauretti.com\/wp-content\/uploads\/2023\/02\/Michael.jpg 1512w\" sizes=\"(max-width: 225px) 100vw, 225px\" \/><\/a><\/div>\n<div><\/div>\n<div><strong>Von der 6 &#8211; zur 9 ?<\/strong><\/div>\n<div><\/div>\n<div>Die gro\u00dfe <strong>UMKEHR <\/strong>&#8211; ALLES geht darum im Leben &#8211; und kollektiv auf die Menschheit gesehen JETZT &#8211;<\/div>\n<div>von der Sinnlichkeit, der Identifikation mit und durch die Materie &#8211;<\/div>\n<div>hin zum ICH ERKENNE MICH ALS LICHT &#8211; ALS FUNKE GOTTES &#8211; und damit als das ALL &#8211; aus dem ALLES hervorgeht &#8211;<\/div>\n<div>aus dem <strong>ICH &#8211; LICHT<\/strong> &#8211; meine K\u00f6rperlichkeit <i>erschaffe<\/i> &#8211; t\u00e4glich NEU &#8211; aus dem<strong> LICHT<\/strong> <i>DURCH<\/i> die <strong>12 Kr\u00e4fte meiner SEELE! <\/strong><\/div>\n<div>UNTER-SCHEIDung &#8211; die 6 &#8211;<\/div>\n<div>an JEDEM KREUZ\u00fcbernahmebereich &#8211; wann immer ein Sch\u00f6pfungsstrom sich wandelt in den n\u00e4chsten &#8211; geht es genau DARUM: GEBE ich mich dem Ganzen hin &#8211; oder &#8222;halte&#8220; ich aus &#8222;Angst&#8220; &#8211; mich mit und durch &#8222;K\u00f6rper&#8220; identifizierend ?<\/div>\n<div><\/div>\n<div>Zwei &#8222;H\u00e4lften&#8220; der SEELE (zweites Kapitel in<\/div>\n<div><strong> &#8222;<a href=\"https:\/\/amzn.to\/2lbjd6l\">Der Mond und der kosmische Code der Sch\u00f6pfung<\/a>&#8222;<\/strong>!<\/div>\n<div>&#8211; der MOND &#8211; mit seinen beiden H\u00e4lften , der SICHTbaren und der Unsichtbaren<\/div>\n<div><\/div>\n<div>Die Menschheit lebt aktuell die &#8222;untere&#8220;, nach RECHTS blickende H\u00e4lfte der SEELE &#8211; die Sinnlichkeit, vollkommene Identifiktion mit und durch die Materie &#8230;siehst Du die untere H\u00e4lfte des Gesichtes des Wesens, in welches Erzengel Michael den LICHTstrahl aus der Bibel, dem Buch der B\u00fccher, flie\u00dfen l\u00e4\u00dft ?<\/div>\n<div><\/div>\n<div>DAS ist die 6, sogar bildlich nach rechts, nach &#8222;unten&#8220; = K\u00f6rperlichkeit blickend!<\/div>\n<div><\/div>\n<div>Der <strong>OBERE &#8211; LICHT<\/strong>volle, zum<strong> LICHT<\/strong>&#8211; sich erKENNEND als LICHT (9, nach &#8222;links&#8220; zum LICHT blickende &#8222;Teil&#8220; &#8211; DER soll den unteren durch LICHT ERHELLEN! &#8211; SIEGEN \u00fcber die Materie!<\/div>\n<div>Ist das NICHT FASZINIEREND, wie auf dieser Ikone exakt DAS, was ich die letzten Tage &#8222;unbewu\u00dft&#8220; BEWUSST sozusagen schrieb, als Bild \u00fcbermittelt wird ?<\/div>\n<div><strong>ERZENGEL MICHAEL<\/strong> gilt als endzeitlicher \u00dcBERWINDER DES B\u00d6SEN &#8211;<\/div>\n<div>er f\u00fchrt uns auf diesem WEG des LICHTS, der gleichzeitig das ZIEL ist!<\/div>\n<div><\/div>\n<div><a href=\"http:\/\/www.irenelauretti.com\/wp-content\/uploads\/2016\/02\/Logo_main.1.1.15d5e221.jpg\" data-rel=\"lightbox-image-1\" data-rl_title=\"\" data-rl_caption=\"\" title=\"\"><img decoding=\"async\" class=\"size-full wp-image-2027 alignleft\" alt=\"Logo_main.1.1.15d5e22[1]\" src=\"http:\/\/www.irenelauretti.com\/wp-content\/uploads\/2016\/02\/Logo_main.1.1.15d5e221.jpg\" width=\"200\" height=\"120\" \/><\/a><\/div>\n<\/div>\n<\/div>\n<p><\/p>","protected":false},"excerpt":{"rendered":"<p>Von der 6 zur 9 &#8211; mit ERZENGEL MICHAEL gerade diese Tage schrieb ich dar\u00fcber einige Posts, erinnert Ihr Euch ? Und freilich geht ALLES dar\u00fcber im neuen Buch &#8222;Die gro\u00dfe Umkehr zum LICHT-Mensch&#8220; &#8230; Ich mu\u00dfte schmunzeln heute morgen &#8230; denn bei der Morgenmeditation blicke ich immer sowohl auf das Bild der Verk\u00fcndigung (3) [&hellip;]<\/p>\n","protected":false},"author":2,"featured_media":0,"comment_status":"open","ping_status":"open","sticky":false,"template":"","format":"standard","meta":{"_coblocks_attr":"","_coblocks_dimensions":"","_coblocks_responsive_height":"","_coblocks_accordion_ie_support":"","ocean_post_layout":"","ocean_both_sidebars_style":"","ocean_both_sidebars_content_width":0,"ocean_both_sidebars_sidebars_width":0,"ocean_sidebar":"","ocean_second_sidebar":"","ocean_disable_margins":"enable","ocean_add_body_class":"","ocean_shortcode_before_top_bar":"","ocean_shortcode_after_top_bar":"","ocean_shortcode_before_header":"","ocean_shortcode_after_header":"","ocean_has_shortcode":"","ocean_shortcode_after_title":"","ocean_shortcode_before_footer_widgets":"","ocean_shortcode_after_footer_widgets":"","ocean_shortcode_before_footer_bottom":"","ocean_shortcode_after_footer_bottom":"","ocean_display_top_bar":"default","ocean_display_header":"default","ocean_header_style":"","ocean_center_header_left_menu":"","ocean_custom_header_template":"","ocean_custom_logo":0,"ocean_custom_retina_logo":0,"ocean_custom_logo_max_width":0,"ocean_custom_logo_tablet_max_width":0,"ocean_custom_logo_mobile_max_width":0,"ocean_custom_logo_max_height":0,"ocean_custom_logo_tablet_max_height":0,"ocean_custom_logo_mobile_max_height":0,"ocean_header_custom_menu":"","ocean_menu_typo_font_family":"","ocean_menu_typo_font_subset":"","ocean_menu_typo_font_size":0,"ocean_menu_typo_font_size_tablet":0,"ocean_menu_typo_font_size_mobile":0,"ocean_menu_typo_font_size_unit":"px","ocean_menu_typo_font_weight":"","ocean_menu_typo_font_weight_tablet":"","ocean_menu_typo_font_weight_mobile":"","ocean_menu_typo_transform":"","ocean_menu_typo_transform_tablet":"","ocean_menu_typo_transform_mobile":"","ocean_menu_typo_line_height":0,"ocean_menu_typo_line_height_tablet":0,"ocean_menu_typo_line_height_mobile":0,"ocean_menu_typo_line_height_unit":"","ocean_menu_typo_spacing":0,"ocean_menu_typo_spacing_tablet":0,"ocean_menu_typo_spacing_mobile":0,"ocean_menu_typo_spacing_unit":"","ocean_menu_link_color":"","ocean_menu_link_color_hover":"","ocean_menu_link_color_active":"","ocean_menu_link_background":"","ocean_menu_link_hover_background":"","ocean_menu_link_active_background":"","ocean_menu_social_links_bg":"","ocean_menu_social_hover_links_bg":"","ocean_menu_social_links_color":"","ocean_menu_social_hover_links_color":"","ocean_disable_title":"default","ocean_disable_heading":"default","ocean_post_title":"","ocean_post_subheading":"","ocean_post_title_style":"","ocean_post_title_background_color":"","ocean_post_title_background":0,"ocean_post_title_bg_image_position":"","ocean_post_title_bg_image_attachment":"","ocean_post_title_bg_image_repeat":"","ocean_post_title_bg_image_size":"","ocean_post_title_height":0,"ocean_post_title_bg_overlay":0.5,"ocean_post_title_bg_overlay_color":"","ocean_disable_breadcrumbs":"default","ocean_breadcrumbs_color":"","ocean_breadcrumbs_separator_color":"","ocean_breadcrumbs_links_color":"","ocean_breadcrumbs_links_hover_color":"","ocean_display_footer_widgets":"default","ocean_display_footer_bottom":"default","ocean_custom_footer_template":"","omw_enable_modal_window":"enable","_themeisle_gutenberg_block_has_review":false,"ocean_post_oembed":"","ocean_post_self_hosted_media":"","ocean_post_video_embed":"","ocean_link_format":"","ocean_link_format_target":"self","ocean_quote_format":"","ocean_quote_format_link":"post","ocean_gallery_link_images":"on","ocean_gallery_id":[],"footnotes":""},"categories":[407,173,145,375,428,306,33,338,365,433,434],"tags":[435,436,57,508,489,490,555,556,51,54,56,293,76,266,65,495,515,512,506],"class_list":["post-2992","post","type-post","status-publish","format-standard","hentry","category-12-seelentore","category-12-tore","category-bewusstsein","category-bewusstseinsentfaltung","category-bibel","category-christus","category-der-mond-und-der-kosmische-code-der-schopfung","category-die-grose-umkehr-zum-licht-mensch","category-die-umkehr","category-erzengel","category-erzengel-michael","tag-435","tag-436","tag-achtsamkeit","tag-bewusstsein","tag-der-mond-und-der-kosmische-code-der-schopfung","tag-energieheilen","tag-erzengel","tag-erzengel-michael","tag-groser-energiekreislauf","tag-heilen","tag-jin-shin-jyutsu","tag-kosmos","tag-lebensstrom","tag-licht","tag-mensch-mond-kosmos","tag-mond","tag-numerologie","tag-organstrome","tag-seele","entry"],"yoast_head":"<!-- This site is optimized with the Yoast SEO plugin v27.4 - https:\/\/yoast.com\/product\/yoast-seo-wordpress\/ -->\n<title>Von der 6 zur 9 - mit ERZENGEL MICHAEL - irenelauretti.com<\/title>\n<meta name=\"description\" content=\"Bewusstseinsentfaltung erkl\u00e4rt durch den Weg von der 6 zur 9 anhand einer russischen Ikone des Erzengel Michaels\" \/>\n<meta name=\"robots\" content=\"index, follow, max-snippet:-1, max-image-preview:large, max-video-preview:-1\" \/>\n<link rel=\"canonical\" href=\"https:\/\/www.irenelauretti.com\/de\/deutsch-von-der-6-zur-9-mit-erzengel-michael\/\" \/>\n<meta name=\"twitter:card\" content=\"summary_large_image\" \/>\n<meta name=\"twitter:title\" content=\"Von der 6 zur 9 - mit ERZENGEL MICHAEL - irenelauretti.com\" \/>\n<meta name=\"twitter:description\" content=\"Bewusstseinsentfaltung erkl\u00e4rt durch den Weg von der 6 zur 9 anhand einer russischen Ikone des Erzengel Michaels\" \/>\n<meta name=\"twitter:image\" content=\"http:\/\/www.irenelauretti.com\/wp-content\/uploads\/2023\/02\/Michael-225x300.jpg\" \/>\n<meta name=\"twitter:label1\" content=\"Verfasst von\" \/>\n\t<meta name=\"twitter:data1\" content=\"Irene Lauretti\" \/>\n\t<meta name=\"twitter:label2\" content=\"Gesch\u00e4tzte Lesezeit\" \/>\n\t<meta name=\"twitter:data2\" content=\"2\u00a0Minuten\" \/>\n<script type=\"application\/ld+json\" class=\"yoast-schema-graph\">{\"@context\":\"https:\\\/\\\/schema.org\",\"@graph\":[{\"@type\":\"Article\",\"@id\":\"https:\\\/\\\/www.irenelauretti.com\\\/deutsch-von-der-6-zur-9-mit-erzengel-michael\\\/#article\",\"isPartOf\":{\"@id\":\"https:\\\/\\\/www.irenelauretti.com\\\/deutsch-von-der-6-zur-9-mit-erzengel-michael\\\/\"},\"author\":{\"name\":\"Irene Lauretti\",\"@id\":\"https:\\\/\\\/www.irenelauretti.com\\\/#\\\/schema\\\/person\\\/692dd8be38a44ae26e451ac8e1d35f4d\"},\"headline\":\"Von der 6 zur 9 &#8211; mit ERZENGEL MICHAEL\",\"datePublished\":\"2023-02-13T19:11:32+00:00\",\"mainEntityOfPage\":{\"@id\":\"https:\\\/\\\/www.irenelauretti.com\\\/deutsch-von-der-6-zur-9-mit-erzengel-michael\\\/\"},\"wordCount\":437,\"commentCount\":0,\"publisher\":{\"@id\":\"https:\\\/\\\/www.irenelauretti.com\\\/#organization\"},\"image\":{\"@id\":\"https:\\\/\\\/www.irenelauretti.com\\\/deutsch-von-der-6-zur-9-mit-erzengel-michael\\\/#primaryimage\"},\"thumbnailUrl\":\"http:\\\/\\\/www.irenelauretti.com\\\/wp-content\\\/uploads\\\/2023\\\/02\\\/Michael-225x300.jpg\",\"keywords\":[\"6\",\"9\",\"Achtsamkeit\",\"Bewusstsein\",\"Der Mond und der kosmische Code der Sch\u00f6pfung\",\"Energieheilen\",\"Erzengel\",\"Erzengel Michael\",\"Gro\u00dfer Energiekreislauf\",\"Heilen\",\"Jin Shin Jyutsu\",\"Kosmos\",\"Lebensstrom\",\"Licht\",\"Mensch-Mond-Kosmos\",\"Mond\",\"Numerologie\",\"Organstr\u00f6me\",\"Seele\"],\"articleSection\":[\"12 Seelentore\",\"12 Tore\",\"Bewusstsein\",\"Bewusstseinsentfaltung\",\"Bibel\",\"Christus\",\"Der Mond und der kosmische Code der Sch\u00f6pfung\",\"Die gro\u00dfe Umkehr zum Licht-Mensch\",\"Die UMKEHR\",\"Erzengel\",\"Erzengel Michael\"],\"inLanguage\":\"de\",\"potentialAction\":[{\"@type\":\"CommentAction\",\"name\":\"Comment\",\"target\":[\"https:\\\/\\\/www.irenelauretti.com\\\/deutsch-von-der-6-zur-9-mit-erzengel-michael\\\/#respond\"]}]},{\"@type\":\"WebPage\",\"@id\":\"https:\\\/\\\/www.irenelauretti.com\\\/de\\\/deutsch-von-der-6-zur-9-mit-erzengel-michael\\\/\",\"url\":\"https:\\\/\\\/www.irenelauretti.com\\\/de\\\/deutsch-von-der-6-zur-9-mit-erzengel-michael\\\/\",\"name\":\"Von der 6 zur 9 - mit ERZENGEL MICHAEL - irenelauretti.com\",\"isPartOf\":{\"@id\":\"https:\\\/\\\/www.irenelauretti.com\\\/de\\\/#website\"},\"primaryImageOfPage\":{\"@id\":\"https:\\\/\\\/www.irenelauretti.com\\\/de\\\/deutsch-von-der-6-zur-9-mit-erzengel-michael\\\/#primaryimage\"},\"image\":{\"@id\":\"https:\\\/\\\/www.irenelauretti.com\\\/deutsch-von-der-6-zur-9-mit-erzengel-michael\\\/#primaryimage\"},\"thumbnailUrl\":\"http:\\\/\\\/www.irenelauretti.com\\\/wp-content\\\/uploads\\\/2023\\\/02\\\/Michael-225x300.jpg\",\"datePublished\":\"2023-02-13T19:11:32+00:00\",\"description\":\"Bewusstseinsentfaltung erkl\u00e4rt durch den Weg von der 6 zur 9 anhand einer russischen Ikone des Erzengel Michaels\",\"breadcrumb\":{\"@id\":\"https:\\\/\\\/www.irenelauretti.com\\\/de\\\/deutsch-von-der-6-zur-9-mit-erzengel-michael\\\/#breadcrumb\"},\"inLanguage\":\"de\",\"potentialAction\":[{\"@type\":\"ReadAction\",\"target\":[[\"https:\\\/\\\/www.irenelauretti.com\\\/de\\\/deutsch-von-der-6-zur-9-mit-erzengel-michael\\\/\"]]}]},{\"@type\":\"ImageObject\",\"inLanguage\":\"de\",\"@id\":\"https:\\\/\\\/www.irenelauretti.com\\\/de\\\/deutsch-von-der-6-zur-9-mit-erzengel-michael\\\/#primaryimage\",\"url\":\"http:\\\/\\\/www.irenelauretti.com\\\/wp-content\\\/uploads\\\/2023\\\/02\\\/Michael-225x300.jpg\",\"contentUrl\":\"http:\\\/\\\/www.irenelauretti.com\\\/wp-content\\\/uploads\\\/2023\\\/02\\\/Michael-225x300.jpg\"},{\"@type\":\"BreadcrumbList\",\"@id\":\"https:\\\/\\\/www.irenelauretti.com\\\/de\\\/deutsch-von-der-6-zur-9-mit-erzengel-michael\\\/#breadcrumb\",\"itemListElement\":[{\"@type\":\"ListItem\",\"position\":1,\"name\":\"Start\",\"item\":\"https:\\\/\\\/www.irenelauretti.com\\\/de\\\/\"},{\"@type\":\"ListItem\",\"position\":2,\"name\":\"Von der 6 zur 9 &#8211; mit ERZENGEL MICHAEL\"}]},{\"@type\":\"WebSite\",\"@id\":\"https:\\\/\\\/www.irenelauretti.com\\\/de\\\/#website\",\"url\":\"https:\\\/\\\/www.irenelauretti.com\\\/de\\\/\",\"name\":\"irenelauretti.com\",\"description\":\"Autorin Mystikerin Heilerin Vision\u00e4rin\",\"publisher\":{\"@id\":\"https:\\\/\\\/www.irenelauretti.com\\\/de\\\/#organization\"},\"potentialAction\":[{\"@type\":\"SearchAction\",\"target\":{\"@type\":\"EntryPoint\",\"urlTemplate\":\"https:\\\/\\\/www.irenelauretti.com\\\/de\\\/?s={search_term_string}\"},\"query-input\":{\"@type\":\"PropertyValueSpecification\",\"valueRequired\":true,\"valueName\":\"search_term_string\"}}],\"inLanguage\":\"de\"},{\"@type\":\"Organization\",\"@id\":\"https:\\\/\\\/www.irenelauretti.com\\\/de\\\/#organization\",\"name\":\"irenelauretti.com\",\"url\":\"https:\\\/\\\/www.irenelauretti.com\\\/de\\\/\",\"logo\":{\"@type\":\"ImageObject\",\"inLanguage\":\"de\",\"@id\":\"https:\\\/\\\/www.irenelauretti.com\\\/de\\\/#\\\/schema\\\/logo\\\/image\\\/\",\"url\":\"https:\\\/\\\/www.irenelauretti.com\\\/wp-content\\\/uploads\\\/2013\\\/08\\\/Logo_with.png\",\"contentUrl\":\"https:\\\/\\\/www.irenelauretti.com\\\/wp-content\\\/uploads\\\/2013\\\/08\\\/Logo_with.png\",\"width\":180,\"height\":113,\"caption\":\"irenelauretti.com\"},\"image\":{\"@id\":\"https:\\\/\\\/www.irenelauretti.com\\\/de\\\/#\\\/schema\\\/logo\\\/image\\\/\"}},{\"@type\":\"Person\",\"@id\":\"https:\\\/\\\/www.irenelauretti.com\\\/#\\\/schema\\\/person\\\/692dd8be38a44ae26e451ac8e1d35f4d\",\"name\":\"Irene Lauretti\",\"image\":{\"@type\":\"ImageObject\",\"inLanguage\":\"de\",\"@id\":\"https:\\\/\\\/secure.gravatar.com\\\/avatar\\\/fc11751010b28816d1d3f43dfe9b51d964b6d1ace79d23ea8873bf0f0cf231ea?s=96&d=mm&r=g\",\"url\":\"https:\\\/\\\/secure.gravatar.com\\\/avatar\\\/fc11751010b28816d1d3f43dfe9b51d964b6d1ace79d23ea8873bf0f0cf231ea?s=96&d=mm&r=g\",\"contentUrl\":\"https:\\\/\\\/secure.gravatar.com\\\/avatar\\\/fc11751010b28816d1d3f43dfe9b51d964b6d1ace79d23ea8873bf0f0cf231ea?s=96&d=mm&r=g\",\"caption\":\"Irene Lauretti\"},\"sameAs\":[\"http:\\\/\\\/www.irenelauretti.com\"],\"url\":\"https:\\\/\\\/www.irenelauretti.com\\\/de\\\/author\\\/ilauretti\\\/\"}]}<\/script>\n<!-- \/ Yoast SEO plugin. -->","yoast_head_json":{"title":"Von der 6 zur 9 - mit ERZENGEL MICHAEL - irenelauretti.com","description":"Bewusstseinsentfaltung erkl\u00e4rt durch den Weg von der 6 zur 9 anhand einer russischen Ikone des Erzengel Michaels","robots":{"index":"index","follow":"follow","max-snippet":"max-snippet:-1","max-image-preview":"max-image-preview:large","max-video-preview":"max-video-preview:-1"},"canonical":"https:\/\/www.irenelauretti.com\/de\/deutsch-von-der-6-zur-9-mit-erzengel-michael\/","twitter_card":"summary_large_image","twitter_title":"Von der 6 zur 9 - mit ERZENGEL MICHAEL - irenelauretti.com","twitter_description":"Bewusstseinsentfaltung erkl\u00e4rt durch den Weg von der 6 zur 9 anhand einer russischen Ikone des Erzengel Michaels","twitter_image":"http:\/\/www.irenelauretti.com\/wp-content\/uploads\/2023\/02\/Michael-225x300.jpg","twitter_misc":{"Verfasst von":"Irene Lauretti","Gesch\u00e4tzte Lesezeit":"2\u00a0Minuten"},"schema":{"@context":"https:\/\/schema.org","@graph":[{"@type":"Article","@id":"https:\/\/www.irenelauretti.com\/deutsch-von-der-6-zur-9-mit-erzengel-michael\/#article","isPartOf":{"@id":"https:\/\/www.irenelauretti.com\/deutsch-von-der-6-zur-9-mit-erzengel-michael\/"},"author":{"name":"Irene Lauretti","@id":"https:\/\/www.irenelauretti.com\/#\/schema\/person\/692dd8be38a44ae26e451ac8e1d35f4d"},"headline":"Von der 6 zur 9 &#8211; mit ERZENGEL MICHAEL","datePublished":"2023-02-13T19:11:32+00:00","mainEntityOfPage":{"@id":"https:\/\/www.irenelauretti.com\/deutsch-von-der-6-zur-9-mit-erzengel-michael\/"},"wordCount":437,"commentCount":0,"publisher":{"@id":"https:\/\/www.irenelauretti.com\/#organization"},"image":{"@id":"https:\/\/www.irenelauretti.com\/deutsch-von-der-6-zur-9-mit-erzengel-michael\/#primaryimage"},"thumbnailUrl":"http:\/\/www.irenelauretti.com\/wp-content\/uploads\/2023\/02\/Michael-225x300.jpg","keywords":["6","9","Achtsamkeit","Bewusstsein","Der Mond und der kosmische Code der Sch\u00f6pfung","Energieheilen","Erzengel","Erzengel Michael","Gro\u00dfer Energiekreislauf","Heilen","Jin Shin Jyutsu","Kosmos","Lebensstrom","Licht","Mensch-Mond-Kosmos","Mond","Numerologie","Organstr\u00f6me","Seele"],"articleSection":["12 Seelentore","12 Tore","Bewusstsein","Bewusstseinsentfaltung","Bibel","Christus","Der Mond und der kosmische Code der Sch\u00f6pfung","Die gro\u00dfe Umkehr zum Licht-Mensch","Die UMKEHR","Erzengel","Erzengel Michael"],"inLanguage":"de","potentialAction":[{"@type":"CommentAction","name":"Comment","target":["https:\/\/www.irenelauretti.com\/deutsch-von-der-6-zur-9-mit-erzengel-michael\/#respond"]}]},{"@type":"WebPage","@id":"https:\/\/www.irenelauretti.com\/de\/deutsch-von-der-6-zur-9-mit-erzengel-michael\/","url":"https:\/\/www.irenelauretti.com\/de\/deutsch-von-der-6-zur-9-mit-erzengel-michael\/","name":"Von der 6 zur 9 - mit ERZENGEL MICHAEL - irenelauretti.com","isPartOf":{"@id":"https:\/\/www.irenelauretti.com\/de\/#website"},"primaryImageOfPage":{"@id":"https:\/\/www.irenelauretti.com\/de\/deutsch-von-der-6-zur-9-mit-erzengel-michael\/#primaryimage"},"image":{"@id":"https:\/\/www.irenelauretti.com\/deutsch-von-der-6-zur-9-mit-erzengel-michael\/#primaryimage"},"thumbnailUrl":"http:\/\/www.irenelauretti.com\/wp-content\/uploads\/2023\/02\/Michael-225x300.jpg","datePublished":"2023-02-13T19:11:32+00:00","description":"Bewusstseinsentfaltung erkl\u00e4rt durch den Weg von der 6 zur 9 anhand einer russischen Ikone des Erzengel Michaels","breadcrumb":{"@id":"https:\/\/www.irenelauretti.com\/de\/deutsch-von-der-6-zur-9-mit-erzengel-michael\/#breadcrumb"},"inLanguage":"de","potentialAction":[{"@type":"ReadAction","target":[["https:\/\/www.irenelauretti.com\/de\/deutsch-von-der-6-zur-9-mit-erzengel-michael\/"]]}]},{"@type":"ImageObject","inLanguage":"de","@id":"https:\/\/www.irenelauretti.com\/de\/deutsch-von-der-6-zur-9-mit-erzengel-michael\/#primaryimage","url":"http:\/\/www.irenelauretti.com\/wp-content\/uploads\/2023\/02\/Michael-225x300.jpg","contentUrl":"http:\/\/www.irenelauretti.com\/wp-content\/uploads\/2023\/02\/Michael-225x300.jpg"},{"@type":"BreadcrumbList","@id":"https:\/\/www.irenelauretti.com\/de\/deutsch-von-der-6-zur-9-mit-erzengel-michael\/#breadcrumb","itemListElement":[{"@type":"ListItem","position":1,"name":"Start","item":"https:\/\/www.irenelauretti.com\/de\/"},{"@type":"ListItem","position":2,"name":"Von der 6 zur 9 &#8211; mit ERZENGEL MICHAEL"}]},{"@type":"WebSite","@id":"https:\/\/www.irenelauretti.com\/de\/#website","url":"https:\/\/www.irenelauretti.com\/de\/","name":"irenelauretti.com","description":"Autorin Mystikerin Heilerin Vision\u00e4rin","publisher":{"@id":"https:\/\/www.irenelauretti.com\/de\/#organization"},"potentialAction":[{"@type":"SearchAction","target":{"@type":"EntryPoint","urlTemplate":"https:\/\/www.irenelauretti.com\/de\/?s={search_term_string}"},"query-input":{"@type":"PropertyValueSpecification","valueRequired":true,"valueName":"search_term_string"}}],"inLanguage":"de"},{"@type":"Organization","@id":"https:\/\/www.irenelauretti.com\/de\/#organization","name":"irenelauretti.com","url":"https:\/\/www.irenelauretti.com\/de\/","logo":{"@type":"ImageObject","inLanguage":"de","@id":"https:\/\/www.irenelauretti.com\/de\/#\/schema\/logo\/image\/","url":"https:\/\/www.irenelauretti.com\/wp-content\/uploads\/2013\/08\/Logo_with.png","contentUrl":"https:\/\/www.irenelauretti.com\/wp-content\/uploads\/2013\/08\/Logo_with.png","width":180,"height":113,"caption":"irenelauretti.com"},"image":{"@id":"https:\/\/www.irenelauretti.com\/de\/#\/schema\/logo\/image\/"}},{"@type":"Person","@id":"https:\/\/www.irenelauretti.com\/#\/schema\/person\/692dd8be38a44ae26e451ac8e1d35f4d","name":"Irene Lauretti","image":{"@type":"ImageObject","inLanguage":"de","@id":"https:\/\/secure.gravatar.com\/avatar\/fc11751010b28816d1d3f43dfe9b51d964b6d1ace79d23ea8873bf0f0cf231ea?s=96&d=mm&r=g","url":"https:\/\/secure.gravatar.com\/avatar\/fc11751010b28816d1d3f43dfe9b51d964b6d1ace79d23ea8873bf0f0cf231ea?s=96&d=mm&r=g","contentUrl":"https:\/\/secure.gravatar.com\/avatar\/fc11751010b28816d1d3f43dfe9b51d964b6d1ace79d23ea8873bf0f0cf231ea?s=96&d=mm&r=g","caption":"Irene Lauretti"},"sameAs":["http:\/\/www.irenelauretti.com"],"url":"https:\/\/www.irenelauretti.com\/de\/author\/ilauretti\/"}]}},"cc_featured_image_caption":{"caption_text":"","source_text":"","source_url":""},"_links":{"self":[{"href":"https:\/\/www.irenelauretti.com\/de\/wp-json\/wp\/v2\/posts\/2992","targetHints":{"allow":["GET"]}}],"collection":[{"href":"https:\/\/www.irenelauretti.com\/de\/wp-json\/wp\/v2\/posts"}],"about":[{"href":"https:\/\/www.irenelauretti.com\/de\/wp-json\/wp\/v2\/types\/post"}],"author":[{"embeddable":true,"href":"https:\/\/www.irenelauretti.com\/de\/wp-json\/wp\/v2\/users\/2"}],"replies":[{"embeddable":true,"href":"https:\/\/www.irenelauretti.com\/de\/wp-json\/wp\/v2\/comments?post=2992"}],"version-history":[{"count":1,"href":"https:\/\/www.irenelauretti.com\/de\/wp-json\/wp\/v2\/posts\/2992\/revisions"}],"predecessor-version":[{"id":2994,"href":"https:\/\/www.irenelauretti.com\/de\/wp-json\/wp\/v2\/posts\/2992\/revisions\/2994"}],"wp:attachment":[{"href":"https:\/\/www.irenelauretti.com\/de\/wp-json\/wp\/v2\/media?parent=2992"}],"wp:term":[{"taxonomy":"category","embeddable":true,"href":"https:\/\/www.irenelauretti.com\/de\/wp-json\/wp\/v2\/categories?post=2992"},{"taxonomy":"post_tag","embeddable":true,"href":"https:\/\/www.irenelauretti.com\/de\/wp-json\/wp\/v2\/tags?post=2992"}],"curies":[{"name":"wp","href":"https:\/\/api.w.org\/{rel}","templated":true}]}}