{"id":2999,"date":"2023-03-02T20:05:01","date_gmt":"2023-03-02T20:05:01","guid":{"rendered":"http:\/\/www.irenelauretti.com\/?p=2999"},"modified":"2023-03-02T20:05:01","modified_gmt":"2023-03-02T20:05:01","slug":"deutsch-heilung-fur-jeden-und-fur-die-welt","status":"publish","type":"post","link":"https:\/\/www.irenelauretti.com\/de\/deutsch-heilung-fur-jeden-und-fur-die-welt\/","title":{"rendered":"HEILung &#8230; f\u00fcr JEDEN &#8211; und f\u00fcr die Welt"},"content":{"rendered":"<p><\/p>\n<div dir=\"auto\">\n<div id=\"jsc_c_1tt\"><strong>JA,<\/strong> &#8230; es <strong>GIBT das EINE All-Heilmittel<\/strong> &#8230; f\u00fcr ..<strong>. JEDE KRANKHEIT <\/strong>&#8230; und vor allem &#8230; f\u00fcr die kollektive Krankheit der &#8230; <strong>ANGST! <\/strong><\/p>\n<div>es kostet NICHTS &#8211; es ist direkt DA &#8211; NUR &#8230;<\/div>\n<div>dass es NIEMAND nutzt!!!<\/div>\n<div>Ver-r\u00fcckt, nicht wahr ?<\/div>\n<div>Und, ich wei\u00df schon, was Ihr jetzt h\u00f6ren wollt &#8230; und Ihr kriegt es auch zu h\u00f6ren &#8230; NUR&#8230;<\/div>\n<div>ja &#8230; <strong>LIEBE &#8230; <\/strong>&#8211; DAS ist das ALL-heilmittel &#8230;<\/div>\n<div><strong>ABER: genau HIER liegt der Knackpunkt.<\/strong><\/div>\n<div>Die Menschen nutzen die LIEBE (also das, was sie darunter verstehen .. ) .. .<strong>EGO<\/strong>istisch!<\/div>\n<div>Sie sehen &#8211; und f\u00fchlen &#8211; ALLes &#8230; aus der Perspektive des<\/div>\n<div><strong>ICH &#8211; also EGO<\/strong> &#8211; ICH, der MENSCH &#8211; anstatt<\/div>\n<div><strong>ICH &#8211; der GEIST <\/strong>&#8211; der \u00dcBER dem Mensch-sein steht und sich als TEIL DES GANZEN &#8211; als das GANZE SELBST &#8211; erKENNT!<a href=\"http:\/\/www.irenelauretti.com\/wp-content\/uploads\/2023\/03\/Mond-Licht.jpg\" data-rel=\"lightbox-image-0\" data-rl_title=\"\" data-rl_caption=\"\" title=\"\"><img fetchpriority=\"high\" decoding=\"async\" class=\"alignright size-medium wp-image-3001\" alt=\"Mond Licht\" src=\"http:\/\/www.irenelauretti.com\/wp-content\/uploads\/2023\/03\/Mond-Licht-225x300.jpg\" width=\"225\" height=\"300\" srcset=\"https:\/\/www.irenelauretti.com\/wp-content\/uploads\/2023\/03\/Mond-Licht-225x300.jpg 225w, https:\/\/www.irenelauretti.com\/wp-content\/uploads\/2023\/03\/Mond-Licht-700x933.jpg 700w, https:\/\/www.irenelauretti.com\/wp-content\/uploads\/2023\/03\/Mond-Licht-690x920.jpg 690w, https:\/\/www.irenelauretti.com\/wp-content\/uploads\/2023\/03\/Mond-Licht-330x440.jpg 330w, https:\/\/www.irenelauretti.com\/wp-content\/uploads\/2023\/03\/Mond-Licht-240x320.jpg 240w, https:\/\/www.irenelauretti.com\/wp-content\/uploads\/2023\/03\/Mond-Licht-500x666.jpg 500w, https:\/\/www.irenelauretti.com\/wp-content\/uploads\/2023\/03\/Mond-Licht.jpg 720w\" sizes=\"(max-width: 225px) 100vw, 225px\" \/><\/a><\/div>\n<div>Ja, auch hier: es geht IMMER &#8211; um die <a href=\"https:\/\/amzn.to\/3jzgVJ1\"><strong>GROSSE UMKEHR <\/strong><\/a>.. das ist ja der <a href=\"https:\/\/amzn.to\/2lbjd6l\">Sch\u00f6pfungscode<\/a> &#8211; f\u00fcr den, der ihn wahrhaft LEBT &#8211;<\/div>\n<div>&#8230; denn an <strong>JEDEM der 12 Strom\u00fcbernahmebereiche<\/strong> &#8230; \u00fcbergibt sich der <strong>GEIST &#8211; an den N\u00c4CHSTEN<\/strong> &#8230; durch Hin<strong>GABE<\/strong> .. also sich (das Ego) vollkommen Hin<strong>GEBEND<\/strong> &#8211; damit der Strom zum <strong>N\u00c4CHSTEN<\/strong> werden kann &#8211; also der heutige <strong>Milzstrom<\/strong> wird zum ..<\/div>\n<div><strong>HERZSTROM<\/strong> .. <strong>nur DADURCH<\/strong>, dass der MILZSTROM sich <strong>VOLLKOMMEN HINGIBT! <\/strong>&#8211; tut er das nicht, &#8211; oder tut er es &#8222;halb-herzig&#8220; &#8230; erh\u00e4lt der Herzstrom keine Energie &#8230; und das bedeutet, dass auch der Milzstrom verk\u00fcmmert! &#8211; und dann .. successive ALLE Str\u00f6me mit dem Risultat von &#8230; blockierten Emo-tionen und dann &#8230; k\u00f6rperliche KRANKHEIT &#8230;<\/div>\n<div><strong>JA! Und DAS IST DIE WELT UND DIE MENSCHEN! <\/strong><\/div>\n<div>Es ist eine interessante Tatsache, &#8230; mir war das schon als Kind unbewu\u00dft aufgefallen &#8230;<\/div>\n<div>wenn mir Leid angetan wurde .. habe ich IMMER an und durch die andere Person gef\u00fchlt &#8230; WARUM tut sie das .. es ist die ANDERE PERSON&#8230; die BeMITLEID-enswert ist &#8230;<\/div>\n<div>nicht ich!<\/div>\n<div>Ich habe und es ist freilich immer noch so &#8211; die GEF\u00dcHLE &#8211; das UNWISSEN &#8211; die ANGST &#8211; die VerZWEIFlung der ANDEREN PERSON gesp\u00fcrt und DAS machte mir Schmerzen ..<\/div>\n<div>NIE machte ich der Person &#8211; oder anderen &#8211; dar\u00fcber Vor-W\u00dcRFE &#8230;<\/div>\n<div>oder auch: wenn ICH einem anderen Menschen Schmerzen zuf\u00fcgte .. NICHTS war f\u00fcr mich schlimmer &#8211; nichts IST f\u00fcr mich schlimmer, als der Schmerz (des anderen) &#8211; den ICH f\u00fchle .. als MEINEN &#8230;<\/div>\n<div>Im Grund erst jetzt wurde mir so richtig bewu\u00dft, dass ich so in Wahrheit schon fr\u00fch zu dieser kollektiven UMKEHR strebte .. die die Menschen eben noch lange nicht soweit sind zu gehen.<\/div>\n<div><strong>Denn die Menschen stecken FEST im EGO-Ismus !<a href=\"http:\/\/www.irenelauretti.com\/wp-content\/uploads\/2023\/03\/Schl\u00fcssel.jpg\" data-rel=\"lightbox-image-1\" data-rl_title=\"\" data-rl_caption=\"\" title=\"\"><img decoding=\"async\" class=\"alignright size-medium wp-image-3002\" alt=\"Schl\u00fcssel\" src=\"http:\/\/www.irenelauretti.com\/wp-content\/uploads\/2023\/03\/Schl\u00fcssel-300x200.jpg\" width=\"300\" height=\"200\" srcset=\"https:\/\/www.irenelauretti.com\/wp-content\/uploads\/2023\/03\/Schl\u00fcssel-300x200.jpg 300w, https:\/\/www.irenelauretti.com\/wp-content\/uploads\/2023\/03\/Schl\u00fcssel-700x466.jpg 700w, https:\/\/www.irenelauretti.com\/wp-content\/uploads\/2023\/03\/Schl\u00fcssel-690x460.jpg 690w, https:\/\/www.irenelauretti.com\/wp-content\/uploads\/2023\/03\/Schl\u00fcssel-330x219.jpg 330w, https:\/\/www.irenelauretti.com\/wp-content\/uploads\/2023\/03\/Schl\u00fcssel-500x333.jpg 500w, https:\/\/www.irenelauretti.com\/wp-content\/uploads\/2023\/03\/Schl\u00fcssel.jpg 900w\" sizes=\"(max-width: 300px) 100vw, 300px\" \/><\/a><\/strong><\/div>\n<div>Die Menschen haben<strong> MIT-LEID mit sich SELBST <\/strong>&#8211; vor allem die immer wieder zitierten &#8222;Kindheitstraumatas&#8220; &#8211; die an so gut wie ALLEM &#8222;Schuld&#8220; sind &#8230; &#8211; <strong>IMMER WIEDER wird davon angefangen<\/strong> &#8230; anstatt die <strong>SICHTWEISE UMZUDREHEN<\/strong> &#8211; in die <strong>ANDERE PERSPEKTIVE <\/strong>&#8211; &#8230; und aus dem Selbst-Mitleid .. in das <strong>F\u00dcHLEN und die LIEBE zu der Person zu gehen, die Dir &#8222;vermeintlich&#8220; Schmerzen zuf\u00fcgte ..<\/strong><\/div>\n<div>und diese Umkehr .. <strong>IST AUCH SCHON DIE HEILUNG!!<\/strong><\/div>\n<div>Doch die Menschen R\u00dcHREN im Selbst-Mitleid &#8211; angeheizt auch durch Therapeuten, die damit auch noch Geld herausschlagen .. das &#8222;innere Kind&#8220; heilen .. &#8222;Selbst-Liebe&#8220; &#8230; &#8222;ganz Frau sein&#8220; .. und und und &#8230;<\/div>\n<div>und die Menschen merken gar nicht, dass sie sich damit IMMER WEITER ENTFERNEN &#8211; von DEM, um was es in WAHRHEIT geht:<\/div>\n<div>VER &#8211;<strong>GEBUNG <\/strong>&#8211; Hin<strong>GABE <\/strong>&#8211;<strong> LIEBE <\/strong>aus der SICHT des ANDEREN sehen &#8211; und F\u00dcHLEN &#8230; aus dem <strong>HERZEN f\u00fchlen<\/strong> &#8230;<\/div>\n<div>RAUS aus der Er<strong>WART<\/strong>ungs-Haltung &#8230;<\/div>\n<div>dem<\/div>\n<div>ICH WILL &#8211; ICH ER-WARTE &#8211; ICH WILL &#8211; ICH WILL MICH &#8222;aus-LEBEN&#8220; &#8211; ICH WILL &#8211; &#8230;<\/div>\n<div>und anstatt:<\/div>\n<div>ich SEHE MICH DURCH UND ALS DEN N\u00c4CHSTEN &#8211; GEBE ICH MICH DEM N\u00c4CHSTEN IN LIEBE HIN ? habe ich heute LIEBE gegeben ? Oder jemanden verletzt ? Verbal, in Gedanken, mental oder gar k\u00f6rperlich ??<\/div>\n<div>die Welt w\u00e4re UMGEHEND geHEILT &#8211; w\u00fcrde diese Umkehr vollzogen werden &#8230;<\/div>\n<div>wie sage ich so treffend in meinem absoluten Nicht-seller (passend, nicht wahr ? denn die Menschen meinen ja &#8222;Liebe&#8220; verstehen, als &#8222;ich WILL Liebe , ich WURDE nicht &#8222;gen\u00fcgend geliebt&#8220; und und und!!!!!)<\/div>\n<div><strong><a href=\"https:\/\/amzn.to\/2l6ScAV\">LIEBE<\/a> .<\/strong>.. Seite 118 &#8230;<a href=\"http:\/\/www.irenelauretti.com\/wp-content\/uploads\/2023\/03\/Liebe.jpg\" data-rel=\"lightbox-image-2\" data-rl_title=\"\" data-rl_caption=\"\" title=\"\"><img decoding=\"async\" class=\"alignright size-medium wp-image-3000\" alt=\"Liebe\" src=\"http:\/\/www.irenelauretti.com\/wp-content\/uploads\/2023\/03\/Liebe-225x300.jpg\" width=\"225\" height=\"300\" srcset=\"https:\/\/www.irenelauretti.com\/wp-content\/uploads\/2023\/03\/Liebe-225x300.jpg 225w, https:\/\/www.irenelauretti.com\/wp-content\/uploads\/2023\/03\/Liebe-700x933.jpg 700w, https:\/\/www.irenelauretti.com\/wp-content\/uploads\/2023\/03\/Liebe-690x920.jpg 690w, https:\/\/www.irenelauretti.com\/wp-content\/uploads\/2023\/03\/Liebe-330x440.jpg 330w, https:\/\/www.irenelauretti.com\/wp-content\/uploads\/2023\/03\/Liebe-240x320.jpg 240w, https:\/\/www.irenelauretti.com\/wp-content\/uploads\/2023\/03\/Liebe-500x666.jpg 500w, https:\/\/www.irenelauretti.com\/wp-content\/uploads\/2023\/03\/Liebe.jpg 720w\" sizes=\"(max-width: 225px) 100vw, 225px\" \/><\/a><br \/>\n&#8220; &#8230;. einer LIEBE bzw. der <strong>EINEN WAHREN LIEBE,<\/strong> in der &#8230;<\/div>\n<div>das <strong>DU zum ICH und das ICH zum DU wird, <\/strong>ohne dabei die Individualit\u00e4t und Freiheit zu rauben!&#8220;<\/div>\n<div><\/div>\n<div><a href=\"http:\/\/www.irenelauretti.com\/wp-content\/uploads\/2016\/02\/Logo_main.1.1.15d5e221.jpg\" data-rel=\"lightbox-image-3\" data-rl_title=\"\" data-rl_caption=\"\" title=\"\"><img loading=\"lazy\" decoding=\"async\" class=\"size-full wp-image-2027 alignleft\" alt=\"Logo_main.1.1.15d5e22[1]\" src=\"http:\/\/www.irenelauretti.com\/wp-content\/uploads\/2016\/02\/Logo_main.1.1.15d5e221.jpg\" width=\"200\" height=\"120\" \/><\/a><\/div>\n<\/div>\n<\/div>\n<p><\/p>","protected":false},"excerpt":{"rendered":"<p>JA, &#8230; es GIBT das EINE All-Heilmittel &#8230; f\u00fcr &#8230; JEDE KRANKHEIT &#8230; und vor allem &#8230; f\u00fcr die kollektive Krankheit der &#8230; ANGST! es kostet NICHTS &#8211; es ist direkt DA &#8211; NUR &#8230; dass es NIEMAND nutzt!!! Ver-r\u00fcckt, nicht wahr ? Und, ich wei\u00df schon, was Ihr jetzt h\u00f6ren wollt &#8230; und Ihr [&hellip;]<\/p>\n","protected":false},"author":2,"featured_media":0,"comment_status":"open","ping_status":"open","sticky":false,"template":"","format":"standard","meta":{"_coblocks_attr":"","_coblocks_dimensions":"","_coblocks_responsive_height":"","_coblocks_accordion_ie_support":"","ocean_post_layout":"","ocean_both_sidebars_style":"","ocean_both_sidebars_content_width":0,"ocean_both_sidebars_sidebars_width":0,"ocean_sidebar":"","ocean_second_sidebar":"","ocean_disable_margins":"enable","ocean_add_body_class":"","ocean_shortcode_before_top_bar":"","ocean_shortcode_after_top_bar":"","ocean_shortcode_before_header":"","ocean_shortcode_after_header":"","ocean_has_shortcode":"","ocean_shortcode_after_title":"","ocean_shortcode_before_footer_widgets":"","ocean_shortcode_after_footer_widgets":"","ocean_shortcode_before_footer_bottom":"","ocean_shortcode_after_footer_bottom":"","ocean_display_top_bar":"default","ocean_display_header":"default","ocean_header_style":"","ocean_center_header_left_menu":"","ocean_custom_header_template":"","ocean_custom_logo":0,"ocean_custom_retina_logo":0,"ocean_custom_logo_max_width":0,"ocean_custom_logo_tablet_max_width":0,"ocean_custom_logo_mobile_max_width":0,"ocean_custom_logo_max_height":0,"ocean_custom_logo_tablet_max_height":0,"ocean_custom_logo_mobile_max_height":0,"ocean_header_custom_menu":"","ocean_menu_typo_font_family":"","ocean_menu_typo_font_subset":"","ocean_menu_typo_font_size":0,"ocean_menu_typo_font_size_tablet":0,"ocean_menu_typo_font_size_mobile":0,"ocean_menu_typo_font_size_unit":"px","ocean_menu_typo_font_weight":"","ocean_menu_typo_font_weight_tablet":"","ocean_menu_typo_font_weight_mobile":"","ocean_menu_typo_transform":"","ocean_menu_typo_transform_tablet":"","ocean_menu_typo_transform_mobile":"","ocean_menu_typo_line_height":0,"ocean_menu_typo_line_height_tablet":0,"ocean_menu_typo_line_height_mobile":0,"ocean_menu_typo_line_height_unit":"","ocean_menu_typo_spacing":0,"ocean_menu_typo_spacing_tablet":0,"ocean_menu_typo_spacing_mobile":0,"ocean_menu_typo_spacing_unit":"","ocean_menu_link_color":"","ocean_menu_link_color_hover":"","ocean_menu_link_color_active":"","ocean_menu_link_background":"","ocean_menu_link_hover_background":"","ocean_menu_link_active_background":"","ocean_menu_social_links_bg":"","ocean_menu_social_hover_links_bg":"","ocean_menu_social_links_color":"","ocean_menu_social_hover_links_color":"","ocean_disable_title":"default","ocean_disable_heading":"default","ocean_post_title":"","ocean_post_subheading":"","ocean_post_title_style":"","ocean_post_title_background_color":"","ocean_post_title_background":0,"ocean_post_title_bg_image_position":"","ocean_post_title_bg_image_attachment":"","ocean_post_title_bg_image_repeat":"","ocean_post_title_bg_image_size":"","ocean_post_title_height":0,"ocean_post_title_bg_overlay":0.5,"ocean_post_title_bg_overlay_color":"","ocean_disable_breadcrumbs":"default","ocean_breadcrumbs_color":"","ocean_breadcrumbs_separator_color":"","ocean_breadcrumbs_links_color":"","ocean_breadcrumbs_links_hover_color":"","ocean_display_footer_widgets":"default","ocean_display_footer_bottom":"default","ocean_custom_footer_template":"","omw_enable_modal_window":"enable","_themeisle_gutenberg_block_has_review":false,"ocean_post_oembed":"","ocean_post_self_hosted_media":"","ocean_post_video_embed":"","ocean_link_format":"","ocean_link_format_target":"self","ocean_quote_format":"","ocean_quote_format_link":"post","ocean_gallery_link_images":"on","ocean_gallery_id":[],"footnotes":""},"categories":[407,173,375,391,428,306,367,33,338,365],"tags":[432,57,508,489,54,293,76,517,495,439,515,528,506,438,95,63,140],"class_list":["post-2999","post","type-post","status-publish","format-standard","hentry","category-12-seelentore","category-12-tore","category-bewusstseinsentfaltung","category-bewusstseinstrager","category-bibel","category-christus","category-der-besondere-mondkalender-gesundheit-in-deiner-hand","category-der-mond-und-der-kosmische-code-der-schopfung","category-die-grose-umkehr-zum-licht-mensch","category-die-umkehr","tag-3-6-9","tag-achtsamkeit","tag-bewusstsein","tag-der-mond-und-der-kosmische-code-der-schopfung","tag-heilen","tag-kosmos","tag-lebensstrom","tag-liebe","tag-mond","tag-nicola-tesla","tag-numerologie","tag-schopfungscode","tag-seele","tag-tesla","tag-wahres-selbst","tag-weisheit","tag-zodiak","entry"],"yoast_head":"<!-- This site is optimized with the Yoast SEO plugin v27.4 - https:\/\/yoast.com\/product\/yoast-seo-wordpress\/ -->\n<title>HEILung ... f\u00fcr JEDEN - und f\u00fcr die Welt - irenelauretti.com<\/title>\n<meta name=\"robots\" content=\"index, follow, max-snippet:-1, max-image-preview:large, max-video-preview:-1\" \/>\n<link rel=\"canonical\" href=\"https:\/\/www.irenelauretti.com\/de\/deutsch-heilung-fur-jeden-und-fur-die-welt\/\" \/>\n<meta name=\"twitter:card\" content=\"summary_large_image\" \/>\n<meta name=\"twitter:title\" content=\"HEILung ... f\u00fcr JEDEN - und f\u00fcr die Welt - irenelauretti.com\" \/>\n<meta name=\"twitter:description\" content=\"JA, &#8230; es GIBT das EINE All-Heilmittel &#8230; f\u00fcr ... JEDE KRANKHEIT &#8230; und vor allem &#8230; f\u00fcr die kollektive Krankheit der &#8230; ANGST! es kostet NICHTS &#8211; es ist direkt DA &#8211; NUR &#8230; dass es NIEMAND nutzt!!! Ver-r\u00fcckt, nicht wahr ? Und, ich wei\u00df schon, was Ihr jetzt h\u00f6ren wollt &#8230; und Ihr [&hellip;]\" \/>\n<meta name=\"twitter:image\" content=\"http:\/\/www.irenelauretti.com\/wp-content\/uploads\/2023\/03\/Mond-Licht-225x300.jpg\" \/>\n<meta name=\"twitter:label1\" content=\"Verfasst von\" \/>\n\t<meta name=\"twitter:data1\" content=\"Irene Lauretti\" \/>\n\t<meta name=\"twitter:label2\" content=\"Gesch\u00e4tzte Lesezeit\" \/>\n\t<meta name=\"twitter:data2\" content=\"3\u00a0Minuten\" \/>\n<script type=\"application\/ld+json\" class=\"yoast-schema-graph\">{\"@context\":\"https:\\\/\\\/schema.org\",\"@graph\":[{\"@type\":\"Article\",\"@id\":\"https:\\\/\\\/www.irenelauretti.com\\\/deutsch-heilung-fur-jeden-und-fur-die-welt\\\/#article\",\"isPartOf\":{\"@id\":\"https:\\\/\\\/www.irenelauretti.com\\\/deutsch-heilung-fur-jeden-und-fur-die-welt\\\/\"},\"author\":{\"name\":\"Irene Lauretti\",\"@id\":\"https:\\\/\\\/www.irenelauretti.com\\\/#\\\/schema\\\/person\\\/692dd8be38a44ae26e451ac8e1d35f4d\"},\"headline\":\"HEILung &#8230; f\u00fcr JEDEN &#8211; und f\u00fcr die Welt\",\"datePublished\":\"2023-03-02T20:05:01+00:00\",\"mainEntityOfPage\":{\"@id\":\"https:\\\/\\\/www.irenelauretti.com\\\/deutsch-heilung-fur-jeden-und-fur-die-welt\\\/\"},\"wordCount\":707,\"commentCount\":0,\"publisher\":{\"@id\":\"https:\\\/\\\/www.irenelauretti.com\\\/#organization\"},\"image\":{\"@id\":\"https:\\\/\\\/www.irenelauretti.com\\\/deutsch-heilung-fur-jeden-und-fur-die-welt\\\/#primaryimage\"},\"thumbnailUrl\":\"http:\\\/\\\/www.irenelauretti.com\\\/wp-content\\\/uploads\\\/2023\\\/03\\\/Mond-Licht-225x300.jpg\",\"keywords\":[\"3 - 6 - 9\",\"Achtsamkeit\",\"Bewusstsein\",\"Der Mond und der kosmische Code der Sch\u00f6pfung\",\"Heilen\",\"Kosmos\",\"Lebensstrom\",\"Liebe\",\"Mond\",\"Nicola Tesla\",\"Numerologie\",\"Sch\u00f6pfungscode\",\"Seele\",\"Tesla\",\"Wahres Selbst\",\"Weisheit\",\"Zodiak\"],\"articleSection\":[\"12 Seelentore\",\"12 Tore\",\"Bewusstseinsentfaltung\",\"Bewusstseinstr\u00e4ger\",\"Bibel\",\"Christus\",\"Der besondere Mondkalender - Gesundheit in deiner Hand\",\"Der Mond und der kosmische Code der Sch\u00f6pfung\",\"Die gro\u00dfe Umkehr zum Licht-Mensch\",\"Die UMKEHR\"],\"inLanguage\":\"de\",\"potentialAction\":[{\"@type\":\"CommentAction\",\"name\":\"Comment\",\"target\":[\"https:\\\/\\\/www.irenelauretti.com\\\/deutsch-heilung-fur-jeden-und-fur-die-welt\\\/#respond\"]}]},{\"@type\":\"WebPage\",\"@id\":\"https:\\\/\\\/www.irenelauretti.com\\\/de\\\/deutsch-heilung-fur-jeden-und-fur-die-welt\\\/\",\"url\":\"https:\\\/\\\/www.irenelauretti.com\\\/de\\\/deutsch-heilung-fur-jeden-und-fur-die-welt\\\/\",\"name\":\"HEILung ... f\u00fcr JEDEN - und f\u00fcr die Welt - irenelauretti.com\",\"isPartOf\":{\"@id\":\"https:\\\/\\\/www.irenelauretti.com\\\/de\\\/#website\"},\"primaryImageOfPage\":{\"@id\":\"https:\\\/\\\/www.irenelauretti.com\\\/de\\\/deutsch-heilung-fur-jeden-und-fur-die-welt\\\/#primaryimage\"},\"image\":{\"@id\":\"https:\\\/\\\/www.irenelauretti.com\\\/deutsch-heilung-fur-jeden-und-fur-die-welt\\\/#primaryimage\"},\"thumbnailUrl\":\"http:\\\/\\\/www.irenelauretti.com\\\/wp-content\\\/uploads\\\/2023\\\/03\\\/Mond-Licht-225x300.jpg\",\"datePublished\":\"2023-03-02T20:05:01+00:00\",\"breadcrumb\":{\"@id\":\"https:\\\/\\\/www.irenelauretti.com\\\/de\\\/deutsch-heilung-fur-jeden-und-fur-die-welt\\\/#breadcrumb\"},\"inLanguage\":\"de\",\"potentialAction\":[{\"@type\":\"ReadAction\",\"target\":[[\"https:\\\/\\\/www.irenelauretti.com\\\/de\\\/deutsch-heilung-fur-jeden-und-fur-die-welt\\\/\"]]}]},{\"@type\":\"ImageObject\",\"inLanguage\":\"de\",\"@id\":\"https:\\\/\\\/www.irenelauretti.com\\\/de\\\/deutsch-heilung-fur-jeden-und-fur-die-welt\\\/#primaryimage\",\"url\":\"http:\\\/\\\/www.irenelauretti.com\\\/wp-content\\\/uploads\\\/2023\\\/03\\\/Mond-Licht-225x300.jpg\",\"contentUrl\":\"http:\\\/\\\/www.irenelauretti.com\\\/wp-content\\\/uploads\\\/2023\\\/03\\\/Mond-Licht-225x300.jpg\"},{\"@type\":\"BreadcrumbList\",\"@id\":\"https:\\\/\\\/www.irenelauretti.com\\\/de\\\/deutsch-heilung-fur-jeden-und-fur-die-welt\\\/#breadcrumb\",\"itemListElement\":[{\"@type\":\"ListItem\",\"position\":1,\"name\":\"Start\",\"item\":\"https:\\\/\\\/www.irenelauretti.com\\\/de\\\/\"},{\"@type\":\"ListItem\",\"position\":2,\"name\":\"HEILung &#8230; f\u00fcr JEDEN &#8211; und f\u00fcr die Welt\"}]},{\"@type\":\"WebSite\",\"@id\":\"https:\\\/\\\/www.irenelauretti.com\\\/de\\\/#website\",\"url\":\"https:\\\/\\\/www.irenelauretti.com\\\/de\\\/\",\"name\":\"irenelauretti.com\",\"description\":\"Autorin Mystikerin Heilerin Vision\u00e4rin\",\"publisher\":{\"@id\":\"https:\\\/\\\/www.irenelauretti.com\\\/de\\\/#organization\"},\"potentialAction\":[{\"@type\":\"SearchAction\",\"target\":{\"@type\":\"EntryPoint\",\"urlTemplate\":\"https:\\\/\\\/www.irenelauretti.com\\\/de\\\/?s={search_term_string}\"},\"query-input\":{\"@type\":\"PropertyValueSpecification\",\"valueRequired\":true,\"valueName\":\"search_term_string\"}}],\"inLanguage\":\"de\"},{\"@type\":\"Organization\",\"@id\":\"https:\\\/\\\/www.irenelauretti.com\\\/de\\\/#organization\",\"name\":\"irenelauretti.com\",\"url\":\"https:\\\/\\\/www.irenelauretti.com\\\/de\\\/\",\"logo\":{\"@type\":\"ImageObject\",\"inLanguage\":\"de\",\"@id\":\"https:\\\/\\\/www.irenelauretti.com\\\/de\\\/#\\\/schema\\\/logo\\\/image\\\/\",\"url\":\"https:\\\/\\\/www.irenelauretti.com\\\/wp-content\\\/uploads\\\/2013\\\/08\\\/Logo_with.png\",\"contentUrl\":\"https:\\\/\\\/www.irenelauretti.com\\\/wp-content\\\/uploads\\\/2013\\\/08\\\/Logo_with.png\",\"width\":180,\"height\":113,\"caption\":\"irenelauretti.com\"},\"image\":{\"@id\":\"https:\\\/\\\/www.irenelauretti.com\\\/de\\\/#\\\/schema\\\/logo\\\/image\\\/\"}},{\"@type\":\"Person\",\"@id\":\"https:\\\/\\\/www.irenelauretti.com\\\/#\\\/schema\\\/person\\\/692dd8be38a44ae26e451ac8e1d35f4d\",\"name\":\"Irene Lauretti\",\"image\":{\"@type\":\"ImageObject\",\"inLanguage\":\"de\",\"@id\":\"https:\\\/\\\/secure.gravatar.com\\\/avatar\\\/fc11751010b28816d1d3f43dfe9b51d964b6d1ace79d23ea8873bf0f0cf231ea?s=96&d=mm&r=g\",\"url\":\"https:\\\/\\\/secure.gravatar.com\\\/avatar\\\/fc11751010b28816d1d3f43dfe9b51d964b6d1ace79d23ea8873bf0f0cf231ea?s=96&d=mm&r=g\",\"contentUrl\":\"https:\\\/\\\/secure.gravatar.com\\\/avatar\\\/fc11751010b28816d1d3f43dfe9b51d964b6d1ace79d23ea8873bf0f0cf231ea?s=96&d=mm&r=g\",\"caption\":\"Irene Lauretti\"},\"sameAs\":[\"http:\\\/\\\/www.irenelauretti.com\"],\"url\":\"https:\\\/\\\/www.irenelauretti.com\\\/de\\\/author\\\/ilauretti\\\/\"}]}<\/script>\n<!-- \/ Yoast SEO plugin. -->","yoast_head_json":{"title":"HEILung ... f\u00fcr JEDEN - und f\u00fcr die Welt - irenelauretti.com","robots":{"index":"index","follow":"follow","max-snippet":"max-snippet:-1","max-image-preview":"max-image-preview:large","max-video-preview":"max-video-preview:-1"},"canonical":"https:\/\/www.irenelauretti.com\/de\/deutsch-heilung-fur-jeden-und-fur-die-welt\/","twitter_card":"summary_large_image","twitter_title":"HEILung ... f\u00fcr JEDEN - und f\u00fcr die Welt - irenelauretti.com","twitter_description":"JA, &#8230; es GIBT das EINE All-Heilmittel &#8230; f\u00fcr ... JEDE KRANKHEIT &#8230; und vor allem &#8230; f\u00fcr die kollektive Krankheit der &#8230; ANGST! es kostet NICHTS &#8211; es ist direkt DA &#8211; NUR &#8230; dass es NIEMAND nutzt!!! Ver-r\u00fcckt, nicht wahr ? Und, ich wei\u00df schon, was Ihr jetzt h\u00f6ren wollt &#8230; und Ihr [&hellip;]","twitter_image":"http:\/\/www.irenelauretti.com\/wp-content\/uploads\/2023\/03\/Mond-Licht-225x300.jpg","twitter_misc":{"Verfasst von":"Irene Lauretti","Gesch\u00e4tzte Lesezeit":"3\u00a0Minuten"},"schema":{"@context":"https:\/\/schema.org","@graph":[{"@type":"Article","@id":"https:\/\/www.irenelauretti.com\/deutsch-heilung-fur-jeden-und-fur-die-welt\/#article","isPartOf":{"@id":"https:\/\/www.irenelauretti.com\/deutsch-heilung-fur-jeden-und-fur-die-welt\/"},"author":{"name":"Irene Lauretti","@id":"https:\/\/www.irenelauretti.com\/#\/schema\/person\/692dd8be38a44ae26e451ac8e1d35f4d"},"headline":"HEILung &#8230; f\u00fcr JEDEN &#8211; und f\u00fcr die Welt","datePublished":"2023-03-02T20:05:01+00:00","mainEntityOfPage":{"@id":"https:\/\/www.irenelauretti.com\/deutsch-heilung-fur-jeden-und-fur-die-welt\/"},"wordCount":707,"commentCount":0,"publisher":{"@id":"https:\/\/www.irenelauretti.com\/#organization"},"image":{"@id":"https:\/\/www.irenelauretti.com\/deutsch-heilung-fur-jeden-und-fur-die-welt\/#primaryimage"},"thumbnailUrl":"http:\/\/www.irenelauretti.com\/wp-content\/uploads\/2023\/03\/Mond-Licht-225x300.jpg","keywords":["3 - 6 - 9","Achtsamkeit","Bewusstsein","Der Mond und der kosmische Code der Sch\u00f6pfung","Heilen","Kosmos","Lebensstrom","Liebe","Mond","Nicola Tesla","Numerologie","Sch\u00f6pfungscode","Seele","Tesla","Wahres Selbst","Weisheit","Zodiak"],"articleSection":["12 Seelentore","12 Tore","Bewusstseinsentfaltung","Bewusstseinstr\u00e4ger","Bibel","Christus","Der besondere Mondkalender - Gesundheit in deiner Hand","Der Mond und der kosmische Code der Sch\u00f6pfung","Die gro\u00dfe Umkehr zum Licht-Mensch","Die UMKEHR"],"inLanguage":"de","potentialAction":[{"@type":"CommentAction","name":"Comment","target":["https:\/\/www.irenelauretti.com\/deutsch-heilung-fur-jeden-und-fur-die-welt\/#respond"]}]},{"@type":"WebPage","@id":"https:\/\/www.irenelauretti.com\/de\/deutsch-heilung-fur-jeden-und-fur-die-welt\/","url":"https:\/\/www.irenelauretti.com\/de\/deutsch-heilung-fur-jeden-und-fur-die-welt\/","name":"HEILung ... f\u00fcr JEDEN - und f\u00fcr die Welt - irenelauretti.com","isPartOf":{"@id":"https:\/\/www.irenelauretti.com\/de\/#website"},"primaryImageOfPage":{"@id":"https:\/\/www.irenelauretti.com\/de\/deutsch-heilung-fur-jeden-und-fur-die-welt\/#primaryimage"},"image":{"@id":"https:\/\/www.irenelauretti.com\/deutsch-heilung-fur-jeden-und-fur-die-welt\/#primaryimage"},"thumbnailUrl":"http:\/\/www.irenelauretti.com\/wp-content\/uploads\/2023\/03\/Mond-Licht-225x300.jpg","datePublished":"2023-03-02T20:05:01+00:00","breadcrumb":{"@id":"https:\/\/www.irenelauretti.com\/de\/deutsch-heilung-fur-jeden-und-fur-die-welt\/#breadcrumb"},"inLanguage":"de","potentialAction":[{"@type":"ReadAction","target":[["https:\/\/www.irenelauretti.com\/de\/deutsch-heilung-fur-jeden-und-fur-die-welt\/"]]}]},{"@type":"ImageObject","inLanguage":"de","@id":"https:\/\/www.irenelauretti.com\/de\/deutsch-heilung-fur-jeden-und-fur-die-welt\/#primaryimage","url":"http:\/\/www.irenelauretti.com\/wp-content\/uploads\/2023\/03\/Mond-Licht-225x300.jpg","contentUrl":"http:\/\/www.irenelauretti.com\/wp-content\/uploads\/2023\/03\/Mond-Licht-225x300.jpg"},{"@type":"BreadcrumbList","@id":"https:\/\/www.irenelauretti.com\/de\/deutsch-heilung-fur-jeden-und-fur-die-welt\/#breadcrumb","itemListElement":[{"@type":"ListItem","position":1,"name":"Start","item":"https:\/\/www.irenelauretti.com\/de\/"},{"@type":"ListItem","position":2,"name":"HEILung &#8230; f\u00fcr JEDEN &#8211; und f\u00fcr die Welt"}]},{"@type":"WebSite","@id":"https:\/\/www.irenelauretti.com\/de\/#website","url":"https:\/\/www.irenelauretti.com\/de\/","name":"irenelauretti.com","description":"Autorin Mystikerin Heilerin Vision\u00e4rin","publisher":{"@id":"https:\/\/www.irenelauretti.com\/de\/#organization"},"potentialAction":[{"@type":"SearchAction","target":{"@type":"EntryPoint","urlTemplate":"https:\/\/www.irenelauretti.com\/de\/?s={search_term_string}"},"query-input":{"@type":"PropertyValueSpecification","valueRequired":true,"valueName":"search_term_string"}}],"inLanguage":"de"},{"@type":"Organization","@id":"https:\/\/www.irenelauretti.com\/de\/#organization","name":"irenelauretti.com","url":"https:\/\/www.irenelauretti.com\/de\/","logo":{"@type":"ImageObject","inLanguage":"de","@id":"https:\/\/www.irenelauretti.com\/de\/#\/schema\/logo\/image\/","url":"https:\/\/www.irenelauretti.com\/wp-content\/uploads\/2013\/08\/Logo_with.png","contentUrl":"https:\/\/www.irenelauretti.com\/wp-content\/uploads\/2013\/08\/Logo_with.png","width":180,"height":113,"caption":"irenelauretti.com"},"image":{"@id":"https:\/\/www.irenelauretti.com\/de\/#\/schema\/logo\/image\/"}},{"@type":"Person","@id":"https:\/\/www.irenelauretti.com\/#\/schema\/person\/692dd8be38a44ae26e451ac8e1d35f4d","name":"Irene Lauretti","image":{"@type":"ImageObject","inLanguage":"de","@id":"https:\/\/secure.gravatar.com\/avatar\/fc11751010b28816d1d3f43dfe9b51d964b6d1ace79d23ea8873bf0f0cf231ea?s=96&d=mm&r=g","url":"https:\/\/secure.gravatar.com\/avatar\/fc11751010b28816d1d3f43dfe9b51d964b6d1ace79d23ea8873bf0f0cf231ea?s=96&d=mm&r=g","contentUrl":"https:\/\/secure.gravatar.com\/avatar\/fc11751010b28816d1d3f43dfe9b51d964b6d1ace79d23ea8873bf0f0cf231ea?s=96&d=mm&r=g","caption":"Irene Lauretti"},"sameAs":["http:\/\/www.irenelauretti.com"],"url":"https:\/\/www.irenelauretti.com\/de\/author\/ilauretti\/"}]}},"cc_featured_image_caption":{"caption_text":"","source_text":"","source_url":""},"_links":{"self":[{"href":"https:\/\/www.irenelauretti.com\/de\/wp-json\/wp\/v2\/posts\/2999","targetHints":{"allow":["GET"]}}],"collection":[{"href":"https:\/\/www.irenelauretti.com\/de\/wp-json\/wp\/v2\/posts"}],"about":[{"href":"https:\/\/www.irenelauretti.com\/de\/wp-json\/wp\/v2\/types\/post"}],"author":[{"embeddable":true,"href":"https:\/\/www.irenelauretti.com\/de\/wp-json\/wp\/v2\/users\/2"}],"replies":[{"embeddable":true,"href":"https:\/\/www.irenelauretti.com\/de\/wp-json\/wp\/v2\/comments?post=2999"}],"version-history":[{"count":1,"href":"https:\/\/www.irenelauretti.com\/de\/wp-json\/wp\/v2\/posts\/2999\/revisions"}],"predecessor-version":[{"id":3003,"href":"https:\/\/www.irenelauretti.com\/de\/wp-json\/wp\/v2\/posts\/2999\/revisions\/3003"}],"wp:attachment":[{"href":"https:\/\/www.irenelauretti.com\/de\/wp-json\/wp\/v2\/media?parent=2999"}],"wp:term":[{"taxonomy":"category","embeddable":true,"href":"https:\/\/www.irenelauretti.com\/de\/wp-json\/wp\/v2\/categories?post=2999"},{"taxonomy":"post_tag","embeddable":true,"href":"https:\/\/www.irenelauretti.com\/de\/wp-json\/wp\/v2\/tags?post=2999"}],"curies":[{"name":"wp","href":"https:\/\/api.w.org\/{rel}","templated":true}]}}