{"id":3225,"date":"2023-06-21T17:04:38","date_gmt":"2023-06-21T15:04:38","guid":{"rendered":"https:\/\/www.irenelauretti.com\/?p=3225"},"modified":"2023-06-21T17:04:38","modified_gmt":"2023-06-21T15:04:38","slug":"der-21-juni-mittsommer-und-der-beginn-des-abnehmenden-lichts","status":"publish","type":"post","link":"https:\/\/www.irenelauretti.com\/de\/der-21-juni-mittsommer-und-der-beginn-des-abnehmenden-lichts\/","title":{"rendered":"Der 21. Juni &#8211; Mittsommer &#8230; und der Beginn des ABnehmenden LICHTS"},"content":{"rendered":"<p><\/p>\n<div class=\"\" dir=\"auto\">\n<div id=\":r21s:\" class=\"x1iorvi4 x1pi30zi x1l90r2v x1swvt13\">\n<h4 class=\"x1heor9g x1qlqyl8 x1pd3egz x1a2a7pz xod5an3 x14vqqas\"><span class=\"x193iq5w xeuugli x13faqbe x1vvkbs x1xmvt09 x1603h9y x1u7k74 xo1l8bm xzsf02u\"><b>Der 21. Juni &#8211; Mittsommer &#8230; <\/b><\/span><\/h4>\n<h4 class=\"x1heor9g x1qlqyl8 x1pd3egz x1a2a7pz xod5an3 x14vqqas\"><span class=\"x193iq5w xeuugli x13faqbe x1vvkbs x1xmvt09 x1603h9y x1u7k74 xo1l8bm xzsf02u\"><b>und der Beginn des ABnehmenden LICHTS &#8211; <\/b><\/span><\/h4>\n<h4 class=\"x1heor9g x1qlqyl8 x1pd3egz x1a2a7pz xod5an3 x14vqqas\"><span class=\"x193iq5w xeuugli x13faqbe x1vvkbs x1xmvt09 x1603h9y x1u7k74 xo1l8bm xzsf02u\"><b>Was das SOLSTITIUM mit der 12 &#8211; dem H\u00e4ngenden im TAROT &#8211; zu tun hat und in WAHRHEIT beDEUTet &#8211;<\/b> <\/span><\/h4>\n<div class=\"x1e56ztr\"><span class=\"x193iq5w xeuugli x13faqbe x1vvkbs x1xmvt09 x6prxxf xvq8zen xo1l8bm xzsf02u\">Diese BeDEUTung geht WEIT \u00fcber das gemeinhin bekannte hinaus &#8211; und auch hier: <\/span><\/div>\n<div class=\"x1e56ztr\"><span class=\"x193iq5w xeuugli x13faqbe x1vvkbs x1xmvt09 x6prxxf xvq8zen xo1l8bm xzsf02u\">der Sch\u00f6pfungscode bzw. hier spezifisch<\/span><\/div>\n<div class=\"x1e56ztr\"><span class=\"x193iq5w xeuugli x13faqbe x1vvkbs x1xmvt09 x6prxxf xvq8zen xo1l8bm xzsf02u\"><b>&#8222;Die gro\u00dfe Umkehr zum LICHT-Mensch&#8220; <\/b><\/span><\/div>\n<div class=\"x1e56ztr\"><span class=\"x193iq5w xeuugli x13faqbe x1vvkbs x1xmvt09 x6prxxf xvq8zen xo1l8bm xzsf02u\">offenbart es Dir &#8230; <\/span><\/div>\n<div class=\"x1e56ztr\"><span class=\"x193iq5w xeuugli x13faqbe x1vvkbs x1xmvt09 x6prxxf xvq8zen xo1l8bm xzsf02u\">Denn der Jahreszyklus ist &#8230; <\/span><\/div>\n<div class=\"x1e56ztr\"><span class=\"x193iq5w xeuugli x13faqbe x1vvkbs x1xmvt09 x6prxxf xvq8zen xo1l8bm xzsf02u\">ja, .. wie im Kleinen so im Gro\u00dfen und umgekehrt &#8230; <\/span><\/div>\n<div class=\"x1e56ztr\"><span class=\"x193iq5w xeuugli x13faqbe x1vvkbs x1xmvt09 x6prxxf xvq8zen xo1l8bm xzsf02u\">Deine <b>SEELE <\/b>&#8230; <\/span><\/div>\n<div class=\"x1e56ztr\"><span class=\"x193iq5w xeuugli x13faqbe x1vvkbs x1xmvt09 x6prxxf xvq8zen xo1l8bm xzsf02u\">das <b>AUF <\/b>und <b>AB<\/b> der 12 &#8230; Sch\u00f6pfungsstr\u00f6me bzw. &#8211; hier auf den Lebensstrom &#8211; Zodiak &#8211; KOSMOS als GANZES bezogen: <\/span><\/div>\n<div class=\"x1e56ztr\"><span class=\"x193iq5w xeuugli x13faqbe x1vvkbs x1xmvt09 x6prxxf xvq8zen xo1l8bm xzsf02u\">das Eine gro\u00dfe AUF &#8211; die Zunahme des LICHTS &#8211; <\/span><\/div>\n<div class=\"x1e56ztr\"><span class=\"x193iq5w xeuugli x13faqbe x1vvkbs x1xmvt09 x6prxxf xvq8zen xo1l8bm xzsf02u\"><b>der OBERE &#8222;Teil&#8220; der SEELE &#8211; initiiert durch die Geburt CHRISTI ! <\/b><\/span><\/div>\n<div class=\"x1e56ztr\"><span class=\"x193iq5w xeuugli x13faqbe x1vvkbs x1xmvt09 x6prxxf xvq8zen xo1l8bm xzsf02u\"><b>und ab JETZT &#8211; &#8230; der Geburt JOHANNES des T\u00e4ufers &#8230; <\/b><\/span><\/div>\n<div class=\"x1e56ztr\"><span class=\"x193iq5w xeuugli x13faqbe x1vvkbs x1xmvt09 x6prxxf xvq8zen xo1l8bm xzsf02u\"><b>der ABnehmende &#8222;Teil&#8220; der SEELE &#8230; <\/b><\/span><\/div>\n<div class=\"x1e56ztr\"><span class=\"x193iq5w xeuugli x13faqbe x1vvkbs x1xmvt09 x6prxxf xvq8zen xo1l8bm xzsf02u\">DAS um was ALLES geht &#8230; in diesem KOSMOS: <\/span><\/div>\n<div class=\"x1e56ztr\"><span class=\"x193iq5w xeuugli x13faqbe x1vvkbs x1xmvt09 x6prxxf xvq8zen xo1l8bm xzsf02u\">12: <\/span><\/div>\n<div class=\"x1e56ztr\"><span class=\"x193iq5w xeuugli x13faqbe x1vvkbs x1xmvt09 x6prxxf xvq8zen xo1l8bm xzsf02u\">nicht MEIN sondern DEIN WILLE geschehe &#8230; <\/span><\/div>\n<div class=\"x1e56ztr\"><span class=\"x193iq5w xeuugli x13faqbe x1vvkbs x1xmvt09 x6prxxf xvq8zen xo1l8bm xzsf02u\">die HinGABE &#8211; an das LICHT &#8211; <\/span><\/div>\n<div class=\"x1e56ztr\"><span class=\"x193iq5w xeuugli x13faqbe x1vvkbs x1xmvt09 x6prxxf xvq8zen xo1l8bm xzsf02u\">Johannes der T\u00e4ufer wurde denn ent-hauptet genau an .. .<\/span><\/div>\n<div class=\"x1e56ztr\"><span class=\"x193iq5w xeuugli x13faqbe x1vvkbs x1xmvt09 x6prxxf xvq8zen xo1l8bm xzsf02u\">Energieschloss 12 &#8211; DAS ist der Bereich im Nacken, an dem DU <\/span><\/div>\n<div class=\"x1e56ztr\"><span class=\"x193iq5w xeuugli x13faqbe x1vvkbs x1xmvt09 x6prxxf xvq8zen xo1l8bm xzsf02u\">Dein Haupt der WAHRHEIT verNEIGST &#8211; <\/span><\/div>\n<div class=\"x1e56ztr\"><span class=\"x193iq5w xeuugli x13faqbe x1vvkbs x1xmvt09 x6prxxf xvq8zen xo1l8bm xzsf02u\">durch HinGABE &#8211; neigen &#8211; bzw. &#8222;Ent-haupten&#8220; = Aufgabe jeglicher irdischer BeGIERden &#8230; <\/span><\/div>\n<div class=\"x1e56ztr\"><span class=\"x193iq5w xeuugli x13faqbe x1vvkbs x1xmvt09 x6prxxf xvq8zen xo1l8bm xzsf02u\">durch LIEBE &#8230; <\/span><\/div>\n<div class=\"x1e56ztr\"><span class=\"x193iq5w xeuugli x13faqbe x1vvkbs x1xmvt09 x6prxxf xvq8zen xo1l8bm xzsf02u\"><b>die LIEBE zum GANZEN, zu GOTT &#8211; dem WAHREN SELBST &#8230; <\/b><\/span><\/div>\n<div class=\"x1e56ztr\"><span class=\"x193iq5w xeuugli x13faqbe x1vvkbs x1xmvt09 x6prxxf xvq8zen xo1l8bm xzsf02u\"><b>Es ist die UMKEHR &#8211; ja &#8230; <\/b><\/span><\/div>\n<div class=\"x1e56ztr\"><span class=\"x193iq5w xeuugli x13faqbe x1vvkbs x1xmvt09 x6prxxf xvq8zen xo1l8bm xzsf02u\">wortw\u00f6rtlich und sinngem\u00e4\u00df durch den Wechsel von zunehmend zu abnehmend .. <\/span><\/div>\n<div class=\"x1e56ztr\"><span class=\"x193iq5w xeuugli x13faqbe x1vvkbs x1xmvt09 x6prxxf xvq8zen xo1l8bm xzsf02u\">das LICHT soll zunehmen &#8211; das EGO abnehmen &#8230; <\/span><\/div>\n<div class=\"x1e56ztr\"><span class=\"x193iq5w xeuugli x13faqbe x1vvkbs x1xmvt09 x6prxxf xvq8zen xo1l8bm xzsf02u\"><b>&#8222;Illum opportet crescere me autem minui&#8220;<\/b><\/span><\/div>\n<div class=\"x1e56ztr\"><span class=\"x193iq5w xeuugli x13faqbe x1vvkbs x1xmvt09 x6prxxf xvq8zen xo1l8bm xzsf02u\">Es ist AUCH die wahre BeDEUTung der 12 UND des H\u00e4ngenden &#8230; <\/span><\/div>\n<div class=\"x1e56ztr\"><span class=\"x193iq5w xeuugli x13faqbe x1vvkbs x1xmvt09 x6prxxf xvq8zen xo1l8bm xzsf02u\">die Welt aus der NEUEN &#8211; LICHTPerspektive zu sehen &#8230; <\/span><\/div>\n<div class=\"x1e56ztr\"><span class=\"x193iq5w xeuugli x13faqbe x1vvkbs x1xmvt09 x6prxxf xvq8zen xo1l8bm xzsf02u\">Siehst Du das erleutete Haupt des H\u00e4ngenden ? Der Tarotkarte 12 &#8211; ?<\/span><\/div>\n<div class=\"x1e56ztr\"><span class=\"x193iq5w xeuugli x13faqbe x1vvkbs x1xmvt09 x6prxxf xvq8zen xo1l8bm xzsf02u\">Der H\u00e4ngende, der genau h\u00e4ngt an &#8211; Energieschloss 16:<\/span><\/div>\n<h4 class=\"x1heor9g x1qlqyl8 x1pd3egz x1a2a7pz xod5an3 x14vqqas\"><span class=\"x193iq5w xeuugli x13faqbe x1vvkbs x1xmvt09 x1603h9y x1u7k74 xo1l8bm xzsf02u\"><b>&#8222;Aufbrechen bestehender FORMEN zu Gunsten NEUER &#8211; = LICHT&#8220; <\/b>&#8230; <\/span><\/h4>\n<div class=\"x1e56ztr\"><span class=\"x193iq5w xeuugli x13faqbe x1vvkbs x1xmvt09 x6prxxf xvq8zen xo1l8bm xzsf02u\">Und die heutige MONDstellung <\/span><\/div>\n<div class=\"x1e56ztr\"><span class=\"x193iq5w xeuugli x13faqbe x1vvkbs x1xmvt09 x6prxxf xvq8zen xo1l8bm xzsf02u\"><b>L\u00d6WE <\/b>(HERZenergie) <\/span><\/div>\n<div class=\"x1e56ztr\"><span class=\"x193iq5w xeuugli x13faqbe x1vvkbs x1xmvt09 x6prxxf xvq8zen xo1l8bm xzsf02u\">mit Opposition <\/span><\/div>\n<div class=\"x1e56ztr\"><span class=\"x193iq5w xeuugli x13faqbe x1vvkbs x1xmvt09 x6prxxf xvq8zen xo1l8bm xzsf02u\"><b>WASSERMANN<\/b>(Gallenblase) <\/span><\/div>\n<div class=\"x1e56ztr\"><span class=\"x193iq5w xeuugli x13faqbe x1vvkbs x1xmvt09 x6prxxf xvq8zen xo1l8bm xzsf02u\">k\u00f6nnte passender nicht sein, DENN:<\/span><\/div>\n<div class=\"x1e56ztr\"><span class=\"x193iq5w xeuugli x13faqbe x1vvkbs x1xmvt09 x6prxxf xvq8zen xo1l8bm xzsf02u\">wir str\u00f6men beim Gallenblasenstrom (dem Strom der WENDE &#8211; hatte ich ein andermal dar\u00fcber gepostet! auch das 3. Tor &#8211; der GEIST) &#8211; <\/span><\/div>\n<div class=\"x1e56ztr\"><span class=\"x193iq5w xeuugli x13faqbe x1vvkbs x1xmvt09 x6prxxf xvq8zen xo1l8bm xzsf02u\">Energieschloss 16 ZUSAMMEN mit der 12, der HinGABE &#8211; <\/span><\/div>\n<div class=\"x1e56ztr\"><span class=\"x193iq5w xeuugli x13faqbe x1vvkbs x1xmvt09 x6prxxf xvq8zen xo1l8bm xzsf02u\">FORM darf sich WANDELN durch HinGABE &#8230; <\/span><\/div>\n<div class=\"x1e56ztr\"><span class=\"x193iq5w xeuugli x13faqbe x1vvkbs x1xmvt09 x6prxxf xvq8zen xo1l8bm xzsf02u\">Ja, niemand hatte jemals diese <b>WAHRE BEDEUTUNG<\/b> der Enthauptung gerade <b>JOHANNES DES T\u00c4UFERS<\/b> verstanden &#8230; bis AUF .. .<\/span><\/div>\n<div class=\"x1e56ztr\"><span class=\"x193iq5w xeuugli x13faqbe x1vvkbs x1xmvt09 x6prxxf xvq8zen xo1l8bm xzsf02u\">ja .. .Gr\u00fcnewald, des begnadeten Meisters, der in der KREUZigungszene des Isenheimer Altars eben jenen Johannes den T\u00e4ufer mit emporgehobenem Zeigefinger auf den GeKREUZigten deutend abbildete WENNGLEICH &#8211; <\/span><\/div>\n<div class=\"x1e56ztr\"><span class=\"x193iq5w xeuugli x13faqbe x1vvkbs x1xmvt09 x6prxxf xvq8zen xo1l8bm xzsf02u\">er chronologisch gesehen zu dem Zeitpunkt &#8222;l\u00e4ngst enthauptet&#8220; war &#8230; <\/span><\/div>\n<div class=\"x1e56ztr\"><span class=\"x193iq5w xeuugli x13faqbe x1vvkbs x1xmvt09 x6prxxf xvq8zen xo1l8bm xzsf02u\">Niemand hat das je erkannt .. doch wer den SCH\u00d6PFUNGSCODE versteht &#8230; f\u00fcr den ist es SCHL\u00dcSSEL &#8211; <\/span><\/div>\n<div class=\"x1e56ztr\"><span class=\"x193iq5w xeuugli x13faqbe x1vvkbs x1xmvt09 x6prxxf xvq8zen xo1l8bm xzsf02u\"><b>DER SCHL\u00dcSSEL <\/b>&#8211; <\/span><\/div>\n<div class=\"x1e56ztr\"><span class=\"x193iq5w xeuugli x13faqbe x1vvkbs x1xmvt09 x6prxxf xvq8zen xo1l8bm xzsf02u\">und DAS ist mein &#8211; leider in dieser aktuellen Gesellschaft noch kaum verstandenes Werkt &#8211; <\/span><\/div>\n<div class=\"x1e56ztr\"><span class=\"x193iq5w xeuugli x13faqbe x1vvkbs x1xmvt09 x6prxxf xvq8zen xo1l8bm xzsf02u\"><b>&#8222;<a href=\"https:\/\/amzn.to\/3jzgVJ1\">Die gro\u00dfe Umkehr zum LICHT-Mensch<\/a>&#8222;<\/b><\/span><\/div>\n<div class=\"x1e56ztr\"><\/div>\n<div class=\"x1e56ztr\"><span class=\"x193iq5w xeuugli x13faqbe x1vvkbs x1xmvt09 x6prxxf xvq8zen xo1l8bm xzsf02u\">Ich beschreibe es dort &#8230; ausf\u00fchrlich .. DURCH .. <\/span><\/div>\n<div class=\"x1e56ztr\"><span class=\"x193iq5w xeuugli x13faqbe x1vvkbs x1xmvt09 x6prxxf xvq8zen xo1l8bm xzsf02u\">die <\/span><\/div>\n<h4 class=\"x1heor9g x1qlqyl8 x1pd3egz x1a2a7pz xod5an3 x14vqqas\"><span class=\"x193iq5w xeuugli x13faqbe x1vvkbs x1xmvt09 x1603h9y x1u7k74 xo1l8bm xzsf02u\"><b>3 x 4 = 12 <\/b><\/span><\/h4>\n<div class=\"x1e56ztr\"><span class=\"x193iq5w xeuugli x13faqbe x1vvkbs x1xmvt09 x6prxxf xvq8zen xo1l8bm xzsf02u\">Die <b>3<\/b> malige Umrundung der<b> 4 <\/b>STROM\u00fcbernahmebereiche .. <\/span><\/div>\n<div class=\"x1e56ztr\"><span class=\"x193iq5w xeuugli x13faqbe x1vvkbs x1xmvt09 x6prxxf xvq8zen xo1l8bm xzsf02u\">das <b>KREUZ <\/b>&#8211; die <b>3<\/b>, die sich aufschwingt zur <b>12 \/ 3 .<\/b>.. sich ihrer Selbst <\/span><\/div>\n<div class=\"x1e56ztr\"><span class=\"x193iq5w xeuugli x13faqbe x1vvkbs x1xmvt09 x6prxxf xvq8zen xo1l8bm xzsf02u\">BEWUSST seienden und zwischen HIMMEL und ERDE TANZENDEN <\/span><\/div>\n<div class=\"x1e56ztr\"><span class=\"x193iq5w xeuugli x13faqbe x1vvkbs x1xmvt09 x6prxxf xvq8zen xo1l8bm xzsf02u\"><b>SEELE! <\/b><\/span><\/div>\n<div class=\"x1e56ztr\"><span class=\"x193iq5w xeuugli x13faqbe x1vvkbs x1xmvt09 x6prxxf xvq8zen xo1l8bm xzsf02u\"><b>Die 21 &#8211; die umgekehrte 12 im Tarot ..<\/b>. <\/span><\/div>\n<div class=\"x1e56ztr\"><span class=\"x193iq5w xeuugli x13faqbe x1vvkbs x1xmvt09 x6prxxf xvq8zen xo1l8bm xzsf02u\">erkennst Du, dass der H\u00c4NGENDE dieSELBE Beinstellung hat wie die zwischen HIMMEL und ERDE tanzende SEELE (weiblich dargestellt, da die UMKEHR ausgehen wird von der &#8222;unteren&#8220; H\u00e4lfte der SEELE &#8211; <\/span><\/div>\n<div class=\"x1e56ztr\"><span class=\"x193iq5w xeuugli x13faqbe x1vvkbs x1xmvt09 x6prxxf xvq8zen xo1l8bm xzsf02u\">der WEIBLICHKEIT &#8230; dem UTERUS &#8211; dem Seelentor des STEINBOCKS &#8230;<\/span><\/div>\n<div><img fetchpriority=\"high\" decoding=\"async\" class=\"x1ey2m1c xds687c x5yr21d x10l6tqk x17qophe x13vifvy xh8yej3\" src=\"https:\/\/scontent.fcag2-1.fna.fbcdn.net\/v\/t39.30808-6\/347258735_3433938286866171_4656209852188346867_n.jpg?stp=dst-jpg_p526x296&amp;_nc_cat=106&amp;ccb=1-7&amp;_nc_sid=5cd70e&amp;_nc_ohc=kBFB7gu9DdsAX9mtvRD&amp;_nc_ht=scontent.fcag2-1.fna&amp;oh=00_AfAm0owO3tHItqCk_17TcVbdxpplW2MKdbccc6i9CNPCjQ&amp;oe=6497BB33\" alt=\"\" width=\"464\" height=\"800\" \/> <img decoding=\"async\" class=\"x1ey2m1c xds687c x5yr21d x10l6tqk x17qophe x13vifvy xh8yej3\" src=\"https:\/\/scontent.fcag2-1.fna.fbcdn.net\/v\/t39.30808-6\/347587025_3433938380199495_5958389853075685579_n.jpg?stp=dst-jpg_p526x296&amp;_nc_cat=102&amp;ccb=1-7&amp;_nc_sid=5cd70e&amp;_nc_ohc=RNxZSx6rHNoAX_DPtiL&amp;_nc_ht=scontent.fcag2-1.fna&amp;oh=00_AfCn71z9w2ckcF18sQbSRfItIcYUUsbF0RCgIiEUrPCKMg&amp;oe=64982B77\" alt=\"\" width=\"463\" height=\"799\" \/><\/div>\n<\/div>\n<\/div>\n<p><\/p>","protected":false},"excerpt":{"rendered":"<p>Der 21. Juni &#8211; Mittsommer &#8230; und der Beginn des ABnehmenden LICHTS &#8211; Was das SOLSTITIUM mit der 12 &#8211; dem H\u00e4ngenden im TAROT &#8211; zu tun hat und in WAHRHEIT beDEUTet &#8211; Diese BeDEUTung geht WEIT \u00fcber das gemeinhin bekannte hinaus &#8211; und auch hier: der Sch\u00f6pfungscode bzw. hier spezifisch &#8222;Die gro\u00dfe Umkehr zum [&hellip;]<\/p>\n","protected":false},"author":2,"featured_media":0,"comment_status":"open","ping_status":"open","sticky":false,"template":"","format":"standard","meta":{"_coblocks_attr":"","_coblocks_dimensions":"","_coblocks_responsive_height":"","_coblocks_accordion_ie_support":"","ocean_post_layout":"","ocean_both_sidebars_style":"","ocean_both_sidebars_content_width":0,"ocean_both_sidebars_sidebars_width":0,"ocean_sidebar":"0","ocean_second_sidebar":"0","ocean_disable_margins":"enable","ocean_add_body_class":"","ocean_shortcode_before_top_bar":"","ocean_shortcode_after_top_bar":"","ocean_shortcode_before_header":"","ocean_shortcode_after_header":"","ocean_has_shortcode":"","ocean_shortcode_after_title":"","ocean_shortcode_before_footer_widgets":"","ocean_shortcode_after_footer_widgets":"","ocean_shortcode_before_footer_bottom":"","ocean_shortcode_after_footer_bottom":"","ocean_display_top_bar":"default","ocean_display_header":"default","ocean_header_style":"","ocean_center_header_left_menu":"0","ocean_custom_header_template":"0","ocean_custom_logo":0,"ocean_custom_retina_logo":0,"ocean_custom_logo_max_width":0,"ocean_custom_logo_tablet_max_width":0,"ocean_custom_logo_mobile_max_width":0,"ocean_custom_logo_max_height":0,"ocean_custom_logo_tablet_max_height":0,"ocean_custom_logo_mobile_max_height":0,"ocean_header_custom_menu":"0","ocean_menu_typo_font_family":"0","ocean_menu_typo_font_subset":"","ocean_menu_typo_font_size":0,"ocean_menu_typo_font_size_tablet":0,"ocean_menu_typo_font_size_mobile":0,"ocean_menu_typo_font_size_unit":"px","ocean_menu_typo_font_weight":"","ocean_menu_typo_font_weight_tablet":"","ocean_menu_typo_font_weight_mobile":"","ocean_menu_typo_transform":"","ocean_menu_typo_transform_tablet":"","ocean_menu_typo_transform_mobile":"","ocean_menu_typo_line_height":0,"ocean_menu_typo_line_height_tablet":0,"ocean_menu_typo_line_height_mobile":0,"ocean_menu_typo_line_height_unit":"","ocean_menu_typo_spacing":0,"ocean_menu_typo_spacing_tablet":0,"ocean_menu_typo_spacing_mobile":0,"ocean_menu_typo_spacing_unit":"","ocean_menu_link_color":"","ocean_menu_link_color_hover":"","ocean_menu_link_color_active":"","ocean_menu_link_background":"","ocean_menu_link_hover_background":"","ocean_menu_link_active_background":"","ocean_menu_social_links_bg":"","ocean_menu_social_hover_links_bg":"","ocean_menu_social_links_color":"","ocean_menu_social_hover_links_color":"","ocean_disable_title":"default","ocean_disable_heading":"default","ocean_post_title":"","ocean_post_subheading":"","ocean_post_title_style":"","ocean_post_title_background_color":"","ocean_post_title_background":0,"ocean_post_title_bg_image_position":"","ocean_post_title_bg_image_attachment":"","ocean_post_title_bg_image_repeat":"","ocean_post_title_bg_image_size":"","ocean_post_title_height":0,"ocean_post_title_bg_overlay":0.5,"ocean_post_title_bg_overlay_color":"","ocean_disable_breadcrumbs":"default","ocean_breadcrumbs_color":"","ocean_breadcrumbs_separator_color":"","ocean_breadcrumbs_links_color":"","ocean_breadcrumbs_links_hover_color":"","ocean_display_footer_widgets":"default","ocean_display_footer_bottom":"default","ocean_custom_footer_template":"0","omw_enable_modal_window":"enable","_themeisle_gutenberg_block_has_review":false,"ocean_post_oembed":"","ocean_post_self_hosted_media":"","ocean_post_video_embed":"","ocean_link_format":"","ocean_link_format_target":"self","ocean_quote_format":"","ocean_quote_format_link":"post","ocean_gallery_link_images":"off","ocean_gallery_id":[],"footnotes":""},"categories":[1],"tags":[57,132,519,473,256,468,211,490,50,469,449,183,422,302,492,474,51,54,478,441,56,475,77,293,477,471,448,465,65,470,472,518,308,351,496,536,467,476,95,466,63,546,140],"class_list":["post-3225","post","type-post","status-publish","format-standard","hentry","category-other","tag-achtsamkeit","tag-blut","tag-deine-26-energieschlosser-entschlusselt-durch-die-grosen-arkana-des-tarot","tag-edda","tag-ego","tag-egoismus","tag-elemente","tag-energieheilen","tag-energiestrome","tag-erdung","tag-existenz","tag-fruchtbarkeit","tag-geburtstrauma","tag-geist","tag-gesundheit","tag-goettersagen","tag-groser-energiekreislauf","tag-heilen","tag-hypophyse","tag-irene-lauretti","tag-jin-shin-jyutsu","tag-kabbalah","tag-kleiner-himmelszyklus","tag-kosmos","tag-krebstor","tag-lichtmensch","tag-lichtsein","tag-maennlich","tag-mensch-mond-kosmos","tag-mindset","tag-religion","tag-seelenzahlen","tag-selbstbewusstsein","tag-selbsterkenntnis","tag-traumata","tag-unterscheidung","tag-vereinigung","tag-wahre-christentum","tag-wahres-selbst","tag-weiblich","tag-weisheit","tag-wirklichkeit","tag-zodiak","entry"],"yoast_head":"<!-- This site is optimized with the Yoast SEO plugin v27.4 - https:\/\/yoast.com\/product\/yoast-seo-wordpress\/ -->\n<title>Der 21. Juni - Mittsommer ... und der Beginn des ABnehmenden LICHTS - irenelauretti.com<\/title>\n<meta name=\"robots\" content=\"index, follow, max-snippet:-1, max-image-preview:large, max-video-preview:-1\" \/>\n<link rel=\"canonical\" href=\"https:\/\/www.irenelauretti.com\/de\/der-21-juni-mittsommer-und-der-beginn-des-abnehmenden-lichts\/\" \/>\n<meta name=\"twitter:card\" content=\"summary_large_image\" \/>\n<meta name=\"twitter:title\" content=\"Der 21. Juni - Mittsommer ... und der Beginn des ABnehmenden LICHTS - irenelauretti.com\" \/>\n<meta name=\"twitter:description\" content=\"Der 21. Juni &#8211; Mittsommer &#8230; und der Beginn des ABnehmenden LICHTS &#8211; Was das SOLSTITIUM mit der 12 &#8211; dem H\u00e4ngenden im TAROT &#8211; zu tun hat und in WAHRHEIT beDEUTet &#8211; Diese BeDEUTung geht WEIT \u00fcber das gemeinhin bekannte hinaus &#8211; und auch hier: der Sch\u00f6pfungscode bzw. hier spezifisch &#8222;Die gro\u00dfe Umkehr zum [&hellip;]\" \/>\n<meta name=\"twitter:image\" content=\"https:\/\/scontent.fcag2-1.fna.fbcdn.net\/v\/t39.30808-6\/347258735_3433938286866171_4656209852188346867_n.jpg?stp=dst-jpg_p526x296&amp;_nc_cat=106&amp;ccb=1-7&amp;_nc_sid=5cd70e&amp;_nc_ohc=kBFB7gu9DdsAX9mtvRD&amp;_nc_ht=scontent.fcag2-1.fna&amp;oh=00_AfAm0owO3tHItqCk_17TcVbdxpplW2MKdbccc6i9CNPCjQ&amp;oe=6497BB33\" \/>\n<meta name=\"twitter:label1\" content=\"Verfasst von\" \/>\n\t<meta name=\"twitter:data1\" content=\"Irene Lauretti\" \/>\n\t<meta name=\"twitter:label2\" content=\"Gesch\u00e4tzte Lesezeit\" \/>\n\t<meta name=\"twitter:data2\" content=\"4\u00a0Minuten\" \/>\n<script type=\"application\/ld+json\" class=\"yoast-schema-graph\">{\"@context\":\"https:\\\/\\\/schema.org\",\"@graph\":[{\"@type\":\"Article\",\"@id\":\"https:\\\/\\\/www.irenelauretti.com\\\/der-21-juni-mittsommer-und-der-beginn-des-abnehmenden-lichts\\\/#article\",\"isPartOf\":{\"@id\":\"https:\\\/\\\/www.irenelauretti.com\\\/der-21-juni-mittsommer-und-der-beginn-des-abnehmenden-lichts\\\/\"},\"author\":{\"name\":\"Irene Lauretti\",\"@id\":\"https:\\\/\\\/www.irenelauretti.com\\\/#\\\/schema\\\/person\\\/692dd8be38a44ae26e451ac8e1d35f4d\"},\"headline\":\"Der 21. Juni &#8211; Mittsommer &#8230; und der Beginn des ABnehmenden LICHTS\",\"datePublished\":\"2023-06-21T15:04:38+00:00\",\"mainEntityOfPage\":{\"@id\":\"https:\\\/\\\/www.irenelauretti.com\\\/der-21-juni-mittsommer-und-der-beginn-des-abnehmenden-lichts\\\/\"},\"wordCount\":531,\"commentCount\":0,\"publisher\":{\"@id\":\"https:\\\/\\\/www.irenelauretti.com\\\/#organization\"},\"image\":{\"@id\":\"https:\\\/\\\/www.irenelauretti.com\\\/der-21-juni-mittsommer-und-der-beginn-des-abnehmenden-lichts\\\/#primaryimage\"},\"thumbnailUrl\":\"https:\\\/\\\/scontent.fcag2-1.fna.fbcdn.net\\\/v\\\/t39.30808-6\\\/347258735_3433938286866171_4656209852188346867_n.jpg?stp=dst-jpg_p526x296&amp;_nc_cat=106&amp;ccb=1-7&amp;_nc_sid=5cd70e&amp;_nc_ohc=kBFB7gu9DdsAX9mtvRD&amp;_nc_ht=scontent.fcag2-1.fna&amp;oh=00_AfAm0owO3tHItqCk_17TcVbdxpplW2MKdbccc6i9CNPCjQ&amp;oe=6497BB33\",\"keywords\":[\"Achtsamkeit\",\"Blut\",\"Deine 26 Energieschl\u00f6sser entschl\u00fcsselt durch die gro\u00dfen Arkana des Tarot\",\"Edda\",\"Ego\",\"Egoismus\",\"Elemente\",\"Energieheilen\",\"Energiestr\u00f6me\",\"Erdung\",\"Existenz\",\"Fruchtbarkeit\",\"Geburtstrauma\",\"Geist\",\"Gesundheit\",\"G\u00f6ttersagen\",\"Gro\u00dfer Energiekreislauf\",\"Heilen\",\"Hypophyse\",\"Irene Lauretti\",\"Jin Shin Jyutsu\",\"Kabbalah\",\"Kleiner Himmelszyklus\",\"Kosmos\",\"Krebstor\",\"Lichtmensch\",\"LichtSein\",\"m\u00e4nnlich\",\"Mensch-Mond-Kosmos\",\"Mindset\",\"Religion\",\"Seelenzahlen\",\"Selbstbewusstsein\",\"Selbsterkenntnis\",\"Traumata\",\"Unterscheidung\",\"Vereinigung\",\"wahre Christentum\",\"Wahres Selbst\",\"weiblich\",\"Weisheit\",\"Wirklichkeit\",\"Zodiak\"],\"articleSection\":[\"Other\"],\"inLanguage\":\"de\",\"potentialAction\":[{\"@type\":\"CommentAction\",\"name\":\"Comment\",\"target\":[\"https:\\\/\\\/www.irenelauretti.com\\\/der-21-juni-mittsommer-und-der-beginn-des-abnehmenden-lichts\\\/#respond\"]}]},{\"@type\":\"WebPage\",\"@id\":\"https:\\\/\\\/www.irenelauretti.com\\\/de\\\/der-21-juni-mittsommer-und-der-beginn-des-abnehmenden-lichts\\\/\",\"url\":\"https:\\\/\\\/www.irenelauretti.com\\\/de\\\/der-21-juni-mittsommer-und-der-beginn-des-abnehmenden-lichts\\\/\",\"name\":\"Der 21. Juni - Mittsommer ... und der Beginn des ABnehmenden LICHTS - irenelauretti.com\",\"isPartOf\":{\"@id\":\"https:\\\/\\\/www.irenelauretti.com\\\/de\\\/#website\"},\"primaryImageOfPage\":{\"@id\":\"https:\\\/\\\/www.irenelauretti.com\\\/de\\\/der-21-juni-mittsommer-und-der-beginn-des-abnehmenden-lichts\\\/#primaryimage\"},\"image\":{\"@id\":\"https:\\\/\\\/www.irenelauretti.com\\\/der-21-juni-mittsommer-und-der-beginn-des-abnehmenden-lichts\\\/#primaryimage\"},\"thumbnailUrl\":\"https:\\\/\\\/scontent.fcag2-1.fna.fbcdn.net\\\/v\\\/t39.30808-6\\\/347258735_3433938286866171_4656209852188346867_n.jpg?stp=dst-jpg_p526x296&amp;_nc_cat=106&amp;ccb=1-7&amp;_nc_sid=5cd70e&amp;_nc_ohc=kBFB7gu9DdsAX9mtvRD&amp;_nc_ht=scontent.fcag2-1.fna&amp;oh=00_AfAm0owO3tHItqCk_17TcVbdxpplW2MKdbccc6i9CNPCjQ&amp;oe=6497BB33\",\"datePublished\":\"2023-06-21T15:04:38+00:00\",\"breadcrumb\":{\"@id\":\"https:\\\/\\\/www.irenelauretti.com\\\/de\\\/der-21-juni-mittsommer-und-der-beginn-des-abnehmenden-lichts\\\/#breadcrumb\"},\"inLanguage\":\"de\",\"potentialAction\":[{\"@type\":\"ReadAction\",\"target\":[[\"https:\\\/\\\/www.irenelauretti.com\\\/de\\\/der-21-juni-mittsommer-und-der-beginn-des-abnehmenden-lichts\\\/\"]]}]},{\"@type\":\"ImageObject\",\"inLanguage\":\"de\",\"@id\":\"https:\\\/\\\/www.irenelauretti.com\\\/de\\\/der-21-juni-mittsommer-und-der-beginn-des-abnehmenden-lichts\\\/#primaryimage\",\"url\":\"https:\\\/\\\/scontent.fcag2-1.fna.fbcdn.net\\\/v\\\/t39.30808-6\\\/347258735_3433938286866171_4656209852188346867_n.jpg?stp=dst-jpg_p526x296&amp;_nc_cat=106&amp;ccb=1-7&amp;_nc_sid=5cd70e&amp;_nc_ohc=kBFB7gu9DdsAX9mtvRD&amp;_nc_ht=scontent.fcag2-1.fna&amp;oh=00_AfAm0owO3tHItqCk_17TcVbdxpplW2MKdbccc6i9CNPCjQ&amp;oe=6497BB33\",\"contentUrl\":\"https:\\\/\\\/scontent.fcag2-1.fna.fbcdn.net\\\/v\\\/t39.30808-6\\\/347258735_3433938286866171_4656209852188346867_n.jpg?stp=dst-jpg_p526x296&amp;_nc_cat=106&amp;ccb=1-7&amp;_nc_sid=5cd70e&amp;_nc_ohc=kBFB7gu9DdsAX9mtvRD&amp;_nc_ht=scontent.fcag2-1.fna&amp;oh=00_AfAm0owO3tHItqCk_17TcVbdxpplW2MKdbccc6i9CNPCjQ&amp;oe=6497BB33\"},{\"@type\":\"BreadcrumbList\",\"@id\":\"https:\\\/\\\/www.irenelauretti.com\\\/de\\\/der-21-juni-mittsommer-und-der-beginn-des-abnehmenden-lichts\\\/#breadcrumb\",\"itemListElement\":[{\"@type\":\"ListItem\",\"position\":1,\"name\":\"Start\",\"item\":\"https:\\\/\\\/www.irenelauretti.com\\\/de\\\/\"},{\"@type\":\"ListItem\",\"position\":2,\"name\":\"Der 21. Juni &#8211; Mittsommer &#8230; und der Beginn des ABnehmenden LICHTS\"}]},{\"@type\":\"WebSite\",\"@id\":\"https:\\\/\\\/www.irenelauretti.com\\\/de\\\/#website\",\"url\":\"https:\\\/\\\/www.irenelauretti.com\\\/de\\\/\",\"name\":\"irenelauretti.com\",\"description\":\"Autorin Mystikerin Heilerin Vision\u00e4rin\",\"publisher\":{\"@id\":\"https:\\\/\\\/www.irenelauretti.com\\\/de\\\/#organization\"},\"potentialAction\":[{\"@type\":\"SearchAction\",\"target\":{\"@type\":\"EntryPoint\",\"urlTemplate\":\"https:\\\/\\\/www.irenelauretti.com\\\/de\\\/?s={search_term_string}\"},\"query-input\":{\"@type\":\"PropertyValueSpecification\",\"valueRequired\":true,\"valueName\":\"search_term_string\"}}],\"inLanguage\":\"de\"},{\"@type\":\"Organization\",\"@id\":\"https:\\\/\\\/www.irenelauretti.com\\\/de\\\/#organization\",\"name\":\"irenelauretti.com\",\"url\":\"https:\\\/\\\/www.irenelauretti.com\\\/de\\\/\",\"logo\":{\"@type\":\"ImageObject\",\"inLanguage\":\"de\",\"@id\":\"https:\\\/\\\/www.irenelauretti.com\\\/de\\\/#\\\/schema\\\/logo\\\/image\\\/\",\"url\":\"https:\\\/\\\/www.irenelauretti.com\\\/wp-content\\\/uploads\\\/2013\\\/08\\\/Logo_with.png\",\"contentUrl\":\"https:\\\/\\\/www.irenelauretti.com\\\/wp-content\\\/uploads\\\/2013\\\/08\\\/Logo_with.png\",\"width\":180,\"height\":113,\"caption\":\"irenelauretti.com\"},\"image\":{\"@id\":\"https:\\\/\\\/www.irenelauretti.com\\\/de\\\/#\\\/schema\\\/logo\\\/image\\\/\"}},{\"@type\":\"Person\",\"@id\":\"https:\\\/\\\/www.irenelauretti.com\\\/#\\\/schema\\\/person\\\/692dd8be38a44ae26e451ac8e1d35f4d\",\"name\":\"Irene Lauretti\",\"image\":{\"@type\":\"ImageObject\",\"inLanguage\":\"de\",\"@id\":\"https:\\\/\\\/secure.gravatar.com\\\/avatar\\\/fc11751010b28816d1d3f43dfe9b51d964b6d1ace79d23ea8873bf0f0cf231ea?s=96&d=mm&r=g\",\"url\":\"https:\\\/\\\/secure.gravatar.com\\\/avatar\\\/fc11751010b28816d1d3f43dfe9b51d964b6d1ace79d23ea8873bf0f0cf231ea?s=96&d=mm&r=g\",\"contentUrl\":\"https:\\\/\\\/secure.gravatar.com\\\/avatar\\\/fc11751010b28816d1d3f43dfe9b51d964b6d1ace79d23ea8873bf0f0cf231ea?s=96&d=mm&r=g\",\"caption\":\"Irene Lauretti\"},\"sameAs\":[\"http:\\\/\\\/www.irenelauretti.com\"],\"url\":\"https:\\\/\\\/www.irenelauretti.com\\\/de\\\/author\\\/ilauretti\\\/\"}]}<\/script>\n<!-- \/ Yoast SEO plugin. -->","yoast_head_json":{"title":"Der 21. Juni - Mittsommer ... und der Beginn des ABnehmenden LICHTS - irenelauretti.com","robots":{"index":"index","follow":"follow","max-snippet":"max-snippet:-1","max-image-preview":"max-image-preview:large","max-video-preview":"max-video-preview:-1"},"canonical":"https:\/\/www.irenelauretti.com\/de\/der-21-juni-mittsommer-und-der-beginn-des-abnehmenden-lichts\/","twitter_card":"summary_large_image","twitter_title":"Der 21. Juni - Mittsommer ... und der Beginn des ABnehmenden LICHTS - irenelauretti.com","twitter_description":"Der 21. Juni &#8211; Mittsommer &#8230; und der Beginn des ABnehmenden LICHTS &#8211; Was das SOLSTITIUM mit der 12 &#8211; dem H\u00e4ngenden im TAROT &#8211; zu tun hat und in WAHRHEIT beDEUTet &#8211; Diese BeDEUTung geht WEIT \u00fcber das gemeinhin bekannte hinaus &#8211; und auch hier: der Sch\u00f6pfungscode bzw. hier spezifisch &#8222;Die gro\u00dfe Umkehr zum [&hellip;]","twitter_image":"https:\/\/scontent.fcag2-1.fna.fbcdn.net\/v\/t39.30808-6\/347258735_3433938286866171_4656209852188346867_n.jpg?stp=dst-jpg_p526x296&amp;_nc_cat=106&amp;ccb=1-7&amp;_nc_sid=5cd70e&amp;_nc_ohc=kBFB7gu9DdsAX9mtvRD&amp;_nc_ht=scontent.fcag2-1.fna&amp;oh=00_AfAm0owO3tHItqCk_17TcVbdxpplW2MKdbccc6i9CNPCjQ&amp;oe=6497BB33","twitter_misc":{"Verfasst von":"Irene Lauretti","Gesch\u00e4tzte Lesezeit":"4\u00a0Minuten"},"schema":{"@context":"https:\/\/schema.org","@graph":[{"@type":"Article","@id":"https:\/\/www.irenelauretti.com\/der-21-juni-mittsommer-und-der-beginn-des-abnehmenden-lichts\/#article","isPartOf":{"@id":"https:\/\/www.irenelauretti.com\/der-21-juni-mittsommer-und-der-beginn-des-abnehmenden-lichts\/"},"author":{"name":"Irene Lauretti","@id":"https:\/\/www.irenelauretti.com\/#\/schema\/person\/692dd8be38a44ae26e451ac8e1d35f4d"},"headline":"Der 21. Juni &#8211; Mittsommer &#8230; und der Beginn des ABnehmenden LICHTS","datePublished":"2023-06-21T15:04:38+00:00","mainEntityOfPage":{"@id":"https:\/\/www.irenelauretti.com\/der-21-juni-mittsommer-und-der-beginn-des-abnehmenden-lichts\/"},"wordCount":531,"commentCount":0,"publisher":{"@id":"https:\/\/www.irenelauretti.com\/#organization"},"image":{"@id":"https:\/\/www.irenelauretti.com\/der-21-juni-mittsommer-und-der-beginn-des-abnehmenden-lichts\/#primaryimage"},"thumbnailUrl":"https:\/\/scontent.fcag2-1.fna.fbcdn.net\/v\/t39.30808-6\/347258735_3433938286866171_4656209852188346867_n.jpg?stp=dst-jpg_p526x296&amp;_nc_cat=106&amp;ccb=1-7&amp;_nc_sid=5cd70e&amp;_nc_ohc=kBFB7gu9DdsAX9mtvRD&amp;_nc_ht=scontent.fcag2-1.fna&amp;oh=00_AfAm0owO3tHItqCk_17TcVbdxpplW2MKdbccc6i9CNPCjQ&amp;oe=6497BB33","keywords":["Achtsamkeit","Blut","Deine 26 Energieschl\u00f6sser entschl\u00fcsselt durch die gro\u00dfen Arkana des Tarot","Edda","Ego","Egoismus","Elemente","Energieheilen","Energiestr\u00f6me","Erdung","Existenz","Fruchtbarkeit","Geburtstrauma","Geist","Gesundheit","G\u00f6ttersagen","Gro\u00dfer Energiekreislauf","Heilen","Hypophyse","Irene Lauretti","Jin Shin Jyutsu","Kabbalah","Kleiner Himmelszyklus","Kosmos","Krebstor","Lichtmensch","LichtSein","m\u00e4nnlich","Mensch-Mond-Kosmos","Mindset","Religion","Seelenzahlen","Selbstbewusstsein","Selbsterkenntnis","Traumata","Unterscheidung","Vereinigung","wahre Christentum","Wahres Selbst","weiblich","Weisheit","Wirklichkeit","Zodiak"],"articleSection":["Other"],"inLanguage":"de","potentialAction":[{"@type":"CommentAction","name":"Comment","target":["https:\/\/www.irenelauretti.com\/der-21-juni-mittsommer-und-der-beginn-des-abnehmenden-lichts\/#respond"]}]},{"@type":"WebPage","@id":"https:\/\/www.irenelauretti.com\/de\/der-21-juni-mittsommer-und-der-beginn-des-abnehmenden-lichts\/","url":"https:\/\/www.irenelauretti.com\/de\/der-21-juni-mittsommer-und-der-beginn-des-abnehmenden-lichts\/","name":"Der 21. Juni - Mittsommer ... und der Beginn des ABnehmenden LICHTS - irenelauretti.com","isPartOf":{"@id":"https:\/\/www.irenelauretti.com\/de\/#website"},"primaryImageOfPage":{"@id":"https:\/\/www.irenelauretti.com\/de\/der-21-juni-mittsommer-und-der-beginn-des-abnehmenden-lichts\/#primaryimage"},"image":{"@id":"https:\/\/www.irenelauretti.com\/der-21-juni-mittsommer-und-der-beginn-des-abnehmenden-lichts\/#primaryimage"},"thumbnailUrl":"https:\/\/scontent.fcag2-1.fna.fbcdn.net\/v\/t39.30808-6\/347258735_3433938286866171_4656209852188346867_n.jpg?stp=dst-jpg_p526x296&amp;_nc_cat=106&amp;ccb=1-7&amp;_nc_sid=5cd70e&amp;_nc_ohc=kBFB7gu9DdsAX9mtvRD&amp;_nc_ht=scontent.fcag2-1.fna&amp;oh=00_AfAm0owO3tHItqCk_17TcVbdxpplW2MKdbccc6i9CNPCjQ&amp;oe=6497BB33","datePublished":"2023-06-21T15:04:38+00:00","breadcrumb":{"@id":"https:\/\/www.irenelauretti.com\/de\/der-21-juni-mittsommer-und-der-beginn-des-abnehmenden-lichts\/#breadcrumb"},"inLanguage":"de","potentialAction":[{"@type":"ReadAction","target":[["https:\/\/www.irenelauretti.com\/de\/der-21-juni-mittsommer-und-der-beginn-des-abnehmenden-lichts\/"]]}]},{"@type":"ImageObject","inLanguage":"de","@id":"https:\/\/www.irenelauretti.com\/de\/der-21-juni-mittsommer-und-der-beginn-des-abnehmenden-lichts\/#primaryimage","url":"https:\/\/scontent.fcag2-1.fna.fbcdn.net\/v\/t39.30808-6\/347258735_3433938286866171_4656209852188346867_n.jpg?stp=dst-jpg_p526x296&amp;_nc_cat=106&amp;ccb=1-7&amp;_nc_sid=5cd70e&amp;_nc_ohc=kBFB7gu9DdsAX9mtvRD&amp;_nc_ht=scontent.fcag2-1.fna&amp;oh=00_AfAm0owO3tHItqCk_17TcVbdxpplW2MKdbccc6i9CNPCjQ&amp;oe=6497BB33","contentUrl":"https:\/\/scontent.fcag2-1.fna.fbcdn.net\/v\/t39.30808-6\/347258735_3433938286866171_4656209852188346867_n.jpg?stp=dst-jpg_p526x296&amp;_nc_cat=106&amp;ccb=1-7&amp;_nc_sid=5cd70e&amp;_nc_ohc=kBFB7gu9DdsAX9mtvRD&amp;_nc_ht=scontent.fcag2-1.fna&amp;oh=00_AfAm0owO3tHItqCk_17TcVbdxpplW2MKdbccc6i9CNPCjQ&amp;oe=6497BB33"},{"@type":"BreadcrumbList","@id":"https:\/\/www.irenelauretti.com\/de\/der-21-juni-mittsommer-und-der-beginn-des-abnehmenden-lichts\/#breadcrumb","itemListElement":[{"@type":"ListItem","position":1,"name":"Start","item":"https:\/\/www.irenelauretti.com\/de\/"},{"@type":"ListItem","position":2,"name":"Der 21. Juni &#8211; Mittsommer &#8230; und der Beginn des ABnehmenden LICHTS"}]},{"@type":"WebSite","@id":"https:\/\/www.irenelauretti.com\/de\/#website","url":"https:\/\/www.irenelauretti.com\/de\/","name":"irenelauretti.com","description":"Autorin Mystikerin Heilerin Vision\u00e4rin","publisher":{"@id":"https:\/\/www.irenelauretti.com\/de\/#organization"},"potentialAction":[{"@type":"SearchAction","target":{"@type":"EntryPoint","urlTemplate":"https:\/\/www.irenelauretti.com\/de\/?s={search_term_string}"},"query-input":{"@type":"PropertyValueSpecification","valueRequired":true,"valueName":"search_term_string"}}],"inLanguage":"de"},{"@type":"Organization","@id":"https:\/\/www.irenelauretti.com\/de\/#organization","name":"irenelauretti.com","url":"https:\/\/www.irenelauretti.com\/de\/","logo":{"@type":"ImageObject","inLanguage":"de","@id":"https:\/\/www.irenelauretti.com\/de\/#\/schema\/logo\/image\/","url":"https:\/\/www.irenelauretti.com\/wp-content\/uploads\/2013\/08\/Logo_with.png","contentUrl":"https:\/\/www.irenelauretti.com\/wp-content\/uploads\/2013\/08\/Logo_with.png","width":180,"height":113,"caption":"irenelauretti.com"},"image":{"@id":"https:\/\/www.irenelauretti.com\/de\/#\/schema\/logo\/image\/"}},{"@type":"Person","@id":"https:\/\/www.irenelauretti.com\/#\/schema\/person\/692dd8be38a44ae26e451ac8e1d35f4d","name":"Irene Lauretti","image":{"@type":"ImageObject","inLanguage":"de","@id":"https:\/\/secure.gravatar.com\/avatar\/fc11751010b28816d1d3f43dfe9b51d964b6d1ace79d23ea8873bf0f0cf231ea?s=96&d=mm&r=g","url":"https:\/\/secure.gravatar.com\/avatar\/fc11751010b28816d1d3f43dfe9b51d964b6d1ace79d23ea8873bf0f0cf231ea?s=96&d=mm&r=g","contentUrl":"https:\/\/secure.gravatar.com\/avatar\/fc11751010b28816d1d3f43dfe9b51d964b6d1ace79d23ea8873bf0f0cf231ea?s=96&d=mm&r=g","caption":"Irene Lauretti"},"sameAs":["http:\/\/www.irenelauretti.com"],"url":"https:\/\/www.irenelauretti.com\/de\/author\/ilauretti\/"}]}},"cc_featured_image_caption":{"caption_text":"","source_text":"","source_url":""},"_links":{"self":[{"href":"https:\/\/www.irenelauretti.com\/de\/wp-json\/wp\/v2\/posts\/3225","targetHints":{"allow":["GET"]}}],"collection":[{"href":"https:\/\/www.irenelauretti.com\/de\/wp-json\/wp\/v2\/posts"}],"about":[{"href":"https:\/\/www.irenelauretti.com\/de\/wp-json\/wp\/v2\/types\/post"}],"author":[{"embeddable":true,"href":"https:\/\/www.irenelauretti.com\/de\/wp-json\/wp\/v2\/users\/2"}],"replies":[{"embeddable":true,"href":"https:\/\/www.irenelauretti.com\/de\/wp-json\/wp\/v2\/comments?post=3225"}],"version-history":[{"count":1,"href":"https:\/\/www.irenelauretti.com\/de\/wp-json\/wp\/v2\/posts\/3225\/revisions"}],"predecessor-version":[{"id":3226,"href":"https:\/\/www.irenelauretti.com\/de\/wp-json\/wp\/v2\/posts\/3225\/revisions\/3226"}],"wp:attachment":[{"href":"https:\/\/www.irenelauretti.com\/de\/wp-json\/wp\/v2\/media?parent=3225"}],"wp:term":[{"taxonomy":"category","embeddable":true,"href":"https:\/\/www.irenelauretti.com\/de\/wp-json\/wp\/v2\/categories?post=3225"},{"taxonomy":"post_tag","embeddable":true,"href":"https:\/\/www.irenelauretti.com\/de\/wp-json\/wp\/v2\/tags?post=3225"}],"curies":[{"name":"wp","href":"https:\/\/api.w.org\/{rel}","templated":true}]}}