{"id":3603,"date":"2023-08-03T12:45:04","date_gmt":"2023-08-03T10:45:04","guid":{"rendered":"https:\/\/www.irenelauretti.com\/?p=3603"},"modified":"2023-08-03T12:45:04","modified_gmt":"2023-08-03T10:45:04","slug":"licht-welt-bedeutet-den-tag-im-licht-beginnen","status":"publish","type":"post","link":"https:\/\/www.irenelauretti.com\/de\/licht-welt-bedeutet-den-tag-im-licht-beginnen\/","title":{"rendered":"LICHT-Welt &#8230; bedeutet den Tag im LICHT beginnen!"},"content":{"rendered":"<p><\/p>\n<div class=\"\" dir=\"auto\">\n<div id=\":r66:\" class=\"x1iorvi4 x1pi30zi x1l90r2v x1swvt13\">\n<h3 class=\"x1heor9g x1qlqyl8 x1pd3egz x1a2a7pz xod5an3 x14vqqas\"><span class=\"x193iq5w xeuugli x13faqbe x1vvkbs x10flsy6 x1603h9y x1u7k74 xo1l8bm xzsf02u\">Eine neue Welt und Menschheit beginnt JEDEN TAG mit der LIEBE zum TAGESORGAN &#8230; <\/span><\/h3>\n<div class=\"x1e56ztr\"><span class=\"x193iq5w xeuugli x13faqbe x1vvkbs x10flsy6 x6prxxf xvq8zen xo1l8bm xzsf02u\">vorgeben durch den <b>MOND<\/b> &#8211; denn <\/span><\/div>\n<div class=\"x1e56ztr\"><span class=\"x193iq5w xeuugli x13faqbe x1vvkbs x10flsy6 x6prxxf xvq8zen xo1l8bm xzsf02u\"><b>Der MOND ist der TONANGEBER in diesem KOSMOS! <\/b><\/span><\/div>\n<div class=\"x1e56ztr\"><span class=\"x193iq5w xeuugli x13faqbe x1vvkbs x10flsy6 x6prxxf xvq8zen xo1l8bm xzsf02u\">Ohne MOND keine Materie &#8211; so einfach ist das ! <\/span><\/div>\n<div class=\"x1e56ztr\"><span class=\"x193iq5w xeuugli x13faqbe x1vvkbs x10flsy6 x6prxxf xvq8zen xo1l8bm xzsf02u\">Ohne die Organkr\u00e4fte kein K\u00d6RPER &#8230; <\/span><\/div>\n<div class=\"x1e56ztr\"><span class=\"x193iq5w xeuugli x13faqbe x1vvkbs x10flsy6 x6prxxf xvq8zen xo1l8bm xzsf02u\">durch sie zieht die SEELE das BEWUSSTSEIN in die K\u00f6rperlichkeit &#8211; <\/span><\/div>\n<div class=\"x1e56ztr\"><span class=\"x193iq5w xeuugli x13faqbe x1vvkbs x10flsy6 x6prxxf xvq8zen xo1l8bm xzsf02u\">ver-K\u00d6RPERt es &#8230; <\/span><\/div>\n<div class=\"x1e56ztr\"><span class=\"x193iq5w xeuugli x13faqbe x1vvkbs x10flsy6 x6prxxf xvq8zen xo1l8bm xzsf02u\">JEDER sollte T\u00c4GLICH mit der LIEBE und dem DANK an dieses Tagesorgan und die Opposition (Ying und Yang! ) <\/span><\/div>\n<div class=\"x1e56ztr\"><span class=\"x193iq5w xeuugli x13faqbe x1vvkbs x10flsy6 x6prxxf xvq8zen xo1l8bm xzsf02u\">beginnen &#8230; <\/span><\/div>\n<div class=\"x1e56ztr\"><span class=\"x193iq5w xeuugli x13faqbe x1vvkbs x10flsy6 x6prxxf xvq8zen xo1l8bm xzsf02u\">sowie die Blaupause dar\u00fcber str\u00f6men &#8211; LEBENSSTROM .. .<\/span><\/div>\n<div class=\"x1e56ztr\"><span class=\"x193iq5w xeuugli x13faqbe x1vvkbs x10flsy6 x6prxxf xvq8zen xo1l8bm xzsf02u\">Dem Tagesorgan sollte vor Beginn von Kindergarten und Schule, Arbeit und vor dem Betreten von H\u00e4usern, \u00f6ffentlichen Verkehrsmitteln und \u00fcberall GEDANKT werden &#8230; <\/span><\/div>\n<div class=\"x1e56ztr\"><span class=\"x193iq5w xeuugli x13faqbe x1vvkbs x10flsy6 x6prxxf xvq8zen xo1l8bm xzsf02u\">denn ein durch LIEBE ge\u00f6ffnetes Tagesorgan l\u00e4\u00dft Dich LIEBE geben und empfangen und die Menschheit <\/span><\/div>\n<div class=\"x1e56ztr\"><span class=\"x193iq5w xeuugli x13faqbe x1vvkbs x10flsy6 x6prxxf xvq8zen xo1l8bm xzsf02u\">KOMMUNIZIEREN aus der EINHEIT mit dem Wissen:<\/span><\/div>\n<h4 class=\"x1heor9g x1qlqyl8 x1pd3egz x1a2a7pz xod5an3 x14vqqas\"><span class=\"x193iq5w xeuugli x13faqbe x1vvkbs x10flsy6 x1603h9y x1u7k74 xo1l8bm xzsf02u\">ICH &#8211; DU &#8211; <\/span><\/h4>\n<h4 class=\"x1heor9g x1qlqyl8 x1pd3egz x1a2a7pz xod5an3 x14vqqas\"><span class=\"x193iq5w xeuugli x13faqbe x1vvkbs x10flsy6 x1603h9y x1u7k74 xo1l8bm xzsf02u\">BIN LICHT &#8211; diese QUELLE &#8211; verEINT durch LIEBE! <\/span><\/h4>\n<div class=\"x1e56ztr\"><span class=\"x193iq5w xeuugli x13faqbe x1vvkbs x10flsy6 x6prxxf xvq8zen xo1l8bm xzsf02u\">In gro\u00dfen Bannern sollte das Tagesorgan angegeben sein &#8211; \u00fcberall &#8211; aufleuchten: <\/span><\/div>\n<div class=\"x1e56ztr\"><span class=\"x193iq5w xeuugli x13faqbe x1vvkbs x10flsy6 x6prxxf xvq8zen xo1l8bm xzsf02u\">an Flugh\u00e4fen &#8211; mit dem Seelentor &#8211; und der Affirmation an das Organ &#8230; und der Tagesfarbe &#8230; <\/span><\/div>\n<div class=\"x1e56ztr\"><span class=\"x193iq5w xeuugli x13faqbe x1vvkbs x10flsy6 x6prxxf xvq8zen xo1l8bm xzsf02u\">Utopisch ? <\/span><\/div>\n<div class=\"x1e56ztr\"><span class=\"x193iq5w xeuugli x13faqbe x1vvkbs x10flsy6 x6prxxf xvq8zen xo1l8bm xzsf02u\">Leider &#8211; noch .. <\/span><\/div>\n<div class=\"x1e56ztr\"><span class=\"x193iq5w xeuugli x13faqbe x1vvkbs x10flsy6 x6prxxf xvq8zen xo1l8bm xzsf02u\">und deshalb LEIDET die Menschheit auch weiterhin &#8211; hat Angst vor Krankheit und wird krank &#8230; <\/span><\/div>\n<div class=\"x1e56ztr\"><span class=\"x193iq5w xeuugli x13faqbe x1vvkbs x10flsy6 x6prxxf xvq8zen xo1l8bm xzsf02u\">denn die Menschen werden und bleiben so lange KRANK und im MANGEL &#8230; wie sich sich SELBST FREMD sind &#8230; <\/span><\/div>\n<div class=\"x1e56ztr\"><span class=\"x193iq5w xeuugli x13faqbe x1vvkbs x10flsy6 x6prxxf xvq8zen xo1l8bm xzsf02u\">und wer seine ORGANE nicht LEBT &#8211; und genau so meine ich das &#8230; die Kr\u00e4fte, die den K\u00f6rper \u00fcberhaupt erschaffen! &#8211; <\/span><\/div>\n<div class=\"x1e56ztr\"><span class=\"x193iq5w xeuugli x13faqbe x1vvkbs x10flsy6 x6prxxf xvq8zen xo1l8bm xzsf02u\">ist in Wahrheit &#8222;tot&#8220; &#8211; schon zu Lebzeiten! <\/span><\/div>\n<div class=\"x1e56ztr\"><span class=\"x193iq5w xeuugli x13faqbe x1vvkbs x10flsy6 x6prxxf xvq8zen xo1l8bm xzsf02u\">Es ist der aktuelle Zustand der Welt, die auf dem verg\u00e4nglichen Produkt basiert und dem SCHEIN hinterherrennt &#8230; <\/span><\/div>\n<h4 class=\"x1heor9g x1qlqyl8 x1pd3egz x1a2a7pz xod5an3 x14vqqas\"><span class=\"x193iq5w xeuugli x13faqbe x1vvkbs x10flsy6 x1603h9y x1u7k74 xo1l8bm xzsf02u\">BEGINNE HEUTE MIT DER LIEBE ZUM TAGESORGAN &#8211; mit dem EINSTIMMEN Deiner SEELE auf die kosmische Symphonie der Sch\u00f6pfung &#8230; <\/span><\/h4>\n<div class=\"x1e56ztr\"><span class=\"x193iq5w xeuugli x13faqbe x1vvkbs x10flsy6 x6prxxf xvq8zen xo1l8bm xzsf02u\">Umfasse den TAGESFINGER &#8211; heute der MITTELFINGER f\u00fcr die GALLENBLASE &#8211; auch f\u00fcr die FISCHE-Leberenergie ist es der Mittelfinger .. <\/span><\/div>\n<div class=\"x1e56ztr\"><span class=\"x193iq5w xeuugli x13faqbe x1vvkbs x10flsy6 x6prxxf xvq8zen xo1l8bm xzsf02u\"><b>LIEBE das ORGAN &#8211; DANKE ihm &#8211; visualisiere es in seiner Energetisierungsfarbe &#8211; <\/b><\/span><\/div>\n<div class=\"x1e56ztr\"><span class=\"x193iq5w xeuugli x13faqbe x1vvkbs x10flsy6 x6prxxf xvq8zen xo1l8bm xzsf02u\">mache die T\u00c4GLICH &#8230; mehrfach t\u00e4glich &#8230; <\/span><\/div>\n<div class=\"x1e56ztr\"><span class=\"x193iq5w xeuugli x13faqbe x1vvkbs x10flsy6 x6prxxf xvq8zen xo1l8bm xzsf02u\">und Dein LEBEN &#8211; Dein K\u00d6RPER &#8211; Deine SEELE heilt! <\/span><\/div>\n<div class=\"x1e56ztr\"><span class=\"x193iq5w xeuugli x13faqbe x1vvkbs x10flsy6 x6prxxf xvq8zen xo1l8bm xzsf02u\">Nutze daf\u00fcr meinen liebevoll gestalteten <\/span><\/div>\n<div class=\"x1e56ztr\"><span class=\"x193iq5w xeuugli x13faqbe x1vvkbs x10flsy6 x6prxxf xvq8zen xo1l8bm xzsf02u\"><b>MOND -Taschenkalender <\/b><\/span><\/div>\n<div class=\"x1e56ztr\"><span class=\"x193iq5w xeuugli x13faqbe x1vvkbs x10flsy6 x6prxxf xvq8zen xo1l8bm xzsf02u\"><b>&#8222;Der besondere Mondkalender &#8211; Gesundheit in Deiner Hand&#8220; <\/b><\/span><\/div>\n<div class=\"x1e56ztr\"><span class=\"x193iq5w xeuugli x13faqbe x1vvkbs x10flsy6 x6prxxf xvq8zen xo1l8bm xzsf02u\">JETZT erh\u00e4ltlich f\u00fcr <a href=\"https:\/\/amzn.to\/3A459OX\" target=\"_blank\" rel=\"noopener\"><b>2024 <\/b><\/a><\/span><b><\/b><\/div>\n<div class=\"x1e56ztr\"><span class=\"x193iq5w xeuugli x13faqbe x1vvkbs x10flsy6 x6prxxf xvq8zen xo1l8bm xzsf02u\">und auch noch f\u00fcr<b><a href=\"https:\/\/amzn.to\/3jzcNZG\" target=\"_blank\" rel=\"noopener\"> 2023<\/a>! <\/b><\/span><b><\/b><\/div>\n<div class=\"x1e56ztr\"><\/div>\n<div class=\"x1e56ztr\"><span class=\"x193iq5w xeuugli x13faqbe x1vvkbs x10flsy6 x6prxxf xvq8zen xo1l8bm xzsf02u\">Wenn Du tiefer einsteigen willst &#8211; und das LICHT BEWUSST in die K\u00f6rperlichket ziehen willst &#8230; <\/span><\/div>\n<div class=\"x1e56ztr\"><span class=\"x193iq5w xeuugli x13faqbe x1vvkbs x10flsy6 x6prxxf xvq8zen xo1l8bm xzsf02u\">str\u00f6me zus\u00e4tzlich auch den TAGESSTROM und OPPOSITIONSSTROM &#8230; <\/span><\/div>\n<div class=\"x1e56ztr\"><span class=\"x193iq5w xeuugli x13faqbe x1vvkbs x10flsy6 x6prxxf xvq8zen xo1l8bm xzsf02u\"><b>und ENTFALTE Dich in LIEBE .. als Stern &#8211; Rosenbl\u00fcte .<\/b>.. <\/span><\/div>\n<div class=\"x1e56ztr\"><span class=\"x193iq5w xeuugli x13faqbe x1vvkbs x10flsy6 x6prxxf xvq8zen xo1l8bm xzsf02u\">str\u00f6me auch den<b> LEBENSSTROM <\/b>t\u00e4glich &#8230; <\/span><\/div>\n<div class=\"x1e56ztr\"><span class=\"x193iq5w xeuugli x13faqbe x1vvkbs x10flsy6 x6prxxf xvq8zen xo1l8bm xzsf02u\">all das und mehr zeige ich Dir &#8211; immer passend zum MONDstand mit meiner <\/span><\/div>\n<div class=\"x1e56ztr\"><span class=\"x193iq5w xeuugli x13faqbe x1vvkbs x10flsy6 x6prxxf xvq8zen xo1l8bm xzsf02u\"><a href=\"https:\/\/lunajin.irenelauretti.com\" target=\"_blank\" rel=\"noopener\"><b>App LunaJin Mond&amp;Gesundheit<\/b><\/a> &#8230; <\/span><\/div>\n<div class=\"x1e56ztr\"><span class=\"x193iq5w xeuugli x13faqbe x1vvkbs x10flsy6 x6prxxf xvq8zen xo1l8bm xzsf02u\">immer direkt auf Dein Smartphone <\/span><\/div>\n<div class=\"x1e56ztr\"><\/div>\n<div class=\"x1e56ztr\"><span class=\"x193iq5w xeuugli x13faqbe x1vvkbs x10flsy6 x6prxxf xvq8zen xo1l8bm xzsf02u\">Den gesamten Sch\u00f6pfungscode mit allen Organen und Str\u00f6men beschrieben findest Du in meinem Hauptwerk <\/span><\/div>\n<div class=\"x1e56ztr\"><span class=\"x193iq5w xeuugli x13faqbe x1vvkbs x10flsy6 x6prxxf xvq8zen xo1l8bm xzsf02u\"><b>&#8222;<a href=\"https:\/\/lunajin.irenelauretti.com\" target=\"_blank\" rel=\"noopener\">Der Mond und der kosmische Code der Sch\u00f6pfung<\/a>&#8220; <\/b><\/span><\/div>\n<\/div>\n<\/div>\n<div id=\":r67:\" class=\"x1n2onr6\">\n<div class=\"x1n2onr6\"><\/div>\n<\/div>\n<div class=\"x168nmei x13lgxp2 x30kzoy x9jhf4c x6ikm8r x10wlt62\" data-visualcompletion=\"ignore-dynamic\">\n<div>\n<div>\n<div>\n<div class=\"x1n2onr6\">\n<div class=\"x6s0dn4 xi81zsa x78zum5 x6prxxf x13a6bvl xvq8zen xdj266r xktsk01 xat24cr x1d52u69 x889kno x4uap5 x1a8lsjc xkhd6sd xdppsyt\">\n<div class=\"x6s0dn4 x78zum5 x1iyjqo2 x6ikm8r x10wlt62\"><img fetchpriority=\"high\" decoding=\"async\" class=\"x1bwycvy x193iq5w x4fas0m x19kjcj4 aligncenter\" src=\"https:\/\/scontent-fra5-2.xx.fbcdn.net\/v\/t39.30808-6\/364042306_3461576104102389_5256358999214824205_n.jpg?_nc_cat=109&amp;cb=99be929b-59f725be&amp;ccb=1-7&amp;_nc_sid=5cd70e&amp;_nc_ohc=r1jpRGmXMjUAX8PsL2V&amp;_nc_ht=scontent-fra5-2.xx&amp;oh=00_AfCrJAgrPGP062aQ2hfew1kpR6HsQiBrrAH_YuvKHv8VCQ&amp;oe=64CF1411\" alt=\"Ein Bild von Blumen\" width=\"481\" height=\"645\" data-visualcompletion=\"media-vc-image\" \/><\/div>\n<\/div>\n<\/div>\n<\/div>\n<\/div>\n<\/div>\n<\/div>\n<p><\/p>","protected":false},"excerpt":{"rendered":"<p>Eine neue Welt und Menschheit beginnt JEDEN TAG mit der LIEBE zum TAGESORGAN &#8230; vorgeben durch den MOND &#8211; denn Der MOND ist der TONANGEBER in diesem KOSMOS! Ohne MOND keine Materie &#8211; so einfach ist das ! Ohne die Organkr\u00e4fte kein K\u00d6RPER &#8230; durch sie zieht die SEELE das BEWUSSTSEIN in die K\u00f6rperlichkeit &#8211; [&hellip;]<\/p>\n","protected":false},"author":3,"featured_media":0,"comment_status":"open","ping_status":"open","sticky":false,"template":"","format":"standard","meta":{"_coblocks_attr":"","_coblocks_dimensions":"","_coblocks_responsive_height":"","_coblocks_accordion_ie_support":"","ocean_post_layout":"","ocean_both_sidebars_style":"","ocean_both_sidebars_content_width":0,"ocean_both_sidebars_sidebars_width":0,"ocean_sidebar":"0","ocean_second_sidebar":"0","ocean_disable_margins":"enable","ocean_add_body_class":"","ocean_shortcode_before_top_bar":"","ocean_shortcode_after_top_bar":"","ocean_shortcode_before_header":"","ocean_shortcode_after_header":"","ocean_has_shortcode":"","ocean_shortcode_after_title":"","ocean_shortcode_before_footer_widgets":"","ocean_shortcode_after_footer_widgets":"","ocean_shortcode_before_footer_bottom":"","ocean_shortcode_after_footer_bottom":"","ocean_display_top_bar":"default","ocean_display_header":"default","ocean_header_style":"","ocean_center_header_left_menu":"0","ocean_custom_header_template":"0","ocean_custom_logo":0,"ocean_custom_retina_logo":0,"ocean_custom_logo_max_width":0,"ocean_custom_logo_tablet_max_width":0,"ocean_custom_logo_mobile_max_width":0,"ocean_custom_logo_max_height":0,"ocean_custom_logo_tablet_max_height":0,"ocean_custom_logo_mobile_max_height":0,"ocean_header_custom_menu":"0","ocean_menu_typo_font_family":"0","ocean_menu_typo_font_subset":"","ocean_menu_typo_font_size":0,"ocean_menu_typo_font_size_tablet":0,"ocean_menu_typo_font_size_mobile":0,"ocean_menu_typo_font_size_unit":"px","ocean_menu_typo_font_weight":"","ocean_menu_typo_font_weight_tablet":"","ocean_menu_typo_font_weight_mobile":"","ocean_menu_typo_transform":"","ocean_menu_typo_transform_tablet":"","ocean_menu_typo_transform_mobile":"","ocean_menu_typo_line_height":0,"ocean_menu_typo_line_height_tablet":0,"ocean_menu_typo_line_height_mobile":0,"ocean_menu_typo_line_height_unit":"","ocean_menu_typo_spacing":0,"ocean_menu_typo_spacing_tablet":0,"ocean_menu_typo_spacing_mobile":0,"ocean_menu_typo_spacing_unit":"","ocean_menu_link_color":"","ocean_menu_link_color_hover":"","ocean_menu_link_color_active":"","ocean_menu_link_background":"","ocean_menu_link_hover_background":"","ocean_menu_link_active_background":"","ocean_menu_social_links_bg":"","ocean_menu_social_hover_links_bg":"","ocean_menu_social_links_color":"","ocean_menu_social_hover_links_color":"","ocean_disable_title":"default","ocean_disable_heading":"default","ocean_post_title":"","ocean_post_subheading":"","ocean_post_title_style":"","ocean_post_title_background_color":"","ocean_post_title_background":0,"ocean_post_title_bg_image_position":"","ocean_post_title_bg_image_attachment":"","ocean_post_title_bg_image_repeat":"","ocean_post_title_bg_image_size":"","ocean_post_title_height":0,"ocean_post_title_bg_overlay":0.5,"ocean_post_title_bg_overlay_color":"","ocean_disable_breadcrumbs":"default","ocean_breadcrumbs_color":"","ocean_breadcrumbs_separator_color":"","ocean_breadcrumbs_links_color":"","ocean_breadcrumbs_links_hover_color":"","ocean_display_footer_widgets":"default","ocean_display_footer_bottom":"default","ocean_custom_footer_template":"0","omw_enable_modal_window":"enable","_themeisle_gutenberg_block_has_review":false,"ocean_post_oembed":"","ocean_post_self_hosted_media":"","ocean_post_video_embed":"","ocean_link_format":"","ocean_link_format_target":"self","ocean_quote_format":"","ocean_quote_format_link":"post","ocean_gallery_link_images":"off","ocean_gallery_id":[],"footnotes":""},"categories":[485],"tags":[132,519,473,256,468,211,490,50,469,449,183,422,302,492,474,51,54,478,441,56,475,484,77,293,477,471,448,465,65,470,472,518,308,351,486,496,536,467,476,95,466,63,546,140],"class_list":["post-3603","post","type-post","status-publish","format-standard","hentry","category-tagesorgan","tag-blut","tag-deine-26-energieschlosser-entschlusselt-durch-die-grosen-arkana-des-tarot","tag-edda","tag-ego","tag-egoismus","tag-elemente","tag-energieheilen","tag-energiestrome","tag-erdung","tag-existenz","tag-fruchtbarkeit","tag-geburtstrauma","tag-geist","tag-gesundheit","tag-goettersagen","tag-groser-energiekreislauf","tag-heilen","tag-hypophyse","tag-irene-lauretti","tag-jin-shin-jyutsu","tag-kabbalah","tag-keine-kategorien-achtsamkeit","tag-kleiner-himmelszyklus","tag-kosmos","tag-krebstor","tag-lichtmensch","tag-lichtsein","tag-maennlich","tag-mensch-mond-kosmos","tag-mindset","tag-religion","tag-seelenzahlen","tag-selbstbewusstsein","tag-selbsterkenntnis","tag-tagesorgan","tag-traumata","tag-unterscheidung","tag-vereinigung","tag-wahre-christentum","tag-wahres-selbst","tag-weiblich","tag-weisheit","tag-wirklichkeit","tag-zodiak","entry"],"yoast_head":"<!-- This site is optimized with the Yoast SEO plugin v27.4 - https:\/\/yoast.com\/product\/yoast-seo-wordpress\/ -->\n<title>LICHT-Welt ... bedeutet den Tag im LICHT beginnen! - irenelauretti.com<\/title>\n<meta name=\"robots\" content=\"index, follow, max-snippet:-1, max-image-preview:large, max-video-preview:-1\" \/>\n<link rel=\"canonical\" href=\"https:\/\/www.irenelauretti.com\/de\/licht-welt-bedeutet-den-tag-im-licht-beginnen\/\" \/>\n<meta name=\"twitter:card\" content=\"summary_large_image\" \/>\n<meta name=\"twitter:title\" content=\"LICHT-Welt ... bedeutet den Tag im LICHT beginnen! - irenelauretti.com\" \/>\n<meta name=\"twitter:description\" content=\"Eine neue Welt und Menschheit beginnt JEDEN TAG mit der LIEBE zum TAGESORGAN &#8230; vorgeben durch den MOND &#8211; denn Der MOND ist der TONANGEBER in diesem KOSMOS! Ohne MOND keine Materie &#8211; so einfach ist das ! Ohne die Organkr\u00e4fte kein K\u00d6RPER &#8230; durch sie zieht die SEELE das BEWUSSTSEIN in die K\u00f6rperlichkeit &#8211; [&hellip;]\" \/>\n<meta name=\"twitter:image\" content=\"https:\/\/scontent-fra5-2.xx.fbcdn.net\/v\/t39.30808-6\/364042306_3461576104102389_5256358999214824205_n.jpg?_nc_cat=109&amp;cb=99be929b-59f725be&amp;ccb=1-7&amp;_nc_sid=5cd70e&amp;_nc_ohc=r1jpRGmXMjUAX8PsL2V&amp;_nc_ht=scontent-fra5-2.xx&amp;oh=00_AfCrJAgrPGP062aQ2hfew1kpR6HsQiBrrAH_YuvKHv8VCQ&amp;oe=64CF1411\" \/>\n<meta name=\"twitter:label1\" content=\"Verfasst von\" \/>\n\t<meta name=\"twitter:data1\" content=\"Marko\" \/>\n\t<meta name=\"twitter:label2\" content=\"Gesch\u00e4tzte Lesezeit\" \/>\n\t<meta name=\"twitter:data2\" content=\"3\u00a0Minuten\" \/>\n<script type=\"application\/ld+json\" class=\"yoast-schema-graph\">{\"@context\":\"https:\\\/\\\/schema.org\",\"@graph\":[{\"@type\":\"Article\",\"@id\":\"https:\\\/\\\/www.irenelauretti.com\\\/licht-welt-bedeutet-den-tag-im-licht-beginnen\\\/#article\",\"isPartOf\":{\"@id\":\"https:\\\/\\\/www.irenelauretti.com\\\/licht-welt-bedeutet-den-tag-im-licht-beginnen\\\/\"},\"author\":{\"name\":\"Marko\",\"@id\":\"https:\\\/\\\/www.irenelauretti.com\\\/#\\\/schema\\\/person\\\/9b37781a704f7dced3b52f53e1f6e8b7\"},\"headline\":\"LICHT-Welt &#8230; bedeutet den Tag im LICHT beginnen!\",\"datePublished\":\"2023-08-03T10:45:04+00:00\",\"mainEntityOfPage\":{\"@id\":\"https:\\\/\\\/www.irenelauretti.com\\\/licht-welt-bedeutet-den-tag-im-licht-beginnen\\\/\"},\"wordCount\":461,\"commentCount\":0,\"publisher\":{\"@id\":\"https:\\\/\\\/www.irenelauretti.com\\\/#organization\"},\"image\":{\"@id\":\"https:\\\/\\\/www.irenelauretti.com\\\/licht-welt-bedeutet-den-tag-im-licht-beginnen\\\/#primaryimage\"},\"thumbnailUrl\":\"https:\\\/\\\/scontent-fra5-2.xx.fbcdn.net\\\/v\\\/t39.30808-6\\\/364042306_3461576104102389_5256358999214824205_n.jpg?_nc_cat=109&amp;cb=99be929b-59f725be&amp;ccb=1-7&amp;_nc_sid=5cd70e&amp;_nc_ohc=r1jpRGmXMjUAX8PsL2V&amp;_nc_ht=scontent-fra5-2.xx&amp;oh=00_AfCrJAgrPGP062aQ2hfew1kpR6HsQiBrrAH_YuvKHv8VCQ&amp;oe=64CF1411\",\"keywords\":[\"Blut\",\"Deine 26 Energieschl\u00f6sser entschl\u00fcsselt durch die gro\u00dfen Arkana des Tarot\",\"Edda\",\"Ego\",\"Egoismus\",\"Elemente\",\"Energieheilen\",\"Energiestr\u00f6me\",\"Erdung\",\"Existenz\",\"Fruchtbarkeit\",\"Geburtstrauma\",\"Geist\",\"Gesundheit\",\"G\u00f6ttersagen\",\"Gro\u00dfer Energiekreislauf\",\"Heilen\",\"Hypophyse\",\"Irene Lauretti\",\"Jin Shin Jyutsu\",\"Kabbalah\",\"Keine Kategorien Achtsamkeit\",\"Kleiner Himmelszyklus\",\"Kosmos\",\"Krebstor\",\"Lichtmensch\",\"LichtSein\",\"m\u00e4nnlich\",\"Mensch-Mond-Kosmos\",\"Mindset\",\"Religion\",\"Seelenzahlen\",\"Selbstbewusstsein\",\"Selbsterkenntnis\",\"Tagesorgan\",\"Traumata\",\"Unterscheidung\",\"Vereinigung\",\"wahre Christentum\",\"Wahres Selbst\",\"weiblich\",\"Weisheit\",\"Wirklichkeit\",\"Zodiak\"],\"articleSection\":[\"Tagesorgan\"],\"inLanguage\":\"de\",\"potentialAction\":[{\"@type\":\"CommentAction\",\"name\":\"Comment\",\"target\":[\"https:\\\/\\\/www.irenelauretti.com\\\/licht-welt-bedeutet-den-tag-im-licht-beginnen\\\/#respond\"]}]},{\"@type\":\"WebPage\",\"@id\":\"https:\\\/\\\/www.irenelauretti.com\\\/de\\\/licht-welt-bedeutet-den-tag-im-licht-beginnen\\\/\",\"url\":\"https:\\\/\\\/www.irenelauretti.com\\\/de\\\/licht-welt-bedeutet-den-tag-im-licht-beginnen\\\/\",\"name\":\"LICHT-Welt ... bedeutet den Tag im LICHT beginnen! - irenelauretti.com\",\"isPartOf\":{\"@id\":\"https:\\\/\\\/www.irenelauretti.com\\\/de\\\/#website\"},\"primaryImageOfPage\":{\"@id\":\"https:\\\/\\\/www.irenelauretti.com\\\/de\\\/licht-welt-bedeutet-den-tag-im-licht-beginnen\\\/#primaryimage\"},\"image\":{\"@id\":\"https:\\\/\\\/www.irenelauretti.com\\\/licht-welt-bedeutet-den-tag-im-licht-beginnen\\\/#primaryimage\"},\"thumbnailUrl\":\"https:\\\/\\\/scontent-fra5-2.xx.fbcdn.net\\\/v\\\/t39.30808-6\\\/364042306_3461576104102389_5256358999214824205_n.jpg?_nc_cat=109&amp;cb=99be929b-59f725be&amp;ccb=1-7&amp;_nc_sid=5cd70e&amp;_nc_ohc=r1jpRGmXMjUAX8PsL2V&amp;_nc_ht=scontent-fra5-2.xx&amp;oh=00_AfCrJAgrPGP062aQ2hfew1kpR6HsQiBrrAH_YuvKHv8VCQ&amp;oe=64CF1411\",\"datePublished\":\"2023-08-03T10:45:04+00:00\",\"breadcrumb\":{\"@id\":\"https:\\\/\\\/www.irenelauretti.com\\\/de\\\/licht-welt-bedeutet-den-tag-im-licht-beginnen\\\/#breadcrumb\"},\"inLanguage\":\"de\",\"potentialAction\":[{\"@type\":\"ReadAction\",\"target\":[[\"https:\\\/\\\/www.irenelauretti.com\\\/de\\\/licht-welt-bedeutet-den-tag-im-licht-beginnen\\\/\"]]}]},{\"@type\":\"ImageObject\",\"inLanguage\":\"de\",\"@id\":\"https:\\\/\\\/www.irenelauretti.com\\\/de\\\/licht-welt-bedeutet-den-tag-im-licht-beginnen\\\/#primaryimage\",\"url\":\"https:\\\/\\\/scontent-fra5-2.xx.fbcdn.net\\\/v\\\/t39.30808-6\\\/364042306_3461576104102389_5256358999214824205_n.jpg?_nc_cat=109&amp;cb=99be929b-59f725be&amp;ccb=1-7&amp;_nc_sid=5cd70e&amp;_nc_ohc=r1jpRGmXMjUAX8PsL2V&amp;_nc_ht=scontent-fra5-2.xx&amp;oh=00_AfCrJAgrPGP062aQ2hfew1kpR6HsQiBrrAH_YuvKHv8VCQ&amp;oe=64CF1411\",\"contentUrl\":\"https:\\\/\\\/scontent-fra5-2.xx.fbcdn.net\\\/v\\\/t39.30808-6\\\/364042306_3461576104102389_5256358999214824205_n.jpg?_nc_cat=109&amp;cb=99be929b-59f725be&amp;ccb=1-7&amp;_nc_sid=5cd70e&amp;_nc_ohc=r1jpRGmXMjUAX8PsL2V&amp;_nc_ht=scontent-fra5-2.xx&amp;oh=00_AfCrJAgrPGP062aQ2hfew1kpR6HsQiBrrAH_YuvKHv8VCQ&amp;oe=64CF1411\"},{\"@type\":\"BreadcrumbList\",\"@id\":\"https:\\\/\\\/www.irenelauretti.com\\\/de\\\/licht-welt-bedeutet-den-tag-im-licht-beginnen\\\/#breadcrumb\",\"itemListElement\":[{\"@type\":\"ListItem\",\"position\":1,\"name\":\"Start\",\"item\":\"https:\\\/\\\/www.irenelauretti.com\\\/de\\\/\"},{\"@type\":\"ListItem\",\"position\":2,\"name\":\"LICHT-Welt &#8230; bedeutet den Tag im LICHT beginnen!\"}]},{\"@type\":\"WebSite\",\"@id\":\"https:\\\/\\\/www.irenelauretti.com\\\/de\\\/#website\",\"url\":\"https:\\\/\\\/www.irenelauretti.com\\\/de\\\/\",\"name\":\"irenelauretti.com\",\"description\":\"Autorin Mystikerin Heilerin Vision\u00e4rin\",\"publisher\":{\"@id\":\"https:\\\/\\\/www.irenelauretti.com\\\/de\\\/#organization\"},\"potentialAction\":[{\"@type\":\"SearchAction\",\"target\":{\"@type\":\"EntryPoint\",\"urlTemplate\":\"https:\\\/\\\/www.irenelauretti.com\\\/de\\\/?s={search_term_string}\"},\"query-input\":{\"@type\":\"PropertyValueSpecification\",\"valueRequired\":true,\"valueName\":\"search_term_string\"}}],\"inLanguage\":\"de\"},{\"@type\":\"Organization\",\"@id\":\"https:\\\/\\\/www.irenelauretti.com\\\/de\\\/#organization\",\"name\":\"irenelauretti.com\",\"url\":\"https:\\\/\\\/www.irenelauretti.com\\\/de\\\/\",\"logo\":{\"@type\":\"ImageObject\",\"inLanguage\":\"de\",\"@id\":\"https:\\\/\\\/www.irenelauretti.com\\\/de\\\/#\\\/schema\\\/logo\\\/image\\\/\",\"url\":\"https:\\\/\\\/www.irenelauretti.com\\\/wp-content\\\/uploads\\\/2013\\\/08\\\/Logo_with.png\",\"contentUrl\":\"https:\\\/\\\/www.irenelauretti.com\\\/wp-content\\\/uploads\\\/2013\\\/08\\\/Logo_with.png\",\"width\":180,\"height\":113,\"caption\":\"irenelauretti.com\"},\"image\":{\"@id\":\"https:\\\/\\\/www.irenelauretti.com\\\/de\\\/#\\\/schema\\\/logo\\\/image\\\/\"}},{\"@type\":\"Person\",\"@id\":\"https:\\\/\\\/www.irenelauretti.com\\\/#\\\/schema\\\/person\\\/9b37781a704f7dced3b52f53e1f6e8b7\",\"name\":\"Marko\",\"image\":{\"@type\":\"ImageObject\",\"inLanguage\":\"de\",\"@id\":\"https:\\\/\\\/secure.gravatar.com\\\/avatar\\\/f6f879634c98a38618a79c5686b847b81cc6b637246368c5bac421ce9b695087?s=96&d=mm&r=g\",\"url\":\"https:\\\/\\\/secure.gravatar.com\\\/avatar\\\/f6f879634c98a38618a79c5686b847b81cc6b637246368c5bac421ce9b695087?s=96&d=mm&r=g\",\"contentUrl\":\"https:\\\/\\\/secure.gravatar.com\\\/avatar\\\/f6f879634c98a38618a79c5686b847b81cc6b637246368c5bac421ce9b695087?s=96&d=mm&r=g\",\"caption\":\"Marko\"},\"url\":\"https:\\\/\\\/www.irenelauretti.com\\\/de\\\/author\\\/marko\\\/\"}]}<\/script>\n<!-- \/ Yoast SEO plugin. -->","yoast_head_json":{"title":"LICHT-Welt ... bedeutet den Tag im LICHT beginnen! - irenelauretti.com","robots":{"index":"index","follow":"follow","max-snippet":"max-snippet:-1","max-image-preview":"max-image-preview:large","max-video-preview":"max-video-preview:-1"},"canonical":"https:\/\/www.irenelauretti.com\/de\/licht-welt-bedeutet-den-tag-im-licht-beginnen\/","twitter_card":"summary_large_image","twitter_title":"LICHT-Welt ... bedeutet den Tag im LICHT beginnen! - irenelauretti.com","twitter_description":"Eine neue Welt und Menschheit beginnt JEDEN TAG mit der LIEBE zum TAGESORGAN &#8230; vorgeben durch den MOND &#8211; denn Der MOND ist der TONANGEBER in diesem KOSMOS! Ohne MOND keine Materie &#8211; so einfach ist das ! Ohne die Organkr\u00e4fte kein K\u00d6RPER &#8230; durch sie zieht die SEELE das BEWUSSTSEIN in die K\u00f6rperlichkeit &#8211; [&hellip;]","twitter_image":"https:\/\/scontent-fra5-2.xx.fbcdn.net\/v\/t39.30808-6\/364042306_3461576104102389_5256358999214824205_n.jpg?_nc_cat=109&amp;cb=99be929b-59f725be&amp;ccb=1-7&amp;_nc_sid=5cd70e&amp;_nc_ohc=r1jpRGmXMjUAX8PsL2V&amp;_nc_ht=scontent-fra5-2.xx&amp;oh=00_AfCrJAgrPGP062aQ2hfew1kpR6HsQiBrrAH_YuvKHv8VCQ&amp;oe=64CF1411","twitter_misc":{"Verfasst von":"Marko","Gesch\u00e4tzte Lesezeit":"3\u00a0Minuten"},"schema":{"@context":"https:\/\/schema.org","@graph":[{"@type":"Article","@id":"https:\/\/www.irenelauretti.com\/licht-welt-bedeutet-den-tag-im-licht-beginnen\/#article","isPartOf":{"@id":"https:\/\/www.irenelauretti.com\/licht-welt-bedeutet-den-tag-im-licht-beginnen\/"},"author":{"name":"Marko","@id":"https:\/\/www.irenelauretti.com\/#\/schema\/person\/9b37781a704f7dced3b52f53e1f6e8b7"},"headline":"LICHT-Welt &#8230; bedeutet den Tag im LICHT beginnen!","datePublished":"2023-08-03T10:45:04+00:00","mainEntityOfPage":{"@id":"https:\/\/www.irenelauretti.com\/licht-welt-bedeutet-den-tag-im-licht-beginnen\/"},"wordCount":461,"commentCount":0,"publisher":{"@id":"https:\/\/www.irenelauretti.com\/#organization"},"image":{"@id":"https:\/\/www.irenelauretti.com\/licht-welt-bedeutet-den-tag-im-licht-beginnen\/#primaryimage"},"thumbnailUrl":"https:\/\/scontent-fra5-2.xx.fbcdn.net\/v\/t39.30808-6\/364042306_3461576104102389_5256358999214824205_n.jpg?_nc_cat=109&amp;cb=99be929b-59f725be&amp;ccb=1-7&amp;_nc_sid=5cd70e&amp;_nc_ohc=r1jpRGmXMjUAX8PsL2V&amp;_nc_ht=scontent-fra5-2.xx&amp;oh=00_AfCrJAgrPGP062aQ2hfew1kpR6HsQiBrrAH_YuvKHv8VCQ&amp;oe=64CF1411","keywords":["Blut","Deine 26 Energieschl\u00f6sser entschl\u00fcsselt durch die gro\u00dfen Arkana des Tarot","Edda","Ego","Egoismus","Elemente","Energieheilen","Energiestr\u00f6me","Erdung","Existenz","Fruchtbarkeit","Geburtstrauma","Geist","Gesundheit","G\u00f6ttersagen","Gro\u00dfer Energiekreislauf","Heilen","Hypophyse","Irene Lauretti","Jin Shin Jyutsu","Kabbalah","Keine Kategorien Achtsamkeit","Kleiner Himmelszyklus","Kosmos","Krebstor","Lichtmensch","LichtSein","m\u00e4nnlich","Mensch-Mond-Kosmos","Mindset","Religion","Seelenzahlen","Selbstbewusstsein","Selbsterkenntnis","Tagesorgan","Traumata","Unterscheidung","Vereinigung","wahre Christentum","Wahres Selbst","weiblich","Weisheit","Wirklichkeit","Zodiak"],"articleSection":["Tagesorgan"],"inLanguage":"de","potentialAction":[{"@type":"CommentAction","name":"Comment","target":["https:\/\/www.irenelauretti.com\/licht-welt-bedeutet-den-tag-im-licht-beginnen\/#respond"]}]},{"@type":"WebPage","@id":"https:\/\/www.irenelauretti.com\/de\/licht-welt-bedeutet-den-tag-im-licht-beginnen\/","url":"https:\/\/www.irenelauretti.com\/de\/licht-welt-bedeutet-den-tag-im-licht-beginnen\/","name":"LICHT-Welt ... bedeutet den Tag im LICHT beginnen! - irenelauretti.com","isPartOf":{"@id":"https:\/\/www.irenelauretti.com\/de\/#website"},"primaryImageOfPage":{"@id":"https:\/\/www.irenelauretti.com\/de\/licht-welt-bedeutet-den-tag-im-licht-beginnen\/#primaryimage"},"image":{"@id":"https:\/\/www.irenelauretti.com\/licht-welt-bedeutet-den-tag-im-licht-beginnen\/#primaryimage"},"thumbnailUrl":"https:\/\/scontent-fra5-2.xx.fbcdn.net\/v\/t39.30808-6\/364042306_3461576104102389_5256358999214824205_n.jpg?_nc_cat=109&amp;cb=99be929b-59f725be&amp;ccb=1-7&amp;_nc_sid=5cd70e&amp;_nc_ohc=r1jpRGmXMjUAX8PsL2V&amp;_nc_ht=scontent-fra5-2.xx&amp;oh=00_AfCrJAgrPGP062aQ2hfew1kpR6HsQiBrrAH_YuvKHv8VCQ&amp;oe=64CF1411","datePublished":"2023-08-03T10:45:04+00:00","breadcrumb":{"@id":"https:\/\/www.irenelauretti.com\/de\/licht-welt-bedeutet-den-tag-im-licht-beginnen\/#breadcrumb"},"inLanguage":"de","potentialAction":[{"@type":"ReadAction","target":[["https:\/\/www.irenelauretti.com\/de\/licht-welt-bedeutet-den-tag-im-licht-beginnen\/"]]}]},{"@type":"ImageObject","inLanguage":"de","@id":"https:\/\/www.irenelauretti.com\/de\/licht-welt-bedeutet-den-tag-im-licht-beginnen\/#primaryimage","url":"https:\/\/scontent-fra5-2.xx.fbcdn.net\/v\/t39.30808-6\/364042306_3461576104102389_5256358999214824205_n.jpg?_nc_cat=109&amp;cb=99be929b-59f725be&amp;ccb=1-7&amp;_nc_sid=5cd70e&amp;_nc_ohc=r1jpRGmXMjUAX8PsL2V&amp;_nc_ht=scontent-fra5-2.xx&amp;oh=00_AfCrJAgrPGP062aQ2hfew1kpR6HsQiBrrAH_YuvKHv8VCQ&amp;oe=64CF1411","contentUrl":"https:\/\/scontent-fra5-2.xx.fbcdn.net\/v\/t39.30808-6\/364042306_3461576104102389_5256358999214824205_n.jpg?_nc_cat=109&amp;cb=99be929b-59f725be&amp;ccb=1-7&amp;_nc_sid=5cd70e&amp;_nc_ohc=r1jpRGmXMjUAX8PsL2V&amp;_nc_ht=scontent-fra5-2.xx&amp;oh=00_AfCrJAgrPGP062aQ2hfew1kpR6HsQiBrrAH_YuvKHv8VCQ&amp;oe=64CF1411"},{"@type":"BreadcrumbList","@id":"https:\/\/www.irenelauretti.com\/de\/licht-welt-bedeutet-den-tag-im-licht-beginnen\/#breadcrumb","itemListElement":[{"@type":"ListItem","position":1,"name":"Start","item":"https:\/\/www.irenelauretti.com\/de\/"},{"@type":"ListItem","position":2,"name":"LICHT-Welt &#8230; bedeutet den Tag im LICHT beginnen!"}]},{"@type":"WebSite","@id":"https:\/\/www.irenelauretti.com\/de\/#website","url":"https:\/\/www.irenelauretti.com\/de\/","name":"irenelauretti.com","description":"Autorin Mystikerin Heilerin Vision\u00e4rin","publisher":{"@id":"https:\/\/www.irenelauretti.com\/de\/#organization"},"potentialAction":[{"@type":"SearchAction","target":{"@type":"EntryPoint","urlTemplate":"https:\/\/www.irenelauretti.com\/de\/?s={search_term_string}"},"query-input":{"@type":"PropertyValueSpecification","valueRequired":true,"valueName":"search_term_string"}}],"inLanguage":"de"},{"@type":"Organization","@id":"https:\/\/www.irenelauretti.com\/de\/#organization","name":"irenelauretti.com","url":"https:\/\/www.irenelauretti.com\/de\/","logo":{"@type":"ImageObject","inLanguage":"de","@id":"https:\/\/www.irenelauretti.com\/de\/#\/schema\/logo\/image\/","url":"https:\/\/www.irenelauretti.com\/wp-content\/uploads\/2013\/08\/Logo_with.png","contentUrl":"https:\/\/www.irenelauretti.com\/wp-content\/uploads\/2013\/08\/Logo_with.png","width":180,"height":113,"caption":"irenelauretti.com"},"image":{"@id":"https:\/\/www.irenelauretti.com\/de\/#\/schema\/logo\/image\/"}},{"@type":"Person","@id":"https:\/\/www.irenelauretti.com\/#\/schema\/person\/9b37781a704f7dced3b52f53e1f6e8b7","name":"Marko","image":{"@type":"ImageObject","inLanguage":"de","@id":"https:\/\/secure.gravatar.com\/avatar\/f6f879634c98a38618a79c5686b847b81cc6b637246368c5bac421ce9b695087?s=96&d=mm&r=g","url":"https:\/\/secure.gravatar.com\/avatar\/f6f879634c98a38618a79c5686b847b81cc6b637246368c5bac421ce9b695087?s=96&d=mm&r=g","contentUrl":"https:\/\/secure.gravatar.com\/avatar\/f6f879634c98a38618a79c5686b847b81cc6b637246368c5bac421ce9b695087?s=96&d=mm&r=g","caption":"Marko"},"url":"https:\/\/www.irenelauretti.com\/de\/author\/marko\/"}]}},"cc_featured_image_caption":{"caption_text":"","source_text":"","source_url":""},"_links":{"self":[{"href":"https:\/\/www.irenelauretti.com\/de\/wp-json\/wp\/v2\/posts\/3603","targetHints":{"allow":["GET"]}}],"collection":[{"href":"https:\/\/www.irenelauretti.com\/de\/wp-json\/wp\/v2\/posts"}],"about":[{"href":"https:\/\/www.irenelauretti.com\/de\/wp-json\/wp\/v2\/types\/post"}],"author":[{"embeddable":true,"href":"https:\/\/www.irenelauretti.com\/de\/wp-json\/wp\/v2\/users\/3"}],"replies":[{"embeddable":true,"href":"https:\/\/www.irenelauretti.com\/de\/wp-json\/wp\/v2\/comments?post=3603"}],"version-history":[{"count":1,"href":"https:\/\/www.irenelauretti.com\/de\/wp-json\/wp\/v2\/posts\/3603\/revisions"}],"predecessor-version":[{"id":3604,"href":"https:\/\/www.irenelauretti.com\/de\/wp-json\/wp\/v2\/posts\/3603\/revisions\/3604"}],"wp:attachment":[{"href":"https:\/\/www.irenelauretti.com\/de\/wp-json\/wp\/v2\/media?parent=3603"}],"wp:term":[{"taxonomy":"category","embeddable":true,"href":"https:\/\/www.irenelauretti.com\/de\/wp-json\/wp\/v2\/categories?post=3603"},{"taxonomy":"post_tag","embeddable":true,"href":"https:\/\/www.irenelauretti.com\/de\/wp-json\/wp\/v2\/tags?post=3603"}],"curies":[{"name":"wp","href":"https:\/\/api.w.org\/{rel}","templated":true}]}}