{"id":3984,"date":"2023-09-19T19:25:08","date_gmt":"2023-09-19T17:25:08","guid":{"rendered":"https:\/\/www.irenelauretti.com\/?p=3984"},"modified":"2023-09-19T19:25:08","modified_gmt":"2023-09-19T17:25:08","slug":"der-wahre-grund-warum-die-menschheit-in-die-krankheit-den-mangel-die-depression-die-unterdrueckung-verfallen-ist","status":"publish","type":"post","link":"https:\/\/www.irenelauretti.com\/de\/der-wahre-grund-warum-die-menschheit-in-die-krankheit-den-mangel-die-depression-die-unterdrueckung-verfallen-ist\/","title":{"rendered":"Der WAHRE Grund, warum die Menschheit in die Krankheit, den Mangel, die Depression, die Unterdr\u00fcckung verfallen ist &#8230;"},"content":{"rendered":"<p><\/p>\n<div class=\"x1e56ztr\"><span class=\"x193iq5w xeuugli x13faqbe x1vvkbs x10flsy6 x6prxxf xvq8zen xo1l8bm xzsf02u\">ist nicht ein \u00e4u\u00dferer Faktor &#8230; <\/span><\/div>\n<div class=\"x1e56ztr\"><\/div>\n<div class=\"x1e56ztr\"><span class=\"x193iq5w xeuugli x13faqbe x1vvkbs x10flsy6 x6prxxf xvq8zen xo1l8bm xzsf02u\">&#8230; ist auch nicht die Politik oder irgendwelche &#8222;Gesetze&#8220; &#8230; <\/span><\/div>\n<div class=\"x1e56ztr\"><span class=\"x193iq5w xeuugli x13faqbe x1vvkbs x10flsy6 x6prxxf xvq8zen xo1l8bm xzsf02u\">Es ist das gro\u00dfe <\/span><\/div>\n<div class=\"x1e56ztr\"><span class=\"x193iq5w xeuugli x13faqbe x1vvkbs x10flsy6 x6prxxf xvq8zen xo1l8bm xzsf02u\">GOTT -Vergessen, welches in Wahrheit das Ent-fremden und <\/span><\/div>\n<div class=\"x1e56ztr\"><span class=\"x193iq5w xeuugli x13faqbe x1vvkbs x10flsy6 x6prxxf xvq8zen xo1l8bm xzsf02u\">Vergessen des <\/span><\/div>\n<h4 class=\"x1heor9g x1qlqyl8 x1pd3egz x1a2a7pz xod5an3 x14vqqas\"><span class=\"x193iq5w xeuugli x13faqbe x1vvkbs x10flsy6 x1603h9y x1u7k74 xo1l8bm xzsf02u\">SELBST ist! <\/span><\/h4>\n<div class=\"x1e56ztr\"><span class=\"x193iq5w xeuugli x13faqbe x1vvkbs x10flsy6 x6prxxf xvq8zen xo1l8bm xzsf02u\">Ihr wi\u00dft, wie ich den Sch\u00f6pfungscode empfangen habe &#8211; aus der Quelle selbst im Rahmen bzw. nach meiner Nahtoderfahrung und Einweihung am Himmelstor an der Jahresschwelle 2011 &#8211; 2012 &#8230; <\/span><\/div>\n<div class=\"x1e56ztr\"><span class=\"x193iq5w xeuugli x13faqbe x1vvkbs x10flsy6 x6prxxf xvq8zen xo1l8bm xzsf02u\">Ich war bis zu dem Zeitpunkt so wenig &#8222;religi\u00f6s&#8220; wie die meisten es sind &#8230; <\/span><\/div>\n<div class=\"x1e56ztr\"><span class=\"x193iq5w xeuugli x13faqbe x1vvkbs x10flsy6 x6prxxf xvq8zen xo1l8bm xzsf02u\">und was &#8222;Kirche&#8220; betrifft bin ich es auch weiterhin &#8230; <\/span><\/div>\n<div class=\"x1e56ztr\"><span class=\"x193iq5w xeuugli x13faqbe x1vvkbs x10flsy6 x6prxxf xvq8zen xo1l8bm xzsf02u\">Aber .. <\/span><\/div>\n<div class=\"x1e56ztr\"><span class=\"x193iq5w xeuugli x13faqbe x1vvkbs x10flsy6 x6prxxf xvq8zen xo1l8bm xzsf02u\">die WAHRHEIT durfte und darf ich T\u00c4GLICH erfahren durch das Aktivieren des Sch\u00f6pfungscodes &#8211; <\/span><\/div>\n<div class=\"x1e56ztr\"><span class=\"x193iq5w xeuugli x13faqbe x1vvkbs x10flsy6 x6prxxf xvq8zen xo1l8bm xzsf02u\">das t\u00e4gliche MONDstr\u00f6men &#8211; das \u00d6FFNEN meiner 12 heiligen SEELENTORE im <\/span><\/div>\n<div class=\"x1e56ztr\"><span class=\"x193iq5w xeuugli x13faqbe x1vvkbs x10flsy6 x6prxxf xvq8zen xo1l8bm xzsf02u\">EINKLANG MIT DEM MOND auf seiner Reise durch den ZODIAK &#8211; <\/span><\/div>\n<div class=\"x1e56ztr\"><span class=\"x193iq5w xeuugli x13faqbe x1vvkbs x10flsy6 x6prxxf xvq8zen xo1l8bm xzsf02u\">und darf so erkennen, dass jedes Lebewesen in <\/span><\/div>\n<div class=\"x1e56ztr\"><span class=\"x193iq5w xeuugli x13faqbe x1vvkbs x10flsy6 x6prxxf xvq8zen xo1l8bm xzsf02u\">Wahrheit &#8211; im Geist &#8211; <\/span><\/div>\n<h4 class=\"x1heor9g x1qlqyl8 x1pd3egz x1a2a7pz xod5an3 x14vqqas\"><span class=\"x193iq5w xeuugli x13faqbe x1vvkbs x10flsy6 x1603h9y x1u7k74 xo1l8bm xzsf02u\">EINS ist mit GOTT &#8211; der LICHT-Quelle &#8211; 7. Tiefe &#8230; <\/span><\/h4>\n<h4 class=\"x1heor9g x1qlqyl8 x1pd3egz x1a2a7pz xod5an3 x14vqqas\"><span class=\"x193iq5w xeuugli x13faqbe x1vvkbs x10flsy6 x1603h9y x1u7k74 xo1l8bm xzsf02u\">und jede SEELE AUS dieser EINEN LICHTquelle sich <\/span><\/h4>\n<div class=\"x1e56ztr\"><span class=\"x193iq5w xeuugli x13faqbe x1vvkbs x10flsy6 x6prxxf xvq8zen xo1l8bm xzsf02u\"><i>individualisiert <\/i>&#8211; <\/span><\/div>\n<div class=\"x1e56ztr\"><span class=\"x193iq5w xeuugli x13faqbe x1vvkbs x10flsy6 x6prxxf xvq8zen xo1l8bm xzsf02u\">DURCH die vom <b>MOND<\/b> aktivierten <b>12 kosmischen heiligen Schwingungen<\/b> &#8211; die damit die <\/span><\/div>\n<div class=\"x1e56ztr\"><span class=\"x193iq5w xeuugli x13faqbe x1vvkbs x10flsy6 x6prxxf xvq8zen xo1l8bm xzsf02u\">BeDINGung sind &#8211; die es zu MEISTERN gilt &#8211; um das vollkommene Potential &#8211; <\/span><\/div>\n<div class=\"x1e56ztr\"><span class=\"x193iq5w xeuugli x13faqbe x1vvkbs x10flsy6 x6prxxf xvq8zen xo1l8bm xzsf02u\">GOTT &#8211; die QUELLE zu erKENNEN und zu LEBEN in JEDEM MOMENT DEINES SEINS! <\/span><\/div>\n<div class=\"x1e56ztr\"><span class=\"x193iq5w xeuugli x13faqbe x1vvkbs x10flsy6 x6prxxf xvq8zen xo1l8bm xzsf02u\">Ich wurde durch den Sch\u00f6pfungscode hochreligi\u00f6s denn ich erkannte und erkenne, <\/span><\/div>\n<h4 class=\"x1heor9g x1qlqyl8 x1pd3egz x1a2a7pz xod5an3 x14vqqas\"><span class=\"x193iq5w xeuugli x13faqbe x1vvkbs x10flsy6 x1603h9y x1u7k74 xo1l8bm xzsf02u\">dass ICH DAS ALLES SELBST BIN &#8211; <\/span><\/h4>\n<div class=\"x1e56ztr\"><span class=\"x193iq5w xeuugli x13faqbe x1vvkbs x10flsy6 x6prxxf xvq8zen xo1l8bm xzsf02u\">.. die <i>Individualisierung<\/i> aus der QUELLE , das ist CHRISTUS &#8211; und ich SELBST &#8211; <\/span><\/div>\n<div class=\"x1e56ztr\"><span class=\"x193iq5w xeuugli x13faqbe x1vvkbs x10flsy6 x6prxxf xvq8zen xo1l8bm xzsf02u\">und meine<b> 12 heiligen Sch\u00f6pfungswerkzeuge <\/b>um das LICHT in die Welt zu tragen &#8211; <\/span><\/div>\n<div class=\"x1e56ztr\"><span class=\"x193iq5w xeuugli x13faqbe x1vvkbs x10flsy6 x6prxxf xvq8zen xo1l8bm xzsf02u\">die 12<b> APOSTEL<\/b>, \u00fcbersetzt : SENDBOTE &#8230; <\/span><\/div>\n<div class=\"x1e56ztr\"><span class=\"x193iq5w xeuugli x13faqbe x1vvkbs x10flsy6 x6prxxf xvq8zen xo1l8bm xzsf02u\">ALLES liegt erkennbar f\u00fcr den Menschen in der Sprache &#8230;<\/span><\/div>\n<div class=\"x1e56ztr\"><span class=\"x193iq5w xeuugli x13faqbe x1vvkbs x10flsy6 x6prxxf xvq8zen xo1l8bm xzsf02u\">L<b>EBENSSTROM &#8211; RHEA &#8211; die MUTTERG\u00d6TTIN &#8211;<\/b> \u00fcbersetzt tats\u00e4chlich:<\/span><\/div>\n<div class=\"x1e56ztr\"><span class=\"x193iq5w xeuugli x13faqbe x1vvkbs x10flsy6 x6prxxf xvq8zen xo1l8bm xzsf02u\"><b>LEBENSSTROM<\/b> &#8211; eines von 12 (wie sollte es auch anders sein) Gottes-KINDERN ..<\/span><\/div>\n<div class=\"x1e56ztr\"><span class=\"x193iq5w xeuugli x13faqbe x1vvkbs x10flsy6 x6prxxf xvq8zen xo1l8bm xzsf02u\">wobei <b>CHRISTUS <\/b>&#8211; die 12 in sich verEINIGT &#8230; <\/span><\/div>\n<div class=\"x1e56ztr\"><span class=\"x193iq5w xeuugli x13faqbe x1vvkbs x10flsy6 x6prxxf xvq8zen xo1l8bm xzsf02u\">als &#8222;13.&#8220; Glied nicht getrennt ist von der 12 (!!!) &#8211; <\/span><\/div>\n<h4 class=\"x1heor9g x1qlqyl8 x1pd3egz x1a2a7pz xod5an3 x14vqqas\"><span class=\"x193iq5w xeuugli x13faqbe x1vvkbs x10flsy6 x1603h9y x1u7k74 xo1l8bm xzsf02u\">SONDERN in WAHRHEIT der ALLE 12 Organstr\u00f6me<img fetchpriority=\"high\" decoding=\"async\" class=\"alignright size-medium wp-image-3985\" src=\"https:\/\/www.irenelauretti.com\/wp-content\/uploads\/2023\/09\/Code_und_offen-225x300.jpg\" alt=\"\" width=\"225\" height=\"300\" srcset=\"https:\/\/www.irenelauretti.com\/wp-content\/uploads\/2023\/09\/Code_und_offen-225x300.jpg 225w, https:\/\/www.irenelauretti.com\/wp-content\/uploads\/2023\/09\/Code_und_offen-768x1024.jpg 768w, https:\/\/www.irenelauretti.com\/wp-content\/uploads\/2023\/09\/Code_und_offen-1152x1536.jpg 1152w, https:\/\/www.irenelauretti.com\/wp-content\/uploads\/2023\/09\/Code_und_offen.jpg 1200w\" sizes=\"(max-width: 225px) 100vw, 225px\" \/> <\/span><\/h4>\n<h4 class=\"x1heor9g x1qlqyl8 x1pd3egz x1a2a7pz xod5an3 x14vqqas\"><span class=\"x193iq5w xeuugli x13faqbe x1vvkbs x10flsy6 x1603h9y x1u7k74 xo1l8bm xzsf02u\">verEINende Sch\u00f6pfungsfunke ist! <\/span><\/h4>\n<div class=\"x1e56ztr\"><span class=\"x193iq5w xeuugli x13faqbe x1vvkbs x10flsy6 x6prxxf xvq8zen xo1l8bm xzsf02u\">NICHTS in diesem KOSMOS ist au\u00dfer diesen Kr\u00e4ften &#8211; <\/span><\/div>\n<div class=\"x1e56ztr\"><span class=\"x193iq5w xeuugli x13faqbe x1vvkbs x10flsy6 x6prxxf xvq8zen xo1l8bm xzsf02u\">LEBEN in diesem Kosmos GEHT und MUSS durch diese 12 Sch\u00f6pfungskr\u00e4fte entstehen &#8211; <\/span><\/div>\n<div class=\"x1e56ztr\"><span class=\"x193iq5w xeuugli x13faqbe x1vvkbs x10flsy6 x6prxxf xvq8zen xo1l8bm xzsf02u\">fast alle alten M\u00e4rchen, die Bibel, alle Weisheitsb\u00fccher, das Kojiki, die Kabbalah hatten es jahrtausendelang VERSCHL\u00dcSSELT der Menschheit gegeben &#8211; <\/span><\/div>\n<div class=\"x1e56ztr\"><span class=\"x193iq5w xeuugli x13faqbe x1vvkbs x10flsy6 x6prxxf xvq8zen xo1l8bm xzsf02u\">NIEMAND hatte es jemals in der WAHRHEIT als sich SELBST verstanden &#8211; <\/span><\/div>\n<div class=\"x1e56ztr\"><span class=\"x193iq5w xeuugli x13faqbe x1vvkbs x10flsy6 x6prxxf xvq8zen xo1l8bm xzsf02u\">der SCH\u00d6PFUNGSCODE l\u00e4sst Dich als diese <\/span><\/div>\n<div class=\"x1e56ztr\"><span class=\"x193iq5w xeuugli x13faqbe x1vvkbs x10flsy6 x6prxxf xvq8zen xo1l8bm xzsf02u\">EINE AUS DER WAHRHEIT SICH INDIVIDUALISIERENDE WIRK-lichkeit <\/span><\/div>\n<div class=\"x1e56ztr\"><span class=\"x193iq5w xeuugli x13faqbe x1vvkbs x10flsy6 x6prxxf xvq8zen xo1l8bm xzsf02u\">erKENNEN &#8230; ERSTMALS in der Geschichte der Menschheit &#8230; <\/span><\/div>\n<div class=\"x1e56ztr\"><span class=\"x193iq5w xeuugli x13faqbe x1vvkbs x10flsy6 x6prxxf xvq8zen xo1l8bm xzsf02u\">denn: <\/span><\/div>\n<h4 class=\"x1heor9g x1qlqyl8 x1pd3egz x1a2a7pz xod5an3 x14vqqas\"><span class=\"x193iq5w xeuugli x13faqbe x1vvkbs x10flsy6 x1603h9y x1u7k74 xo1l8bm xzsf02u\"> &#8222;Wer den MOND erKENNT &#8211; der erKENNT die SEELE und damit sich SELBST&#8220;<\/span><\/h4>\n<div class=\"x1e56ztr\"><span class=\"x193iq5w xeuugli x13faqbe x1vvkbs x10flsy6 x6prxxf xvq8zen xo1l8bm xzsf02u\">Dass die Menschheit die Wahrheit des MONDes nie erkannte und gar leugnete und IMMER noch leugnet &#8211; <\/span><\/div>\n<div class=\"x1e56ztr\"><span class=\"x193iq5w xeuugli x13faqbe x1vvkbs x10flsy6 x6prxxf xvq8zen xo1l8bm xzsf02u\">ist der Spiegel und der Ausdruck der sich SELBST vergessenen <\/span><\/div>\n<div class=\"x1e56ztr\"><span class=\"x193iq5w xeuugli x13faqbe x1vvkbs x10flsy6 x6prxxf xvq8zen xo1l8bm xzsf02u\">Menschen- was man auch &#8222;Zombi&#8220; nennt &#8230; ich hatte k\u00fcrzlich schon dar\u00fcber berichtet.<\/span><\/div>\n<div class=\"x1e56ztr\"><span class=\"x193iq5w xeuugli x13faqbe x1vvkbs x10flsy6 x6prxxf xvq8zen xo1l8bm xzsf02u\">Und : <\/span><\/div>\n<h4 class=\"x1heor9g x1qlqyl8 x1pd3egz x1a2a7pz xod5an3 x14vqqas\"><span class=\"x193iq5w xeuugli x13faqbe x1vvkbs x10flsy6 x1603h9y x1u7k74 xo1l8bm xzsf02u\">WARUM sch\u00e4men sich Menschen &#8222;GOTT&#8220; beim Namen zu nennen ?<\/span><\/h4>\n<div class=\"x1e56ztr\"><span class=\"x193iq5w xeuugli x13faqbe x1vvkbs x10flsy6 x6prxxf xvq8zen xo1l8bm xzsf02u\">GERADE in spirituellen Kreisen ?<\/span><\/div>\n<div class=\"x1e56ztr\"><span class=\"x193iq5w xeuugli x13faqbe x1vvkbs x10flsy6 x6prxxf xvq8zen xo1l8bm xzsf02u\">ZWEIMAL durfte ich GOTT dem VATER gegen\u00fcbertreten &#8211; wurden mit wichtige Botschaften direkt durch IHN \u00fcbermittelt &#8211; <\/span><\/div>\n<div class=\"x1e56ztr\"><span class=\"x193iq5w xeuugli x13faqbe x1vvkbs x10flsy6 x6prxxf xvq8zen xo1l8bm xzsf02u\">&#8230; er war der GESAMTE HIMMEL &#8230; er war ALLES &#8211; aber er ist<\/span><\/div>\n<h4 class=\"x1heor9g x1qlqyl8 x1pd3egz x1a2a7pz xod5an3 x14vqqas\"><span class=\"x193iq5w xeuugli x13faqbe x1vvkbs x10flsy6 x1603h9y x1u7k74 xo1l8bm xzsf02u\">GOTT &#8211; und will als SOLCHER BEZEICHNET WERDEN! <\/span><\/h4>\n<div class=\"x1e56ztr\"><span class=\"x193iq5w xeuugli x13faqbe x1vvkbs x10flsy6 x6prxxf xvq8zen xo1l8bm xzsf02u\">und nicht anders! <\/span><\/div>\n<div class=\"x1e56ztr\"><span class=\"x193iq5w xeuugli x13faqbe x1vvkbs x10flsy6 x6prxxf xvq8zen xo1l8bm xzsf02u\">In dem Moment in dem die Menschen sich GOTT &#8211; und damit sich SELBST wieder <\/span><\/div>\n<div class=\"x1e56ztr\"><span class=\"x193iq5w xeuugli x13faqbe x1vvkbs x10flsy6 x6prxxf xvq8zen xo1l8bm xzsf02u\">ZUWENDEN &#8211; <\/span><\/div>\n<div class=\"x1e56ztr\"><span class=\"x193iq5w xeuugli x13faqbe x1vvkbs x10flsy6 x6prxxf xvq8zen xo1l8bm xzsf02u\">durch den MOND &#8211; <\/span><\/div>\n<div class=\"x1e56ztr\"><span class=\"x193iq5w xeuugli x13faqbe x1vvkbs x10flsy6 x6prxxf xvq8zen xo1l8bm xzsf02u\">werden alle Probleme dieser Welt sich auf- bzw. erL\u00d6SEN! <\/span><\/div>\n<div class=\"x1e56ztr\"><span class=\"x193iq5w xeuugli x13faqbe x1vvkbs x10flsy6 x6prxxf xvq8zen xo1l8bm xzsf02u\">Das Buch, welches mir direkt aus der Quelle \u00fcbermittelt wurde &#8211; <\/span><\/div>\n<div class=\"x1e56ztr\"><span class=\"x193iq5w xeuugli x13faqbe x1vvkbs x10flsy6 x6prxxf xvq8zen xo1l8bm xzsf02u\">von Christus &#8211; GOTT selbst ist: <\/span><\/div>\n<div class=\"x1e56ztr\"><span class=\"x193iq5w xeuugli x13faqbe x1vvkbs x10flsy6 x6prxxf xvq8zen xo1l8bm xzsf02u\"><b>&#8222;<a href=\"https:\/\/amzn.to\/2lbjd6l\" target=\"_blank\" rel=\"noopener\">Der Mond und der kosmische Code der Sch\u00f6pfung<\/a>&#8220; <\/b><\/span><\/div>\n<div class=\"x1e56ztr\"><span class=\"x193iq5w xeuugli x13faqbe x1vvkbs x10flsy6 x6prxxf xvq8zen xo1l8bm xzsf02u\">um dem MOND zu folgen lade Dir meine einzigartige App auf Dein Smartphone &#8211; mit den Original-Abbildungen zum gro\u00df und klein zoomen aus dem gro\u00dfen Buch siehe oben: <\/span><\/div>\n<div class=\"x1e56ztr\"><a href=\"https:\/\/lunajin.irenelauretti.com\" target=\"_blank\" rel=\"noopener\"><span class=\"x193iq5w xeuugli x13faqbe x1vvkbs x10flsy6 x6prxxf xvq8zen xo1l8bm xzsf02u\"><b>LunaJin\u00ae Mond&amp;Gesundheit<\/b><\/span><\/a><\/div>\n<div class=\"x1e56ztr\"><span class=\"x193iq5w xeuugli x13faqbe x1vvkbs x10flsy6 x6prxxf xvq8zen xo1l8bm xzsf02u\">oder \/ und sichere Dir JETZT Deinen neuen MOND-Taschenkalender 2024! <\/span><\/div>\n<div class=\"x1e56ztr\"><a href=\"https:\/\/amzn.to\/3A459OX\" target=\"_blank\" rel=\"noopener\"><span class=\"x193iq5w xeuugli x13faqbe x1vvkbs x10flsy6 x6prxxf xvq8zen xo1l8bm xzsf02u\"><b>Der besondere Mondkalender &#8211; Gesundheit in Deiner Hand 2024<\/b><\/span><\/a><\/div>\n<p><\/p>","protected":false},"excerpt":{"rendered":"<p>ist nicht ein \u00e4u\u00dferer Faktor &#8230; &#8230; ist auch nicht die Politik oder irgendwelche &#8222;Gesetze&#8220; &#8230; Es ist das gro\u00dfe GOTT -Vergessen, welches in Wahrheit das Ent-fremden und Vergessen des SELBST ist! Ihr wi\u00dft, wie ich den Sch\u00f6pfungscode empfangen habe &#8211; aus der Quelle selbst im Rahmen bzw. nach meiner Nahtoderfahrung und Einweihung am Himmelstor [&hellip;]<\/p>\n","protected":false},"author":3,"featured_media":0,"comment_status":"open","ping_status":"open","sticky":false,"template":"","format":"standard","meta":{"_coblocks_attr":"","_coblocks_dimensions":"","_coblocks_responsive_height":"","_coblocks_accordion_ie_support":"","ocean_post_layout":"","ocean_both_sidebars_style":"","ocean_both_sidebars_content_width":0,"ocean_both_sidebars_sidebars_width":0,"ocean_sidebar":"","ocean_second_sidebar":"","ocean_disable_margins":"enable","ocean_add_body_class":"","ocean_shortcode_before_top_bar":"","ocean_shortcode_after_top_bar":"","ocean_shortcode_before_header":"","ocean_shortcode_after_header":"","ocean_has_shortcode":"","ocean_shortcode_after_title":"","ocean_shortcode_before_footer_widgets":"","ocean_shortcode_after_footer_widgets":"","ocean_shortcode_before_footer_bottom":"","ocean_shortcode_after_footer_bottom":"","ocean_display_top_bar":"default","ocean_display_header":"default","ocean_header_style":"","ocean_center_header_left_menu":"","ocean_custom_header_template":"","ocean_custom_logo":0,"ocean_custom_retina_logo":0,"ocean_custom_logo_max_width":0,"ocean_custom_logo_tablet_max_width":0,"ocean_custom_logo_mobile_max_width":0,"ocean_custom_logo_max_height":0,"ocean_custom_logo_tablet_max_height":0,"ocean_custom_logo_mobile_max_height":0,"ocean_header_custom_menu":"","ocean_menu_typo_font_family":"","ocean_menu_typo_font_subset":"","ocean_menu_typo_font_size":0,"ocean_menu_typo_font_size_tablet":0,"ocean_menu_typo_font_size_mobile":0,"ocean_menu_typo_font_size_unit":"px","ocean_menu_typo_font_weight":"","ocean_menu_typo_font_weight_tablet":"","ocean_menu_typo_font_weight_mobile":"","ocean_menu_typo_transform":"","ocean_menu_typo_transform_tablet":"","ocean_menu_typo_transform_mobile":"","ocean_menu_typo_line_height":0,"ocean_menu_typo_line_height_tablet":0,"ocean_menu_typo_line_height_mobile":0,"ocean_menu_typo_line_height_unit":"","ocean_menu_typo_spacing":0,"ocean_menu_typo_spacing_tablet":0,"ocean_menu_typo_spacing_mobile":0,"ocean_menu_typo_spacing_unit":"","ocean_menu_link_color":"","ocean_menu_link_color_hover":"","ocean_menu_link_color_active":"","ocean_menu_link_background":"","ocean_menu_link_hover_background":"","ocean_menu_link_active_background":"","ocean_menu_social_links_bg":"","ocean_menu_social_hover_links_bg":"","ocean_menu_social_links_color":"","ocean_menu_social_hover_links_color":"","ocean_disable_title":"default","ocean_disable_heading":"default","ocean_post_title":"","ocean_post_subheading":"","ocean_post_title_style":"","ocean_post_title_background_color":"","ocean_post_title_background":0,"ocean_post_title_bg_image_position":"","ocean_post_title_bg_image_attachment":"","ocean_post_title_bg_image_repeat":"","ocean_post_title_bg_image_size":"","ocean_post_title_height":0,"ocean_post_title_bg_overlay":0.5,"ocean_post_title_bg_overlay_color":"","ocean_disable_breadcrumbs":"default","ocean_breadcrumbs_color":"","ocean_breadcrumbs_separator_color":"","ocean_breadcrumbs_links_color":"","ocean_breadcrumbs_links_hover_color":"","ocean_display_footer_widgets":"default","ocean_display_footer_bottom":"default","ocean_custom_footer_template":"","omw_enable_modal_window":"enable","_themeisle_gutenberg_block_has_review":false,"ocean_post_oembed":"","ocean_post_self_hosted_media":"","ocean_post_video_embed":"","ocean_link_format":"","ocean_link_format_target":"self","ocean_quote_format":"","ocean_quote_format_link":"post","ocean_gallery_link_images":"on","ocean_gallery_id":[],"footnotes":""},"categories":[1],"tags":[132,519,473,256,468,211,490,50,469,449,183,422,302,492,474,51,54,478,441,56,475,564,484,77,293,477,471,448,465,65,470,472,518,308,351,566,486,496,536,565,467,476,95,466,63,567,546,140],"class_list":["post-3984","post","type-post","status-publish","format-standard","hentry","category-other","tag-blut","tag-deine-26-energieschlosser-entschlusselt-durch-die-grosen-arkana-des-tarot","tag-edda","tag-ego","tag-egoismus","tag-elemente","tag-energieheilen","tag-energiestrome","tag-erdung","tag-existenz","tag-fruchtbarkeit","tag-geburtstrauma","tag-geist","tag-gesundheit","tag-goettersagen","tag-groser-energiekreislauf","tag-heilen","tag-hypophyse","tag-irene-lauretti","tag-jin-shin-jyutsu","tag-kabbalah","tag-katha-upanishad","tag-keine-kategorien-achtsamkeit","tag-kleiner-himmelszyklus","tag-kosmos","tag-krebstor","tag-lichtmensch","tag-lichtsein","tag-maennlich","tag-mensch-mond-kosmos","tag-mindset","tag-religion","tag-seelenzahlen","tag-selbstbewusstsein","tag-selbsterkenntnis","tag-smaragdtafeln","tag-tagesorgan","tag-traumata","tag-unterscheidung","tag-upanishad","tag-vereinigung","tag-wahre-christentum","tag-wahres-selbst","tag-weiblich","tag-weisheit","tag-weisheitsbuecher","tag-wirklichkeit","tag-zodiak","entry"],"yoast_head":"<!-- This site is optimized with the Yoast SEO plugin v27.4 - https:\/\/yoast.com\/product\/yoast-seo-wordpress\/ -->\n<title>Der WAHRE Grund, warum die Menschheit in die Krankheit, den Mangel, die Depression, die Unterdr\u00fcckung verfallen ist ... - irenelauretti.com<\/title>\n<meta name=\"robots\" content=\"index, follow, max-snippet:-1, max-image-preview:large, max-video-preview:-1\" \/>\n<link rel=\"canonical\" href=\"https:\/\/www.irenelauretti.com\/de\/der-wahre-grund-warum-die-menschheit-in-die-krankheit-den-mangel-die-depression-die-unterdrueckung-verfallen-ist\/\" \/>\n<meta name=\"twitter:card\" content=\"summary_large_image\" \/>\n<meta name=\"twitter:title\" content=\"Der WAHRE Grund, warum die Menschheit in die Krankheit, den Mangel, die Depression, die Unterdr\u00fcckung verfallen ist ... - irenelauretti.com\" \/>\n<meta name=\"twitter:description\" content=\"ist nicht ein \u00e4u\u00dferer Faktor &#8230; &#8230; ist auch nicht die Politik oder irgendwelche &#8222;Gesetze&#8220; &#8230; Es ist das gro\u00dfe GOTT -Vergessen, welches in Wahrheit das Ent-fremden und Vergessen des SELBST ist! Ihr wi\u00dft, wie ich den Sch\u00f6pfungscode empfangen habe &#8211; aus der Quelle selbst im Rahmen bzw. nach meiner Nahtoderfahrung und Einweihung am Himmelstor [&hellip;]\" \/>\n<meta name=\"twitter:image\" content=\"https:\/\/www.irenelauretti.com\/wp-content\/uploads\/2023\/09\/Code_und_offen.jpg\" \/>\n<meta name=\"twitter:label1\" content=\"Verfasst von\" \/>\n\t<meta name=\"twitter:data1\" content=\"Marko\" \/>\n\t<meta name=\"twitter:label2\" content=\"Gesch\u00e4tzte Lesezeit\" \/>\n\t<meta name=\"twitter:data2\" content=\"4\u00a0Minuten\" \/>\n<script type=\"application\/ld+json\" class=\"yoast-schema-graph\">{\"@context\":\"https:\\\/\\\/schema.org\",\"@graph\":[{\"@type\":\"Article\",\"@id\":\"https:\\\/\\\/www.irenelauretti.com\\\/der-wahre-grund-warum-die-menschheit-in-die-krankheit-den-mangel-die-depression-die-unterdrueckung-verfallen-ist\\\/#article\",\"isPartOf\":{\"@id\":\"https:\\\/\\\/www.irenelauretti.com\\\/der-wahre-grund-warum-die-menschheit-in-die-krankheit-den-mangel-die-depression-die-unterdrueckung-verfallen-ist\\\/\"},\"author\":{\"name\":\"Marko\",\"@id\":\"https:\\\/\\\/www.irenelauretti.com\\\/#\\\/schema\\\/person\\\/9b37781a704f7dced3b52f53e1f6e8b7\"},\"headline\":\"Der WAHRE Grund, warum die Menschheit in die Krankheit, den Mangel, die Depression, die Unterdr\u00fcckung verfallen ist &#8230;\",\"datePublished\":\"2023-09-19T17:25:08+00:00\",\"mainEntityOfPage\":{\"@id\":\"https:\\\/\\\/www.irenelauretti.com\\\/der-wahre-grund-warum-die-menschheit-in-die-krankheit-den-mangel-die-depression-die-unterdrueckung-verfallen-ist\\\/\"},\"wordCount\":624,\"commentCount\":0,\"publisher\":{\"@id\":\"https:\\\/\\\/www.irenelauretti.com\\\/#organization\"},\"image\":{\"@id\":\"https:\\\/\\\/www.irenelauretti.com\\\/der-wahre-grund-warum-die-menschheit-in-die-krankheit-den-mangel-die-depression-die-unterdrueckung-verfallen-ist\\\/#primaryimage\"},\"thumbnailUrl\":\"https:\\\/\\\/www.irenelauretti.com\\\/wp-content\\\/uploads\\\/2023\\\/09\\\/Code_und_offen-225x300.jpg\",\"keywords\":[\"Blut\",\"Deine 26 Energieschl\u00f6sser entschl\u00fcsselt durch die gro\u00dfen Arkana des Tarot\",\"Edda\",\"Ego\",\"Egoismus\",\"Elemente\",\"Energieheilen\",\"Energiestr\u00f6me\",\"Erdung\",\"Existenz\",\"Fruchtbarkeit\",\"Geburtstrauma\",\"Geist\",\"Gesundheit\",\"G\u00f6ttersagen\",\"Gro\u00dfer Energiekreislauf\",\"Heilen\",\"Hypophyse\",\"Irene Lauretti\",\"Jin Shin Jyutsu\",\"Kabbalah\",\"Katha-Upanishad\",\"Keine Kategorien Achtsamkeit\",\"Kleiner Himmelszyklus\",\"Kosmos\",\"Krebstor\",\"Lichtmensch\",\"LichtSein\",\"m\u00e4nnlich\",\"Mensch-Mond-Kosmos\",\"Mindset\",\"Religion\",\"Seelenzahlen\",\"Selbstbewusstsein\",\"Selbsterkenntnis\",\"Smaragdtafeln\",\"Tagesorgan\",\"Traumata\",\"Unterscheidung\",\"Upanishad\",\"Vereinigung\",\"wahre Christentum\",\"Wahres Selbst\",\"weiblich\",\"Weisheit\",\"Weisheitsb\u00fccher\",\"Wirklichkeit\",\"Zodiak\"],\"articleSection\":[\"Other\"],\"inLanguage\":\"de\",\"potentialAction\":[{\"@type\":\"CommentAction\",\"name\":\"Comment\",\"target\":[\"https:\\\/\\\/www.irenelauretti.com\\\/der-wahre-grund-warum-die-menschheit-in-die-krankheit-den-mangel-die-depression-die-unterdrueckung-verfallen-ist\\\/#respond\"]}]},{\"@type\":\"WebPage\",\"@id\":\"https:\\\/\\\/www.irenelauretti.com\\\/de\\\/der-wahre-grund-warum-die-menschheit-in-die-krankheit-den-mangel-die-depression-die-unterdrueckung-verfallen-ist\\\/\",\"url\":\"https:\\\/\\\/www.irenelauretti.com\\\/de\\\/der-wahre-grund-warum-die-menschheit-in-die-krankheit-den-mangel-die-depression-die-unterdrueckung-verfallen-ist\\\/\",\"name\":\"Der WAHRE Grund, warum die Menschheit in die Krankheit, den Mangel, die Depression, die Unterdr\u00fcckung verfallen ist ... - irenelauretti.com\",\"isPartOf\":{\"@id\":\"https:\\\/\\\/www.irenelauretti.com\\\/de\\\/#website\"},\"primaryImageOfPage\":{\"@id\":\"https:\\\/\\\/www.irenelauretti.com\\\/de\\\/der-wahre-grund-warum-die-menschheit-in-die-krankheit-den-mangel-die-depression-die-unterdrueckung-verfallen-ist\\\/#primaryimage\"},\"image\":{\"@id\":\"https:\\\/\\\/www.irenelauretti.com\\\/der-wahre-grund-warum-die-menschheit-in-die-krankheit-den-mangel-die-depression-die-unterdrueckung-verfallen-ist\\\/#primaryimage\"},\"thumbnailUrl\":\"https:\\\/\\\/www.irenelauretti.com\\\/wp-content\\\/uploads\\\/2023\\\/09\\\/Code_und_offen-225x300.jpg\",\"datePublished\":\"2023-09-19T17:25:08+00:00\",\"breadcrumb\":{\"@id\":\"https:\\\/\\\/www.irenelauretti.com\\\/de\\\/der-wahre-grund-warum-die-menschheit-in-die-krankheit-den-mangel-die-depression-die-unterdrueckung-verfallen-ist\\\/#breadcrumb\"},\"inLanguage\":\"de\",\"potentialAction\":[{\"@type\":\"ReadAction\",\"target\":[[\"https:\\\/\\\/www.irenelauretti.com\\\/de\\\/der-wahre-grund-warum-die-menschheit-in-die-krankheit-den-mangel-die-depression-die-unterdrueckung-verfallen-ist\\\/\"]]}]},{\"@type\":\"ImageObject\",\"inLanguage\":\"de\",\"@id\":\"https:\\\/\\\/www.irenelauretti.com\\\/de\\\/der-wahre-grund-warum-die-menschheit-in-die-krankheit-den-mangel-die-depression-die-unterdrueckung-verfallen-ist\\\/#primaryimage\",\"url\":\"https:\\\/\\\/www.irenelauretti.com\\\/wp-content\\\/uploads\\\/2023\\\/09\\\/Code_und_offen-225x300.jpg\",\"contentUrl\":\"https:\\\/\\\/www.irenelauretti.com\\\/wp-content\\\/uploads\\\/2023\\\/09\\\/Code_und_offen-225x300.jpg\"},{\"@type\":\"BreadcrumbList\",\"@id\":\"https:\\\/\\\/www.irenelauretti.com\\\/de\\\/der-wahre-grund-warum-die-menschheit-in-die-krankheit-den-mangel-die-depression-die-unterdrueckung-verfallen-ist\\\/#breadcrumb\",\"itemListElement\":[{\"@type\":\"ListItem\",\"position\":1,\"name\":\"Start\",\"item\":\"https:\\\/\\\/www.irenelauretti.com\\\/de\\\/\"},{\"@type\":\"ListItem\",\"position\":2,\"name\":\"Der WAHRE Grund, warum die Menschheit in die Krankheit, den Mangel, die Depression, die Unterdr\u00fcckung verfallen ist &#8230;\"}]},{\"@type\":\"WebSite\",\"@id\":\"https:\\\/\\\/www.irenelauretti.com\\\/de\\\/#website\",\"url\":\"https:\\\/\\\/www.irenelauretti.com\\\/de\\\/\",\"name\":\"irenelauretti.com\",\"description\":\"Autorin Mystikerin Heilerin Vision\u00e4rin\",\"publisher\":{\"@id\":\"https:\\\/\\\/www.irenelauretti.com\\\/de\\\/#organization\"},\"potentialAction\":[{\"@type\":\"SearchAction\",\"target\":{\"@type\":\"EntryPoint\",\"urlTemplate\":\"https:\\\/\\\/www.irenelauretti.com\\\/de\\\/?s={search_term_string}\"},\"query-input\":{\"@type\":\"PropertyValueSpecification\",\"valueRequired\":true,\"valueName\":\"search_term_string\"}}],\"inLanguage\":\"de\"},{\"@type\":\"Organization\",\"@id\":\"https:\\\/\\\/www.irenelauretti.com\\\/de\\\/#organization\",\"name\":\"irenelauretti.com\",\"url\":\"https:\\\/\\\/www.irenelauretti.com\\\/de\\\/\",\"logo\":{\"@type\":\"ImageObject\",\"inLanguage\":\"de\",\"@id\":\"https:\\\/\\\/www.irenelauretti.com\\\/de\\\/#\\\/schema\\\/logo\\\/image\\\/\",\"url\":\"https:\\\/\\\/www.irenelauretti.com\\\/wp-content\\\/uploads\\\/2013\\\/08\\\/Logo_with.png\",\"contentUrl\":\"https:\\\/\\\/www.irenelauretti.com\\\/wp-content\\\/uploads\\\/2013\\\/08\\\/Logo_with.png\",\"width\":180,\"height\":113,\"caption\":\"irenelauretti.com\"},\"image\":{\"@id\":\"https:\\\/\\\/www.irenelauretti.com\\\/de\\\/#\\\/schema\\\/logo\\\/image\\\/\"}},{\"@type\":\"Person\",\"@id\":\"https:\\\/\\\/www.irenelauretti.com\\\/#\\\/schema\\\/person\\\/9b37781a704f7dced3b52f53e1f6e8b7\",\"name\":\"Marko\",\"image\":{\"@type\":\"ImageObject\",\"inLanguage\":\"de\",\"@id\":\"https:\\\/\\\/secure.gravatar.com\\\/avatar\\\/f6f879634c98a38618a79c5686b847b81cc6b637246368c5bac421ce9b695087?s=96&d=mm&r=g\",\"url\":\"https:\\\/\\\/secure.gravatar.com\\\/avatar\\\/f6f879634c98a38618a79c5686b847b81cc6b637246368c5bac421ce9b695087?s=96&d=mm&r=g\",\"contentUrl\":\"https:\\\/\\\/secure.gravatar.com\\\/avatar\\\/f6f879634c98a38618a79c5686b847b81cc6b637246368c5bac421ce9b695087?s=96&d=mm&r=g\",\"caption\":\"Marko\"},\"url\":\"https:\\\/\\\/www.irenelauretti.com\\\/de\\\/author\\\/marko\\\/\"}]}<\/script>\n<!-- \/ Yoast SEO plugin. -->","yoast_head_json":{"title":"Der WAHRE Grund, warum die Menschheit in die Krankheit, den Mangel, die Depression, die Unterdr\u00fcckung verfallen ist ... - irenelauretti.com","robots":{"index":"index","follow":"follow","max-snippet":"max-snippet:-1","max-image-preview":"max-image-preview:large","max-video-preview":"max-video-preview:-1"},"canonical":"https:\/\/www.irenelauretti.com\/de\/der-wahre-grund-warum-die-menschheit-in-die-krankheit-den-mangel-die-depression-die-unterdrueckung-verfallen-ist\/","twitter_card":"summary_large_image","twitter_title":"Der WAHRE Grund, warum die Menschheit in die Krankheit, den Mangel, die Depression, die Unterdr\u00fcckung verfallen ist ... - irenelauretti.com","twitter_description":"ist nicht ein \u00e4u\u00dferer Faktor &#8230; &#8230; ist auch nicht die Politik oder irgendwelche &#8222;Gesetze&#8220; &#8230; Es ist das gro\u00dfe GOTT -Vergessen, welches in Wahrheit das Ent-fremden und Vergessen des SELBST ist! Ihr wi\u00dft, wie ich den Sch\u00f6pfungscode empfangen habe &#8211; aus der Quelle selbst im Rahmen bzw. nach meiner Nahtoderfahrung und Einweihung am Himmelstor [&hellip;]","twitter_image":"https:\/\/www.irenelauretti.com\/wp-content\/uploads\/2023\/09\/Code_und_offen.jpg","twitter_misc":{"Verfasst von":"Marko","Gesch\u00e4tzte Lesezeit":"4\u00a0Minuten"},"schema":{"@context":"https:\/\/schema.org","@graph":[{"@type":"Article","@id":"https:\/\/www.irenelauretti.com\/der-wahre-grund-warum-die-menschheit-in-die-krankheit-den-mangel-die-depression-die-unterdrueckung-verfallen-ist\/#article","isPartOf":{"@id":"https:\/\/www.irenelauretti.com\/der-wahre-grund-warum-die-menschheit-in-die-krankheit-den-mangel-die-depression-die-unterdrueckung-verfallen-ist\/"},"author":{"name":"Marko","@id":"https:\/\/www.irenelauretti.com\/#\/schema\/person\/9b37781a704f7dced3b52f53e1f6e8b7"},"headline":"Der WAHRE Grund, warum die Menschheit in die Krankheit, den Mangel, die Depression, die Unterdr\u00fcckung verfallen ist &#8230;","datePublished":"2023-09-19T17:25:08+00:00","mainEntityOfPage":{"@id":"https:\/\/www.irenelauretti.com\/der-wahre-grund-warum-die-menschheit-in-die-krankheit-den-mangel-die-depression-die-unterdrueckung-verfallen-ist\/"},"wordCount":624,"commentCount":0,"publisher":{"@id":"https:\/\/www.irenelauretti.com\/#organization"},"image":{"@id":"https:\/\/www.irenelauretti.com\/der-wahre-grund-warum-die-menschheit-in-die-krankheit-den-mangel-die-depression-die-unterdrueckung-verfallen-ist\/#primaryimage"},"thumbnailUrl":"https:\/\/www.irenelauretti.com\/wp-content\/uploads\/2023\/09\/Code_und_offen-225x300.jpg","keywords":["Blut","Deine 26 Energieschl\u00f6sser entschl\u00fcsselt durch die gro\u00dfen Arkana des Tarot","Edda","Ego","Egoismus","Elemente","Energieheilen","Energiestr\u00f6me","Erdung","Existenz","Fruchtbarkeit","Geburtstrauma","Geist","Gesundheit","G\u00f6ttersagen","Gro\u00dfer Energiekreislauf","Heilen","Hypophyse","Irene Lauretti","Jin Shin Jyutsu","Kabbalah","Katha-Upanishad","Keine Kategorien Achtsamkeit","Kleiner Himmelszyklus","Kosmos","Krebstor","Lichtmensch","LichtSein","m\u00e4nnlich","Mensch-Mond-Kosmos","Mindset","Religion","Seelenzahlen","Selbstbewusstsein","Selbsterkenntnis","Smaragdtafeln","Tagesorgan","Traumata","Unterscheidung","Upanishad","Vereinigung","wahre Christentum","Wahres Selbst","weiblich","Weisheit","Weisheitsb\u00fccher","Wirklichkeit","Zodiak"],"articleSection":["Other"],"inLanguage":"de","potentialAction":[{"@type":"CommentAction","name":"Comment","target":["https:\/\/www.irenelauretti.com\/der-wahre-grund-warum-die-menschheit-in-die-krankheit-den-mangel-die-depression-die-unterdrueckung-verfallen-ist\/#respond"]}]},{"@type":"WebPage","@id":"https:\/\/www.irenelauretti.com\/de\/der-wahre-grund-warum-die-menschheit-in-die-krankheit-den-mangel-die-depression-die-unterdrueckung-verfallen-ist\/","url":"https:\/\/www.irenelauretti.com\/de\/der-wahre-grund-warum-die-menschheit-in-die-krankheit-den-mangel-die-depression-die-unterdrueckung-verfallen-ist\/","name":"Der WAHRE Grund, warum die Menschheit in die Krankheit, den Mangel, die Depression, die Unterdr\u00fcckung verfallen ist ... - irenelauretti.com","isPartOf":{"@id":"https:\/\/www.irenelauretti.com\/de\/#website"},"primaryImageOfPage":{"@id":"https:\/\/www.irenelauretti.com\/de\/der-wahre-grund-warum-die-menschheit-in-die-krankheit-den-mangel-die-depression-die-unterdrueckung-verfallen-ist\/#primaryimage"},"image":{"@id":"https:\/\/www.irenelauretti.com\/der-wahre-grund-warum-die-menschheit-in-die-krankheit-den-mangel-die-depression-die-unterdrueckung-verfallen-ist\/#primaryimage"},"thumbnailUrl":"https:\/\/www.irenelauretti.com\/wp-content\/uploads\/2023\/09\/Code_und_offen-225x300.jpg","datePublished":"2023-09-19T17:25:08+00:00","breadcrumb":{"@id":"https:\/\/www.irenelauretti.com\/de\/der-wahre-grund-warum-die-menschheit-in-die-krankheit-den-mangel-die-depression-die-unterdrueckung-verfallen-ist\/#breadcrumb"},"inLanguage":"de","potentialAction":[{"@type":"ReadAction","target":[["https:\/\/www.irenelauretti.com\/de\/der-wahre-grund-warum-die-menschheit-in-die-krankheit-den-mangel-die-depression-die-unterdrueckung-verfallen-ist\/"]]}]},{"@type":"ImageObject","inLanguage":"de","@id":"https:\/\/www.irenelauretti.com\/de\/der-wahre-grund-warum-die-menschheit-in-die-krankheit-den-mangel-die-depression-die-unterdrueckung-verfallen-ist\/#primaryimage","url":"https:\/\/www.irenelauretti.com\/wp-content\/uploads\/2023\/09\/Code_und_offen-225x300.jpg","contentUrl":"https:\/\/www.irenelauretti.com\/wp-content\/uploads\/2023\/09\/Code_und_offen-225x300.jpg"},{"@type":"BreadcrumbList","@id":"https:\/\/www.irenelauretti.com\/de\/der-wahre-grund-warum-die-menschheit-in-die-krankheit-den-mangel-die-depression-die-unterdrueckung-verfallen-ist\/#breadcrumb","itemListElement":[{"@type":"ListItem","position":1,"name":"Start","item":"https:\/\/www.irenelauretti.com\/de\/"},{"@type":"ListItem","position":2,"name":"Der WAHRE Grund, warum die Menschheit in die Krankheit, den Mangel, die Depression, die Unterdr\u00fcckung verfallen ist &#8230;"}]},{"@type":"WebSite","@id":"https:\/\/www.irenelauretti.com\/de\/#website","url":"https:\/\/www.irenelauretti.com\/de\/","name":"irenelauretti.com","description":"Autorin Mystikerin Heilerin Vision\u00e4rin","publisher":{"@id":"https:\/\/www.irenelauretti.com\/de\/#organization"},"potentialAction":[{"@type":"SearchAction","target":{"@type":"EntryPoint","urlTemplate":"https:\/\/www.irenelauretti.com\/de\/?s={search_term_string}"},"query-input":{"@type":"PropertyValueSpecification","valueRequired":true,"valueName":"search_term_string"}}],"inLanguage":"de"},{"@type":"Organization","@id":"https:\/\/www.irenelauretti.com\/de\/#organization","name":"irenelauretti.com","url":"https:\/\/www.irenelauretti.com\/de\/","logo":{"@type":"ImageObject","inLanguage":"de","@id":"https:\/\/www.irenelauretti.com\/de\/#\/schema\/logo\/image\/","url":"https:\/\/www.irenelauretti.com\/wp-content\/uploads\/2013\/08\/Logo_with.png","contentUrl":"https:\/\/www.irenelauretti.com\/wp-content\/uploads\/2013\/08\/Logo_with.png","width":180,"height":113,"caption":"irenelauretti.com"},"image":{"@id":"https:\/\/www.irenelauretti.com\/de\/#\/schema\/logo\/image\/"}},{"@type":"Person","@id":"https:\/\/www.irenelauretti.com\/#\/schema\/person\/9b37781a704f7dced3b52f53e1f6e8b7","name":"Marko","image":{"@type":"ImageObject","inLanguage":"de","@id":"https:\/\/secure.gravatar.com\/avatar\/f6f879634c98a38618a79c5686b847b81cc6b637246368c5bac421ce9b695087?s=96&d=mm&r=g","url":"https:\/\/secure.gravatar.com\/avatar\/f6f879634c98a38618a79c5686b847b81cc6b637246368c5bac421ce9b695087?s=96&d=mm&r=g","contentUrl":"https:\/\/secure.gravatar.com\/avatar\/f6f879634c98a38618a79c5686b847b81cc6b637246368c5bac421ce9b695087?s=96&d=mm&r=g","caption":"Marko"},"url":"https:\/\/www.irenelauretti.com\/de\/author\/marko\/"}]}},"cc_featured_image_caption":{"caption_text":"","source_text":"","source_url":""},"_links":{"self":[{"href":"https:\/\/www.irenelauretti.com\/de\/wp-json\/wp\/v2\/posts\/3984","targetHints":{"allow":["GET"]}}],"collection":[{"href":"https:\/\/www.irenelauretti.com\/de\/wp-json\/wp\/v2\/posts"}],"about":[{"href":"https:\/\/www.irenelauretti.com\/de\/wp-json\/wp\/v2\/types\/post"}],"author":[{"embeddable":true,"href":"https:\/\/www.irenelauretti.com\/de\/wp-json\/wp\/v2\/users\/3"}],"replies":[{"embeddable":true,"href":"https:\/\/www.irenelauretti.com\/de\/wp-json\/wp\/v2\/comments?post=3984"}],"version-history":[{"count":1,"href":"https:\/\/www.irenelauretti.com\/de\/wp-json\/wp\/v2\/posts\/3984\/revisions"}],"predecessor-version":[{"id":3986,"href":"https:\/\/www.irenelauretti.com\/de\/wp-json\/wp\/v2\/posts\/3984\/revisions\/3986"}],"wp:attachment":[{"href":"https:\/\/www.irenelauretti.com\/de\/wp-json\/wp\/v2\/media?parent=3984"}],"wp:term":[{"taxonomy":"category","embeddable":true,"href":"https:\/\/www.irenelauretti.com\/de\/wp-json\/wp\/v2\/categories?post=3984"},{"taxonomy":"post_tag","embeddable":true,"href":"https:\/\/www.irenelauretti.com\/de\/wp-json\/wp\/v2\/tags?post=3984"}],"curies":[{"name":"wp","href":"https:\/\/api.w.org\/{rel}","templated":true}]}}