{"id":5630,"date":"2025-03-20T21:30:23","date_gmt":"2025-03-20T20:30:23","guid":{"rendered":"https:\/\/www.irenelauretti.com\/?p=5630"},"modified":"2025-03-20T21:38:55","modified_gmt":"2025-03-20T20:38:55","slug":"heute-durchlaeuft-die-erde-den-fruehlingspunkt","status":"publish","type":"post","link":"https:\/\/www.irenelauretti.com\/de\/heute-durchlaeuft-die-erde-den-fruehlingspunkt\/","title":{"rendered":"HEUTE durchl\u00e4uft die Erde den FR\u00dcHLINGSPUNKT"},"content":{"rendered":"<p><\/p>\n<h1 class=\"western\"><strong><span style=\"font-family: inherit;\"><span style=\"font-size: medium;\"><b>HEUTE durchl\u00e4uft die Erde den FR\u00dcHLINGSPUNKT &#8211; das hei\u00dft die Stelle auf unserer Umlaufbahn, an der Nord- und S\u00fcdhalbkugel gleich weit zur Sonne geneigt sind!<\/b><\/span><\/span><\/strong><\/h1>\n<h4 class=\"western\"><strong><span style=\"font-family: inherit;\"><span style=\"font-size: medium;\"><b>Heute sind Tag und Nacht sowohl auf der Nordh\u00e4lft der Erde, als auch auf der S\u00fcdh\u00e4lfte der Erde gleich lang!<\/b><\/span><\/span><\/strong><\/h4>\n<p><strong><span style=\"font-family: inherit;\"><span style=\"font-size: medium;\"><b>WAS bedeutet das f\u00fcr DICH ?<\/b><\/span><\/span><\/strong><\/p>\n<p><strong><span style=\"font-family: inherit;\"><span style=\"font-size: medium;\"><b>Dieser Moment ist wie ein &#8222;Reset&#8220; &#8211;<\/b><\/span><\/span><\/strong><\/p>\n<p><strong><span style=\"font-family: inherit;\"><span style=\"font-size: medium;\"><b>ein &#8222;Innehalten&#8220; und dann die NEUAusrichtung!<\/b><\/span><\/span><\/strong><\/p>\n<p><strong><span style=\"font-family: inherit;\"><span style=\"font-size: medium;\"><b>Dieses Jahr besonders kraftvoll mit dem MOND im SCH\u00dcTZEN &#8211;<\/b><\/span><\/span><\/strong><\/p>\n<p><strong><span style=\"font-family: inherit;\"><span style=\"font-size: medium;\"><b>die INITIIERUNGSKRAFT!<\/b><\/span><\/span><\/strong><\/p>\n<p><strong><span style=\"font-family: inherit;\"><span style=\"font-size: medium;\"><b>&#8230; deren Seelentor zudem der NABEL ist!<\/b><\/span><\/span><\/strong><\/p>\n<p><strong><span style=\"font-family: inherit;\"><span style=\"font-size: medium;\"><b>Du hast JETZT die M\u00f6glichkeit etwas,\u00a0<\/b><\/span><\/span><\/strong><span style=\"font-family: inherit;\"><span style=\"font-size: medium;\">eine ganz NEUE RICHTUNG einzuschlagen &#8211;<\/span><\/span><\/p>\n<p><span style=\"font-family: inherit;\"><span style=\"font-size: medium;\">in einem oder mehreren Bereichen, die bislang &#8222;stockten&#8220;<\/span><\/span><\/p>\n<p><span style=\"font-family: inherit;\"><span style=\"font-size: medium;\">Str\u00f6me\/aktiviere ganz BEWUSST die aktuelle<\/span><\/span><\/p>\n<h4 class=\"western\"><span style=\"font-family: inherit;\"><span style=\"font-size: medium;\">SCH\u00dcTZE-ZWERCHFELLenergie &#8211;<\/span><\/span><\/h4>\n<p><span style=\"font-family: inherit;\"><span style=\"font-size: medium;\">SP\u00dcRE wie das Seelentor am NABEL sich WEIT \u00d6FFNET &#8211;<\/span><\/span><\/p>\n<p><span style=\"font-family: inherit;\"><span style=\"font-size: medium;\">und \u00fcbergib die Situationen, die ErL\u00d6SUNG ben\u00f6tigen &#8211; ins LICHT &#8211; mit der Bitte und Aufforderung um<\/span><\/span><\/p>\n<p><span style=\"font-family: inherit;\"><span style=\"font-size: medium;\">ErL\u00d6SUNG!<\/span><\/span><\/p>\n<p><span style=\"font-family: inherit;\"><span style=\"font-size: medium;\">Ich gebe Dir die Aktivierungssequenzen, die Beschreibungen, Stromverl\u00e4ufe, Abbildungen aller 12 Organstr\u00f6me und des Lebensstroms, und viel mehr noch in meinem Hauptwerk<\/span><\/span><\/p>\n<h4 class=\"western\"><a href=\"https:\/\/amzn.to\/2lbjd6l\" target=\"_blank\" rel=\"noopener\"><strong><span style=\"font-family: inherit;\"><span style=\"font-size: medium;\"><b>Der Mond und der kosmische Code der Sch\u00f6pfung<\/b><\/span><\/span><\/strong><\/a><\/h4>\n<p>&nbsp;<\/p>\n<p><span style=\"font-family: inherit;\"><span style=\"font-size: medium;\">Und &#8211; super praktisch &#8211; alle Str\u00f6me punktgenau zum MONDstand direkt auf Dein Smartphone mit meiner weltweit einzigartigen<\/span><\/span><\/p>\n<h4 class=\"western\"><span style=\"font-family: inherit;\"><span style=\"font-size: medium;\"><a href=\"https:\/\/lunajin.irenelauretti.com\" target=\"_blank\" rel=\"noopener\">APP zum MONDSTR\u00d6MEN\u00ae<\/a><br \/>\n<a href=\"https:\/\/lunajin.irenelauretti.com\" target=\"_blank\" rel=\"noopener\">LunaJin\u00ae Mond&amp;Gesundheit<\/a><\/span><\/span><\/h4>\n<p>&nbsp;<\/p>\n<p>&nbsp;<\/p>\n<p><img fetchpriority=\"high\" decoding=\"async\" class=\"aligncenter size-medium wp-image-297\" src=\"https:\/\/www.irenelauretti.com\/wp-content\/uploads\/2013\/09\/Logo_mobile-300x188.png\" alt=\"\" width=\"300\" height=\"188\" srcset=\"https:\/\/www.irenelauretti.com\/wp-content\/uploads\/2013\/09\/Logo_mobile-300x188.png 300w, https:\/\/www.irenelauretti.com\/wp-content\/uploads\/2013\/09\/Logo_mobile-330x207.png 330w, https:\/\/www.irenelauretti.com\/wp-content\/uploads\/2013\/09\/Logo_mobile-90x56.png 90w, https:\/\/www.irenelauretti.com\/wp-content\/uploads\/2013\/09\/Logo_mobile-150x94.png 150w, https:\/\/www.irenelauretti.com\/wp-content\/uploads\/2013\/09\/Logo_mobile.png 360w\" sizes=\"(max-width: 300px) 100vw, 300px\" \/><\/p>\n<h4 class=\"western\"><\/h4>\n<h4 class=\"western\"><\/h4>\n<hr \/>\n<p>Facebook-Kommentar:<br \/>\n&#8222;HEUTE ist das richtige, korrekte NEUE Jahr 2025&#8220;<br \/>\nAntwort Irene:<br \/>\n[&#8230;] das beginnt in Wahrheit mit dem SCH\u00dcTZE NEUMond &#8230;im Dezember&#8230; denn VOR dem Lebensatem der JETZT mit dem Widder beginnt &#8230; ist der GEIST und der WILLE &#8230; Seelentor am NABEL! wenn die Menschen DAS einmal annehmen &#8230; darf die Welt heilen! Denn das Weltbild welches den Widder als Beginn sieht &#8230;ist das materialisitische Weltbild &#8211; hier ist der Beginn der K\u00f6rperlichkeit! Widder Seelentor ist genau gegen\u00fcber vom.Sch\u00fctzen &#8211; der SEELEnk\u00f6rper ist JETZT REIF um sich zu entfalten!<\/p>\n<hr \/>\n<p>&nbsp;<\/p>","protected":false},"excerpt":{"rendered":"<p>HEUTE durchl\u00e4uft die Erde den FR\u00dcHLINGSPUNKT &#8211; das hei\u00dft die Stelle auf unserer Umlaufbahn, an der Nord- und S\u00fcdhalbkugel gleich weit zur Sonne geneigt sind! Heute sind Tag und Nacht sowohl auf der Nordh\u00e4lft der Erde, als auch auf der S\u00fcdh\u00e4lfte der Erde gleich lang! WAS bedeutet das f\u00fcr DICH ? Dieser Moment ist wie [&hellip;]<\/p>\n","protected":false},"author":3,"featured_media":5634,"comment_status":"open","ping_status":"open","sticky":false,"template":"","format":"standard","meta":{"_coblocks_attr":"","_coblocks_dimensions":"","_coblocks_responsive_height":"","_coblocks_accordion_ie_support":"","ocean_post_layout":"","ocean_both_sidebars_style":"","ocean_both_sidebars_content_width":0,"ocean_both_sidebars_sidebars_width":0,"ocean_sidebar":"0","ocean_second_sidebar":"0","ocean_disable_margins":"enable","ocean_add_body_class":"","ocean_shortcode_before_top_bar":"","ocean_shortcode_after_top_bar":"","ocean_shortcode_before_header":"","ocean_shortcode_after_header":"","ocean_has_shortcode":"","ocean_shortcode_after_title":"","ocean_shortcode_before_footer_widgets":"","ocean_shortcode_after_footer_widgets":"","ocean_shortcode_before_footer_bottom":"","ocean_shortcode_after_footer_bottom":"","ocean_display_top_bar":"default","ocean_display_header":"default","ocean_header_style":"","ocean_center_header_left_menu":"0","ocean_custom_header_template":"0","ocean_custom_logo":0,"ocean_custom_retina_logo":0,"ocean_custom_logo_max_width":0,"ocean_custom_logo_tablet_max_width":0,"ocean_custom_logo_mobile_max_width":0,"ocean_custom_logo_max_height":0,"ocean_custom_logo_tablet_max_height":0,"ocean_custom_logo_mobile_max_height":0,"ocean_header_custom_menu":"0","ocean_menu_typo_font_family":"0","ocean_menu_typo_font_subset":"","ocean_menu_typo_font_size":0,"ocean_menu_typo_font_size_tablet":0,"ocean_menu_typo_font_size_mobile":0,"ocean_menu_typo_font_size_unit":"px","ocean_menu_typo_font_weight":"","ocean_menu_typo_font_weight_tablet":"","ocean_menu_typo_font_weight_mobile":"","ocean_menu_typo_transform":"","ocean_menu_typo_transform_tablet":"","ocean_menu_typo_transform_mobile":"","ocean_menu_typo_line_height":0,"ocean_menu_typo_line_height_tablet":0,"ocean_menu_typo_line_height_mobile":0,"ocean_menu_typo_line_height_unit":"","ocean_menu_typo_spacing":0,"ocean_menu_typo_spacing_tablet":0,"ocean_menu_typo_spacing_mobile":0,"ocean_menu_typo_spacing_unit":"","ocean_menu_link_color":"","ocean_menu_link_color_hover":"","ocean_menu_link_color_active":"","ocean_menu_link_background":"","ocean_menu_link_hover_background":"","ocean_menu_link_active_background":"","ocean_menu_social_links_bg":"","ocean_menu_social_hover_links_bg":"","ocean_menu_social_links_color":"","ocean_menu_social_hover_links_color":"","ocean_disable_title":"default","ocean_disable_heading":"default","ocean_post_title":"","ocean_post_subheading":"","ocean_post_title_style":"","ocean_post_title_background_color":"","ocean_post_title_background":0,"ocean_post_title_bg_image_position":"","ocean_post_title_bg_image_attachment":"","ocean_post_title_bg_image_repeat":"","ocean_post_title_bg_image_size":"","ocean_post_title_height":0,"ocean_post_title_bg_overlay":0.5,"ocean_post_title_bg_overlay_color":"","ocean_disable_breadcrumbs":"default","ocean_breadcrumbs_color":"","ocean_breadcrumbs_separator_color":"","ocean_breadcrumbs_links_color":"","ocean_breadcrumbs_links_hover_color":"","ocean_display_footer_widgets":"default","ocean_display_footer_bottom":"default","ocean_custom_footer_template":"0","omw_enable_modal_window":"enable","_themeisle_gutenberg_block_has_review":false,"ocean_post_oembed":"","ocean_post_self_hosted_media":"","ocean_post_video_embed":"","ocean_link_format":"","ocean_link_format_target":"self","ocean_quote_format":"","ocean_quote_format_link":"post","ocean_gallery_link_images":"on","ocean_gallery_id":[],"footnotes":""},"categories":[33,927,394],"tags":[1264,210,835,54,293,495,660,1266,506,308,1265],"class_list":["post-5630","post","type-post","status-publish","format-standard","has-post-thumbnail","hentry","category-der-mond-und-der-kosmische-code-der-schopfung","category-heilen","category-mondstromen","tag-aequinox","tag-erfolg","tag-erkenne-dich-selbst","tag-heilen","tag-kosmos","tag-mond","tag-mondstroemen","tag-schuetze-zwerchfellstrom","tag-seele","tag-selbstbewusstsein","tag-tag-und-nachtgleiche","entry","has-media"],"yoast_head":"<!-- This site is optimized with the Yoast SEO plugin v27.4 - https:\/\/yoast.com\/product\/yoast-seo-wordpress\/ -->\n<title>HEUTE durchl\u00e4uft die Erde den FR\u00dcHLINGSPUNKT - irenelauretti.com<\/title>\n<meta name=\"robots\" content=\"index, follow, max-snippet:-1, max-image-preview:large, max-video-preview:-1\" \/>\n<link rel=\"canonical\" href=\"https:\/\/www.irenelauretti.com\/de\/heute-durchlaeuft-die-erde-den-fruehlingspunkt\/\" \/>\n<meta name=\"twitter:card\" content=\"summary_large_image\" \/>\n<meta name=\"twitter:title\" content=\"HEUTE durchl\u00e4uft die Erde den FR\u00dcHLINGSPUNKT - irenelauretti.com\" \/>\n<meta name=\"twitter:description\" content=\"HEUTE durchl\u00e4uft die Erde den FR\u00dcHLINGSPUNKT &#8211; das hei\u00dft die Stelle auf unserer Umlaufbahn, an der Nord- und S\u00fcdhalbkugel gleich weit zur Sonne geneigt sind! Heute sind Tag und Nacht sowohl auf der Nordh\u00e4lft der Erde, als auch auf der S\u00fcdh\u00e4lfte der Erde gleich lang! WAS bedeutet das f\u00fcr DICH ? Dieser Moment ist wie [&hellip;]\" \/>\n<meta name=\"twitter:image\" content=\"https:\/\/www.irenelauretti.com\/wp-content\/uploads\/2025\/03\/Aequinox.jpg\" \/>\n<meta name=\"twitter:label1\" content=\"Verfasst von\" \/>\n\t<meta name=\"twitter:data1\" content=\"Marko\" \/>\n\t<meta name=\"twitter:label2\" content=\"Gesch\u00e4tzte Lesezeit\" \/>\n\t<meta name=\"twitter:data2\" content=\"2\u00a0Minuten\" \/>\n<script type=\"application\/ld+json\" class=\"yoast-schema-graph\">{\"@context\":\"https:\\\/\\\/schema.org\",\"@graph\":[{\"@type\":\"Article\",\"@id\":\"https:\\\/\\\/www.irenelauretti.com\\\/heute-durchlaeuft-die-erde-den-fruehlingspunkt\\\/#article\",\"isPartOf\":{\"@id\":\"https:\\\/\\\/www.irenelauretti.com\\\/heute-durchlaeuft-die-erde-den-fruehlingspunkt\\\/\"},\"author\":{\"name\":\"Marko\",\"@id\":\"https:\\\/\\\/www.irenelauretti.com\\\/#\\\/schema\\\/person\\\/9b37781a704f7dced3b52f53e1f6e8b7\"},\"headline\":\"HEUTE durchl\u00e4uft die Erde den FR\u00dcHLINGSPUNKT\",\"datePublished\":\"2025-03-20T20:30:23+00:00\",\"dateModified\":\"2025-03-20T20:38:55+00:00\",\"mainEntityOfPage\":{\"@id\":\"https:\\\/\\\/www.irenelauretti.com\\\/heute-durchlaeuft-die-erde-den-fruehlingspunkt\\\/\"},\"wordCount\":317,\"commentCount\":0,\"publisher\":{\"@id\":\"https:\\\/\\\/www.irenelauretti.com\\\/#organization\"},\"image\":{\"@id\":\"https:\\\/\\\/www.irenelauretti.com\\\/heute-durchlaeuft-die-erde-den-fruehlingspunkt\\\/#primaryimage\"},\"thumbnailUrl\":\"https:\\\/\\\/www.irenelauretti.com\\\/wp-content\\\/uploads\\\/2025\\\/03\\\/Aequinox.jpg\",\"keywords\":[\"\u00c4quinox\",\"Erfolg\",\"Erkenne Dich Selbst\",\"Heilen\",\"Kosmos\",\"Mond\",\"mondstr\u00f6men\",\"Sch\u00fctze-Zwerchfellstrom\",\"Seele\",\"Selbstbewusstsein\",\"Tag- und Nachtgleiche\"],\"articleSection\":[\"Der Mond und der kosmische Code der Sch\u00f6pfung\",\"Heilen\",\"Mondstr\u00f6men\"],\"inLanguage\":\"de\",\"potentialAction\":[{\"@type\":\"CommentAction\",\"name\":\"Comment\",\"target\":[\"https:\\\/\\\/www.irenelauretti.com\\\/heute-durchlaeuft-die-erde-den-fruehlingspunkt\\\/#respond\"]}]},{\"@type\":\"WebPage\",\"@id\":\"https:\\\/\\\/www.irenelauretti.com\\\/de\\\/heute-durchlaeuft-die-erde-den-fruehlingspunkt\\\/\",\"url\":\"https:\\\/\\\/www.irenelauretti.com\\\/de\\\/heute-durchlaeuft-die-erde-den-fruehlingspunkt\\\/\",\"name\":\"HEUTE durchl\u00e4uft die Erde den FR\u00dcHLINGSPUNKT - irenelauretti.com\",\"isPartOf\":{\"@id\":\"https:\\\/\\\/www.irenelauretti.com\\\/de\\\/#website\"},\"primaryImageOfPage\":{\"@id\":\"https:\\\/\\\/www.irenelauretti.com\\\/de\\\/heute-durchlaeuft-die-erde-den-fruehlingspunkt\\\/#primaryimage\"},\"image\":{\"@id\":\"https:\\\/\\\/www.irenelauretti.com\\\/heute-durchlaeuft-die-erde-den-fruehlingspunkt\\\/#primaryimage\"},\"thumbnailUrl\":\"https:\\\/\\\/www.irenelauretti.com\\\/wp-content\\\/uploads\\\/2025\\\/03\\\/Aequinox.jpg\",\"datePublished\":\"2025-03-20T20:30:23+00:00\",\"dateModified\":\"2025-03-20T20:38:55+00:00\",\"breadcrumb\":{\"@id\":\"https:\\\/\\\/www.irenelauretti.com\\\/de\\\/heute-durchlaeuft-die-erde-den-fruehlingspunkt\\\/#breadcrumb\"},\"inLanguage\":\"de\",\"potentialAction\":[{\"@type\":\"ReadAction\",\"target\":[[\"https:\\\/\\\/www.irenelauretti.com\\\/de\\\/heute-durchlaeuft-die-erde-den-fruehlingspunkt\\\/\"]]}]},{\"@type\":\"ImageObject\",\"inLanguage\":\"de\",\"@id\":\"https:\\\/\\\/www.irenelauretti.com\\\/de\\\/heute-durchlaeuft-die-erde-den-fruehlingspunkt\\\/#primaryimage\",\"url\":\"https:\\\/\\\/www.irenelauretti.com\\\/wp-content\\\/uploads\\\/2025\\\/03\\\/Aequinox.jpg\",\"contentUrl\":\"https:\\\/\\\/www.irenelauretti.com\\\/wp-content\\\/uploads\\\/2025\\\/03\\\/Aequinox.jpg\",\"width\":480,\"height\":480},{\"@type\":\"BreadcrumbList\",\"@id\":\"https:\\\/\\\/www.irenelauretti.com\\\/de\\\/heute-durchlaeuft-die-erde-den-fruehlingspunkt\\\/#breadcrumb\",\"itemListElement\":[{\"@type\":\"ListItem\",\"position\":1,\"name\":\"Start\",\"item\":\"https:\\\/\\\/www.irenelauretti.com\\\/de\\\/\"},{\"@type\":\"ListItem\",\"position\":2,\"name\":\"HEUTE durchl\u00e4uft die Erde den FR\u00dcHLINGSPUNKT\"}]},{\"@type\":\"WebSite\",\"@id\":\"https:\\\/\\\/www.irenelauretti.com\\\/de\\\/#website\",\"url\":\"https:\\\/\\\/www.irenelauretti.com\\\/de\\\/\",\"name\":\"irenelauretti.com\",\"description\":\"Autorin Mystikerin Heilerin Vision\u00e4rin\",\"publisher\":{\"@id\":\"https:\\\/\\\/www.irenelauretti.com\\\/de\\\/#organization\"},\"potentialAction\":[{\"@type\":\"SearchAction\",\"target\":{\"@type\":\"EntryPoint\",\"urlTemplate\":\"https:\\\/\\\/www.irenelauretti.com\\\/de\\\/?s={search_term_string}\"},\"query-input\":{\"@type\":\"PropertyValueSpecification\",\"valueRequired\":true,\"valueName\":\"search_term_string\"}}],\"inLanguage\":\"de\"},{\"@type\":\"Organization\",\"@id\":\"https:\\\/\\\/www.irenelauretti.com\\\/de\\\/#organization\",\"name\":\"irenelauretti.com\",\"url\":\"https:\\\/\\\/www.irenelauretti.com\\\/de\\\/\",\"logo\":{\"@type\":\"ImageObject\",\"inLanguage\":\"de\",\"@id\":\"https:\\\/\\\/www.irenelauretti.com\\\/de\\\/#\\\/schema\\\/logo\\\/image\\\/\",\"url\":\"https:\\\/\\\/www.irenelauretti.com\\\/wp-content\\\/uploads\\\/2013\\\/08\\\/Logo_with.png\",\"contentUrl\":\"https:\\\/\\\/www.irenelauretti.com\\\/wp-content\\\/uploads\\\/2013\\\/08\\\/Logo_with.png\",\"width\":180,\"height\":113,\"caption\":\"irenelauretti.com\"},\"image\":{\"@id\":\"https:\\\/\\\/www.irenelauretti.com\\\/de\\\/#\\\/schema\\\/logo\\\/image\\\/\"}},{\"@type\":\"Person\",\"@id\":\"https:\\\/\\\/www.irenelauretti.com\\\/#\\\/schema\\\/person\\\/9b37781a704f7dced3b52f53e1f6e8b7\",\"name\":\"Marko\",\"image\":{\"@type\":\"ImageObject\",\"inLanguage\":\"de\",\"@id\":\"https:\\\/\\\/secure.gravatar.com\\\/avatar\\\/f6f879634c98a38618a79c5686b847b81cc6b637246368c5bac421ce9b695087?s=96&d=mm&r=g\",\"url\":\"https:\\\/\\\/secure.gravatar.com\\\/avatar\\\/f6f879634c98a38618a79c5686b847b81cc6b637246368c5bac421ce9b695087?s=96&d=mm&r=g\",\"contentUrl\":\"https:\\\/\\\/secure.gravatar.com\\\/avatar\\\/f6f879634c98a38618a79c5686b847b81cc6b637246368c5bac421ce9b695087?s=96&d=mm&r=g\",\"caption\":\"Marko\"},\"url\":\"https:\\\/\\\/www.irenelauretti.com\\\/de\\\/author\\\/marko\\\/\"}]}<\/script>\n<!-- \/ Yoast SEO plugin. -->","yoast_head_json":{"title":"HEUTE durchl\u00e4uft die Erde den FR\u00dcHLINGSPUNKT - irenelauretti.com","robots":{"index":"index","follow":"follow","max-snippet":"max-snippet:-1","max-image-preview":"max-image-preview:large","max-video-preview":"max-video-preview:-1"},"canonical":"https:\/\/www.irenelauretti.com\/de\/heute-durchlaeuft-die-erde-den-fruehlingspunkt\/","twitter_card":"summary_large_image","twitter_title":"HEUTE durchl\u00e4uft die Erde den FR\u00dcHLINGSPUNKT - irenelauretti.com","twitter_description":"HEUTE durchl\u00e4uft die Erde den FR\u00dcHLINGSPUNKT &#8211; das hei\u00dft die Stelle auf unserer Umlaufbahn, an der Nord- und S\u00fcdhalbkugel gleich weit zur Sonne geneigt sind! Heute sind Tag und Nacht sowohl auf der Nordh\u00e4lft der Erde, als auch auf der S\u00fcdh\u00e4lfte der Erde gleich lang! WAS bedeutet das f\u00fcr DICH ? Dieser Moment ist wie [&hellip;]","twitter_image":"https:\/\/www.irenelauretti.com\/wp-content\/uploads\/2025\/03\/Aequinox.jpg","twitter_misc":{"Verfasst von":"Marko","Gesch\u00e4tzte Lesezeit":"2\u00a0Minuten"},"schema":{"@context":"https:\/\/schema.org","@graph":[{"@type":"Article","@id":"https:\/\/www.irenelauretti.com\/heute-durchlaeuft-die-erde-den-fruehlingspunkt\/#article","isPartOf":{"@id":"https:\/\/www.irenelauretti.com\/heute-durchlaeuft-die-erde-den-fruehlingspunkt\/"},"author":{"name":"Marko","@id":"https:\/\/www.irenelauretti.com\/#\/schema\/person\/9b37781a704f7dced3b52f53e1f6e8b7"},"headline":"HEUTE durchl\u00e4uft die Erde den FR\u00dcHLINGSPUNKT","datePublished":"2025-03-20T20:30:23+00:00","dateModified":"2025-03-20T20:38:55+00:00","mainEntityOfPage":{"@id":"https:\/\/www.irenelauretti.com\/heute-durchlaeuft-die-erde-den-fruehlingspunkt\/"},"wordCount":317,"commentCount":0,"publisher":{"@id":"https:\/\/www.irenelauretti.com\/#organization"},"image":{"@id":"https:\/\/www.irenelauretti.com\/heute-durchlaeuft-die-erde-den-fruehlingspunkt\/#primaryimage"},"thumbnailUrl":"https:\/\/www.irenelauretti.com\/wp-content\/uploads\/2025\/03\/Aequinox.jpg","keywords":["\u00c4quinox","Erfolg","Erkenne Dich Selbst","Heilen","Kosmos","Mond","mondstr\u00f6men","Sch\u00fctze-Zwerchfellstrom","Seele","Selbstbewusstsein","Tag- und Nachtgleiche"],"articleSection":["Der Mond und der kosmische Code der Sch\u00f6pfung","Heilen","Mondstr\u00f6men"],"inLanguage":"de","potentialAction":[{"@type":"CommentAction","name":"Comment","target":["https:\/\/www.irenelauretti.com\/heute-durchlaeuft-die-erde-den-fruehlingspunkt\/#respond"]}]},{"@type":"WebPage","@id":"https:\/\/www.irenelauretti.com\/de\/heute-durchlaeuft-die-erde-den-fruehlingspunkt\/","url":"https:\/\/www.irenelauretti.com\/de\/heute-durchlaeuft-die-erde-den-fruehlingspunkt\/","name":"HEUTE durchl\u00e4uft die Erde den FR\u00dcHLINGSPUNKT - irenelauretti.com","isPartOf":{"@id":"https:\/\/www.irenelauretti.com\/de\/#website"},"primaryImageOfPage":{"@id":"https:\/\/www.irenelauretti.com\/de\/heute-durchlaeuft-die-erde-den-fruehlingspunkt\/#primaryimage"},"image":{"@id":"https:\/\/www.irenelauretti.com\/heute-durchlaeuft-die-erde-den-fruehlingspunkt\/#primaryimage"},"thumbnailUrl":"https:\/\/www.irenelauretti.com\/wp-content\/uploads\/2025\/03\/Aequinox.jpg","datePublished":"2025-03-20T20:30:23+00:00","dateModified":"2025-03-20T20:38:55+00:00","breadcrumb":{"@id":"https:\/\/www.irenelauretti.com\/de\/heute-durchlaeuft-die-erde-den-fruehlingspunkt\/#breadcrumb"},"inLanguage":"de","potentialAction":[{"@type":"ReadAction","target":[["https:\/\/www.irenelauretti.com\/de\/heute-durchlaeuft-die-erde-den-fruehlingspunkt\/"]]}]},{"@type":"ImageObject","inLanguage":"de","@id":"https:\/\/www.irenelauretti.com\/de\/heute-durchlaeuft-die-erde-den-fruehlingspunkt\/#primaryimage","url":"https:\/\/www.irenelauretti.com\/wp-content\/uploads\/2025\/03\/Aequinox.jpg","contentUrl":"https:\/\/www.irenelauretti.com\/wp-content\/uploads\/2025\/03\/Aequinox.jpg","width":480,"height":480},{"@type":"BreadcrumbList","@id":"https:\/\/www.irenelauretti.com\/de\/heute-durchlaeuft-die-erde-den-fruehlingspunkt\/#breadcrumb","itemListElement":[{"@type":"ListItem","position":1,"name":"Start","item":"https:\/\/www.irenelauretti.com\/de\/"},{"@type":"ListItem","position":2,"name":"HEUTE durchl\u00e4uft die Erde den FR\u00dcHLINGSPUNKT"}]},{"@type":"WebSite","@id":"https:\/\/www.irenelauretti.com\/de\/#website","url":"https:\/\/www.irenelauretti.com\/de\/","name":"irenelauretti.com","description":"Autorin Mystikerin Heilerin Vision\u00e4rin","publisher":{"@id":"https:\/\/www.irenelauretti.com\/de\/#organization"},"potentialAction":[{"@type":"SearchAction","target":{"@type":"EntryPoint","urlTemplate":"https:\/\/www.irenelauretti.com\/de\/?s={search_term_string}"},"query-input":{"@type":"PropertyValueSpecification","valueRequired":true,"valueName":"search_term_string"}}],"inLanguage":"de"},{"@type":"Organization","@id":"https:\/\/www.irenelauretti.com\/de\/#organization","name":"irenelauretti.com","url":"https:\/\/www.irenelauretti.com\/de\/","logo":{"@type":"ImageObject","inLanguage":"de","@id":"https:\/\/www.irenelauretti.com\/de\/#\/schema\/logo\/image\/","url":"https:\/\/www.irenelauretti.com\/wp-content\/uploads\/2013\/08\/Logo_with.png","contentUrl":"https:\/\/www.irenelauretti.com\/wp-content\/uploads\/2013\/08\/Logo_with.png","width":180,"height":113,"caption":"irenelauretti.com"},"image":{"@id":"https:\/\/www.irenelauretti.com\/de\/#\/schema\/logo\/image\/"}},{"@type":"Person","@id":"https:\/\/www.irenelauretti.com\/#\/schema\/person\/9b37781a704f7dced3b52f53e1f6e8b7","name":"Marko","image":{"@type":"ImageObject","inLanguage":"de","@id":"https:\/\/secure.gravatar.com\/avatar\/f6f879634c98a38618a79c5686b847b81cc6b637246368c5bac421ce9b695087?s=96&d=mm&r=g","url":"https:\/\/secure.gravatar.com\/avatar\/f6f879634c98a38618a79c5686b847b81cc6b637246368c5bac421ce9b695087?s=96&d=mm&r=g","contentUrl":"https:\/\/secure.gravatar.com\/avatar\/f6f879634c98a38618a79c5686b847b81cc6b637246368c5bac421ce9b695087?s=96&d=mm&r=g","caption":"Marko"},"url":"https:\/\/www.irenelauretti.com\/de\/author\/marko\/"}]}},"cc_featured_image_caption":{"caption_text":"","source_text":"","source_url":""},"_links":{"self":[{"href":"https:\/\/www.irenelauretti.com\/de\/wp-json\/wp\/v2\/posts\/5630","targetHints":{"allow":["GET"]}}],"collection":[{"href":"https:\/\/www.irenelauretti.com\/de\/wp-json\/wp\/v2\/posts"}],"about":[{"href":"https:\/\/www.irenelauretti.com\/de\/wp-json\/wp\/v2\/types\/post"}],"author":[{"embeddable":true,"href":"https:\/\/www.irenelauretti.com\/de\/wp-json\/wp\/v2\/users\/3"}],"replies":[{"embeddable":true,"href":"https:\/\/www.irenelauretti.com\/de\/wp-json\/wp\/v2\/comments?post=5630"}],"version-history":[{"count":6,"href":"https:\/\/www.irenelauretti.com\/de\/wp-json\/wp\/v2\/posts\/5630\/revisions"}],"predecessor-version":[{"id":5637,"href":"https:\/\/www.irenelauretti.com\/de\/wp-json\/wp\/v2\/posts\/5630\/revisions\/5637"}],"wp:featuredmedia":[{"embeddable":true,"href":"https:\/\/www.irenelauretti.com\/de\/wp-json\/wp\/v2\/media\/5634"}],"wp:attachment":[{"href":"https:\/\/www.irenelauretti.com\/de\/wp-json\/wp\/v2\/media?parent=5630"}],"wp:term":[{"taxonomy":"category","embeddable":true,"href":"https:\/\/www.irenelauretti.com\/de\/wp-json\/wp\/v2\/categories?post=5630"},{"taxonomy":"post_tag","embeddable":true,"href":"https:\/\/www.irenelauretti.com\/de\/wp-json\/wp\/v2\/tags?post=5630"}],"curies":[{"name":"wp","href":"https:\/\/api.w.org\/{rel}","templated":true}]}}