{"id":5638,"date":"2025-03-22T22:31:53","date_gmt":"2025-03-22T21:31:53","guid":{"rendered":"https:\/\/www.irenelauretti.com\/?p=5638"},"modified":"2025-03-22T22:33:16","modified_gmt":"2025-03-22T21:33:16","slug":"angst-die-krankheit-der-welt","status":"publish","type":"post","link":"https:\/\/www.irenelauretti.com\/de\/angst-die-krankheit-der-welt\/","title":{"rendered":"ANGST &#8211; die Krankheit der Welt !"},"content":{"rendered":"<p><\/p>\n<h1 class=\"western\">ANGST &#8211;<\/h1>\n<h1 class=\"western\">die Krankheit der Welt !<\/h1>\n<p>das kann man genau so sagen &#8211; denn<\/p>\n<h4 class=\"western\">JEDE KRANKHEIT ist in Wahrheit das Resultat von ANGST und damit von<\/h4>\n<h4 class=\"western\">LIEB- und HERZ-LOSigkeit!<\/h4>\n<p><strong>ANGST<\/strong> ist das Resultat von<\/p>\n<h4 class=\"western\">Lieb- und HERZ &#8211; LOS igkeit<\/h4>\n<p>&#8230;. und diese beginnt &#8211; genau DORT &#8211;<\/p>\n<h4 class=\"western\">wo der WEG beginnt!<\/h4>\n<h4 class=\"western\">Wie IMMER ist die Antwort ersichtlich aus dem Sch\u00f6pfungscode! &#8211; dem kosmischen Code der Sch\u00f6pfung, dem <strong>WEG der SEELE durch ihre 12 TORE! <\/strong><\/h4>\n<p>Beschrieben ausf\u00fchrlich in meinem Hauptwerk<\/p>\n<h4 class=\"western\"><a href=\"https:\/\/amzn.to\/2lbjd6l\" target=\"_blank\" rel=\"noopener\"><strong>Der Mond und der kosmische Code der Sch\u00f6pfung<\/strong><\/a><\/h4>\n<p>Beginnend mit der <strong>SCH\u00dcTZE-ZWERCHFELLenergie<\/strong> <em>individualisiert<\/em> sich der <strong>FUNKE aus der EWIGKEIT <\/strong>&#8211;<\/p>\n<p>die Spirale in die K\u00f6rperlichkeit beginnt mit der<\/p>\n<h4 class=\"western\"><strong>12 \/ 3<\/strong> &#8211; der Geist-SEELE!<\/h4>\n<p>&#8230; kraftvoll sich wandelnd aus der Skorpion-Nierenenergie am Rippenbogen und HinAUFstr\u00f6mend &#8211; in die BRUST und gleichzeitig in die Verdauungsorgane &#8211;<\/p>\n<p>HIMMEL UND ERDE formend! SCH\u00dcTZE &#8211; der FUNKE!<\/p>\n<p>&#8230; hinAUF in den MITTEL- und RINGFINGER str\u00f6mend!<\/p>\n<p>RINGFINGER &#8211; der EHERING &#8211;<\/p>\n<h4 class=\"western\">denn HIER beginnt die heilige Verm\u00e4hlung von GEIST und K\u00d6RPER &#8211; ADAM und EVA &#8211;<\/h4>\n<p>die chymische Hochzeit &#8230;<\/p>\n<p>wobei Eva aus einer Rippe &#8211; dem Beginn der <strong>ZWERCHFELLenergie! <\/strong>&#8211;<\/p>\n<p>geformt wird!<\/p>\n<p>DU bist es SELBST! &#8211; DU bist der <strong>FLUSS der 12<\/strong> &#8211;<\/p>\n<p>DU bist die Ver <strong>SUCH<\/strong> <em>ung <\/em>&#8211; die sich kringlende Schlange am Stei\u00dfbein &#8230;<\/p>\n<p>&#8230; die Ver <strong>SUCH<\/strong> <em>ung<\/em> durch die SINNlichkeit &#8211;<\/p>\n<h4 class=\"western\">versus LIEBE!<\/h4>\n<p>WANN genau verliert sich diese g\u00f6ttliche, ewige, allesumfassende, einh\u00fcllende<\/p>\n<h4 class=\"western\">LIEBE ?<\/h4>\n<p>F\u00fcr die allermeisten Menschen beginnt der Abstieg in das gro\u00dfe VERGESSEN des SELBST mit der<\/p>\n<p>STEINBOCK-NABELenergie!<\/p>\n<p>Wenn der Funke sich nicht in LIEBE verANKERT in der Brust und im Herzen &#8211; siehe Stromverlauf des Nabelstroms im Buch (siehe oben)<\/p>\n<p>UND &#8211; immer auch in meiner weltweit einzigartigen<\/p>\n<h4 class=\"western\"><a href=\"https:\/\/lunajin.irenelauretti.com\" target=\"_blank\" rel=\"noopener\"><strong>APP zum MONDSTR\u00d6MEN\u00ae<\/strong><\/a><br \/>\n<a href=\"https:\/\/lunajin-moonandhealth.com\" target=\"_blank\" rel=\"noopener\"><strong>LunaJin\u00ae Mond&amp;Gesundhei<\/strong>t<\/a><\/h4>\n<p>&#8230; wird die g\u00f6ttliche Kraft nicht weitergegeben &#8211; an die Folgestr\u00f6me &#8211; &#8230;<\/p>\n<p>und damit an alle weiteren Sch\u00f6pfungsstr\u00f6me.<\/p>\n<p>Die STEINBOCK-NABELenergie ist die MUTTERenergie aller Organstr\u00f6me &#8211;<\/p>\n<p>und sie ist die erste gro\u00dfe NARBE im Leben des Menschen &#8211; denn sie regiert die Zeit im Mutterleib sowie die Geburt und die ersten 3 Lebensjahre.<\/p>\n<p>Die &#8222;Abnabelung&#8220; ist nicht nur k\u00f6rperlich &#8211; sondern auch geistig &#8211;<\/p>\n<p>WENN &#8211;<\/p>\n<h4 class=\"western\">&#8230; die LIEBE fehlt!<\/h4>\n<p>Immer wieder stelle ich fest, wenn der <strong>MOND im Steinbock <\/strong>ist &#8211; wei die Menschen deutlich gereizter sind als sonst &#8211; m\u00fcder, &#8222;kaputter&#8220;, aggressiver &#8230;<\/p>\n<p>&#8230; was sich dann in der Wassermann-Fische-Mondzeit steigert &#8211; oftmals bis zur Fatalit\u00e4t &#8230;<\/p>\n<p>Es ist die URNARBE die schreit &#8211; immer wieder &#8211; nach GEH\u00d6R und erL\u00d6SUNG ruft!<\/p>\n<p>Und NICHT GEH\u00d6RT WIRD!<\/p>\n<p>So wichtig ist die ErL\u00d6SUNG der Traumata &#8211; auch der Fr\u00fchesten &#8211;<\/p>\n<h4 class=\"western\">ich lege JEDEM ans Herz die ZELLEN von jeglichen Traumata, jeglichem Krankhaften, stockenden, Dunklen, Angstvollen zu BEFREIEN!<\/h4>\n<p>und das geht NUR durch die <strong>ZELL-\u00d6FFNUNG mit dem MOND! <\/strong>denn<\/p>\n<h4 class=\"western\">&#8222;Der MOND ist das kosmische Pendant zur SEELE&#8220; !<\/h4>\n<p><a href=\"https:\/\/amzn.to\/2lbjd6l\" target=\"_blank\" rel=\"noopener\"><strong>Der Mond und der kosmische Code der Sch\u00f6pfung<\/strong><\/a><\/p>\n<h4 class=\"western\">Beginne HEUTE mit der TRAUMA-ERL\u00d6SEREISE &#8211; und bleibe am besten IMMER dabei &#8211; denn t\u00e4glich geschehen kleinere oder gr\u00f6\u00dfere &#8222;Traumen&#8220;, die in den Zellen eingelagert werden &#8211; und dort zu ANGST &#8211; und KRANKHEIT f\u00fchren, wenn sie nicht erL\u00d6ST werden!<\/h4>\n<p>Ich f\u00fchre Dich &#8211; T\u00c4GLICH &#8211; passend zum MOND und KOSMOS &#8211; durch Deine Organe mit allem was Du dazu wissen musst und solltest &#8211;<\/p>\n<p>mit meiner weltweit einzigartigen<\/p>\n<h4 class=\"western\"><a href=\"https:\/\/lunajin-moonandhealth.com\" target=\"_blank\" rel=\"noopener\"><strong>APP zum MONDSTR\u00d6MEN\u00ae<\/strong><\/a><br \/>\n<a href=\"https:\/\/lunajin-moonandhealth.com\" target=\"_blank\" rel=\"noopener\"><strong>LunaJin\u00ae Mond&amp;Gesundheit<\/strong><\/a><\/h4>\n<p>&nbsp;<\/p>\n<p>&nbsp;<\/p>\n<p><img fetchpriority=\"high\" decoding=\"async\" class=\"aligncenter wp-image-297\" src=\"https:\/\/www.irenelauretti.com\/wp-content\/uploads\/2013\/09\/Logo_mobile-300x188.png\" alt=\"\" width=\"365\" height=\"229\" srcset=\"https:\/\/www.irenelauretti.com\/wp-content\/uploads\/2013\/09\/Logo_mobile-300x188.png 300w, https:\/\/www.irenelauretti.com\/wp-content\/uploads\/2013\/09\/Logo_mobile-330x207.png 330w, https:\/\/www.irenelauretti.com\/wp-content\/uploads\/2013\/09\/Logo_mobile-90x56.png 90w, https:\/\/www.irenelauretti.com\/wp-content\/uploads\/2013\/09\/Logo_mobile-150x94.png 150w, https:\/\/www.irenelauretti.com\/wp-content\/uploads\/2013\/09\/Logo_mobile.png 360w\" sizes=\"(max-width: 365px) 100vw, 365px\" \/><\/p>","protected":false},"excerpt":{"rendered":"<p>ANGST &#8211; die Krankheit der Welt ! das kann man genau so sagen &#8211; denn JEDE KRANKHEIT ist in Wahrheit das Resultat von ANGST und damit von LIEB- und HERZ-LOSigkeit! ANGST ist das Resultat von Lieb- und HERZ &#8211; LOS igkeit &#8230;. und diese beginnt &#8211; genau DORT &#8211; wo der WEG beginnt! Wie IMMER [&hellip;]<\/p>\n","protected":false},"author":3,"featured_media":5639,"comment_status":"open","ping_status":"open","sticky":false,"template":"","format":"standard","meta":{"_coblocks_attr":"","_coblocks_dimensions":"","_coblocks_responsive_height":"","_coblocks_accordion_ie_support":"","ocean_post_layout":"","ocean_both_sidebars_style":"","ocean_both_sidebars_content_width":0,"ocean_both_sidebars_sidebars_width":0,"ocean_sidebar":"0","ocean_second_sidebar":"0","ocean_disable_margins":"enable","ocean_add_body_class":"","ocean_shortcode_before_top_bar":"","ocean_shortcode_after_top_bar":"","ocean_shortcode_before_header":"","ocean_shortcode_after_header":"","ocean_has_shortcode":"","ocean_shortcode_after_title":"","ocean_shortcode_before_footer_widgets":"","ocean_shortcode_after_footer_widgets":"","ocean_shortcode_before_footer_bottom":"","ocean_shortcode_after_footer_bottom":"","ocean_display_top_bar":"default","ocean_display_header":"default","ocean_header_style":"","ocean_center_header_left_menu":"0","ocean_custom_header_template":"0","ocean_custom_logo":0,"ocean_custom_retina_logo":0,"ocean_custom_logo_max_width":0,"ocean_custom_logo_tablet_max_width":0,"ocean_custom_logo_mobile_max_width":0,"ocean_custom_logo_max_height":0,"ocean_custom_logo_tablet_max_height":0,"ocean_custom_logo_mobile_max_height":0,"ocean_header_custom_menu":"0","ocean_menu_typo_font_family":"0","ocean_menu_typo_font_subset":"","ocean_menu_typo_font_size":0,"ocean_menu_typo_font_size_tablet":0,"ocean_menu_typo_font_size_mobile":0,"ocean_menu_typo_font_size_unit":"px","ocean_menu_typo_font_weight":"","ocean_menu_typo_font_weight_tablet":"","ocean_menu_typo_font_weight_mobile":"","ocean_menu_typo_transform":"","ocean_menu_typo_transform_tablet":"","ocean_menu_typo_transform_mobile":"","ocean_menu_typo_line_height":0,"ocean_menu_typo_line_height_tablet":0,"ocean_menu_typo_line_height_mobile":0,"ocean_menu_typo_line_height_unit":"","ocean_menu_typo_spacing":0,"ocean_menu_typo_spacing_tablet":0,"ocean_menu_typo_spacing_mobile":0,"ocean_menu_typo_spacing_unit":"","ocean_menu_link_color":"","ocean_menu_link_color_hover":"","ocean_menu_link_color_active":"","ocean_menu_link_background":"","ocean_menu_link_hover_background":"","ocean_menu_link_active_background":"","ocean_menu_social_links_bg":"","ocean_menu_social_hover_links_bg":"","ocean_menu_social_links_color":"","ocean_menu_social_hover_links_color":"","ocean_disable_title":"default","ocean_disable_heading":"default","ocean_post_title":"","ocean_post_subheading":"","ocean_post_title_style":"","ocean_post_title_background_color":"","ocean_post_title_background":0,"ocean_post_title_bg_image_position":"","ocean_post_title_bg_image_attachment":"","ocean_post_title_bg_image_repeat":"","ocean_post_title_bg_image_size":"","ocean_post_title_height":0,"ocean_post_title_bg_overlay":0.5,"ocean_post_title_bg_overlay_color":"","ocean_disable_breadcrumbs":"default","ocean_breadcrumbs_color":"","ocean_breadcrumbs_separator_color":"","ocean_breadcrumbs_links_color":"","ocean_breadcrumbs_links_hover_color":"","ocean_display_footer_widgets":"default","ocean_display_footer_bottom":"default","ocean_custom_footer_template":"0","omw_enable_modal_window":"enable","_themeisle_gutenberg_block_has_review":false,"ocean_post_oembed":"","ocean_post_self_hosted_media":"","ocean_post_video_embed":"","ocean_link_format":"","ocean_link_format_target":"self","ocean_quote_format":"","ocean_quote_format_link":"post","ocean_gallery_link_images":"on","ocean_gallery_id":[],"footnotes":""},"categories":[145,33,44,387,289,437,52],"tags":[60,508,1268,545,835,501,293,451,495,1145,544,506,502,523,557,496,1267],"class_list":["post-5638","post","type-post","status-publish","format-standard","has-post-thumbnail","hentry","category-bewusstsein","category-der-mond-und-der-kosmische-code-der-schopfung","category-energieheilen","category-nabelenergie","category-trauma","category-trauma-erlosung","category-traumata","tag-angst","tag-bewusstsein","tag-die-krankheit-der-welt","tag-dreifacher-erwarmer","tag-erkenne-dich-selbst","tag-heilung","tag-kosmos","tag-krankheit","tag-mond","tag-mutterenergie","tag-nabelenergie","tag-seele","tag-steinbock","tag-trauma","tag-trauma-erlosung","tag-traumata","tag-wo-beginnt-die-angst","entry","has-media"],"yoast_head":"<!-- This site is optimized with the Yoast SEO plugin v27.4 - https:\/\/yoast.com\/product\/yoast-seo-wordpress\/ -->\n<title>ANGST - die Krankheit der Welt ! - irenelauretti.com<\/title>\n<meta name=\"robots\" content=\"index, follow, max-snippet:-1, max-image-preview:large, max-video-preview:-1\" \/>\n<link rel=\"canonical\" href=\"https:\/\/www.irenelauretti.com\/de\/angst-die-krankheit-der-welt\/\" \/>\n<meta name=\"twitter:card\" content=\"summary_large_image\" \/>\n<meta name=\"twitter:title\" content=\"ANGST - die Krankheit der Welt ! - irenelauretti.com\" \/>\n<meta name=\"twitter:description\" content=\"ANGST &#8211; die Krankheit der Welt ! das kann man genau so sagen &#8211; denn JEDE KRANKHEIT ist in Wahrheit das Resultat von ANGST und damit von LIEB- und HERZ-LOSigkeit! ANGST ist das Resultat von Lieb- und HERZ &#8211; LOS igkeit &#8230;. und diese beginnt &#8211; genau DORT &#8211; wo der WEG beginnt! Wie IMMER [&hellip;]\" \/>\n<meta name=\"twitter:image\" content=\"https:\/\/www.irenelauretti.com\/wp-content\/uploads\/2025\/03\/AdamEva.jpg\" \/>\n<meta name=\"twitter:label1\" content=\"Verfasst von\" \/>\n\t<meta name=\"twitter:data1\" content=\"Marko\" \/>\n\t<meta name=\"twitter:label2\" content=\"Gesch\u00e4tzte Lesezeit\" \/>\n\t<meta name=\"twitter:data2\" content=\"4\u00a0Minuten\" \/>\n<script type=\"application\/ld+json\" class=\"yoast-schema-graph\">{\"@context\":\"https:\\\/\\\/schema.org\",\"@graph\":[{\"@type\":\"Article\",\"@id\":\"https:\\\/\\\/www.irenelauretti.com\\\/angst-die-krankheit-der-welt\\\/#article\",\"isPartOf\":{\"@id\":\"https:\\\/\\\/www.irenelauretti.com\\\/angst-die-krankheit-der-welt\\\/\"},\"author\":{\"name\":\"Marko\",\"@id\":\"https:\\\/\\\/www.irenelauretti.com\\\/#\\\/schema\\\/person\\\/9b37781a704f7dced3b52f53e1f6e8b7\"},\"headline\":\"ANGST &#8211; die Krankheit der Welt !\",\"datePublished\":\"2025-03-22T21:31:53+00:00\",\"dateModified\":\"2025-03-22T21:33:16+00:00\",\"mainEntityOfPage\":{\"@id\":\"https:\\\/\\\/www.irenelauretti.com\\\/angst-die-krankheit-der-welt\\\/\"},\"wordCount\":583,\"commentCount\":0,\"publisher\":{\"@id\":\"https:\\\/\\\/www.irenelauretti.com\\\/#organization\"},\"image\":{\"@id\":\"https:\\\/\\\/www.irenelauretti.com\\\/angst-die-krankheit-der-welt\\\/#primaryimage\"},\"thumbnailUrl\":\"https:\\\/\\\/www.irenelauretti.com\\\/wp-content\\\/uploads\\\/2025\\\/03\\\/AdamEva.jpg\",\"keywords\":[\"Angst\",\"Bewusstsein\",\"die Krankheit der Welt\",\"Dreifacher Erw\u00e4rmer\",\"Erkenne Dich Selbst\",\"Heilung\",\"Kosmos\",\"Krankheit\",\"Mond\",\"Mutterenergie\",\"Nabelenergie\",\"Seele\",\"Steinbock\",\"Trauma\",\"Trauma-Erl\u00f6sung\",\"Traumata\",\"wo beginnt die Angst?\"],\"articleSection\":[\"Bewusstsein\",\"Der Mond und der kosmische Code der Sch\u00f6pfung\",\"Energieheilen\",\"Nabelenergie\",\"Trauma\",\"Trauma-Erl\u00f6sung\",\"Traumata\"],\"inLanguage\":\"de\",\"potentialAction\":[{\"@type\":\"CommentAction\",\"name\":\"Comment\",\"target\":[\"https:\\\/\\\/www.irenelauretti.com\\\/angst-die-krankheit-der-welt\\\/#respond\"]}]},{\"@type\":\"WebPage\",\"@id\":\"https:\\\/\\\/www.irenelauretti.com\\\/de\\\/angst-die-krankheit-der-welt\\\/\",\"url\":\"https:\\\/\\\/www.irenelauretti.com\\\/de\\\/angst-die-krankheit-der-welt\\\/\",\"name\":\"ANGST - die Krankheit der Welt ! - irenelauretti.com\",\"isPartOf\":{\"@id\":\"https:\\\/\\\/www.irenelauretti.com\\\/de\\\/#website\"},\"primaryImageOfPage\":{\"@id\":\"https:\\\/\\\/www.irenelauretti.com\\\/de\\\/angst-die-krankheit-der-welt\\\/#primaryimage\"},\"image\":{\"@id\":\"https:\\\/\\\/www.irenelauretti.com\\\/angst-die-krankheit-der-welt\\\/#primaryimage\"},\"thumbnailUrl\":\"https:\\\/\\\/www.irenelauretti.com\\\/wp-content\\\/uploads\\\/2025\\\/03\\\/AdamEva.jpg\",\"datePublished\":\"2025-03-22T21:31:53+00:00\",\"dateModified\":\"2025-03-22T21:33:16+00:00\",\"breadcrumb\":{\"@id\":\"https:\\\/\\\/www.irenelauretti.com\\\/de\\\/angst-die-krankheit-der-welt\\\/#breadcrumb\"},\"inLanguage\":\"de\",\"potentialAction\":[{\"@type\":\"ReadAction\",\"target\":[[\"https:\\\/\\\/www.irenelauretti.com\\\/de\\\/angst-die-krankheit-der-welt\\\/\"]]}]},{\"@type\":\"ImageObject\",\"inLanguage\":\"de\",\"@id\":\"https:\\\/\\\/www.irenelauretti.com\\\/de\\\/angst-die-krankheit-der-welt\\\/#primaryimage\",\"url\":\"https:\\\/\\\/www.irenelauretti.com\\\/wp-content\\\/uploads\\\/2025\\\/03\\\/AdamEva.jpg\",\"contentUrl\":\"https:\\\/\\\/www.irenelauretti.com\\\/wp-content\\\/uploads\\\/2025\\\/03\\\/AdamEva.jpg\",\"width\":2048,\"height\":1152},{\"@type\":\"BreadcrumbList\",\"@id\":\"https:\\\/\\\/www.irenelauretti.com\\\/de\\\/angst-die-krankheit-der-welt\\\/#breadcrumb\",\"itemListElement\":[{\"@type\":\"ListItem\",\"position\":1,\"name\":\"Start\",\"item\":\"https:\\\/\\\/www.irenelauretti.com\\\/de\\\/\"},{\"@type\":\"ListItem\",\"position\":2,\"name\":\"ANGST &#8211; die Krankheit der Welt !\"}]},{\"@type\":\"WebSite\",\"@id\":\"https:\\\/\\\/www.irenelauretti.com\\\/de\\\/#website\",\"url\":\"https:\\\/\\\/www.irenelauretti.com\\\/de\\\/\",\"name\":\"irenelauretti.com\",\"description\":\"Autorin Mystikerin Heilerin Vision\u00e4rin\",\"publisher\":{\"@id\":\"https:\\\/\\\/www.irenelauretti.com\\\/de\\\/#organization\"},\"potentialAction\":[{\"@type\":\"SearchAction\",\"target\":{\"@type\":\"EntryPoint\",\"urlTemplate\":\"https:\\\/\\\/www.irenelauretti.com\\\/de\\\/?s={search_term_string}\"},\"query-input\":{\"@type\":\"PropertyValueSpecification\",\"valueRequired\":true,\"valueName\":\"search_term_string\"}}],\"inLanguage\":\"de\"},{\"@type\":\"Organization\",\"@id\":\"https:\\\/\\\/www.irenelauretti.com\\\/de\\\/#organization\",\"name\":\"irenelauretti.com\",\"url\":\"https:\\\/\\\/www.irenelauretti.com\\\/de\\\/\",\"logo\":{\"@type\":\"ImageObject\",\"inLanguage\":\"de\",\"@id\":\"https:\\\/\\\/www.irenelauretti.com\\\/de\\\/#\\\/schema\\\/logo\\\/image\\\/\",\"url\":\"https:\\\/\\\/www.irenelauretti.com\\\/wp-content\\\/uploads\\\/2013\\\/08\\\/Logo_with.png\",\"contentUrl\":\"https:\\\/\\\/www.irenelauretti.com\\\/wp-content\\\/uploads\\\/2013\\\/08\\\/Logo_with.png\",\"width\":180,\"height\":113,\"caption\":\"irenelauretti.com\"},\"image\":{\"@id\":\"https:\\\/\\\/www.irenelauretti.com\\\/de\\\/#\\\/schema\\\/logo\\\/image\\\/\"}},{\"@type\":\"Person\",\"@id\":\"https:\\\/\\\/www.irenelauretti.com\\\/#\\\/schema\\\/person\\\/9b37781a704f7dced3b52f53e1f6e8b7\",\"name\":\"Marko\",\"image\":{\"@type\":\"ImageObject\",\"inLanguage\":\"de\",\"@id\":\"https:\\\/\\\/secure.gravatar.com\\\/avatar\\\/f6f879634c98a38618a79c5686b847b81cc6b637246368c5bac421ce9b695087?s=96&d=mm&r=g\",\"url\":\"https:\\\/\\\/secure.gravatar.com\\\/avatar\\\/f6f879634c98a38618a79c5686b847b81cc6b637246368c5bac421ce9b695087?s=96&d=mm&r=g\",\"contentUrl\":\"https:\\\/\\\/secure.gravatar.com\\\/avatar\\\/f6f879634c98a38618a79c5686b847b81cc6b637246368c5bac421ce9b695087?s=96&d=mm&r=g\",\"caption\":\"Marko\"},\"url\":\"https:\\\/\\\/www.irenelauretti.com\\\/de\\\/author\\\/marko\\\/\"}]}<\/script>\n<!-- \/ Yoast SEO plugin. -->","yoast_head_json":{"title":"ANGST - die Krankheit der Welt ! - irenelauretti.com","robots":{"index":"index","follow":"follow","max-snippet":"max-snippet:-1","max-image-preview":"max-image-preview:large","max-video-preview":"max-video-preview:-1"},"canonical":"https:\/\/www.irenelauretti.com\/de\/angst-die-krankheit-der-welt\/","twitter_card":"summary_large_image","twitter_title":"ANGST - die Krankheit der Welt ! - irenelauretti.com","twitter_description":"ANGST &#8211; die Krankheit der Welt ! das kann man genau so sagen &#8211; denn JEDE KRANKHEIT ist in Wahrheit das Resultat von ANGST und damit von LIEB- und HERZ-LOSigkeit! ANGST ist das Resultat von Lieb- und HERZ &#8211; LOS igkeit &#8230;. und diese beginnt &#8211; genau DORT &#8211; wo der WEG beginnt! Wie IMMER [&hellip;]","twitter_image":"https:\/\/www.irenelauretti.com\/wp-content\/uploads\/2025\/03\/AdamEva.jpg","twitter_misc":{"Verfasst von":"Marko","Gesch\u00e4tzte Lesezeit":"4\u00a0Minuten"},"schema":{"@context":"https:\/\/schema.org","@graph":[{"@type":"Article","@id":"https:\/\/www.irenelauretti.com\/angst-die-krankheit-der-welt\/#article","isPartOf":{"@id":"https:\/\/www.irenelauretti.com\/angst-die-krankheit-der-welt\/"},"author":{"name":"Marko","@id":"https:\/\/www.irenelauretti.com\/#\/schema\/person\/9b37781a704f7dced3b52f53e1f6e8b7"},"headline":"ANGST &#8211; die Krankheit der Welt !","datePublished":"2025-03-22T21:31:53+00:00","dateModified":"2025-03-22T21:33:16+00:00","mainEntityOfPage":{"@id":"https:\/\/www.irenelauretti.com\/angst-die-krankheit-der-welt\/"},"wordCount":583,"commentCount":0,"publisher":{"@id":"https:\/\/www.irenelauretti.com\/#organization"},"image":{"@id":"https:\/\/www.irenelauretti.com\/angst-die-krankheit-der-welt\/#primaryimage"},"thumbnailUrl":"https:\/\/www.irenelauretti.com\/wp-content\/uploads\/2025\/03\/AdamEva.jpg","keywords":["Angst","Bewusstsein","die Krankheit der Welt","Dreifacher Erw\u00e4rmer","Erkenne Dich Selbst","Heilung","Kosmos","Krankheit","Mond","Mutterenergie","Nabelenergie","Seele","Steinbock","Trauma","Trauma-Erl\u00f6sung","Traumata","wo beginnt die Angst?"],"articleSection":["Bewusstsein","Der Mond und der kosmische Code der Sch\u00f6pfung","Energieheilen","Nabelenergie","Trauma","Trauma-Erl\u00f6sung","Traumata"],"inLanguage":"de","potentialAction":[{"@type":"CommentAction","name":"Comment","target":["https:\/\/www.irenelauretti.com\/angst-die-krankheit-der-welt\/#respond"]}]},{"@type":"WebPage","@id":"https:\/\/www.irenelauretti.com\/de\/angst-die-krankheit-der-welt\/","url":"https:\/\/www.irenelauretti.com\/de\/angst-die-krankheit-der-welt\/","name":"ANGST - die Krankheit der Welt ! - irenelauretti.com","isPartOf":{"@id":"https:\/\/www.irenelauretti.com\/de\/#website"},"primaryImageOfPage":{"@id":"https:\/\/www.irenelauretti.com\/de\/angst-die-krankheit-der-welt\/#primaryimage"},"image":{"@id":"https:\/\/www.irenelauretti.com\/angst-die-krankheit-der-welt\/#primaryimage"},"thumbnailUrl":"https:\/\/www.irenelauretti.com\/wp-content\/uploads\/2025\/03\/AdamEva.jpg","datePublished":"2025-03-22T21:31:53+00:00","dateModified":"2025-03-22T21:33:16+00:00","breadcrumb":{"@id":"https:\/\/www.irenelauretti.com\/de\/angst-die-krankheit-der-welt\/#breadcrumb"},"inLanguage":"de","potentialAction":[{"@type":"ReadAction","target":[["https:\/\/www.irenelauretti.com\/de\/angst-die-krankheit-der-welt\/"]]}]},{"@type":"ImageObject","inLanguage":"de","@id":"https:\/\/www.irenelauretti.com\/de\/angst-die-krankheit-der-welt\/#primaryimage","url":"https:\/\/www.irenelauretti.com\/wp-content\/uploads\/2025\/03\/AdamEva.jpg","contentUrl":"https:\/\/www.irenelauretti.com\/wp-content\/uploads\/2025\/03\/AdamEva.jpg","width":2048,"height":1152},{"@type":"BreadcrumbList","@id":"https:\/\/www.irenelauretti.com\/de\/angst-die-krankheit-der-welt\/#breadcrumb","itemListElement":[{"@type":"ListItem","position":1,"name":"Start","item":"https:\/\/www.irenelauretti.com\/de\/"},{"@type":"ListItem","position":2,"name":"ANGST &#8211; die Krankheit der Welt !"}]},{"@type":"WebSite","@id":"https:\/\/www.irenelauretti.com\/de\/#website","url":"https:\/\/www.irenelauretti.com\/de\/","name":"irenelauretti.com","description":"Autorin Mystikerin Heilerin Vision\u00e4rin","publisher":{"@id":"https:\/\/www.irenelauretti.com\/de\/#organization"},"potentialAction":[{"@type":"SearchAction","target":{"@type":"EntryPoint","urlTemplate":"https:\/\/www.irenelauretti.com\/de\/?s={search_term_string}"},"query-input":{"@type":"PropertyValueSpecification","valueRequired":true,"valueName":"search_term_string"}}],"inLanguage":"de"},{"@type":"Organization","@id":"https:\/\/www.irenelauretti.com\/de\/#organization","name":"irenelauretti.com","url":"https:\/\/www.irenelauretti.com\/de\/","logo":{"@type":"ImageObject","inLanguage":"de","@id":"https:\/\/www.irenelauretti.com\/de\/#\/schema\/logo\/image\/","url":"https:\/\/www.irenelauretti.com\/wp-content\/uploads\/2013\/08\/Logo_with.png","contentUrl":"https:\/\/www.irenelauretti.com\/wp-content\/uploads\/2013\/08\/Logo_with.png","width":180,"height":113,"caption":"irenelauretti.com"},"image":{"@id":"https:\/\/www.irenelauretti.com\/de\/#\/schema\/logo\/image\/"}},{"@type":"Person","@id":"https:\/\/www.irenelauretti.com\/#\/schema\/person\/9b37781a704f7dced3b52f53e1f6e8b7","name":"Marko","image":{"@type":"ImageObject","inLanguage":"de","@id":"https:\/\/secure.gravatar.com\/avatar\/f6f879634c98a38618a79c5686b847b81cc6b637246368c5bac421ce9b695087?s=96&d=mm&r=g","url":"https:\/\/secure.gravatar.com\/avatar\/f6f879634c98a38618a79c5686b847b81cc6b637246368c5bac421ce9b695087?s=96&d=mm&r=g","contentUrl":"https:\/\/secure.gravatar.com\/avatar\/f6f879634c98a38618a79c5686b847b81cc6b637246368c5bac421ce9b695087?s=96&d=mm&r=g","caption":"Marko"},"url":"https:\/\/www.irenelauretti.com\/de\/author\/marko\/"}]}},"cc_featured_image_caption":{"caption_text":"","source_text":"","source_url":""},"_links":{"self":[{"href":"https:\/\/www.irenelauretti.com\/de\/wp-json\/wp\/v2\/posts\/5638","targetHints":{"allow":["GET"]}}],"collection":[{"href":"https:\/\/www.irenelauretti.com\/de\/wp-json\/wp\/v2\/posts"}],"about":[{"href":"https:\/\/www.irenelauretti.com\/de\/wp-json\/wp\/v2\/types\/post"}],"author":[{"embeddable":true,"href":"https:\/\/www.irenelauretti.com\/de\/wp-json\/wp\/v2\/users\/3"}],"replies":[{"embeddable":true,"href":"https:\/\/www.irenelauretti.com\/de\/wp-json\/wp\/v2\/comments?post=5638"}],"version-history":[{"count":2,"href":"https:\/\/www.irenelauretti.com\/de\/wp-json\/wp\/v2\/posts\/5638\/revisions"}],"predecessor-version":[{"id":5641,"href":"https:\/\/www.irenelauretti.com\/de\/wp-json\/wp\/v2\/posts\/5638\/revisions\/5641"}],"wp:featuredmedia":[{"embeddable":true,"href":"https:\/\/www.irenelauretti.com\/de\/wp-json\/wp\/v2\/media\/5639"}],"wp:attachment":[{"href":"https:\/\/www.irenelauretti.com\/de\/wp-json\/wp\/v2\/media?parent=5638"}],"wp:term":[{"taxonomy":"category","embeddable":true,"href":"https:\/\/www.irenelauretti.com\/de\/wp-json\/wp\/v2\/categories?post=5638"},{"taxonomy":"post_tag","embeddable":true,"href":"https:\/\/www.irenelauretti.com\/de\/wp-json\/wp\/v2\/tags?post=5638"}],"curies":[{"name":"wp","href":"https:\/\/api.w.org\/{rel}","templated":true}]}}