{"id":5671,"date":"2025-04-06T11:17:03","date_gmt":"2025-04-06T09:17:03","guid":{"rendered":"https:\/\/www.irenelauretti.com\/?p=5671"},"modified":"2025-04-06T11:18:33","modified_gmt":"2025-04-06T09:18:33","slug":"seele-ist-sie-erklaerbar","status":"publish","type":"post","link":"https:\/\/www.irenelauretti.com\/de\/seele-ist-sie-erklaerbar\/","title":{"rendered":"SEELE &#8211; ist sie &#8222;erkl\u00e4rbar&#8220;?"},"content":{"rendered":"<p><\/p>\n<h1 class=\"western\"><strong><span style=\"color: #080809;\"><span style=\"font-family: inherit;\"><span style=\"font-size: medium;\"><b>SEELE &#8211; ist sie &#8222;erkl\u00e4rbar&#8220;?<\/b><\/span><\/span><\/span><\/strong><\/h1>\n<p><strong><span style=\"color: #080809;\"><span style=\"font-family: inherit;\"><span style=\"font-size: medium;\"><b>K\u00f6rper, Geist und SEELE\u00a0<\/b><\/span><\/span><\/span><\/strong><span style=\"color: #080809;\"><span style=\"font-family: inherit;\"><span style=\"font-size: medium;\">&#8211; von so vielen Menschen werden diese Begriffe genutzt, auch von Therapeuten, Menschen die behaupten mit der &#8222;Seele&#8220; und dem &#8222;Geist&#8220; zu &#8222;arbeiten&#8220;, und dennoch gar nicht wissen, was das eine und das andere ist &#8230;<\/span><\/span><\/span><\/p>\n<h4 class=\"western\"><strong><span style=\"color: #080809;\"><span style=\"font-family: inherit;\"><span style=\"font-size: medium;\"><b>WAS ist die SEELE?<\/b><\/span><\/span><\/span><\/strong><\/h4>\n<h4 class=\"western\"><span style=\"color: #080809;\"><span style=\"font-family: inherit;\"><span style=\"font-size: medium;\">Die\u00a0<\/span><\/span><\/span><strong><span style=\"color: #080809;\"><span style=\"font-family: inherit;\"><span style=\"font-size: medium;\"><b>SEELE<\/b><\/span><\/span><\/span><\/strong><span style=\"color: #080809;\"><span style=\"font-family: inherit;\"><span style=\"font-size: medium;\">\u00a0ist die\u00a0<\/span><\/span><\/span><strong><span style=\"color: #080809;\"><span style=\"font-family: inherit;\"><span style=\"font-size: medium;\"><b>Vermittlerin<\/b><\/span><\/span><\/span><\/strong><span style=\"color: #080809;\"><span style=\"font-family: inherit;\"><span style=\"font-size: medium;\">\u00a0zwischen\u00a0<\/span><\/span><\/span><strong><span style=\"color: #080809;\"><span style=\"font-family: inherit;\"><span style=\"font-size: medium;\"><b>Geist\u00a0<\/b><\/span><\/span><\/span><\/strong><span style=\"color: #080809;\"><span style=\"font-family: inherit;\"><span style=\"font-size: medium;\">und\u00a0<\/span><\/span><\/span><strong><span style=\"color: #080809;\"><span style=\"font-family: inherit;\"><span style=\"font-size: medium;\"><b>K\u00f6rper<\/b><\/span><\/span><\/span><\/strong><span style=\"color: #080809;\"><span style=\"font-family: inherit;\"><span style=\"font-size: medium;\">\u00a0&#8230;<\/span><\/span><\/span><\/h4>\n<h4 class=\"western\"><em><span style=\"color: #080809;\"><span style=\"font-family: inherit;\"><span style=\"font-size: medium;\">durch<\/span><\/span><\/span><\/em><span style=\"color: #080809;\"><span style=\"font-family: inherit;\"><span style=\"font-size: medium;\">\u00a0ihre\u00a0<\/span><\/span><\/span><strong><span style=\"color: #080809;\"><span style=\"font-family: inherit;\"><span style=\"font-size: medium;\"><b>12 Tore der SEELE<\/b><\/span><\/span><\/span><\/strong><span style=\"color: #080809;\"><span style=\"font-family: inherit;\"><span style=\"font-size: medium;\">\u00a0bzw. durch ihre\u00a0<\/span><\/span><\/span><strong><span style=\"color: #080809;\"><span style=\"font-family: inherit;\"><span style=\"font-size: medium;\"><b>12 Organkr\u00e4fte,<\/b><\/span><\/span><\/span><\/strong><span style=\"color: #080809;\"><span style=\"font-family: inherit;\"><span style=\"font-size: medium;\">\u00a0ihre Werkzeuge, die Organenergien,\u00a0<\/span><\/span><\/span><strong><span style=\"color: #080809;\"><span style=\"font-family: inherit;\"><span style=\"font-size: medium;\"><b>Sch\u00f6pfungskr\u00e4fte der SEELE!<\/b><\/span><\/span><\/span><\/strong><span style=\"color: #080809;\"><span style=\"font-family: inherit;\"><span style=\"font-size: medium;\">\u00a0(so die Original\u00fcbersetzung f\u00fcr\u00a0<\/span><\/span><\/span><em><span style=\"color: #080809;\"><span style=\"font-family: inherit;\"><span style=\"font-size: medium;\">&#8222;organon&#8220;\u00a0<\/span><\/span><\/span><\/em><span style=\"color: #080809;\"><span style=\"font-family: inherit;\"><span style=\"font-size: medium;\">aus dem Altgriechischen)<\/span><\/span><\/span><em><span style=\"color: #080809;\"><span style=\"font-family: inherit;\"><span style=\"font-size: medium;\">\u00a0<\/span><\/span><\/span><\/em><span style=\"color: #080809;\"><span style=\"font-family: inherit;\"><span style=\"font-size: medium;\">aus dem diese sind mit anderen Worten &#8222;SEELE&#8220;, &#8230;<\/span><\/span><\/span><\/h4>\n<p><span style=\"color: #080809;\"><span style=\"font-family: inherit;\"><span style=\"font-size: medium;\">&#8230;. was auch erkl\u00e4rt warum\u00a0<\/span><\/span><\/span><strong><span style=\"color: #080809;\"><span style=\"font-family: inherit;\"><span style=\"font-size: medium;\"><b>JEDE k\u00f6rperliche Krankheit ihren Ursprung in der SEELE\u00a0<\/b><\/span><\/span><\/span><\/strong><span style=\"color: #080809;\"><span style=\"font-family: inherit;\"><span style=\"font-size: medium;\">bzw. in einer blockierten Vermittlung eben dieser zwischen Geist und K\u00f6rper hat &#8230; oder, genauer ausgedr\u00fcckt: in einer oder mehreren Blockaden ihre Organstr\u00f6me, ihrer Werkzeuge &#8230;<\/span><\/span><\/span><\/p>\n<p><span style=\"color: #080809;\"><span style=\"font-family: inherit;\"><span style=\"font-size: medium;\">Der\u00a0<\/span><\/span><\/span><strong><span style=\"color: #080809;\"><span style=\"font-family: inherit;\"><span style=\"font-size: medium;\"><b>GEIST ist immer unantastbar<\/b><\/span><\/span><\/span><\/strong><span style=\"color: #080809;\"><span style=\"font-family: inherit;\"><span style=\"font-size: medium;\">, er ist IN JEDEM AUGENBLICK das\u00a0<\/span><\/span><\/span><strong><span style=\"color: #080809;\"><span style=\"font-family: inherit;\"><span style=\"font-size: medium;\"><b>WAHRE ICH<\/b><\/span><\/span><\/span><\/strong><span style=\"color: #080809;\"><span style=\"font-family: inherit;\"><span style=\"font-size: medium;\">,<\/span><\/span><\/span><\/p>\n<h4 class=\"western\"><strong><span style=\"color: #080809;\"><span style=\"font-family: inherit;\"><span style=\"font-size: medium;\"><b>das L ICH T<\/b><\/span><\/span><\/span><\/strong><\/h4>\n<h4 class=\"western\"><span style=\"color: #080809;\"><span style=\"font-family: inherit;\"><span style=\"font-size: medium;\">aus dem Du Dich kontinuierlich NEU\u00a0<\/span><\/span><\/span><em><span style=\"color: #080809;\"><span style=\"font-family: inherit;\"><span style=\"font-size: medium;\">ENTFALTEST<\/span><\/span><\/span><\/em><span style=\"color: #080809;\"><span style=\"font-family: inherit;\"><span style=\"font-size: medium;\">\u00a0&#8230;<\/span><\/span><\/span><\/h4>\n<p><span style=\"color: #080809;\"><span style=\"font-family: inherit;\"><span style=\"font-size: medium;\">&#8230; somit kann es auch keine &#8222;Geistes-&#8222;krankheiten&#8220; geben &#8230; diese sind in Wahrheit\u00a0<\/span><\/span><\/span><strong><span style=\"color: #080809;\"><span style=\"font-family: inherit;\"><span style=\"font-size: medium;\"><b>Blockaden der SEELE,<\/b><\/span><\/span><\/span><\/strong><span style=\"color: #080809;\"><span style=\"font-family: inherit;\"><span style=\"font-size: medium;\">\u00a0die den &#8222;Geist&#8220; nicht erreicht&#8220;! Aber nicht der Geist selbst!<\/span><\/span><\/span><\/p>\n<h4 class=\"western\"><span style=\"color: #080809;\"><span style=\"font-family: inherit;\"><span style=\"font-size: medium;\">Dieser ist IMMER vollkommen HEIL, eingebettet in der ewigen, \u00fcber-irdischen Einheits- und Gottebene!<\/span><\/span><\/span><\/h4>\n<p><span style=\"color: #080809;\"><span style=\"font-family: inherit;\"><span style=\"font-size: medium;\">Sieh Dir dazu auch die Abbildung an auf Seite 161 in meinem Hauptwerk<\/span><\/span><\/span><\/p>\n<h4 class=\"western\"><span style=\"color: #080809;\"><span style=\"font-family: inherit;\"><span style=\"font-size: medium;\">&#8222;<a href=\"https:\/\/amzn.to\/2lbjd6l\" target=\"_blank\" rel=\"noopener\">Der Mond und der kosmische Code der Sch\u00f6pfung<\/a>&#8222;<\/span><\/span><\/span><\/h4>\n<p><span style=\"color: #080809;\"><span style=\"font-family: inherit;\"><span style=\"font-size: medium;\">&#8230; dort zeige ich genau dies bildlich, genau DARUM geht es ja im kosmischen Code der Sch\u00f6pfung!<\/span><\/span><\/span><\/p>\n<p><span style=\"color: #080809;\"><span style=\"font-family: inherit;\"><span style=\"font-size: medium;\">Es geht um<\/span><\/span><\/span><\/p>\n<p><span style=\"color: #080809;\"><span style=\"font-family: inherit;\"><span style=\"font-size: medium;\">die\u00a0<\/span><\/span><\/span><strong><span style=\"color: #080809;\"><span style=\"font-family: inherit;\"><span style=\"font-size: medium;\"><b>Vermittlung der SEELE!<\/b><\/span><\/span><\/span><\/strong><span style=\"color: #080809;\"><span style=\"font-family: inherit;\"><span style=\"font-size: medium;\">\u00a0wobei<\/span><\/span><\/span><\/p>\n<h4 class=\"western\"><span style=\"color: #080809;\"><span style=\"font-family: inherit;\"><span style=\"font-size: medium;\">&#8222;die SEELE f\u00fcr den Menschen das ist, was der MOND f\u00fcr die SEELE ist!&#8220;<\/span><\/span><\/span><\/h4>\n<p><span style=\"color: #080809;\"><span style=\"font-family: inherit;\"><span style=\"font-size: medium;\">(&#8222;Der Mond und der kosmische Code der Sch\u00f6pfung&#8220;)<\/span><\/span><\/span><\/p>\n<h4 class=\"western\"><span style=\"color: #080809;\"><span style=\"font-family: inherit;\"><span style=\"font-size: medium;\">, und darum ist der\u00a0<\/span><\/span><\/span><strong><span style=\"color: #080809;\"><span style=\"font-family: inherit;\"><span style=\"font-size: medium;\"><b>MOND<\/b><\/span><\/span><\/span><\/strong><span style=\"color: #080809;\"><span style=\"font-family: inherit;\"><span style=\"font-size: medium;\">\u00a0unerl\u00e4sslich um die\u00a0<\/span><\/span><\/span><strong><span style=\"color: #080809;\"><span style=\"font-family: inherit;\"><span style=\"font-size: medium;\"><b>SEELE\u00a0<\/b><\/span><\/span><\/span><\/strong><span style=\"color: #080809;\"><span style=\"font-family: inherit;\"><span style=\"font-size: medium;\">zu erkennen und um \u00fcberhaupt zu inkarnieren!<\/span><\/span><\/span><\/h4>\n<p><span style=\"color: #080809;\"><span style=\"font-family: inherit;\"><span style=\"font-size: medium;\">Eine Heilkunst, die den\u00a0<\/span><\/span><\/span><strong><span style=\"color: #080809;\"><span style=\"font-family: inherit;\"><span style=\"font-size: medium;\"><b>MOND<\/b><\/span><\/span><\/span><\/strong><span style=\"color: #080809;\"><span style=\"font-family: inherit;\"><span style=\"font-size: medium;\">\u00a0und damit die\u00a0<\/span><\/span><\/span><strong><span style=\"color: #080809;\"><span style=\"font-family: inherit;\"><span style=\"font-size: medium;\"><b>SEELE<\/b><\/span><\/span><\/span><\/strong><span style=\"color: #080809;\"><span style=\"font-family: inherit;\"><span style=\"font-size: medium;\">\u00a0bzw. die<\/span><\/span><\/span><strong><span style=\"color: #080809;\"><span style=\"font-family: inherit;\"><span style=\"font-size: medium;\">\u00a0<\/span><\/span><\/span><\/strong><strong><span style=\"color: #080809;\"><span style=\"font-family: inherit;\"><span style=\"font-size: medium;\"><b>SEELE<\/b><\/span><\/span><\/span><\/strong><span style=\"color: #080809;\"><span style=\"font-family: inherit;\"><span style=\"font-size: medium;\">\u00a0und den\u00a0<\/span><\/span><\/span><strong><span style=\"color: #080809;\"><span style=\"font-family: inherit;\"><span style=\"font-size: medium;\"><b>MOND<\/b><\/span><\/span><\/span><\/strong><span style=\"color: #080809;\"><span style=\"font-family: inherit;\"><span style=\"font-size: medium;\">\u00a0als solches nicht erkennt, ist niemals vollst\u00e4ndig und wird den Menschen auch nicht zu vollkommener Heilung f\u00fchren!<\/span><\/span><\/span><\/p>\n<h4 class=\"western\"><span style=\"color: #080809;\"><span style=\"font-family: inherit;\"><span style=\"font-size: medium;\">Der MENSCH HEILT\u00a0<\/span><\/span><\/span><em><span style=\"color: #080809;\"><span style=\"font-family: inherit;\"><span style=\"font-size: medium;\">durch<\/span><\/span><\/span><\/em><span style=\"color: #080809;\"><span style=\"font-family: inherit;\"><span style=\"font-size: medium;\">\u00a0die SEELE!<\/span><\/span><\/span><\/h4>\n<p><span style=\"color: #080809;\"><span style=\"font-family: inherit;\"><span style=\"font-size: medium;\">es geht in ALLEM und IMMER um deren Vermittlung zwischen Geist und K\u00f6rper &#8211; darum geht es im irdischen Leben, dieser Tanz IST das irdische LEBEN!<\/span><\/span><\/span><\/p>\n<h4 class=\"western\"><span style=\"color: #080809;\"><span style=\"font-family: inherit;\"><span style=\"font-size: medium;\">Dieser TANZ bist DU &#8230; DURCH Deine 12 heiligen ORGANKR\u00c4FTE &#8211;<\/span><\/span><\/span><\/h4>\n<p><span style=\"color: #080809;\"><span style=\"font-family: inherit;\"><span style=\"font-size: medium;\">und wer diese\u00a0<\/span><\/span><\/span><strong><span style=\"color: #080809;\"><span style=\"font-family: inherit;\"><span style=\"font-size: medium;\"><b>12 ORGANE BEWUSST lebt<\/b><\/span><\/span><\/span><\/strong><span style=\"color: #080809;\"><span style=\"font-family: inherit;\"><span style=\"font-size: medium;\">\u00a0&#8211; sich\u00a0<\/span><\/span><\/span><em><span style=\"color: #080809;\"><span style=\"font-family: inherit;\"><span style=\"font-size: medium;\">durch<\/span><\/span><\/span><\/em><span style=\"color: #080809;\"><span style=\"font-family: inherit;\"><span style=\"font-size: medium;\">\u00a0SIE erKENNT &#8211;<\/span><\/span><\/span><\/p>\n<p><span style=\"color: #080809;\"><span style=\"font-family: inherit;\"><span style=\"font-size: medium;\">der, meine Lieben &#8211;<\/span><\/span><\/span><\/p>\n<h4 class=\"western\"><span style=\"color: #080809;\"><span style=\"font-family: inherit;\"><span style=\"font-size: medium;\">MEISTERT das LEBEN und steigt \u00dcBER Tod und Krankheit in das EWIGE LEBEN auf &#8211;<\/span><\/span><\/span><\/h4>\n<p><span style=\"color: #080809;\"><span style=\"font-family: inherit;\"><span style=\"font-size: medium;\">und zwar bereits &#8211; und NUR so! &#8211; in und\u00a0<\/span><\/span><\/span><strong><span style=\"color: #080809;\"><span style=\"font-family: inherit;\"><span style=\"font-size: medium;\"><b>durch das MENSCH-SEIN!<\/b><\/span><\/span><\/span><\/strong><\/p>\n<p><strong><span style=\"color: #080809;\"><span style=\"font-family: inherit;\"><span style=\"font-size: medium;\"><b>Die MEISTER ung des MENSCH-SEINS &#8211;<\/b><\/span><\/span><\/span><\/strong><\/p>\n<h4 class=\"western\"><span style=\"color: #080809;\"><span style=\"font-family: inherit;\"><span style=\"font-size: medium;\">Die heilige KREUZigung der SEELE &#8211;<\/span><\/span><\/span><\/h4>\n<p><span style=\"color: #080809;\"><span style=\"font-family: inherit;\"><span style=\"font-size: medium;\">vorgef\u00fchrt durch Christus vor 2000 Jahren &#8211; wird sie JETZT im 3. Jahrtausend<\/span><\/span><\/span><\/p>\n<p><span style=\"color: #080809;\"><span style=\"font-family: inherit;\"><span style=\"font-size: medium;\">von den Menschen vollzogen werden &#8211;<\/span><\/span><\/span><\/p>\n<h4 class=\"western\"><span style=\"color: #080809;\"><span style=\"font-family: inherit;\"><span style=\"font-size: medium;\">durch das WAHRE MOND &#8211; SEELEN &#8211; BEWUSSTSEIN &#8211;<\/span><\/span><\/span><\/h4>\n<p><span style=\"color: #080809;\"><span style=\"font-family: inherit;\"><span style=\"font-size: medium;\">welches durch mich in die Welt getragen werden soll &#8211;<\/span><\/span><\/span><\/p>\n<p><span style=\"color: #080809;\"><span style=\"font-family: inherit;\"><span style=\"font-size: medium;\">ich gebe es Dir &#8211; weltweit einzigartige und aktuell NUR in DEUTSCH &#8211; der BEWUSSTSEINSSPRACHE &#8211; vollst\u00e4ndig mit meinem Hauptwerk<\/span><\/span><\/span><\/p>\n<h4 class=\"western\"><a href=\"https:\/\/amzn.to\/2lbjd6l\" target=\"_blank\" rel=\"noopener\"><strong><span style=\"color: #080809;\"><span style=\"font-family: inherit;\"><span style=\"font-size: medium;\"><b>Der Mond und der kosmische Code der Sch\u00f6pfung<\/b><\/span><\/span><\/span><\/strong><\/a><\/h4>\n<p><span style=\"color: #080809;\"><span style=\"font-family: inherit;\"><span style=\"font-size: medium;\">ICH F\u00dcHRE DICH T\u00c4GLICh durch DEINE ORGANE im EINKLANG mit dem MOND<\/span><\/span><\/span><\/p>\n<p><span style=\"color: #080809;\"><span style=\"font-family: inherit;\"><span style=\"font-size: medium;\">mit meiner weltweit einzigartigen<\/span><\/span><\/span><\/p>\n<h4 class=\"western\"><a href=\"https:\/\/lunajin.irenelauretti.com\" target=\"_blank\" rel=\"noopener\"><strong><span style=\"color: #080809;\"><span style=\"font-family: inherit;\"><span style=\"font-size: medium;\"><b>APP zum MONDSTR\u00d6MEN\u00ae<br \/>\n<\/b><\/span><\/span><\/span><\/strong><strong><span style=\"color: #080809;\"><span style=\"font-family: inherit;\"><span style=\"font-size: medium;\"><b>LunaJin\u00ae Mond&amp;Gesundheit<\/b><\/span><\/span><\/span><\/strong><\/a><\/h4>\n<p><span style=\"color: #080809;\"><span style=\"font-family: inherit;\"><span style=\"font-size: medium;\">und auch &#8211; ganz einfach mit dem Tages-ORGAN und Tage-Energetisierungsfinger und der STERN-Entfaltung auch zum Mitzeichnen mit meinem Mond-Taschenkalender<\/span><\/span><\/span><\/p>\n<p><a href=\"https:\/\/amzn.to\/4a0mo3c\" target=\"_blank\" rel=\"noopener\"><strong><span style=\"color: #080809;\"><span style=\"font-family: inherit;\"><span style=\"font-size: medium;\"><b>Der besondere Mondkalender &#8211; Gesundheit in Deiner Hand 2025<\/b><\/span><\/span><\/span><\/strong><\/a><\/p>\n<p>&nbsp;<\/p>\n<p><img fetchpriority=\"high\" decoding=\"async\" class=\"aligncenter wp-image-297\" src=\"https:\/\/www.irenelauretti.com\/wp-content\/uploads\/2013\/09\/Logo_mobile-300x188.png\" alt=\"\" width=\"337\" height=\"211\" srcset=\"https:\/\/www.irenelauretti.com\/wp-content\/uploads\/2013\/09\/Logo_mobile-300x188.png 300w, https:\/\/www.irenelauretti.com\/wp-content\/uploads\/2013\/09\/Logo_mobile-330x207.png 330w, https:\/\/www.irenelauretti.com\/wp-content\/uploads\/2013\/09\/Logo_mobile-90x56.png 90w, https:\/\/www.irenelauretti.com\/wp-content\/uploads\/2013\/09\/Logo_mobile-150x94.png 150w, https:\/\/www.irenelauretti.com\/wp-content\/uploads\/2013\/09\/Logo_mobile.png 360w\" sizes=\"(max-width: 337px) 100vw, 337px\" \/><\/p>\n<p>&nbsp;<\/p>","protected":false},"excerpt":{"rendered":"<p>SEELE &#8211; ist sie &#8222;erkl\u00e4rbar&#8220;? K\u00f6rper, Geist und SEELE\u00a0&#8211; von so vielen Menschen werden diese Begriffe genutzt, auch von Therapeuten, Menschen die behaupten mit der &#8222;Seele&#8220; und dem &#8222;Geist&#8220; zu &#8222;arbeiten&#8220;, und dennoch gar nicht wissen, was das eine und das andere ist &#8230; WAS ist die SEELE? Die\u00a0SEELE\u00a0ist die\u00a0Vermittlerin\u00a0zwischen\u00a0Geist\u00a0und\u00a0K\u00f6rper\u00a0&#8230; durch\u00a0ihre\u00a012 Tore der SEELE\u00a0bzw. durch [&hellip;]<\/p>\n","protected":false},"author":3,"featured_media":5672,"comment_status":"open","ping_status":"open","sticky":false,"template":"","format":"standard","meta":{"_coblocks_attr":"","_coblocks_dimensions":"","_coblocks_responsive_height":"","_coblocks_accordion_ie_support":"","ocean_post_layout":"","ocean_both_sidebars_style":"","ocean_both_sidebars_content_width":0,"ocean_both_sidebars_sidebars_width":0,"ocean_sidebar":"0","ocean_second_sidebar":"0","ocean_disable_margins":"enable","ocean_add_body_class":"","ocean_shortcode_before_top_bar":"","ocean_shortcode_after_top_bar":"","ocean_shortcode_before_header":"","ocean_shortcode_after_header":"","ocean_has_shortcode":"","ocean_shortcode_after_title":"","ocean_shortcode_before_footer_widgets":"","ocean_shortcode_after_footer_widgets":"","ocean_shortcode_before_footer_bottom":"","ocean_shortcode_after_footer_bottom":"","ocean_display_top_bar":"default","ocean_display_header":"default","ocean_header_style":"","ocean_center_header_left_menu":"0","ocean_custom_header_template":"0","ocean_custom_logo":0,"ocean_custom_retina_logo":0,"ocean_custom_logo_max_width":0,"ocean_custom_logo_tablet_max_width":0,"ocean_custom_logo_mobile_max_width":0,"ocean_custom_logo_max_height":0,"ocean_custom_logo_tablet_max_height":0,"ocean_custom_logo_mobile_max_height":0,"ocean_header_custom_menu":"0","ocean_menu_typo_font_family":"0","ocean_menu_typo_font_subset":"","ocean_menu_typo_font_size":0,"ocean_menu_typo_font_size_tablet":0,"ocean_menu_typo_font_size_mobile":0,"ocean_menu_typo_font_size_unit":"px","ocean_menu_typo_font_weight":"","ocean_menu_typo_font_weight_tablet":"","ocean_menu_typo_font_weight_mobile":"","ocean_menu_typo_transform":"","ocean_menu_typo_transform_tablet":"","ocean_menu_typo_transform_mobile":"","ocean_menu_typo_line_height":0,"ocean_menu_typo_line_height_tablet":0,"ocean_menu_typo_line_height_mobile":0,"ocean_menu_typo_line_height_unit":"","ocean_menu_typo_spacing":0,"ocean_menu_typo_spacing_tablet":0,"ocean_menu_typo_spacing_mobile":0,"ocean_menu_typo_spacing_unit":"","ocean_menu_link_color":"","ocean_menu_link_color_hover":"","ocean_menu_link_color_active":"","ocean_menu_link_background":"","ocean_menu_link_hover_background":"","ocean_menu_link_active_background":"","ocean_menu_social_links_bg":"","ocean_menu_social_hover_links_bg":"","ocean_menu_social_links_color":"","ocean_menu_social_hover_links_color":"","ocean_disable_title":"default","ocean_disable_heading":"default","ocean_post_title":"","ocean_post_subheading":"","ocean_post_title_style":"","ocean_post_title_background_color":"","ocean_post_title_background":0,"ocean_post_title_bg_image_position":"","ocean_post_title_bg_image_attachment":"","ocean_post_title_bg_image_repeat":"","ocean_post_title_bg_image_size":"","ocean_post_title_height":0,"ocean_post_title_bg_overlay":0.5,"ocean_post_title_bg_overlay_color":"","ocean_disable_breadcrumbs":"default","ocean_breadcrumbs_color":"","ocean_breadcrumbs_separator_color":"","ocean_breadcrumbs_links_color":"","ocean_breadcrumbs_links_hover_color":"","ocean_display_footer_widgets":"default","ocean_display_footer_bottom":"default","ocean_custom_footer_template":"0","omw_enable_modal_window":"enable","_themeisle_gutenberg_block_has_review":false,"ocean_post_oembed":"","ocean_post_self_hosted_media":"","ocean_post_video_embed":"","ocean_link_format":"","ocean_link_format_target":"self","ocean_quote_format":"","ocean_quote_format_link":"post","ocean_gallery_link_images":"on","ocean_gallery_id":[],"footnotes":""},"categories":[33,202,123,72],"tags":[1288,508,527,299,302,293,495,201,1289,626,506,525,1287,500],"class_list":["post-5671","post","type-post","status-publish","format-standard","has-post-thumbnail","hentry","category-der-mond-und-der-kosmische-code-der-schopfung","category-organstrome","category-seele","category-wahrheit","tag-12-heiligen-tore","tag-bewusstsein","tag-christus","tag-dreieinheit","tag-geist","tag-kosmos","tag-mond","tag-organe","tag-organweisheit","tag-schoepfungswissen","tag-seele","tag-seelentore","tag-vermittlung","tag-wahrheit","entry","has-media"],"yoast_head":"<!-- This site is optimized with the Yoast SEO plugin v27.4 - https:\/\/yoast.com\/product\/yoast-seo-wordpress\/ -->\n<title>SEELE - ist sie &quot;erkl\u00e4rbar&quot;? - irenelauretti.com<\/title>\n<meta name=\"robots\" content=\"index, follow, max-snippet:-1, max-image-preview:large, max-video-preview:-1\" \/>\n<link rel=\"canonical\" href=\"https:\/\/www.irenelauretti.com\/de\/seele-ist-sie-erklaerbar\/\" \/>\n<meta name=\"twitter:card\" content=\"summary_large_image\" \/>\n<meta name=\"twitter:title\" content=\"SEELE - ist sie &quot;erkl\u00e4rbar&quot;? - irenelauretti.com\" \/>\n<meta name=\"twitter:description\" content=\"SEELE &#8211; ist sie &#8222;erkl\u00e4rbar&#8220;? K\u00f6rper, Geist und SEELE\u00a0&#8211; von so vielen Menschen werden diese Begriffe genutzt, auch von Therapeuten, Menschen die behaupten mit der &#8222;Seele&#8220; und dem &#8222;Geist&#8220; zu &#8222;arbeiten&#8220;, und dennoch gar nicht wissen, was das eine und das andere ist &#8230; WAS ist die SEELE? Die\u00a0SEELE\u00a0ist die\u00a0Vermittlerin\u00a0zwischen\u00a0Geist\u00a0und\u00a0K\u00f6rper\u00a0&#8230; durch\u00a0ihre\u00a012 Tore der SEELE\u00a0bzw. durch [&hellip;]\" \/>\n<meta name=\"twitter:image\" content=\"https:\/\/www.irenelauretti.com\/wp-content\/uploads\/2025\/04\/IstSeeleErklaerbar.jpg\" \/>\n<meta name=\"twitter:label1\" content=\"Verfasst von\" \/>\n\t<meta name=\"twitter:data1\" content=\"Marko\" \/>\n\t<meta name=\"twitter:label2\" content=\"Gesch\u00e4tzte Lesezeit\" \/>\n\t<meta name=\"twitter:data2\" content=\"4\u00a0Minuten\" \/>\n<script type=\"application\/ld+json\" class=\"yoast-schema-graph\">{\"@context\":\"https:\\\/\\\/schema.org\",\"@graph\":[{\"@type\":\"Article\",\"@id\":\"https:\\\/\\\/www.irenelauretti.com\\\/seele-ist-sie-erklaerbar\\\/#article\",\"isPartOf\":{\"@id\":\"https:\\\/\\\/www.irenelauretti.com\\\/seele-ist-sie-erklaerbar\\\/\"},\"author\":{\"name\":\"Marko\",\"@id\":\"https:\\\/\\\/www.irenelauretti.com\\\/#\\\/schema\\\/person\\\/9b37781a704f7dced3b52f53e1f6e8b7\"},\"headline\":\"SEELE &#8211; ist sie &#8222;erkl\u00e4rbar&#8220;?\",\"datePublished\":\"2025-04-06T09:17:03+00:00\",\"dateModified\":\"2025-04-06T09:18:33+00:00\",\"mainEntityOfPage\":{\"@id\":\"https:\\\/\\\/www.irenelauretti.com\\\/seele-ist-sie-erklaerbar\\\/\"},\"wordCount\":551,\"commentCount\":0,\"publisher\":{\"@id\":\"https:\\\/\\\/www.irenelauretti.com\\\/#organization\"},\"image\":{\"@id\":\"https:\\\/\\\/www.irenelauretti.com\\\/seele-ist-sie-erklaerbar\\\/#primaryimage\"},\"thumbnailUrl\":\"https:\\\/\\\/www.irenelauretti.com\\\/wp-content\\\/uploads\\\/2025\\\/04\\\/IstSeeleErklaerbar.jpg\",\"keywords\":[\"12 heiligen Tore\",\"Bewusstsein\",\"Christus\",\"Dreieinheit\",\"Geist\",\"Kosmos\",\"Mond\",\"Organe\",\"Organweisheit\",\"Sch\u00f6pfungswissen\",\"Seele\",\"Seelentore\",\"Vermittlung\",\"Wahrheit\"],\"articleSection\":[\"Der Mond und der kosmische Code der Sch\u00f6pfung\",\"Organstr\u00f6me\",\"Seele\",\"Wahrheit\"],\"inLanguage\":\"de\",\"potentialAction\":[{\"@type\":\"CommentAction\",\"name\":\"Comment\",\"target\":[\"https:\\\/\\\/www.irenelauretti.com\\\/seele-ist-sie-erklaerbar\\\/#respond\"]}]},{\"@type\":\"WebPage\",\"@id\":\"https:\\\/\\\/www.irenelauretti.com\\\/de\\\/seele-ist-sie-erklaerbar\\\/\",\"url\":\"https:\\\/\\\/www.irenelauretti.com\\\/de\\\/seele-ist-sie-erklaerbar\\\/\",\"name\":\"SEELE - ist sie \\\"erkl\u00e4rbar\\\"? - irenelauretti.com\",\"isPartOf\":{\"@id\":\"https:\\\/\\\/www.irenelauretti.com\\\/de\\\/#website\"},\"primaryImageOfPage\":{\"@id\":\"https:\\\/\\\/www.irenelauretti.com\\\/de\\\/seele-ist-sie-erklaerbar\\\/#primaryimage\"},\"image\":{\"@id\":\"https:\\\/\\\/www.irenelauretti.com\\\/seele-ist-sie-erklaerbar\\\/#primaryimage\"},\"thumbnailUrl\":\"https:\\\/\\\/www.irenelauretti.com\\\/wp-content\\\/uploads\\\/2025\\\/04\\\/IstSeeleErklaerbar.jpg\",\"datePublished\":\"2025-04-06T09:17:03+00:00\",\"dateModified\":\"2025-04-06T09:18:33+00:00\",\"breadcrumb\":{\"@id\":\"https:\\\/\\\/www.irenelauretti.com\\\/de\\\/seele-ist-sie-erklaerbar\\\/#breadcrumb\"},\"inLanguage\":\"de\",\"potentialAction\":[{\"@type\":\"ReadAction\",\"target\":[[\"https:\\\/\\\/www.irenelauretti.com\\\/de\\\/seele-ist-sie-erklaerbar\\\/\"]]}]},{\"@type\":\"ImageObject\",\"inLanguage\":\"de\",\"@id\":\"https:\\\/\\\/www.irenelauretti.com\\\/de\\\/seele-ist-sie-erklaerbar\\\/#primaryimage\",\"url\":\"https:\\\/\\\/www.irenelauretti.com\\\/wp-content\\\/uploads\\\/2025\\\/04\\\/IstSeeleErklaerbar.jpg\",\"contentUrl\":\"https:\\\/\\\/www.irenelauretti.com\\\/wp-content\\\/uploads\\\/2025\\\/04\\\/IstSeeleErklaerbar.jpg\",\"width\":1024,\"height\":1024},{\"@type\":\"BreadcrumbList\",\"@id\":\"https:\\\/\\\/www.irenelauretti.com\\\/de\\\/seele-ist-sie-erklaerbar\\\/#breadcrumb\",\"itemListElement\":[{\"@type\":\"ListItem\",\"position\":1,\"name\":\"Start\",\"item\":\"https:\\\/\\\/www.irenelauretti.com\\\/de\\\/\"},{\"@type\":\"ListItem\",\"position\":2,\"name\":\"SEELE &#8211; ist sie &#8222;erkl\u00e4rbar&#8220;?\"}]},{\"@type\":\"WebSite\",\"@id\":\"https:\\\/\\\/www.irenelauretti.com\\\/de\\\/#website\",\"url\":\"https:\\\/\\\/www.irenelauretti.com\\\/de\\\/\",\"name\":\"irenelauretti.com\",\"description\":\"Autorin Mystikerin Heilerin Vision\u00e4rin\",\"publisher\":{\"@id\":\"https:\\\/\\\/www.irenelauretti.com\\\/de\\\/#organization\"},\"potentialAction\":[{\"@type\":\"SearchAction\",\"target\":{\"@type\":\"EntryPoint\",\"urlTemplate\":\"https:\\\/\\\/www.irenelauretti.com\\\/de\\\/?s={search_term_string}\"},\"query-input\":{\"@type\":\"PropertyValueSpecification\",\"valueRequired\":true,\"valueName\":\"search_term_string\"}}],\"inLanguage\":\"de\"},{\"@type\":\"Organization\",\"@id\":\"https:\\\/\\\/www.irenelauretti.com\\\/de\\\/#organization\",\"name\":\"irenelauretti.com\",\"url\":\"https:\\\/\\\/www.irenelauretti.com\\\/de\\\/\",\"logo\":{\"@type\":\"ImageObject\",\"inLanguage\":\"de\",\"@id\":\"https:\\\/\\\/www.irenelauretti.com\\\/de\\\/#\\\/schema\\\/logo\\\/image\\\/\",\"url\":\"https:\\\/\\\/www.irenelauretti.com\\\/wp-content\\\/uploads\\\/2013\\\/08\\\/Logo_with.png\",\"contentUrl\":\"https:\\\/\\\/www.irenelauretti.com\\\/wp-content\\\/uploads\\\/2013\\\/08\\\/Logo_with.png\",\"width\":180,\"height\":113,\"caption\":\"irenelauretti.com\"},\"image\":{\"@id\":\"https:\\\/\\\/www.irenelauretti.com\\\/de\\\/#\\\/schema\\\/logo\\\/image\\\/\"}},{\"@type\":\"Person\",\"@id\":\"https:\\\/\\\/www.irenelauretti.com\\\/#\\\/schema\\\/person\\\/9b37781a704f7dced3b52f53e1f6e8b7\",\"name\":\"Marko\",\"image\":{\"@type\":\"ImageObject\",\"inLanguage\":\"de\",\"@id\":\"https:\\\/\\\/secure.gravatar.com\\\/avatar\\\/f6f879634c98a38618a79c5686b847b81cc6b637246368c5bac421ce9b695087?s=96&d=mm&r=g\",\"url\":\"https:\\\/\\\/secure.gravatar.com\\\/avatar\\\/f6f879634c98a38618a79c5686b847b81cc6b637246368c5bac421ce9b695087?s=96&d=mm&r=g\",\"contentUrl\":\"https:\\\/\\\/secure.gravatar.com\\\/avatar\\\/f6f879634c98a38618a79c5686b847b81cc6b637246368c5bac421ce9b695087?s=96&d=mm&r=g\",\"caption\":\"Marko\"},\"url\":\"https:\\\/\\\/www.irenelauretti.com\\\/de\\\/author\\\/marko\\\/\"}]}<\/script>\n<!-- \/ Yoast SEO plugin. -->","yoast_head_json":{"title":"SEELE - ist sie \"erkl\u00e4rbar\"? - irenelauretti.com","robots":{"index":"index","follow":"follow","max-snippet":"max-snippet:-1","max-image-preview":"max-image-preview:large","max-video-preview":"max-video-preview:-1"},"canonical":"https:\/\/www.irenelauretti.com\/de\/seele-ist-sie-erklaerbar\/","twitter_card":"summary_large_image","twitter_title":"SEELE - ist sie \"erkl\u00e4rbar\"? - irenelauretti.com","twitter_description":"SEELE &#8211; ist sie &#8222;erkl\u00e4rbar&#8220;? K\u00f6rper, Geist und SEELE\u00a0&#8211; von so vielen Menschen werden diese Begriffe genutzt, auch von Therapeuten, Menschen die behaupten mit der &#8222;Seele&#8220; und dem &#8222;Geist&#8220; zu &#8222;arbeiten&#8220;, und dennoch gar nicht wissen, was das eine und das andere ist &#8230; WAS ist die SEELE? Die\u00a0SEELE\u00a0ist die\u00a0Vermittlerin\u00a0zwischen\u00a0Geist\u00a0und\u00a0K\u00f6rper\u00a0&#8230; durch\u00a0ihre\u00a012 Tore der SEELE\u00a0bzw. durch [&hellip;]","twitter_image":"https:\/\/www.irenelauretti.com\/wp-content\/uploads\/2025\/04\/IstSeeleErklaerbar.jpg","twitter_misc":{"Verfasst von":"Marko","Gesch\u00e4tzte Lesezeit":"4\u00a0Minuten"},"schema":{"@context":"https:\/\/schema.org","@graph":[{"@type":"Article","@id":"https:\/\/www.irenelauretti.com\/seele-ist-sie-erklaerbar\/#article","isPartOf":{"@id":"https:\/\/www.irenelauretti.com\/seele-ist-sie-erklaerbar\/"},"author":{"name":"Marko","@id":"https:\/\/www.irenelauretti.com\/#\/schema\/person\/9b37781a704f7dced3b52f53e1f6e8b7"},"headline":"SEELE &#8211; ist sie &#8222;erkl\u00e4rbar&#8220;?","datePublished":"2025-04-06T09:17:03+00:00","dateModified":"2025-04-06T09:18:33+00:00","mainEntityOfPage":{"@id":"https:\/\/www.irenelauretti.com\/seele-ist-sie-erklaerbar\/"},"wordCount":551,"commentCount":0,"publisher":{"@id":"https:\/\/www.irenelauretti.com\/#organization"},"image":{"@id":"https:\/\/www.irenelauretti.com\/seele-ist-sie-erklaerbar\/#primaryimage"},"thumbnailUrl":"https:\/\/www.irenelauretti.com\/wp-content\/uploads\/2025\/04\/IstSeeleErklaerbar.jpg","keywords":["12 heiligen Tore","Bewusstsein","Christus","Dreieinheit","Geist","Kosmos","Mond","Organe","Organweisheit","Sch\u00f6pfungswissen","Seele","Seelentore","Vermittlung","Wahrheit"],"articleSection":["Der Mond und der kosmische Code der Sch\u00f6pfung","Organstr\u00f6me","Seele","Wahrheit"],"inLanguage":"de","potentialAction":[{"@type":"CommentAction","name":"Comment","target":["https:\/\/www.irenelauretti.com\/seele-ist-sie-erklaerbar\/#respond"]}]},{"@type":"WebPage","@id":"https:\/\/www.irenelauretti.com\/de\/seele-ist-sie-erklaerbar\/","url":"https:\/\/www.irenelauretti.com\/de\/seele-ist-sie-erklaerbar\/","name":"SEELE - ist sie \"erkl\u00e4rbar\"? - irenelauretti.com","isPartOf":{"@id":"https:\/\/www.irenelauretti.com\/de\/#website"},"primaryImageOfPage":{"@id":"https:\/\/www.irenelauretti.com\/de\/seele-ist-sie-erklaerbar\/#primaryimage"},"image":{"@id":"https:\/\/www.irenelauretti.com\/seele-ist-sie-erklaerbar\/#primaryimage"},"thumbnailUrl":"https:\/\/www.irenelauretti.com\/wp-content\/uploads\/2025\/04\/IstSeeleErklaerbar.jpg","datePublished":"2025-04-06T09:17:03+00:00","dateModified":"2025-04-06T09:18:33+00:00","breadcrumb":{"@id":"https:\/\/www.irenelauretti.com\/de\/seele-ist-sie-erklaerbar\/#breadcrumb"},"inLanguage":"de","potentialAction":[{"@type":"ReadAction","target":[["https:\/\/www.irenelauretti.com\/de\/seele-ist-sie-erklaerbar\/"]]}]},{"@type":"ImageObject","inLanguage":"de","@id":"https:\/\/www.irenelauretti.com\/de\/seele-ist-sie-erklaerbar\/#primaryimage","url":"https:\/\/www.irenelauretti.com\/wp-content\/uploads\/2025\/04\/IstSeeleErklaerbar.jpg","contentUrl":"https:\/\/www.irenelauretti.com\/wp-content\/uploads\/2025\/04\/IstSeeleErklaerbar.jpg","width":1024,"height":1024},{"@type":"BreadcrumbList","@id":"https:\/\/www.irenelauretti.com\/de\/seele-ist-sie-erklaerbar\/#breadcrumb","itemListElement":[{"@type":"ListItem","position":1,"name":"Start","item":"https:\/\/www.irenelauretti.com\/de\/"},{"@type":"ListItem","position":2,"name":"SEELE &#8211; ist sie &#8222;erkl\u00e4rbar&#8220;?"}]},{"@type":"WebSite","@id":"https:\/\/www.irenelauretti.com\/de\/#website","url":"https:\/\/www.irenelauretti.com\/de\/","name":"irenelauretti.com","description":"Autorin Mystikerin Heilerin Vision\u00e4rin","publisher":{"@id":"https:\/\/www.irenelauretti.com\/de\/#organization"},"potentialAction":[{"@type":"SearchAction","target":{"@type":"EntryPoint","urlTemplate":"https:\/\/www.irenelauretti.com\/de\/?s={search_term_string}"},"query-input":{"@type":"PropertyValueSpecification","valueRequired":true,"valueName":"search_term_string"}}],"inLanguage":"de"},{"@type":"Organization","@id":"https:\/\/www.irenelauretti.com\/de\/#organization","name":"irenelauretti.com","url":"https:\/\/www.irenelauretti.com\/de\/","logo":{"@type":"ImageObject","inLanguage":"de","@id":"https:\/\/www.irenelauretti.com\/de\/#\/schema\/logo\/image\/","url":"https:\/\/www.irenelauretti.com\/wp-content\/uploads\/2013\/08\/Logo_with.png","contentUrl":"https:\/\/www.irenelauretti.com\/wp-content\/uploads\/2013\/08\/Logo_with.png","width":180,"height":113,"caption":"irenelauretti.com"},"image":{"@id":"https:\/\/www.irenelauretti.com\/de\/#\/schema\/logo\/image\/"}},{"@type":"Person","@id":"https:\/\/www.irenelauretti.com\/#\/schema\/person\/9b37781a704f7dced3b52f53e1f6e8b7","name":"Marko","image":{"@type":"ImageObject","inLanguage":"de","@id":"https:\/\/secure.gravatar.com\/avatar\/f6f879634c98a38618a79c5686b847b81cc6b637246368c5bac421ce9b695087?s=96&d=mm&r=g","url":"https:\/\/secure.gravatar.com\/avatar\/f6f879634c98a38618a79c5686b847b81cc6b637246368c5bac421ce9b695087?s=96&d=mm&r=g","contentUrl":"https:\/\/secure.gravatar.com\/avatar\/f6f879634c98a38618a79c5686b847b81cc6b637246368c5bac421ce9b695087?s=96&d=mm&r=g","caption":"Marko"},"url":"https:\/\/www.irenelauretti.com\/de\/author\/marko\/"}]}},"cc_featured_image_caption":{"caption_text":"","source_text":"","source_url":""},"_links":{"self":[{"href":"https:\/\/www.irenelauretti.com\/de\/wp-json\/wp\/v2\/posts\/5671","targetHints":{"allow":["GET"]}}],"collection":[{"href":"https:\/\/www.irenelauretti.com\/de\/wp-json\/wp\/v2\/posts"}],"about":[{"href":"https:\/\/www.irenelauretti.com\/de\/wp-json\/wp\/v2\/types\/post"}],"author":[{"embeddable":true,"href":"https:\/\/www.irenelauretti.com\/de\/wp-json\/wp\/v2\/users\/3"}],"replies":[{"embeddable":true,"href":"https:\/\/www.irenelauretti.com\/de\/wp-json\/wp\/v2\/comments?post=5671"}],"version-history":[{"count":2,"href":"https:\/\/www.irenelauretti.com\/de\/wp-json\/wp\/v2\/posts\/5671\/revisions"}],"predecessor-version":[{"id":5674,"href":"https:\/\/www.irenelauretti.com\/de\/wp-json\/wp\/v2\/posts\/5671\/revisions\/5674"}],"wp:featuredmedia":[{"embeddable":true,"href":"https:\/\/www.irenelauretti.com\/de\/wp-json\/wp\/v2\/media\/5672"}],"wp:attachment":[{"href":"https:\/\/www.irenelauretti.com\/de\/wp-json\/wp\/v2\/media?parent=5671"}],"wp:term":[{"taxonomy":"category","embeddable":true,"href":"https:\/\/www.irenelauretti.com\/de\/wp-json\/wp\/v2\/categories?post=5671"},{"taxonomy":"post_tag","embeddable":true,"href":"https:\/\/www.irenelauretti.com\/de\/wp-json\/wp\/v2\/tags?post=5671"}],"curies":[{"name":"wp","href":"https:\/\/api.w.org\/{rel}","templated":true}]}}