{"id":5742,"date":"2025-04-16T15:01:51","date_gmt":"2025-04-16T13:01:51","guid":{"rendered":"https:\/\/www.irenelauretti.com\/?p=5742"},"modified":"2025-04-16T15:01:51","modified_gmt":"2025-04-16T13:01:51","slug":"16-radikal-ver-aenderung","status":"publish","type":"post","link":"https:\/\/www.irenelauretti.com\/de\/16-radikal-ver-aenderung\/","title":{"rendered":"16: RADIKAL-Ver-\u00c4NDERUNG!"},"content":{"rendered":"<p><\/p>\n<h1 class=\"western\"><strong>16: RADIKAL-Ver-\u00c4NDERUNG!<\/strong><\/h1>\n<p>&#8230; im Tarot der einst\u00fcrzende Turm und auf der Energieschlossebene entsprechend das<strong>\u00a0Energieschloss 16\u00a0<\/strong>mit der Bedeutung &#8222;Einst\u00fcrzen bestehender Formen zugunsten Neuer&#8220;&#8230;<\/p>\n<p>Mit dem\u00a0<strong>Energieschloss 16 in der Mulde des \u00e4u\u00dferen Fu\u00dfkn\u00f6chels<\/strong><\/p>\n<p>siehe mein Buch dazu<\/p>\n<p><a href=\"https:\/\/amzn.to\/2jCQnLq\" target=\"_blank\" rel=\"noopener\"><strong>Deine 26 Energieschl\u00f6sser entschl\u00fcsselt durch die Gro\u00dfen Arkana des Tarot<\/strong><\/a><\/p>\n<p>&nbsp;<\/p>\n<p>&nbsp;<\/p>\n<p><strong>&#8230; kannst Du das, was DICH VON DIR SELBST ABH\u00c4LT<\/strong><\/p>\n<p><strong>zum Einst\u00fcrzen bringen &#8230;<\/strong><\/p>\n<p>&#8230; um aus den Tr\u00fcmmern Neugeboren aufzuerstehen &#8230;<\/p>\n<h4 class=\"western\">Die SEELE wei\u00df das.<\/h4>\n<p>Oft denke ich an mein erstes eingehendes 16er-Erlebnis zur\u00fcck &#8230;<\/p>\n<p>Der\u00a0<strong>MOND<\/strong>\u00a0stand an jenem Tag in der\u00a0<strong>WAAGE<\/strong>\u00a0&#8230; also\u00a0<strong>BLASENSTROM<\/strong>&#8230;<\/p>\n<p>siehe all diese Info direkt auf Deinem Smartphone mit meiner weltweit einzigartigen<\/p>\n<p><a href=\"https:\/\/lunajin-moonandhealth.com\" target=\"_blank\" rel=\"noopener\"><strong>APP zum MONDstr\u00f6men\u00ae<\/strong><\/a><\/p>\n<p>dazu &#8211; sie zeigt auch die Energieschl\u00f6sser!<\/p>\n<p><a href=\"https:\/\/lunajin.irenelauretti.com\" target=\"_blank\" rel=\"noopener\"><strong>APP zum MONDSTR\u00d6MEN\u00ae<\/strong><\/a><br \/>\n<a href=\"https:\/\/lunajin.irenelauretti.com\" target=\"_blank\" rel=\"noopener\"><strong>LunaJin\u00ae Mond&amp;Gesundheit<\/strong><\/a><\/p>\n<p>&nbsp;<\/p>\n<p>und freilich &#8211; mit den ausf\u00fchrlichen Erl\u00e4uterungen zu dem Organ und Organstrom, mein Hauptwerk<\/p>\n<p><a href=\"https:\/\/amzn.to\/2lbjd6l\" target=\"_blank\" rel=\"noopener\"><strong>Der Mond und der kosmische Code der Sch\u00f6pfung<\/strong><\/a><\/p>\n<p>&nbsp;<\/p>\n<p>Sieh Dir also den Blasenstrom an im Buch und\/oder App und Du siehst, dass Du auf dem dritten Schritt mit einer Hand\u00a0<strong>Energieschloss 16<\/strong>\u00a0und mit der anderen Energieschloss 12 (nicht mein, sondern DEIN Wille geschehe) str\u00f6mst!<\/p>\n<p><strong>Dieser Schritt entfaltet eine sehr eine sehr kraftvolle Wirkung:<\/strong><\/p>\n<h4 class=\"western\"><strong>das sich dem h\u00f6heren Willen \u00fcbergeben mit der Einwilligung in das Einst\u00fcrzen des bisherigen Lebens &#8230; es erm\u00f6glicht dem Ego sich dem h\u00f6heren Selbst zu f\u00fcgen und das Ruder von dem Geist \u00fcbernehmen zu lassen &#8230; es l\u00e4sst die Realit\u00e4t nicht selten vollkommen einst\u00fcrzen &#8230; bereitet darauf vor &#8230;<\/strong><\/h4>\n<p>Intuitiv sp\u00fcrte ich damals, dass ich auf diesem dritten Schritt sehr lange bleiben sollte .. was ich auch tat &#8230; sehr sehr lange.<\/p>\n<h4 class=\"western\">Und die Seele arbeitet vor .. bereitete mich auf den einst\u00fcrzenden Turm vor &#8230;<\/h4>\n<p>am darauffolgenden Tag hatte mein Vater seinen t\u00f6dlich ausgehenden Schlaganfall und mir wurden in der Hellsicht auch bereits die weiteren schrecklichen Geschehnisse gezeigt &#8230; denn wenige Monate sp\u00e4ter hatte meine Mutter ihre Schlaganf\u00e4lle und fiel ins Koma, &#8230; dann meine Tante &#8211; alles st\u00fcrzte ein &#8211; f\u00fcr immer und unwiderruflich &#8211; \u00fcber die L\u00e4nder hinweg.<\/p>\n<p>Nachtr\u00e4glich kann ich sagen, dass meine\u00a0<strong>SEELE\u00a0<\/strong>&#8211; mich so energetisch so vorbereitete, dass ich die Geschehnisse mit gro\u00dfer Kraft durchstand und f\u00fcr alle Menschen da war und bin.<\/p>\n<p>F\u00fcr meinen Vater, der in gro\u00dfem Frieden in meinen Armen starb, f\u00fcr meine Mutter immer begleitend, all die Familienangelegenheiten in unterschiedlichen L\u00e4ndern verwaltend, dazu eine Tochter und die Schwester am anderen Ende der Welt und f\u00fcr meine Leser, denen ich in jenen Jahren 7 B\u00fccher und die App schenkte &#8230;<\/p>\n<h4 class=\"western\"><strong>Energieschloss 16 wird Dein Leben ver\u00e4ndern &#8230; aber wenn es sich ver\u00e4ndern soll wirst Du es sowieso nicht aufhalten k\u00f6nnen &#8230; aber Du kannst die Welle reiten &#8230;<\/strong><\/h4>\n<h4 class=\"western\"><strong>&#8230; und darum geht es mit der 16, denn sie ist auch die 7 = Sieg!<\/strong><\/h4>\n<p>Mehr zu diesem und allen anderen Energieschl\u00f6ssern und wie Du sie nutzt, wie gesagt in meinem Buch<\/p>\n<p><strong>&#8222;<a href=\"https:\/\/amzn.to\/2jCQnLq\" target=\"_blank\" rel=\"noopener\">Deine 26 Energieschl\u00f6sser entschl\u00fcsselt durch die Gro\u00dfen Arkana des Tarot<\/a>&#8222;<\/strong><\/p>\n<p>&nbsp;<\/p>\n<p>&nbsp;<\/p>\n<p>Den Sch\u00f6pfungscode mit allen 12 Sch\u00f6pfungsstr\u00f6men zeige ich Dir in meinem Hauptwerk<\/p>\n<p><strong>&#8222;<a href=\"https:\/\/amzn.to\/2lbjd6l\" target=\"_blank\" rel=\"noopener\">Der Mond und der kosmische Code der Sch\u00f6pfung<\/a>&#8222;<\/strong><\/p>\n<p>&nbsp;<\/p>\n<p>Dazu die so wundervolle App f\u00fcr das gesamte t\u00e4gliche Mondstr\u00f6mprogramm passend zum Mond, sowie NEU und auch das einzigartig die Energieschl\u00f6sser zu den Organstr\u00f6men als Kurzgriffe !!!<\/p>\n<p>in meiner<\/p>\n<p><a href=\"https:\/\/lunajin-moonandhealth.com\" target=\"_blank\" rel=\"noopener\"><strong>APP zum MONDSTR\u00d6MEN\u00ae<\/strong><\/a><br \/>\n<a href=\"https:\/\/lunajin-moonandhealth.com\" target=\"_blank\" rel=\"noopener\"><strong>LunaJin\u00ae Mond&amp;Gesundheit<\/strong><\/a><\/p>\n<p>&nbsp;<\/p>\n<p><img fetchpriority=\"high\" decoding=\"async\" class=\"aligncenter  wp-image-297\" src=\"https:\/\/www.irenelauretti.com\/wp-content\/uploads\/2013\/09\/Logo_mobile-300x188.png\" alt=\"\" width=\"359\" height=\"225\" srcset=\"https:\/\/www.irenelauretti.com\/wp-content\/uploads\/2013\/09\/Logo_mobile-300x188.png 300w, https:\/\/www.irenelauretti.com\/wp-content\/uploads\/2013\/09\/Logo_mobile-330x207.png 330w, https:\/\/www.irenelauretti.com\/wp-content\/uploads\/2013\/09\/Logo_mobile-90x56.png 90w, https:\/\/www.irenelauretti.com\/wp-content\/uploads\/2013\/09\/Logo_mobile-150x94.png 150w, https:\/\/www.irenelauretti.com\/wp-content\/uploads\/2013\/09\/Logo_mobile.png 360w\" sizes=\"(max-width: 359px) 100vw, 359px\" \/><\/p>","protected":false},"excerpt":{"rendered":"<p>16: RADIKAL-Ver-\u00c4NDERUNG! &#8230; im Tarot der einst\u00fcrzende Turm und auf der Energieschlossebene entsprechend das\u00a0Energieschloss 16\u00a0mit der Bedeutung &#8222;Einst\u00fcrzen bestehender Formen zugunsten Neuer&#8220;&#8230; Mit dem\u00a0Energieschloss 16 in der Mulde des \u00e4u\u00dferen Fu\u00dfkn\u00f6chels siehe mein Buch dazu Deine 26 Energieschl\u00f6sser entschl\u00fcsselt durch die Gro\u00dfen Arkana des Tarot &nbsp; &nbsp; &#8230; kannst Du das, was DICH VON DIR [&hellip;]<\/p>\n","protected":false},"author":3,"featured_media":5743,"comment_status":"open","ping_status":"open","sticky":false,"template":"","format":"standard","meta":{"_coblocks_attr":"","_coblocks_dimensions":"","_coblocks_responsive_height":"","_coblocks_accordion_ie_support":"","ocean_post_layout":"","ocean_both_sidebars_style":"","ocean_both_sidebars_content_width":0,"ocean_both_sidebars_sidebars_width":0,"ocean_sidebar":"","ocean_second_sidebar":"","ocean_disable_margins":"enable","ocean_add_body_class":"","ocean_shortcode_before_top_bar":"","ocean_shortcode_after_top_bar":"","ocean_shortcode_before_header":"","ocean_shortcode_after_header":"","ocean_has_shortcode":"","ocean_shortcode_after_title":"","ocean_shortcode_before_footer_widgets":"","ocean_shortcode_after_footer_widgets":"","ocean_shortcode_before_footer_bottom":"","ocean_shortcode_after_footer_bottom":"","ocean_display_top_bar":"default","ocean_display_header":"default","ocean_header_style":"","ocean_center_header_left_menu":"","ocean_custom_header_template":"","ocean_custom_logo":0,"ocean_custom_retina_logo":0,"ocean_custom_logo_max_width":0,"ocean_custom_logo_tablet_max_width":0,"ocean_custom_logo_mobile_max_width":0,"ocean_custom_logo_max_height":0,"ocean_custom_logo_tablet_max_height":0,"ocean_custom_logo_mobile_max_height":0,"ocean_header_custom_menu":"","ocean_menu_typo_font_family":"","ocean_menu_typo_font_subset":"","ocean_menu_typo_font_size":0,"ocean_menu_typo_font_size_tablet":0,"ocean_menu_typo_font_size_mobile":0,"ocean_menu_typo_font_size_unit":"px","ocean_menu_typo_font_weight":"","ocean_menu_typo_font_weight_tablet":"","ocean_menu_typo_font_weight_mobile":"","ocean_menu_typo_transform":"","ocean_menu_typo_transform_tablet":"","ocean_menu_typo_transform_mobile":"","ocean_menu_typo_line_height":0,"ocean_menu_typo_line_height_tablet":0,"ocean_menu_typo_line_height_mobile":0,"ocean_menu_typo_line_height_unit":"","ocean_menu_typo_spacing":0,"ocean_menu_typo_spacing_tablet":0,"ocean_menu_typo_spacing_mobile":0,"ocean_menu_typo_spacing_unit":"","ocean_menu_link_color":"","ocean_menu_link_color_hover":"","ocean_menu_link_color_active":"","ocean_menu_link_background":"","ocean_menu_link_hover_background":"","ocean_menu_link_active_background":"","ocean_menu_social_links_bg":"","ocean_menu_social_hover_links_bg":"","ocean_menu_social_links_color":"","ocean_menu_social_hover_links_color":"","ocean_disable_title":"default","ocean_disable_heading":"default","ocean_post_title":"","ocean_post_subheading":"","ocean_post_title_style":"","ocean_post_title_background_color":"","ocean_post_title_background":0,"ocean_post_title_bg_image_position":"","ocean_post_title_bg_image_attachment":"","ocean_post_title_bg_image_repeat":"","ocean_post_title_bg_image_size":"","ocean_post_title_height":0,"ocean_post_title_bg_overlay":0.5,"ocean_post_title_bg_overlay_color":"","ocean_disable_breadcrumbs":"default","ocean_breadcrumbs_color":"","ocean_breadcrumbs_separator_color":"","ocean_breadcrumbs_links_color":"","ocean_breadcrumbs_links_hover_color":"","ocean_display_footer_widgets":"default","ocean_display_footer_bottom":"default","ocean_custom_footer_template":"","omw_enable_modal_window":"enable","_themeisle_gutenberg_block_has_review":false,"ocean_post_oembed":"","ocean_post_self_hosted_media":"","ocean_post_video_embed":"","ocean_link_format":"","ocean_link_format_target":"self","ocean_quote_format":"","ocean_quote_format_link":"post","ocean_gallery_link_images":"on","ocean_gallery_id":[],"footnotes":""},"categories":[145,275,33,49],"tags":[1311,508,1291,526,575,851,293,658,495,660,1310,231,308,20,873],"class_list":["post-5742","post","type-post","status-publish","format-standard","has-post-thumbnail","hentry","category-bewusstsein","category-deine-26-energieschlosser-entschlusselt-durch-die-grosen-arkana-des-tarot","category-der-mond-und-der-kosmische-code-der-schopfung","category-mond","tag-1311","tag-bewusstsein","tag-einstuerzender-turm","tag-energieschlosser","tag-grosse-arkana","tag-heile-dich-selbst","tag-kosmos","tag-lunajinapp","tag-mond","tag-mondstroemen","tag-radikal-veraenderung","tag-schwingung","tag-selbstbewusstsein","tag-tarot","tag-veraenderung","entry","has-media"],"yoast_head":"<!-- This site is optimized with the Yoast SEO plugin v27.4 - https:\/\/yoast.com\/product\/yoast-seo-wordpress\/ -->\n<title>16: RADIKAL-Ver-\u00c4NDERUNG! - irenelauretti.com<\/title>\n<meta name=\"robots\" content=\"index, follow, max-snippet:-1, max-image-preview:large, max-video-preview:-1\" \/>\n<link rel=\"canonical\" href=\"https:\/\/www.irenelauretti.com\/de\/16-radikal-ver-aenderung\/\" \/>\n<meta name=\"twitter:card\" content=\"summary_large_image\" \/>\n<meta name=\"twitter:title\" content=\"16: RADIKAL-Ver-\u00c4NDERUNG! - irenelauretti.com\" \/>\n<meta name=\"twitter:description\" content=\"16: RADIKAL-Ver-\u00c4NDERUNG! &#8230; im Tarot der einst\u00fcrzende Turm und auf der Energieschlossebene entsprechend das\u00a0Energieschloss 16\u00a0mit der Bedeutung &#8222;Einst\u00fcrzen bestehender Formen zugunsten Neuer&#8220;&#8230; Mit dem\u00a0Energieschloss 16 in der Mulde des \u00e4u\u00dferen Fu\u00dfkn\u00f6chels siehe mein Buch dazu Deine 26 Energieschl\u00f6sser entschl\u00fcsselt durch die Gro\u00dfen Arkana des Tarot &nbsp; &nbsp; &#8230; kannst Du das, was DICH VON DIR [&hellip;]\" \/>\n<meta name=\"twitter:image\" content=\"https:\/\/www.irenelauretti.com\/wp-content\/uploads\/2025\/04\/radikale.jpg\" \/>\n<meta name=\"twitter:label1\" content=\"Verfasst von\" \/>\n\t<meta name=\"twitter:data1\" content=\"Marko\" \/>\n\t<meta name=\"twitter:label2\" content=\"Gesch\u00e4tzte Lesezeit\" \/>\n\t<meta name=\"twitter:data2\" content=\"4\u00a0Minuten\" \/>\n<script type=\"application\/ld+json\" class=\"yoast-schema-graph\">{\"@context\":\"https:\\\/\\\/schema.org\",\"@graph\":[{\"@type\":\"Article\",\"@id\":\"https:\\\/\\\/www.irenelauretti.com\\\/16-radikal-ver-aenderung\\\/#article\",\"isPartOf\":{\"@id\":\"https:\\\/\\\/www.irenelauretti.com\\\/16-radikal-ver-aenderung\\\/\"},\"author\":{\"name\":\"Marko\",\"@id\":\"https:\\\/\\\/www.irenelauretti.com\\\/#\\\/schema\\\/person\\\/9b37781a704f7dced3b52f53e1f6e8b7\"},\"headline\":\"16: RADIKAL-Ver-\u00c4NDERUNG!\",\"datePublished\":\"2025-04-16T13:01:51+00:00\",\"mainEntityOfPage\":{\"@id\":\"https:\\\/\\\/www.irenelauretti.com\\\/16-radikal-ver-aenderung\\\/\"},\"wordCount\":579,\"commentCount\":0,\"publisher\":{\"@id\":\"https:\\\/\\\/www.irenelauretti.com\\\/#organization\"},\"image\":{\"@id\":\"https:\\\/\\\/www.irenelauretti.com\\\/16-radikal-ver-aenderung\\\/#primaryimage\"},\"thumbnailUrl\":\"https:\\\/\\\/www.irenelauretti.com\\\/wp-content\\\/uploads\\\/2025\\\/04\\\/radikale.jpg\",\"keywords\":[\"16\",\"Bewusstsein\",\"Einst\u00fcrzender Turm\",\"Energieschl\u00f6sser\",\"Gro\u00dfe Arkana\",\"heile dich selbst\",\"Kosmos\",\"lunajinapp\",\"Mond\",\"mondstr\u00f6men\",\"Radikal-Ver\u00e4nderung\",\"Schwingung\",\"Selbstbewusstsein\",\"tarot\",\"Ver\u00e4nderung\"],\"articleSection\":[\"Bewusstsein\",\"Deine 26 Energieschl\u00f6sser entschl\u00fcsselt durch die gro\u00dfen Arkana des Tarot\",\"Der Mond und der kosmische Code der Sch\u00f6pfung\",\"Mond\"],\"inLanguage\":\"de\",\"potentialAction\":[{\"@type\":\"CommentAction\",\"name\":\"Comment\",\"target\":[\"https:\\\/\\\/www.irenelauretti.com\\\/16-radikal-ver-aenderung\\\/#respond\"]}]},{\"@type\":\"WebPage\",\"@id\":\"https:\\\/\\\/www.irenelauretti.com\\\/de\\\/16-radikal-ver-aenderung\\\/\",\"url\":\"https:\\\/\\\/www.irenelauretti.com\\\/de\\\/16-radikal-ver-aenderung\\\/\",\"name\":\"16: RADIKAL-Ver-\u00c4NDERUNG! - irenelauretti.com\",\"isPartOf\":{\"@id\":\"https:\\\/\\\/www.irenelauretti.com\\\/de\\\/#website\"},\"primaryImageOfPage\":{\"@id\":\"https:\\\/\\\/www.irenelauretti.com\\\/de\\\/16-radikal-ver-aenderung\\\/#primaryimage\"},\"image\":{\"@id\":\"https:\\\/\\\/www.irenelauretti.com\\\/16-radikal-ver-aenderung\\\/#primaryimage\"},\"thumbnailUrl\":\"https:\\\/\\\/www.irenelauretti.com\\\/wp-content\\\/uploads\\\/2025\\\/04\\\/radikale.jpg\",\"datePublished\":\"2025-04-16T13:01:51+00:00\",\"breadcrumb\":{\"@id\":\"https:\\\/\\\/www.irenelauretti.com\\\/de\\\/16-radikal-ver-aenderung\\\/#breadcrumb\"},\"inLanguage\":\"de\",\"potentialAction\":[{\"@type\":\"ReadAction\",\"target\":[[\"https:\\\/\\\/www.irenelauretti.com\\\/de\\\/16-radikal-ver-aenderung\\\/\"]]}]},{\"@type\":\"ImageObject\",\"inLanguage\":\"de\",\"@id\":\"https:\\\/\\\/www.irenelauretti.com\\\/de\\\/16-radikal-ver-aenderung\\\/#primaryimage\",\"url\":\"https:\\\/\\\/www.irenelauretti.com\\\/wp-content\\\/uploads\\\/2025\\\/04\\\/radikale.jpg\",\"contentUrl\":\"https:\\\/\\\/www.irenelauretti.com\\\/wp-content\\\/uploads\\\/2025\\\/04\\\/radikale.jpg\",\"width\":2048,\"height\":2048},{\"@type\":\"BreadcrumbList\",\"@id\":\"https:\\\/\\\/www.irenelauretti.com\\\/de\\\/16-radikal-ver-aenderung\\\/#breadcrumb\",\"itemListElement\":[{\"@type\":\"ListItem\",\"position\":1,\"name\":\"Start\",\"item\":\"https:\\\/\\\/www.irenelauretti.com\\\/de\\\/\"},{\"@type\":\"ListItem\",\"position\":2,\"name\":\"16: RADIKAL-Ver-\u00c4NDERUNG!\"}]},{\"@type\":\"WebSite\",\"@id\":\"https:\\\/\\\/www.irenelauretti.com\\\/de\\\/#website\",\"url\":\"https:\\\/\\\/www.irenelauretti.com\\\/de\\\/\",\"name\":\"irenelauretti.com\",\"description\":\"Autorin Mystikerin Heilerin Vision\u00e4rin\",\"publisher\":{\"@id\":\"https:\\\/\\\/www.irenelauretti.com\\\/de\\\/#organization\"},\"potentialAction\":[{\"@type\":\"SearchAction\",\"target\":{\"@type\":\"EntryPoint\",\"urlTemplate\":\"https:\\\/\\\/www.irenelauretti.com\\\/de\\\/?s={search_term_string}\"},\"query-input\":{\"@type\":\"PropertyValueSpecification\",\"valueRequired\":true,\"valueName\":\"search_term_string\"}}],\"inLanguage\":\"de\"},{\"@type\":\"Organization\",\"@id\":\"https:\\\/\\\/www.irenelauretti.com\\\/de\\\/#organization\",\"name\":\"irenelauretti.com\",\"url\":\"https:\\\/\\\/www.irenelauretti.com\\\/de\\\/\",\"logo\":{\"@type\":\"ImageObject\",\"inLanguage\":\"de\",\"@id\":\"https:\\\/\\\/www.irenelauretti.com\\\/de\\\/#\\\/schema\\\/logo\\\/image\\\/\",\"url\":\"https:\\\/\\\/www.irenelauretti.com\\\/wp-content\\\/uploads\\\/2013\\\/08\\\/Logo_with.png\",\"contentUrl\":\"https:\\\/\\\/www.irenelauretti.com\\\/wp-content\\\/uploads\\\/2013\\\/08\\\/Logo_with.png\",\"width\":180,\"height\":113,\"caption\":\"irenelauretti.com\"},\"image\":{\"@id\":\"https:\\\/\\\/www.irenelauretti.com\\\/de\\\/#\\\/schema\\\/logo\\\/image\\\/\"}},{\"@type\":\"Person\",\"@id\":\"https:\\\/\\\/www.irenelauretti.com\\\/#\\\/schema\\\/person\\\/9b37781a704f7dced3b52f53e1f6e8b7\",\"name\":\"Marko\",\"image\":{\"@type\":\"ImageObject\",\"inLanguage\":\"de\",\"@id\":\"https:\\\/\\\/secure.gravatar.com\\\/avatar\\\/f6f879634c98a38618a79c5686b847b81cc6b637246368c5bac421ce9b695087?s=96&d=mm&r=g\",\"url\":\"https:\\\/\\\/secure.gravatar.com\\\/avatar\\\/f6f879634c98a38618a79c5686b847b81cc6b637246368c5bac421ce9b695087?s=96&d=mm&r=g\",\"contentUrl\":\"https:\\\/\\\/secure.gravatar.com\\\/avatar\\\/f6f879634c98a38618a79c5686b847b81cc6b637246368c5bac421ce9b695087?s=96&d=mm&r=g\",\"caption\":\"Marko\"},\"url\":\"https:\\\/\\\/www.irenelauretti.com\\\/de\\\/author\\\/marko\\\/\"}]}<\/script>\n<!-- \/ Yoast SEO plugin. -->","yoast_head_json":{"title":"16: RADIKAL-Ver-\u00c4NDERUNG! - irenelauretti.com","robots":{"index":"index","follow":"follow","max-snippet":"max-snippet:-1","max-image-preview":"max-image-preview:large","max-video-preview":"max-video-preview:-1"},"canonical":"https:\/\/www.irenelauretti.com\/de\/16-radikal-ver-aenderung\/","twitter_card":"summary_large_image","twitter_title":"16: RADIKAL-Ver-\u00c4NDERUNG! - irenelauretti.com","twitter_description":"16: RADIKAL-Ver-\u00c4NDERUNG! &#8230; im Tarot der einst\u00fcrzende Turm und auf der Energieschlossebene entsprechend das\u00a0Energieschloss 16\u00a0mit der Bedeutung &#8222;Einst\u00fcrzen bestehender Formen zugunsten Neuer&#8220;&#8230; Mit dem\u00a0Energieschloss 16 in der Mulde des \u00e4u\u00dferen Fu\u00dfkn\u00f6chels siehe mein Buch dazu Deine 26 Energieschl\u00f6sser entschl\u00fcsselt durch die Gro\u00dfen Arkana des Tarot &nbsp; &nbsp; &#8230; kannst Du das, was DICH VON DIR [&hellip;]","twitter_image":"https:\/\/www.irenelauretti.com\/wp-content\/uploads\/2025\/04\/radikale.jpg","twitter_misc":{"Verfasst von":"Marko","Gesch\u00e4tzte Lesezeit":"4\u00a0Minuten"},"schema":{"@context":"https:\/\/schema.org","@graph":[{"@type":"Article","@id":"https:\/\/www.irenelauretti.com\/16-radikal-ver-aenderung\/#article","isPartOf":{"@id":"https:\/\/www.irenelauretti.com\/16-radikal-ver-aenderung\/"},"author":{"name":"Marko","@id":"https:\/\/www.irenelauretti.com\/#\/schema\/person\/9b37781a704f7dced3b52f53e1f6e8b7"},"headline":"16: RADIKAL-Ver-\u00c4NDERUNG!","datePublished":"2025-04-16T13:01:51+00:00","mainEntityOfPage":{"@id":"https:\/\/www.irenelauretti.com\/16-radikal-ver-aenderung\/"},"wordCount":579,"commentCount":0,"publisher":{"@id":"https:\/\/www.irenelauretti.com\/#organization"},"image":{"@id":"https:\/\/www.irenelauretti.com\/16-radikal-ver-aenderung\/#primaryimage"},"thumbnailUrl":"https:\/\/www.irenelauretti.com\/wp-content\/uploads\/2025\/04\/radikale.jpg","keywords":["16","Bewusstsein","Einst\u00fcrzender Turm","Energieschl\u00f6sser","Gro\u00dfe Arkana","heile dich selbst","Kosmos","lunajinapp","Mond","mondstr\u00f6men","Radikal-Ver\u00e4nderung","Schwingung","Selbstbewusstsein","tarot","Ver\u00e4nderung"],"articleSection":["Bewusstsein","Deine 26 Energieschl\u00f6sser entschl\u00fcsselt durch die gro\u00dfen Arkana des Tarot","Der Mond und der kosmische Code der Sch\u00f6pfung","Mond"],"inLanguage":"de","potentialAction":[{"@type":"CommentAction","name":"Comment","target":["https:\/\/www.irenelauretti.com\/16-radikal-ver-aenderung\/#respond"]}]},{"@type":"WebPage","@id":"https:\/\/www.irenelauretti.com\/de\/16-radikal-ver-aenderung\/","url":"https:\/\/www.irenelauretti.com\/de\/16-radikal-ver-aenderung\/","name":"16: RADIKAL-Ver-\u00c4NDERUNG! - irenelauretti.com","isPartOf":{"@id":"https:\/\/www.irenelauretti.com\/de\/#website"},"primaryImageOfPage":{"@id":"https:\/\/www.irenelauretti.com\/de\/16-radikal-ver-aenderung\/#primaryimage"},"image":{"@id":"https:\/\/www.irenelauretti.com\/16-radikal-ver-aenderung\/#primaryimage"},"thumbnailUrl":"https:\/\/www.irenelauretti.com\/wp-content\/uploads\/2025\/04\/radikale.jpg","datePublished":"2025-04-16T13:01:51+00:00","breadcrumb":{"@id":"https:\/\/www.irenelauretti.com\/de\/16-radikal-ver-aenderung\/#breadcrumb"},"inLanguage":"de","potentialAction":[{"@type":"ReadAction","target":[["https:\/\/www.irenelauretti.com\/de\/16-radikal-ver-aenderung\/"]]}]},{"@type":"ImageObject","inLanguage":"de","@id":"https:\/\/www.irenelauretti.com\/de\/16-radikal-ver-aenderung\/#primaryimage","url":"https:\/\/www.irenelauretti.com\/wp-content\/uploads\/2025\/04\/radikale.jpg","contentUrl":"https:\/\/www.irenelauretti.com\/wp-content\/uploads\/2025\/04\/radikale.jpg","width":2048,"height":2048},{"@type":"BreadcrumbList","@id":"https:\/\/www.irenelauretti.com\/de\/16-radikal-ver-aenderung\/#breadcrumb","itemListElement":[{"@type":"ListItem","position":1,"name":"Start","item":"https:\/\/www.irenelauretti.com\/de\/"},{"@type":"ListItem","position":2,"name":"16: RADIKAL-Ver-\u00c4NDERUNG!"}]},{"@type":"WebSite","@id":"https:\/\/www.irenelauretti.com\/de\/#website","url":"https:\/\/www.irenelauretti.com\/de\/","name":"irenelauretti.com","description":"Autorin Mystikerin Heilerin Vision\u00e4rin","publisher":{"@id":"https:\/\/www.irenelauretti.com\/de\/#organization"},"potentialAction":[{"@type":"SearchAction","target":{"@type":"EntryPoint","urlTemplate":"https:\/\/www.irenelauretti.com\/de\/?s={search_term_string}"},"query-input":{"@type":"PropertyValueSpecification","valueRequired":true,"valueName":"search_term_string"}}],"inLanguage":"de"},{"@type":"Organization","@id":"https:\/\/www.irenelauretti.com\/de\/#organization","name":"irenelauretti.com","url":"https:\/\/www.irenelauretti.com\/de\/","logo":{"@type":"ImageObject","inLanguage":"de","@id":"https:\/\/www.irenelauretti.com\/de\/#\/schema\/logo\/image\/","url":"https:\/\/www.irenelauretti.com\/wp-content\/uploads\/2013\/08\/Logo_with.png","contentUrl":"https:\/\/www.irenelauretti.com\/wp-content\/uploads\/2013\/08\/Logo_with.png","width":180,"height":113,"caption":"irenelauretti.com"},"image":{"@id":"https:\/\/www.irenelauretti.com\/de\/#\/schema\/logo\/image\/"}},{"@type":"Person","@id":"https:\/\/www.irenelauretti.com\/#\/schema\/person\/9b37781a704f7dced3b52f53e1f6e8b7","name":"Marko","image":{"@type":"ImageObject","inLanguage":"de","@id":"https:\/\/secure.gravatar.com\/avatar\/f6f879634c98a38618a79c5686b847b81cc6b637246368c5bac421ce9b695087?s=96&d=mm&r=g","url":"https:\/\/secure.gravatar.com\/avatar\/f6f879634c98a38618a79c5686b847b81cc6b637246368c5bac421ce9b695087?s=96&d=mm&r=g","contentUrl":"https:\/\/secure.gravatar.com\/avatar\/f6f879634c98a38618a79c5686b847b81cc6b637246368c5bac421ce9b695087?s=96&d=mm&r=g","caption":"Marko"},"url":"https:\/\/www.irenelauretti.com\/de\/author\/marko\/"}]}},"cc_featured_image_caption":{"caption_text":"","source_text":"","source_url":""},"_links":{"self":[{"href":"https:\/\/www.irenelauretti.com\/de\/wp-json\/wp\/v2\/posts\/5742","targetHints":{"allow":["GET"]}}],"collection":[{"href":"https:\/\/www.irenelauretti.com\/de\/wp-json\/wp\/v2\/posts"}],"about":[{"href":"https:\/\/www.irenelauretti.com\/de\/wp-json\/wp\/v2\/types\/post"}],"author":[{"embeddable":true,"href":"https:\/\/www.irenelauretti.com\/de\/wp-json\/wp\/v2\/users\/3"}],"replies":[{"embeddable":true,"href":"https:\/\/www.irenelauretti.com\/de\/wp-json\/wp\/v2\/comments?post=5742"}],"version-history":[{"count":1,"href":"https:\/\/www.irenelauretti.com\/de\/wp-json\/wp\/v2\/posts\/5742\/revisions"}],"predecessor-version":[{"id":5744,"href":"https:\/\/www.irenelauretti.com\/de\/wp-json\/wp\/v2\/posts\/5742\/revisions\/5744"}],"wp:featuredmedia":[{"embeddable":true,"href":"https:\/\/www.irenelauretti.com\/de\/wp-json\/wp\/v2\/media\/5743"}],"wp:attachment":[{"href":"https:\/\/www.irenelauretti.com\/de\/wp-json\/wp\/v2\/media?parent=5742"}],"wp:term":[{"taxonomy":"category","embeddable":true,"href":"https:\/\/www.irenelauretti.com\/de\/wp-json\/wp\/v2\/categories?post=5742"},{"taxonomy":"post_tag","embeddable":true,"href":"https:\/\/www.irenelauretti.com\/de\/wp-json\/wp\/v2\/tags?post=5742"}],"curies":[{"name":"wp","href":"https:\/\/api.w.org\/{rel}","templated":true}]}}