{"id":5858,"date":"2025-05-04T12:14:55","date_gmt":"2025-05-04T10:14:55","guid":{"rendered":"https:\/\/www.irenelauretti.com\/?p=5858"},"modified":"2025-05-04T12:14:55","modified_gmt":"2025-05-04T10:14:55","slug":"was-ein-starkes-europa-mit-persoenlicher-gesundheit-zu-tun-hat","status":"publish","type":"post","link":"https:\/\/www.irenelauretti.com\/de\/was-ein-starkes-europa-mit-persoenlicher-gesundheit-zu-tun-hat\/","title":{"rendered":"Was ein STARKES EUROPA mit pers\u00f6nlicher GESUNDHEIT zu tun hat!"},"content":{"rendered":"<p><\/p>\n<h1 class=\"western\"><strong>Was ein STARKES EUROPA mit pers\u00f6nlicher GESUNDHEIT zu tun hat!<\/strong><\/h1>\n<p>So lange den Menschen\u00a0<strong>SELBST-Erkenntnis<\/strong>\u00a0durch die\u00a0<strong>12<\/strong>\u00a0und\u00a0<strong>UNTER-SCHEIDungsverm\u00f6gen<\/strong>\u00a0fehlt &#8211; braucht es\u00a0<strong>GESETZE\u00a0<\/strong>und\u00a0<strong>VERBOTE.<\/strong><\/p>\n<p>Das hei\u00dft auch, dass Parteien, die die wahren Werte des Menschseins mi\u00dfachten VERBOTEN werden d\u00fcrfen.<\/p>\n<p>So wie der MENSCH als WEG und ZIEL die SELBSTerkenntnis durch die\u00a0<strong>12 Sch\u00f6pfungskr\u00e4fte\u00a0<\/strong>hat &#8211;<\/p>\n<p><strong>so gilt dies auch kollektiv.<\/strong><\/p>\n<p>In Europa bedeutet dies das harmonische<\/p>\n<p><strong>ZUSAMMENWIRKEN der europ\u00e4ischen Nationen &#8211;<\/strong><\/p>\n<p>denn so wie kein Organ ohne das andere kann &#8211; und GESUNDHEIT das PRODUKT des ZUSAMMENWIRKENS(!!!) ist &#8211;<\/p>\n<p>so gilt dies auch kollektiv f\u00fcr EUROPA!<\/p>\n<p>Der SCHL\u00dcSSEL ist das Aufgeben nationaler EGOS und das ErKENNEN der gemeinsamen Werte &#8211;<\/p>\n<p>die genau auf dem basieren m\u00fcssen, was die 12 (12 Sterne der europ\u00e4ischen Flagge!!!) ausmacht:<\/p>\n<h4 class=\"western\">Nicht mein individueller &#8211; sondern der das GANZE f\u00f6rdernde<\/h4>\n<h4 class=\"western\">WILLE<\/h4>\n<h4 class=\"western\">ent-scheidet!<\/h4>\n<p>Der Mensch, der dies in sich Selbst verwirklicht &#8211; durch das t\u00e4gliche MONDstr\u00f6men\u00ae &#8211; der <strong>EINKLANG<\/strong> mit dem <strong>KOSMOS<\/strong>, der auch der Einklang der <strong>12 Organkr\u00e4fte<\/strong> ist! &#8211;<\/p>\n<p>der wird auch UNTER-SCHEIDen k\u00f6nnen und die Entscheidungen nicht aus dem EGO &#8211; sondern aus dem \u00fcbergeordneten SELBST treffen.<\/p>\n<h4 class=\"western\">Und DAS ist die Zukunft &#8211; die wir Europ\u00e4er spiegeln und verwirklichen d\u00fcrfen durch<\/h4>\n<h4 class=\"western\">EIN STARKES EUROPA &#8211;<\/h4>\n<h4 class=\"western\">und pers\u00f6nliche GESUNDHEIT!<\/h4>\n<h4 class=\"western\">IRENE LAURETTI<\/h4>\n<h4 class=\"western\"><a href=\"https:\/\/amzn.to\/2lbjd6l\" target=\"_blank\" rel=\"noopener\"><strong>&#8222;Der Mond und der kosmische Code der Sch\u00f6pfung&#8220;<\/strong><\/a><\/h4>\n<p>und<\/p>\n<h4 class=\"western\"><a href=\"https:\/\/amzn.to\/4a0mo3c\" target=\"_blank\" rel=\"noopener\"><strong>Der besondere Mondkalender &#8211; Gesundheit in Deiner Hand 2025<\/strong><\/a><\/h4>\n<p>und jetzt bereits erh\u00e4ltlich f\u00fcr 2026<\/p>\n<h4 class=\"western\"><a href=\"https:\/\/amzn.to\/4d1H8uG\" target=\"_blank\" rel=\"noopener\"><strong>&#8222;Der WAHRE Mondkalender &#8211; Gesundheit in Deiner Hand 2026!&#8220;<\/strong><\/a><\/h4>\n<p>&nbsp;<\/p>\n<p><img fetchpriority=\"high\" decoding=\"async\" class=\"aligncenter size-medium wp-image-297\" src=\"https:\/\/www.irenelauretti.com\/wp-content\/uploads\/2013\/09\/Logo_mobile-300x188.png\" alt=\"\" width=\"300\" height=\"188\" srcset=\"https:\/\/www.irenelauretti.com\/wp-content\/uploads\/2013\/09\/Logo_mobile-300x188.png 300w, https:\/\/www.irenelauretti.com\/wp-content\/uploads\/2013\/09\/Logo_mobile-330x207.png 330w, https:\/\/www.irenelauretti.com\/wp-content\/uploads\/2013\/09\/Logo_mobile-90x56.png 90w, https:\/\/www.irenelauretti.com\/wp-content\/uploads\/2013\/09\/Logo_mobile-150x94.png 150w, https:\/\/www.irenelauretti.com\/wp-content\/uploads\/2013\/09\/Logo_mobile.png 360w\" sizes=\"(max-width: 300px) 100vw, 300px\" \/><\/p>","protected":false},"excerpt":{"rendered":"<p>Was ein STARKES EUROPA mit pers\u00f6nlicher GESUNDHEIT zu tun hat! So lange den Menschen\u00a0SELBST-Erkenntnis\u00a0durch die\u00a012\u00a0und\u00a0UNTER-SCHEIDungsverm\u00f6gen\u00a0fehlt &#8211; braucht es\u00a0GESETZE\u00a0und\u00a0VERBOTE. Das hei\u00dft auch, dass Parteien, die die wahren Werte des Menschseins mi\u00dfachten VERBOTEN werden d\u00fcrfen. So wie der MENSCH als WEG und ZIEL die SELBSTerkenntnis durch die\u00a012 Sch\u00f6pfungskr\u00e4fte\u00a0hat &#8211; so gilt dies auch kollektiv. In Europa bedeutet [&hellip;]<\/p>\n","protected":false},"author":3,"featured_media":5857,"comment_status":"open","ping_status":"open","sticky":false,"template":"","format":"standard","meta":{"_coblocks_attr":"","_coblocks_dimensions":"","_coblocks_responsive_height":"","_coblocks_accordion_ie_support":"","ocean_post_layout":"","ocean_both_sidebars_style":"","ocean_both_sidebars_content_width":0,"ocean_both_sidebars_sidebars_width":0,"ocean_sidebar":"","ocean_second_sidebar":"","ocean_disable_margins":"enable","ocean_add_body_class":"","ocean_shortcode_before_top_bar":"","ocean_shortcode_after_top_bar":"","ocean_shortcode_before_header":"","ocean_shortcode_after_header":"","ocean_has_shortcode":"","ocean_shortcode_after_title":"","ocean_shortcode_before_footer_widgets":"","ocean_shortcode_after_footer_widgets":"","ocean_shortcode_before_footer_bottom":"","ocean_shortcode_after_footer_bottom":"","ocean_display_top_bar":"default","ocean_display_header":"default","ocean_header_style":"","ocean_center_header_left_menu":"","ocean_custom_header_template":"","ocean_custom_logo":0,"ocean_custom_retina_logo":0,"ocean_custom_logo_max_width":0,"ocean_custom_logo_tablet_max_width":0,"ocean_custom_logo_mobile_max_width":0,"ocean_custom_logo_max_height":0,"ocean_custom_logo_tablet_max_height":0,"ocean_custom_logo_mobile_max_height":0,"ocean_header_custom_menu":"","ocean_menu_typo_font_family":"","ocean_menu_typo_font_subset":"","ocean_menu_typo_font_size":0,"ocean_menu_typo_font_size_tablet":0,"ocean_menu_typo_font_size_mobile":0,"ocean_menu_typo_font_size_unit":"px","ocean_menu_typo_font_weight":"","ocean_menu_typo_font_weight_tablet":"","ocean_menu_typo_font_weight_mobile":"","ocean_menu_typo_transform":"","ocean_menu_typo_transform_tablet":"","ocean_menu_typo_transform_mobile":"","ocean_menu_typo_line_height":0,"ocean_menu_typo_line_height_tablet":0,"ocean_menu_typo_line_height_mobile":0,"ocean_menu_typo_line_height_unit":"","ocean_menu_typo_spacing":0,"ocean_menu_typo_spacing_tablet":0,"ocean_menu_typo_spacing_mobile":0,"ocean_menu_typo_spacing_unit":"","ocean_menu_link_color":"","ocean_menu_link_color_hover":"","ocean_menu_link_color_active":"","ocean_menu_link_background":"","ocean_menu_link_hover_background":"","ocean_menu_link_active_background":"","ocean_menu_social_links_bg":"","ocean_menu_social_hover_links_bg":"","ocean_menu_social_links_color":"","ocean_menu_social_hover_links_color":"","ocean_disable_title":"default","ocean_disable_heading":"default","ocean_post_title":"","ocean_post_subheading":"","ocean_post_title_style":"","ocean_post_title_background_color":"","ocean_post_title_background":0,"ocean_post_title_bg_image_position":"","ocean_post_title_bg_image_attachment":"","ocean_post_title_bg_image_repeat":"","ocean_post_title_bg_image_size":"","ocean_post_title_height":0,"ocean_post_title_bg_overlay":0.5,"ocean_post_title_bg_overlay_color":"","ocean_disable_breadcrumbs":"default","ocean_breadcrumbs_color":"","ocean_breadcrumbs_separator_color":"","ocean_breadcrumbs_links_color":"","ocean_breadcrumbs_links_hover_color":"","ocean_display_footer_widgets":"default","ocean_display_footer_bottom":"default","ocean_custom_footer_template":"","omw_enable_modal_window":"enable","_themeisle_gutenberg_block_has_review":false,"ocean_post_oembed":"","ocean_post_self_hosted_media":"","ocean_post_video_embed":"","ocean_link_format":"","ocean_link_format_target":"self","ocean_quote_format":"","ocean_quote_format_link":"post","ocean_gallery_link_images":"on","ocean_gallery_id":[],"footnotes":""},"categories":[33,365,1346],"tags":[1033,1348,441,293,1126,495,660,528,506,1347,536],"class_list":["post-5858","post","type-post","status-publish","format-standard","has-post-thumbnail","hentry","category-der-mond-und-der-kosmische-code-der-schopfung","category-die-umkehr","category-europa","tag-europa","tag-fuer-ein-starkes-europa","tag-irene-lauretti","tag-kosmos","tag-miteinander","tag-mond","tag-mondstroemen","tag-schopfungscode","tag-seele","tag-starkes-europa","tag-unterscheidung","entry","has-media"],"yoast_head":"<!-- This site is optimized with the Yoast SEO plugin v27.4 - https:\/\/yoast.com\/product\/yoast-seo-wordpress\/ -->\n<title>Was ein STARKES EUROPA mit pers\u00f6nlicher GESUNDHEIT zu tun hat! - irenelauretti.com<\/title>\n<meta name=\"robots\" content=\"index, follow, max-snippet:-1, max-image-preview:large, max-video-preview:-1\" \/>\n<link rel=\"canonical\" href=\"https:\/\/www.irenelauretti.com\/de\/was-ein-starkes-europa-mit-persoenlicher-gesundheit-zu-tun-hat\/\" \/>\n<meta name=\"twitter:card\" content=\"summary_large_image\" \/>\n<meta name=\"twitter:title\" content=\"Was ein STARKES EUROPA mit pers\u00f6nlicher GESUNDHEIT zu tun hat! - irenelauretti.com\" \/>\n<meta name=\"twitter:description\" content=\"Was ein STARKES EUROPA mit pers\u00f6nlicher GESUNDHEIT zu tun hat! So lange den Menschen\u00a0SELBST-Erkenntnis\u00a0durch die\u00a012\u00a0und\u00a0UNTER-SCHEIDungsverm\u00f6gen\u00a0fehlt &#8211; braucht es\u00a0GESETZE\u00a0und\u00a0VERBOTE. Das hei\u00dft auch, dass Parteien, die die wahren Werte des Menschseins mi\u00dfachten VERBOTEN werden d\u00fcrfen. So wie der MENSCH als WEG und ZIEL die SELBSTerkenntnis durch die\u00a012 Sch\u00f6pfungskr\u00e4fte\u00a0hat &#8211; so gilt dies auch kollektiv. In Europa bedeutet [&hellip;]\" \/>\n<meta name=\"twitter:image\" content=\"https:\/\/www.irenelauretti.com\/wp-content\/uploads\/2025\/05\/StarkesEuropa.jpeg\" \/>\n<meta name=\"twitter:label1\" content=\"Verfasst von\" \/>\n\t<meta name=\"twitter:data1\" content=\"Marko\" \/>\n\t<meta name=\"twitter:label2\" content=\"Gesch\u00e4tzte Lesezeit\" \/>\n\t<meta name=\"twitter:data2\" content=\"2\u00a0Minuten\" \/>\n<script type=\"application\/ld+json\" class=\"yoast-schema-graph\">{\"@context\":\"https:\\\/\\\/schema.org\",\"@graph\":[{\"@type\":\"Article\",\"@id\":\"https:\\\/\\\/www.irenelauretti.com\\\/was-ein-starkes-europa-mit-persoenlicher-gesundheit-zu-tun-hat\\\/#article\",\"isPartOf\":{\"@id\":\"https:\\\/\\\/www.irenelauretti.com\\\/was-ein-starkes-europa-mit-persoenlicher-gesundheit-zu-tun-hat\\\/\"},\"author\":{\"name\":\"Marko\",\"@id\":\"https:\\\/\\\/www.irenelauretti.com\\\/#\\\/schema\\\/person\\\/9b37781a704f7dced3b52f53e1f6e8b7\"},\"headline\":\"Was ein STARKES EUROPA mit pers\u00f6nlicher GESUNDHEIT zu tun hat!\",\"datePublished\":\"2025-05-04T10:14:55+00:00\",\"mainEntityOfPage\":{\"@id\":\"https:\\\/\\\/www.irenelauretti.com\\\/was-ein-starkes-europa-mit-persoenlicher-gesundheit-zu-tun-hat\\\/\"},\"wordCount\":271,\"commentCount\":0,\"publisher\":{\"@id\":\"https:\\\/\\\/www.irenelauretti.com\\\/#organization\"},\"image\":{\"@id\":\"https:\\\/\\\/www.irenelauretti.com\\\/was-ein-starkes-europa-mit-persoenlicher-gesundheit-zu-tun-hat\\\/#primaryimage\"},\"thumbnailUrl\":\"https:\\\/\\\/www.irenelauretti.com\\\/wp-content\\\/uploads\\\/2025\\\/05\\\/StarkesEuropa.jpeg\",\"keywords\":[\"Europa\",\"f\u00fcr ein starkes Europa\",\"Irene Lauretti\",\"Kosmos\",\"Miteinander\",\"Mond\",\"mondstr\u00f6men\",\"Sch\u00f6pfungscode\",\"Seele\",\"starkes Europa\",\"Unterscheidung\"],\"articleSection\":[\"Der Mond und der kosmische Code der Sch\u00f6pfung\",\"Die UMKEHR\",\"Europa\"],\"inLanguage\":\"de\",\"potentialAction\":[{\"@type\":\"CommentAction\",\"name\":\"Comment\",\"target\":[\"https:\\\/\\\/www.irenelauretti.com\\\/was-ein-starkes-europa-mit-persoenlicher-gesundheit-zu-tun-hat\\\/#respond\"]}]},{\"@type\":\"WebPage\",\"@id\":\"https:\\\/\\\/www.irenelauretti.com\\\/de\\\/was-ein-starkes-europa-mit-persoenlicher-gesundheit-zu-tun-hat\\\/\",\"url\":\"https:\\\/\\\/www.irenelauretti.com\\\/de\\\/was-ein-starkes-europa-mit-persoenlicher-gesundheit-zu-tun-hat\\\/\",\"name\":\"Was ein STARKES EUROPA mit pers\u00f6nlicher GESUNDHEIT zu tun hat! - irenelauretti.com\",\"isPartOf\":{\"@id\":\"https:\\\/\\\/www.irenelauretti.com\\\/de\\\/#website\"},\"primaryImageOfPage\":{\"@id\":\"https:\\\/\\\/www.irenelauretti.com\\\/de\\\/was-ein-starkes-europa-mit-persoenlicher-gesundheit-zu-tun-hat\\\/#primaryimage\"},\"image\":{\"@id\":\"https:\\\/\\\/www.irenelauretti.com\\\/was-ein-starkes-europa-mit-persoenlicher-gesundheit-zu-tun-hat\\\/#primaryimage\"},\"thumbnailUrl\":\"https:\\\/\\\/www.irenelauretti.com\\\/wp-content\\\/uploads\\\/2025\\\/05\\\/StarkesEuropa.jpeg\",\"datePublished\":\"2025-05-04T10:14:55+00:00\",\"breadcrumb\":{\"@id\":\"https:\\\/\\\/www.irenelauretti.com\\\/de\\\/was-ein-starkes-europa-mit-persoenlicher-gesundheit-zu-tun-hat\\\/#breadcrumb\"},\"inLanguage\":\"de\",\"potentialAction\":[{\"@type\":\"ReadAction\",\"target\":[[\"https:\\\/\\\/www.irenelauretti.com\\\/de\\\/was-ein-starkes-europa-mit-persoenlicher-gesundheit-zu-tun-hat\\\/\"]]}]},{\"@type\":\"ImageObject\",\"inLanguage\":\"de\",\"@id\":\"https:\\\/\\\/www.irenelauretti.com\\\/de\\\/was-ein-starkes-europa-mit-persoenlicher-gesundheit-zu-tun-hat\\\/#primaryimage\",\"url\":\"https:\\\/\\\/www.irenelauretti.com\\\/wp-content\\\/uploads\\\/2025\\\/05\\\/StarkesEuropa.jpeg\",\"contentUrl\":\"https:\\\/\\\/www.irenelauretti.com\\\/wp-content\\\/uploads\\\/2025\\\/05\\\/StarkesEuropa.jpeg\",\"width\":2048,\"height\":2048},{\"@type\":\"BreadcrumbList\",\"@id\":\"https:\\\/\\\/www.irenelauretti.com\\\/de\\\/was-ein-starkes-europa-mit-persoenlicher-gesundheit-zu-tun-hat\\\/#breadcrumb\",\"itemListElement\":[{\"@type\":\"ListItem\",\"position\":1,\"name\":\"Start\",\"item\":\"https:\\\/\\\/www.irenelauretti.com\\\/de\\\/\"},{\"@type\":\"ListItem\",\"position\":2,\"name\":\"Was ein STARKES EUROPA mit pers\u00f6nlicher GESUNDHEIT zu tun hat!\"}]},{\"@type\":\"WebSite\",\"@id\":\"https:\\\/\\\/www.irenelauretti.com\\\/de\\\/#website\",\"url\":\"https:\\\/\\\/www.irenelauretti.com\\\/de\\\/\",\"name\":\"irenelauretti.com\",\"description\":\"Autorin Mystikerin Heilerin Vision\u00e4rin\",\"publisher\":{\"@id\":\"https:\\\/\\\/www.irenelauretti.com\\\/de\\\/#organization\"},\"potentialAction\":[{\"@type\":\"SearchAction\",\"target\":{\"@type\":\"EntryPoint\",\"urlTemplate\":\"https:\\\/\\\/www.irenelauretti.com\\\/de\\\/?s={search_term_string}\"},\"query-input\":{\"@type\":\"PropertyValueSpecification\",\"valueRequired\":true,\"valueName\":\"search_term_string\"}}],\"inLanguage\":\"de\"},{\"@type\":\"Organization\",\"@id\":\"https:\\\/\\\/www.irenelauretti.com\\\/de\\\/#organization\",\"name\":\"irenelauretti.com\",\"url\":\"https:\\\/\\\/www.irenelauretti.com\\\/de\\\/\",\"logo\":{\"@type\":\"ImageObject\",\"inLanguage\":\"de\",\"@id\":\"https:\\\/\\\/www.irenelauretti.com\\\/de\\\/#\\\/schema\\\/logo\\\/image\\\/\",\"url\":\"https:\\\/\\\/www.irenelauretti.com\\\/wp-content\\\/uploads\\\/2013\\\/08\\\/Logo_with.png\",\"contentUrl\":\"https:\\\/\\\/www.irenelauretti.com\\\/wp-content\\\/uploads\\\/2013\\\/08\\\/Logo_with.png\",\"width\":180,\"height\":113,\"caption\":\"irenelauretti.com\"},\"image\":{\"@id\":\"https:\\\/\\\/www.irenelauretti.com\\\/de\\\/#\\\/schema\\\/logo\\\/image\\\/\"}},{\"@type\":\"Person\",\"@id\":\"https:\\\/\\\/www.irenelauretti.com\\\/#\\\/schema\\\/person\\\/9b37781a704f7dced3b52f53e1f6e8b7\",\"name\":\"Marko\",\"image\":{\"@type\":\"ImageObject\",\"inLanguage\":\"de\",\"@id\":\"https:\\\/\\\/secure.gravatar.com\\\/avatar\\\/f6f879634c98a38618a79c5686b847b81cc6b637246368c5bac421ce9b695087?s=96&d=mm&r=g\",\"url\":\"https:\\\/\\\/secure.gravatar.com\\\/avatar\\\/f6f879634c98a38618a79c5686b847b81cc6b637246368c5bac421ce9b695087?s=96&d=mm&r=g\",\"contentUrl\":\"https:\\\/\\\/secure.gravatar.com\\\/avatar\\\/f6f879634c98a38618a79c5686b847b81cc6b637246368c5bac421ce9b695087?s=96&d=mm&r=g\",\"caption\":\"Marko\"},\"url\":\"https:\\\/\\\/www.irenelauretti.com\\\/de\\\/author\\\/marko\\\/\"}]}<\/script>\n<!-- \/ Yoast SEO plugin. -->","yoast_head_json":{"title":"Was ein STARKES EUROPA mit pers\u00f6nlicher GESUNDHEIT zu tun hat! - irenelauretti.com","robots":{"index":"index","follow":"follow","max-snippet":"max-snippet:-1","max-image-preview":"max-image-preview:large","max-video-preview":"max-video-preview:-1"},"canonical":"https:\/\/www.irenelauretti.com\/de\/was-ein-starkes-europa-mit-persoenlicher-gesundheit-zu-tun-hat\/","twitter_card":"summary_large_image","twitter_title":"Was ein STARKES EUROPA mit pers\u00f6nlicher GESUNDHEIT zu tun hat! - irenelauretti.com","twitter_description":"Was ein STARKES EUROPA mit pers\u00f6nlicher GESUNDHEIT zu tun hat! So lange den Menschen\u00a0SELBST-Erkenntnis\u00a0durch die\u00a012\u00a0und\u00a0UNTER-SCHEIDungsverm\u00f6gen\u00a0fehlt &#8211; braucht es\u00a0GESETZE\u00a0und\u00a0VERBOTE. Das hei\u00dft auch, dass Parteien, die die wahren Werte des Menschseins mi\u00dfachten VERBOTEN werden d\u00fcrfen. So wie der MENSCH als WEG und ZIEL die SELBSTerkenntnis durch die\u00a012 Sch\u00f6pfungskr\u00e4fte\u00a0hat &#8211; so gilt dies auch kollektiv. In Europa bedeutet [&hellip;]","twitter_image":"https:\/\/www.irenelauretti.com\/wp-content\/uploads\/2025\/05\/StarkesEuropa.jpeg","twitter_misc":{"Verfasst von":"Marko","Gesch\u00e4tzte Lesezeit":"2\u00a0Minuten"},"schema":{"@context":"https:\/\/schema.org","@graph":[{"@type":"Article","@id":"https:\/\/www.irenelauretti.com\/was-ein-starkes-europa-mit-persoenlicher-gesundheit-zu-tun-hat\/#article","isPartOf":{"@id":"https:\/\/www.irenelauretti.com\/was-ein-starkes-europa-mit-persoenlicher-gesundheit-zu-tun-hat\/"},"author":{"name":"Marko","@id":"https:\/\/www.irenelauretti.com\/#\/schema\/person\/9b37781a704f7dced3b52f53e1f6e8b7"},"headline":"Was ein STARKES EUROPA mit pers\u00f6nlicher GESUNDHEIT zu tun hat!","datePublished":"2025-05-04T10:14:55+00:00","mainEntityOfPage":{"@id":"https:\/\/www.irenelauretti.com\/was-ein-starkes-europa-mit-persoenlicher-gesundheit-zu-tun-hat\/"},"wordCount":271,"commentCount":0,"publisher":{"@id":"https:\/\/www.irenelauretti.com\/#organization"},"image":{"@id":"https:\/\/www.irenelauretti.com\/was-ein-starkes-europa-mit-persoenlicher-gesundheit-zu-tun-hat\/#primaryimage"},"thumbnailUrl":"https:\/\/www.irenelauretti.com\/wp-content\/uploads\/2025\/05\/StarkesEuropa.jpeg","keywords":["Europa","f\u00fcr ein starkes Europa","Irene Lauretti","Kosmos","Miteinander","Mond","mondstr\u00f6men","Sch\u00f6pfungscode","Seele","starkes Europa","Unterscheidung"],"articleSection":["Der Mond und der kosmische Code der Sch\u00f6pfung","Die UMKEHR","Europa"],"inLanguage":"de","potentialAction":[{"@type":"CommentAction","name":"Comment","target":["https:\/\/www.irenelauretti.com\/was-ein-starkes-europa-mit-persoenlicher-gesundheit-zu-tun-hat\/#respond"]}]},{"@type":"WebPage","@id":"https:\/\/www.irenelauretti.com\/de\/was-ein-starkes-europa-mit-persoenlicher-gesundheit-zu-tun-hat\/","url":"https:\/\/www.irenelauretti.com\/de\/was-ein-starkes-europa-mit-persoenlicher-gesundheit-zu-tun-hat\/","name":"Was ein STARKES EUROPA mit pers\u00f6nlicher GESUNDHEIT zu tun hat! - irenelauretti.com","isPartOf":{"@id":"https:\/\/www.irenelauretti.com\/de\/#website"},"primaryImageOfPage":{"@id":"https:\/\/www.irenelauretti.com\/de\/was-ein-starkes-europa-mit-persoenlicher-gesundheit-zu-tun-hat\/#primaryimage"},"image":{"@id":"https:\/\/www.irenelauretti.com\/was-ein-starkes-europa-mit-persoenlicher-gesundheit-zu-tun-hat\/#primaryimage"},"thumbnailUrl":"https:\/\/www.irenelauretti.com\/wp-content\/uploads\/2025\/05\/StarkesEuropa.jpeg","datePublished":"2025-05-04T10:14:55+00:00","breadcrumb":{"@id":"https:\/\/www.irenelauretti.com\/de\/was-ein-starkes-europa-mit-persoenlicher-gesundheit-zu-tun-hat\/#breadcrumb"},"inLanguage":"de","potentialAction":[{"@type":"ReadAction","target":[["https:\/\/www.irenelauretti.com\/de\/was-ein-starkes-europa-mit-persoenlicher-gesundheit-zu-tun-hat\/"]]}]},{"@type":"ImageObject","inLanguage":"de","@id":"https:\/\/www.irenelauretti.com\/de\/was-ein-starkes-europa-mit-persoenlicher-gesundheit-zu-tun-hat\/#primaryimage","url":"https:\/\/www.irenelauretti.com\/wp-content\/uploads\/2025\/05\/StarkesEuropa.jpeg","contentUrl":"https:\/\/www.irenelauretti.com\/wp-content\/uploads\/2025\/05\/StarkesEuropa.jpeg","width":2048,"height":2048},{"@type":"BreadcrumbList","@id":"https:\/\/www.irenelauretti.com\/de\/was-ein-starkes-europa-mit-persoenlicher-gesundheit-zu-tun-hat\/#breadcrumb","itemListElement":[{"@type":"ListItem","position":1,"name":"Start","item":"https:\/\/www.irenelauretti.com\/de\/"},{"@type":"ListItem","position":2,"name":"Was ein STARKES EUROPA mit pers\u00f6nlicher GESUNDHEIT zu tun hat!"}]},{"@type":"WebSite","@id":"https:\/\/www.irenelauretti.com\/de\/#website","url":"https:\/\/www.irenelauretti.com\/de\/","name":"irenelauretti.com","description":"Autorin Mystikerin Heilerin Vision\u00e4rin","publisher":{"@id":"https:\/\/www.irenelauretti.com\/de\/#organization"},"potentialAction":[{"@type":"SearchAction","target":{"@type":"EntryPoint","urlTemplate":"https:\/\/www.irenelauretti.com\/de\/?s={search_term_string}"},"query-input":{"@type":"PropertyValueSpecification","valueRequired":true,"valueName":"search_term_string"}}],"inLanguage":"de"},{"@type":"Organization","@id":"https:\/\/www.irenelauretti.com\/de\/#organization","name":"irenelauretti.com","url":"https:\/\/www.irenelauretti.com\/de\/","logo":{"@type":"ImageObject","inLanguage":"de","@id":"https:\/\/www.irenelauretti.com\/de\/#\/schema\/logo\/image\/","url":"https:\/\/www.irenelauretti.com\/wp-content\/uploads\/2013\/08\/Logo_with.png","contentUrl":"https:\/\/www.irenelauretti.com\/wp-content\/uploads\/2013\/08\/Logo_with.png","width":180,"height":113,"caption":"irenelauretti.com"},"image":{"@id":"https:\/\/www.irenelauretti.com\/de\/#\/schema\/logo\/image\/"}},{"@type":"Person","@id":"https:\/\/www.irenelauretti.com\/#\/schema\/person\/9b37781a704f7dced3b52f53e1f6e8b7","name":"Marko","image":{"@type":"ImageObject","inLanguage":"de","@id":"https:\/\/secure.gravatar.com\/avatar\/f6f879634c98a38618a79c5686b847b81cc6b637246368c5bac421ce9b695087?s=96&d=mm&r=g","url":"https:\/\/secure.gravatar.com\/avatar\/f6f879634c98a38618a79c5686b847b81cc6b637246368c5bac421ce9b695087?s=96&d=mm&r=g","contentUrl":"https:\/\/secure.gravatar.com\/avatar\/f6f879634c98a38618a79c5686b847b81cc6b637246368c5bac421ce9b695087?s=96&d=mm&r=g","caption":"Marko"},"url":"https:\/\/www.irenelauretti.com\/de\/author\/marko\/"}]}},"cc_featured_image_caption":{"caption_text":"","source_text":"","source_url":""},"_links":{"self":[{"href":"https:\/\/www.irenelauretti.com\/de\/wp-json\/wp\/v2\/posts\/5858","targetHints":{"allow":["GET"]}}],"collection":[{"href":"https:\/\/www.irenelauretti.com\/de\/wp-json\/wp\/v2\/posts"}],"about":[{"href":"https:\/\/www.irenelauretti.com\/de\/wp-json\/wp\/v2\/types\/post"}],"author":[{"embeddable":true,"href":"https:\/\/www.irenelauretti.com\/de\/wp-json\/wp\/v2\/users\/3"}],"replies":[{"embeddable":true,"href":"https:\/\/www.irenelauretti.com\/de\/wp-json\/wp\/v2\/comments?post=5858"}],"version-history":[{"count":2,"href":"https:\/\/www.irenelauretti.com\/de\/wp-json\/wp\/v2\/posts\/5858\/revisions"}],"predecessor-version":[{"id":5860,"href":"https:\/\/www.irenelauretti.com\/de\/wp-json\/wp\/v2\/posts\/5858\/revisions\/5860"}],"wp:featuredmedia":[{"embeddable":true,"href":"https:\/\/www.irenelauretti.com\/de\/wp-json\/wp\/v2\/media\/5857"}],"wp:attachment":[{"href":"https:\/\/www.irenelauretti.com\/de\/wp-json\/wp\/v2\/media?parent=5858"}],"wp:term":[{"taxonomy":"category","embeddable":true,"href":"https:\/\/www.irenelauretti.com\/de\/wp-json\/wp\/v2\/categories?post=5858"},{"taxonomy":"post_tag","embeddable":true,"href":"https:\/\/www.irenelauretti.com\/de\/wp-json\/wp\/v2\/tags?post=5858"}],"curies":[{"name":"wp","href":"https:\/\/api.w.org\/{rel}","templated":true}]}}