{"id":837,"date":"2013-11-15T11:27:21","date_gmt":"2013-11-15T11:27:21","guid":{"rendered":"http:\/\/www.irenelauretti.com\/?p=837"},"modified":"2013-11-20T08:06:44","modified_gmt":"2013-11-20T08:06:44","slug":"deutsch-die-aktivierung-des-codes-meine-personliche-geschichte","status":"publish","type":"post","link":"https:\/\/www.irenelauretti.com\/de\/deutsch-die-aktivierung-des-codes-meine-personliche-geschichte\/","title":{"rendered":"Die Aktivierung des Codes &#8211; meine pers\u00f6nliche Geschichte  Teil I"},"content":{"rendered":"<p><a href=\"http:\/\/www.irenelauretti.com\/wp-content\/uploads\/2013\/08\/irene_sitting_edited.jpg\" data-rel=\"lightbox-image-0\" data-rl_title=\"\" data-rl_caption=\"\" title=\"\"><img fetchpriority=\"high\" decoding=\"async\" class=\"alignnone size-medium wp-image-182\" alt=\"irene_sitting_edited\" src=\"http:\/\/www.irenelauretti.com\/wp-content\/uploads\/2013\/08\/irene_sitting_edited-300x221.jpg\" width=\"300\" height=\"221\" srcset=\"https:\/\/www.irenelauretti.com\/wp-content\/uploads\/2013\/08\/irene_sitting_edited-300x221.jpg 300w, https:\/\/www.irenelauretti.com\/wp-content\/uploads\/2013\/08\/irene_sitting_edited-330x243.jpg 330w, https:\/\/www.irenelauretti.com\/wp-content\/uploads\/2013\/08\/irene_sitting_edited.jpg 396w\" sizes=\"(max-width: 300px) 100vw, 300px\" \/><\/a><\/p>\n<p>Dieser erste Blog ist dem ersten Teil meiner pers\u00f6nlichen Einstimm-Geschichte, der Aktivierung des kosmischen Codes der Sch\u00f6pfung gewidmet, d.h. wie es dazu kam, dass ich den Mond als Schl\u00fcssel zu vollkommener Gesundheit entdeckte.<br \/>\nDa der Text f\u00fcr einen Blog zu lange w\u00e4re, hier zun\u00e4chst Teil I des Blogs.<\/p>\n<p>Was ich vorab schon sagen kann, ist, dass das regelm\u00e4\u00dfige Einstimmen der Melodie meiner Seele mir das \u201eLeben gerettet\u201c hat. Ich schreibe bewusst \u201eLeben gerettet\u201c in Anf\u00fchrungsstrichen, weil das wahre Leben der K\u00f6rperlichkeit \u00fcbergeordnet ist und als solches nie zerst\u00f6rt werden kann. Wir k\u00f6nnen Leben niemals ausl\u00f6schen. Was wir in unserem Sprachgebrauch also generell als \u201eLeben\u201c bezeichnen, ist die physische Inkarnation unseres geistigen Kerns, denn K\u00f6rperlichkeit, wie wir alle wissen, ist verg\u00e4nglich, w\u00e4hrend unser geistiges Wesen, das h\u00f6here Selbst, ewig ist.<\/p>\n<p>Vor einigen Jahren also befand ich mich auf Grund mehrerer schwerer Schicksalsschl\u00e4ge und traumatischer Ereignisse an einem Punkt, an dem ich derart geschw\u00e4cht und aus der Balance war, dass mein baldiges Ableben f\u00fchl- und sichtbar kurz bevorstand.<br \/>\nDie \u00c4rzte wussten keinen Rat und verschlimmerten den Zustand durch Falschdiagnosen lediglich noch drastisch, doch auch alternative Heilans\u00e4tze und selbst das t\u00e4gliche Str\u00f6men und Behandlungen im Jin Shin Jyutsu\u00ae brachten keine nachhaltigen, dauerhaften Ver\u00e4nderungen, sondern \u201ehielten mich lediglich am Leben\u201c, ohne mir dabei jedoch die Vitalit\u00e4t wiederzugeben, die man ben\u00f6tigt, um das t\u00e4gliche Leben zu meistern.<br \/>\nInteressanterweise sp\u00fcrte ich jedoch instinktiv, dass ich \u201eetwas finden w\u00fcrde\u201c, was mir den Weg zur\u00fcck zur Vitalit\u00e4t erm\u00f6glichen w\u00fcrde, \u201eetwas\u201c, das nicht getrennt war von mir, und das ich lediglich aktivieren m\u00fcsste, \u201eetwas\u201c, das nicht nur der Schl\u00fcssel zu vollkommener Gesundheit, sondern gleichzeitig der Schl\u00fcssel zu \u201emir selbst sein w\u00fcrde\u201c.<\/p>\n<p>Wie ich dieses \u201eetwas\u201c finden w\u00fcrde, war mir damals noch nicht bewusst, doch ich wusste, dass ich trotz meines katastrophalen Gesundheitszustandes mein damaliges zu Hause verlassen m\u00fcsste, um eine Reise anzutreten, die ich bereits vor den letzten traumatischen Ereignissen geplant hatte, also zu einem Zeitpunkt an dem es mir noch besser gegangen war, an dem ich zumindest noch in der Lage gewesen war, zu reisen.<\/p>\n<p>Es handelte sich um einen l\u00e4ngeren Auslandsaufenthalt in Maui\/Hawaii, wo ich vorhatte, eine Massageschule zu besuchen. Es war offensichtlich, dass ich zum Massieren zu schwach sein w\u00fcrde, doch eine innere Stimme trieb mich, es trotzdem zu versuchen und die Reise anzutreten, wobei dies in meinem damaligen Zustand kein leichtes Unterfangen war.<br \/>\nIch war derart geschw\u00e4cht, dass ich wenige Stunden vor dem Abflug im Flughafenkrankenhaus noch am Tropf versorgt werden musste, und selbst den Weg zum unserem Abflugterminal schaffte ich nicht zu Fu\u00df, sondern musste von einem der Behindertenwagen gefahren werden. Meine Tochter war an meiner Seite und gab mir wie immer den Mut und die Zuversicht, dass wir die richtige Entscheidung getroffen hatten und besch\u00fctzt sein w\u00fcrden.<\/p>\n<p>Als das Flugzeug an einem kalten Februartag im Jahre 2008 in Frankfurt abhob, wusste ich noch nicht, dass diese Reise der Beginn einer revolution\u00e4ren Entdeckung sein w\u00fcrde \u2013 einer Entdeckung, die nicht nur mein Leben, sondern das Leben eines jeden Menschen von Grund auf in ein Leben von Harmonie und Gesundheit transformieren k\u00f6nnte; einer Entdeckung, die der Schl\u00fcssel sein w\u00fcrde zu vollkommener Gesundheit!<\/p>\n<p>Wie also fand ich den \u201eWeg zum Mond\u201c, oder besser, wie erkannte ich das Geheimnis von Harmonie und Disharmonie durch den Mond?<\/p>\n<p>Schlussendlich war es mein eigener K\u00f6rper, der mir den Weg wies, wobei die eigentliche Bewusstwerdung durch das regelm\u00e4\u00dfige F\u00fchlen der Pulse von Kollegen und Patienten der Massageschule kam und durch eine kleine, \u201eunscheinbare\u201c Bemerkung meiner Tochter \u201egeweckt\u201c wurde.<\/p>\n<p>Nachdem ich in Maui gelandet war, hatte ich einen Monat Zeit, um meine Gesundheit wenigstens insoweit wieder herzustellen, dass ich in der Lage sein w\u00fcrde, die Schule zu besuchen. Ich str\u00f6mte mich also t\u00e4glich und nutzte f\u00fcr die Wahl der Energiestr\u00f6me meine Intuition und f\u00fchlte meine Pulse. Nach einigen Wochen Sonne, Meer und str\u00f6men (Aktivieren der Energiestr\u00f6me) f\u00fchlte ich mich in der Lage, den theoretischen Teil des Unterrichts zu beginnen. Es begannen sehr intensive Wochen, deren H\u00f6hepunkt der Beginn der aktiven Massaget\u00e4tigkeit war. In der der Schule angegliederten Klinik hatten wir es t\u00e4glich mit einer Vielzahl von Klienten mit den unterschiedlichsten Bed\u00fcrfnissen zu tun. Ich begann meine \u201esessions\u201c generell mit dem F\u00fchlen der Pulse wie es im Jin Shin Jyutsu \u00fcblich ist. Dabei f\u00fchlen wir nach dem aktuellen Zustand der Energiestr\u00f6me, wobei der herausstehende Puls als \u201eHarmonisierer\u201c bzw. Schl\u00fcsselstrom zur Wiederherstellung der Gesundheit gilt.<br \/>\nSo wie jeder Mensch ein ganz individuelles Wesen ist, so ist auch jeder Puls individuell, und das ist ja gerade das Spannende an der Sache.<br \/>\nMit der Zeit jedoch kristallisierte sich eine merkw\u00fcrdige Sache heraus, ja sie dr\u00e4ngte sich mir f\u00f6rmlich auf: ich stellte fest, dass es, ganz gleich in welchem Gesundheitszustand der individuelle Mensch sich befindet, doch eine Gemeinsamkeit, eine gemeinsame \u201eRichtung\u201c bei ALLEN Pulsen gibt:<\/p>\n<p>Als meine Tochter mich eines Tages wie nebenbei darauf aufmerksam machte, dass ich mich \u201enach dem Mond str\u00f6me\u201c, fiel es mir wie Schuppen von den Augen:<\/p>\n<p>Der den Pulsen zu Grunde liegende Richtungspuls, d.h. der Puls, zu dem die Pulse generell streben, entspricht GRUNDS\u00c4TZLICH jener Organschwingung, bei deren kosmischer Tierkreisentsprechung der Mond sich gerade aufh\u00e4lt!<\/p>\n<p>Meiner Tochter, die selbst einen Mondkalender besa\u00df und nutzte, und die von mir \u00fcber die Beziehungen der Tierkreiskr\u00e4fte zu den Organen aufgekl\u00e4rt worden war, war aufgefallen, dass die intuitive Wahl meiner eigenen Str\u00f6me meist mit der Mondstellung  \u00fcbereinstimmte \u2013 eine Feststellung, die mich \u201en\u00e4her hinsehen bzw. -f\u00fchlen\u201c lie\u00df und mich in Folge zu eben jener revolution\u00e4ren Entdeckung f\u00fchrte, dass es tats\u00e4chlich IMMER und GRUNDS\u00c4TZLICH einen zu Grund liegenden Puls gibt  \u2013 einen Puls, der uns vorgegeben wird vom Mond bzw. dessen Stellung im Zodiak und der unserem t\u00e4glichen Schl\u00fcsselstrom zu vollkommener Harmonie und Gesundheit entspricht\u2013 vorausgesetzt nat\u00fcrlich wir erkennen die Zeichen des Mondes und wissen sie f\u00fcr uns und unser Wohlbefinden zu nutzen \u2026<\/p>\n<p>Mehr dar\u00fcber und welch wundersame Transformation und Heilung ich pers\u00f6nlich durch die t\u00e4gliche Einstimmung erfahren durfte, wird das Thema meines n\u00e4chsten Blogs sein.<\/p>\n<p>Bis dahin w\u00fcnsche ich Euch alles Gute,<\/p>\n<p>herzlichst,<\/p>\n<p>Irene<br \/>\n<\/p>","protected":false},"excerpt":{"rendered":"<p>Dieser erste Blog ist dem ersten Teil meiner pers\u00f6nlichen Einstimm-Geschichte, der Aktivierung des kosmischen Codes der Sch\u00f6pfung gewidmet, d.h. wie es dazu kam, dass ich den Mond als Schl\u00fcssel zu vollkommener Gesundheit entdeckte. Da der Text f\u00fcr einen Blog zu lange w\u00e4re, hier zun\u00e4chst Teil I des Blogs. Was ich vorab schon sagen kann, ist, [&hellip;]<\/p>\n","protected":false},"author":2,"featured_media":0,"comment_status":"open","ping_status":"open","sticky":false,"template":"","format":"standard","meta":{"_coblocks_attr":"","_coblocks_dimensions":"","_coblocks_responsive_height":"","_coblocks_accordion_ie_support":"","ocean_post_layout":"","ocean_both_sidebars_style":"","ocean_both_sidebars_content_width":0,"ocean_both_sidebars_sidebars_width":0,"ocean_sidebar":"","ocean_second_sidebar":"","ocean_disable_margins":"enable","ocean_add_body_class":"","ocean_shortcode_before_top_bar":"","ocean_shortcode_after_top_bar":"","ocean_shortcode_before_header":"","ocean_shortcode_after_header":"","ocean_has_shortcode":"","ocean_shortcode_after_title":"","ocean_shortcode_before_footer_widgets":"","ocean_shortcode_after_footer_widgets":"","ocean_shortcode_before_footer_bottom":"","ocean_shortcode_after_footer_bottom":"","ocean_display_top_bar":"default","ocean_display_header":"default","ocean_header_style":"","ocean_center_header_left_menu":"","ocean_custom_header_template":"","ocean_custom_logo":0,"ocean_custom_retina_logo":0,"ocean_custom_logo_max_width":0,"ocean_custom_logo_tablet_max_width":0,"ocean_custom_logo_mobile_max_width":0,"ocean_custom_logo_max_height":0,"ocean_custom_logo_tablet_max_height":0,"ocean_custom_logo_mobile_max_height":0,"ocean_header_custom_menu":"","ocean_menu_typo_font_family":"","ocean_menu_typo_font_subset":"","ocean_menu_typo_font_size":0,"ocean_menu_typo_font_size_tablet":0,"ocean_menu_typo_font_size_mobile":0,"ocean_menu_typo_font_size_unit":"px","ocean_menu_typo_font_weight":"","ocean_menu_typo_font_weight_tablet":"","ocean_menu_typo_font_weight_mobile":"","ocean_menu_typo_transform":"","ocean_menu_typo_transform_tablet":"","ocean_menu_typo_transform_mobile":"","ocean_menu_typo_line_height":0,"ocean_menu_typo_line_height_tablet":0,"ocean_menu_typo_line_height_mobile":0,"ocean_menu_typo_line_height_unit":"","ocean_menu_typo_spacing":0,"ocean_menu_typo_spacing_tablet":0,"ocean_menu_typo_spacing_mobile":0,"ocean_menu_typo_spacing_unit":"","ocean_menu_link_color":"","ocean_menu_link_color_hover":"","ocean_menu_link_color_active":"","ocean_menu_link_background":"","ocean_menu_link_hover_background":"","ocean_menu_link_active_background":"","ocean_menu_social_links_bg":"","ocean_menu_social_hover_links_bg":"","ocean_menu_social_links_color":"","ocean_menu_social_hover_links_color":"","ocean_disable_title":"default","ocean_disable_heading":"default","ocean_post_title":"","ocean_post_subheading":"","ocean_post_title_style":"","ocean_post_title_background_color":"","ocean_post_title_background":0,"ocean_post_title_bg_image_position":"","ocean_post_title_bg_image_attachment":"","ocean_post_title_bg_image_repeat":"","ocean_post_title_bg_image_size":"","ocean_post_title_height":0,"ocean_post_title_bg_overlay":0.5,"ocean_post_title_bg_overlay_color":"","ocean_disable_breadcrumbs":"default","ocean_breadcrumbs_color":"","ocean_breadcrumbs_separator_color":"","ocean_breadcrumbs_links_color":"","ocean_breadcrumbs_links_hover_color":"","ocean_display_footer_widgets":"default","ocean_display_footer_bottom":"default","ocean_custom_footer_template":"","omw_enable_modal_window":"enable","_themeisle_gutenberg_block_has_review":false,"ocean_post_oembed":"","ocean_post_self_hosted_media":"","ocean_post_video_embed":"","ocean_link_format":"","ocean_link_format_target":"self","ocean_quote_format":"","ocean_quote_format_link":"post","ocean_gallery_link_images":"on","ocean_gallery_id":[],"footnotes":""},"categories":[1],"tags":[],"class_list":["post-837","post","type-post","status-publish","format-standard","hentry","category-other","entry"],"yoast_head":"<!-- This site is optimized with the Yoast SEO plugin v27.4 - https:\/\/yoast.com\/product\/yoast-seo-wordpress\/ -->\n<title>Die Aktivierung des Codes - meine pers\u00f6nliche Geschichte Teil I - irenelauretti.com<\/title>\n<meta name=\"robots\" content=\"index, follow, max-snippet:-1, max-image-preview:large, max-video-preview:-1\" \/>\n<link rel=\"canonical\" href=\"https:\/\/www.irenelauretti.com\/de\/deutsch-die-aktivierung-des-codes-meine-personliche-geschichte\/\" \/>\n<meta name=\"twitter:card\" content=\"summary_large_image\" \/>\n<meta name=\"twitter:title\" content=\"Die Aktivierung des Codes - meine pers\u00f6nliche Geschichte Teil I - irenelauretti.com\" \/>\n<meta name=\"twitter:description\" content=\"Dieser erste Blog ist dem ersten Teil meiner pers\u00f6nlichen Einstimm-Geschichte, der Aktivierung des kosmischen Codes der Sch\u00f6pfung gewidmet, d.h. wie es dazu kam, dass ich den Mond als Schl\u00fcssel zu vollkommener Gesundheit entdeckte. Da der Text f\u00fcr einen Blog zu lange w\u00e4re, hier zun\u00e4chst Teil I des Blogs. Was ich vorab schon sagen kann, ist, [&hellip;]\" \/>\n<meta name=\"twitter:image\" content=\"http:\/\/www.irenelauretti.com\/wp-content\/uploads\/2013\/08\/irene_sitting_edited-300x221.jpg\" \/>\n<meta name=\"twitter:label1\" content=\"Verfasst von\" \/>\n\t<meta name=\"twitter:data1\" content=\"Irene Lauretti\" \/>\n\t<meta name=\"twitter:label2\" content=\"Gesch\u00e4tzte Lesezeit\" \/>\n\t<meta name=\"twitter:data2\" content=\"5\u00a0Minuten\" \/>\n<script type=\"application\/ld+json\" class=\"yoast-schema-graph\">{\"@context\":\"https:\\\/\\\/schema.org\",\"@graph\":[{\"@type\":\"Article\",\"@id\":\"https:\\\/\\\/www.irenelauretti.com\\\/deutsch-die-aktivierung-des-codes-meine-personliche-geschichte\\\/#article\",\"isPartOf\":{\"@id\":\"https:\\\/\\\/www.irenelauretti.com\\\/deutsch-die-aktivierung-des-codes-meine-personliche-geschichte\\\/\"},\"author\":{\"name\":\"Irene Lauretti\",\"@id\":\"https:\\\/\\\/www.irenelauretti.com\\\/#\\\/schema\\\/person\\\/692dd8be38a44ae26e451ac8e1d35f4d\"},\"headline\":\"Die Aktivierung des Codes &#8211; meine pers\u00f6nliche Geschichte Teil I\",\"datePublished\":\"2013-11-15T11:27:21+00:00\",\"dateModified\":\"2013-11-20T08:06:44+00:00\",\"mainEntityOfPage\":{\"@id\":\"https:\\\/\\\/www.irenelauretti.com\\\/deutsch-die-aktivierung-des-codes-meine-personliche-geschichte\\\/\"},\"wordCount\":1092,\"commentCount\":0,\"publisher\":{\"@id\":\"https:\\\/\\\/www.irenelauretti.com\\\/#organization\"},\"image\":{\"@id\":\"https:\\\/\\\/www.irenelauretti.com\\\/deutsch-die-aktivierung-des-codes-meine-personliche-geschichte\\\/#primaryimage\"},\"thumbnailUrl\":\"http:\\\/\\\/www.irenelauretti.com\\\/wp-content\\\/uploads\\\/2013\\\/08\\\/irene_sitting_edited-300x221.jpg\",\"articleSection\":[\"Other\"],\"inLanguage\":\"de\",\"potentialAction\":[{\"@type\":\"CommentAction\",\"name\":\"Comment\",\"target\":[\"https:\\\/\\\/www.irenelauretti.com\\\/deutsch-die-aktivierung-des-codes-meine-personliche-geschichte\\\/#respond\"]}]},{\"@type\":\"WebPage\",\"@id\":\"https:\\\/\\\/www.irenelauretti.com\\\/de\\\/deutsch-die-aktivierung-des-codes-meine-personliche-geschichte\\\/\",\"url\":\"https:\\\/\\\/www.irenelauretti.com\\\/de\\\/deutsch-die-aktivierung-des-codes-meine-personliche-geschichte\\\/\",\"name\":\"Die Aktivierung des Codes - meine pers\u00f6nliche Geschichte Teil I - irenelauretti.com\",\"isPartOf\":{\"@id\":\"https:\\\/\\\/www.irenelauretti.com\\\/de\\\/#website\"},\"primaryImageOfPage\":{\"@id\":\"https:\\\/\\\/www.irenelauretti.com\\\/de\\\/deutsch-die-aktivierung-des-codes-meine-personliche-geschichte\\\/#primaryimage\"},\"image\":{\"@id\":\"https:\\\/\\\/www.irenelauretti.com\\\/deutsch-die-aktivierung-des-codes-meine-personliche-geschichte\\\/#primaryimage\"},\"thumbnailUrl\":\"http:\\\/\\\/www.irenelauretti.com\\\/wp-content\\\/uploads\\\/2013\\\/08\\\/irene_sitting_edited-300x221.jpg\",\"datePublished\":\"2013-11-15T11:27:21+00:00\",\"dateModified\":\"2013-11-20T08:06:44+00:00\",\"breadcrumb\":{\"@id\":\"https:\\\/\\\/www.irenelauretti.com\\\/de\\\/deutsch-die-aktivierung-des-codes-meine-personliche-geschichte\\\/#breadcrumb\"},\"inLanguage\":\"de\",\"potentialAction\":[{\"@type\":\"ReadAction\",\"target\":[[\"https:\\\/\\\/www.irenelauretti.com\\\/de\\\/deutsch-die-aktivierung-des-codes-meine-personliche-geschichte\\\/\"]]}]},{\"@type\":\"ImageObject\",\"inLanguage\":\"de\",\"@id\":\"https:\\\/\\\/www.irenelauretti.com\\\/de\\\/deutsch-die-aktivierung-des-codes-meine-personliche-geschichte\\\/#primaryimage\",\"url\":\"http:\\\/\\\/www.irenelauretti.com\\\/wp-content\\\/uploads\\\/2013\\\/08\\\/irene_sitting_edited-300x221.jpg\",\"contentUrl\":\"http:\\\/\\\/www.irenelauretti.com\\\/wp-content\\\/uploads\\\/2013\\\/08\\\/irene_sitting_edited-300x221.jpg\"},{\"@type\":\"BreadcrumbList\",\"@id\":\"https:\\\/\\\/www.irenelauretti.com\\\/de\\\/deutsch-die-aktivierung-des-codes-meine-personliche-geschichte\\\/#breadcrumb\",\"itemListElement\":[{\"@type\":\"ListItem\",\"position\":1,\"name\":\"Start\",\"item\":\"https:\\\/\\\/www.irenelauretti.com\\\/de\\\/\"},{\"@type\":\"ListItem\",\"position\":2,\"name\":\"Die Aktivierung des Codes &#8211; meine pers\u00f6nliche Geschichte Teil I\"}]},{\"@type\":\"WebSite\",\"@id\":\"https:\\\/\\\/www.irenelauretti.com\\\/de\\\/#website\",\"url\":\"https:\\\/\\\/www.irenelauretti.com\\\/de\\\/\",\"name\":\"irenelauretti.com\",\"description\":\"Autorin Mystikerin Heilerin Vision\u00e4rin\",\"publisher\":{\"@id\":\"https:\\\/\\\/www.irenelauretti.com\\\/de\\\/#organization\"},\"potentialAction\":[{\"@type\":\"SearchAction\",\"target\":{\"@type\":\"EntryPoint\",\"urlTemplate\":\"https:\\\/\\\/www.irenelauretti.com\\\/de\\\/?s={search_term_string}\"},\"query-input\":{\"@type\":\"PropertyValueSpecification\",\"valueRequired\":true,\"valueName\":\"search_term_string\"}}],\"inLanguage\":\"de\"},{\"@type\":\"Organization\",\"@id\":\"https:\\\/\\\/www.irenelauretti.com\\\/de\\\/#organization\",\"name\":\"irenelauretti.com\",\"url\":\"https:\\\/\\\/www.irenelauretti.com\\\/de\\\/\",\"logo\":{\"@type\":\"ImageObject\",\"inLanguage\":\"de\",\"@id\":\"https:\\\/\\\/www.irenelauretti.com\\\/de\\\/#\\\/schema\\\/logo\\\/image\\\/\",\"url\":\"https:\\\/\\\/www.irenelauretti.com\\\/wp-content\\\/uploads\\\/2013\\\/08\\\/Logo_with.png\",\"contentUrl\":\"https:\\\/\\\/www.irenelauretti.com\\\/wp-content\\\/uploads\\\/2013\\\/08\\\/Logo_with.png\",\"width\":180,\"height\":113,\"caption\":\"irenelauretti.com\"},\"image\":{\"@id\":\"https:\\\/\\\/www.irenelauretti.com\\\/de\\\/#\\\/schema\\\/logo\\\/image\\\/\"}},{\"@type\":\"Person\",\"@id\":\"https:\\\/\\\/www.irenelauretti.com\\\/#\\\/schema\\\/person\\\/692dd8be38a44ae26e451ac8e1d35f4d\",\"name\":\"Irene Lauretti\",\"image\":{\"@type\":\"ImageObject\",\"inLanguage\":\"de\",\"@id\":\"https:\\\/\\\/secure.gravatar.com\\\/avatar\\\/fc11751010b28816d1d3f43dfe9b51d964b6d1ace79d23ea8873bf0f0cf231ea?s=96&d=mm&r=g\",\"url\":\"https:\\\/\\\/secure.gravatar.com\\\/avatar\\\/fc11751010b28816d1d3f43dfe9b51d964b6d1ace79d23ea8873bf0f0cf231ea?s=96&d=mm&r=g\",\"contentUrl\":\"https:\\\/\\\/secure.gravatar.com\\\/avatar\\\/fc11751010b28816d1d3f43dfe9b51d964b6d1ace79d23ea8873bf0f0cf231ea?s=96&d=mm&r=g\",\"caption\":\"Irene Lauretti\"},\"sameAs\":[\"http:\\\/\\\/www.irenelauretti.com\"],\"url\":\"https:\\\/\\\/www.irenelauretti.com\\\/de\\\/author\\\/ilauretti\\\/\"}]}<\/script>\n<!-- \/ Yoast SEO plugin. -->","yoast_head_json":{"title":"Die Aktivierung des Codes - meine pers\u00f6nliche Geschichte Teil I - irenelauretti.com","robots":{"index":"index","follow":"follow","max-snippet":"max-snippet:-1","max-image-preview":"max-image-preview:large","max-video-preview":"max-video-preview:-1"},"canonical":"https:\/\/www.irenelauretti.com\/de\/deutsch-die-aktivierung-des-codes-meine-personliche-geschichte\/","twitter_card":"summary_large_image","twitter_title":"Die Aktivierung des Codes - meine pers\u00f6nliche Geschichte Teil I - irenelauretti.com","twitter_description":"Dieser erste Blog ist dem ersten Teil meiner pers\u00f6nlichen Einstimm-Geschichte, der Aktivierung des kosmischen Codes der Sch\u00f6pfung gewidmet, d.h. wie es dazu kam, dass ich den Mond als Schl\u00fcssel zu vollkommener Gesundheit entdeckte. Da der Text f\u00fcr einen Blog zu lange w\u00e4re, hier zun\u00e4chst Teil I des Blogs. Was ich vorab schon sagen kann, ist, [&hellip;]","twitter_image":"http:\/\/www.irenelauretti.com\/wp-content\/uploads\/2013\/08\/irene_sitting_edited-300x221.jpg","twitter_misc":{"Verfasst von":"Irene Lauretti","Gesch\u00e4tzte Lesezeit":"5\u00a0Minuten"},"schema":{"@context":"https:\/\/schema.org","@graph":[{"@type":"Article","@id":"https:\/\/www.irenelauretti.com\/deutsch-die-aktivierung-des-codes-meine-personliche-geschichte\/#article","isPartOf":{"@id":"https:\/\/www.irenelauretti.com\/deutsch-die-aktivierung-des-codes-meine-personliche-geschichte\/"},"author":{"name":"Irene Lauretti","@id":"https:\/\/www.irenelauretti.com\/#\/schema\/person\/692dd8be38a44ae26e451ac8e1d35f4d"},"headline":"Die Aktivierung des Codes &#8211; meine pers\u00f6nliche Geschichte Teil I","datePublished":"2013-11-15T11:27:21+00:00","dateModified":"2013-11-20T08:06:44+00:00","mainEntityOfPage":{"@id":"https:\/\/www.irenelauretti.com\/deutsch-die-aktivierung-des-codes-meine-personliche-geschichte\/"},"wordCount":1092,"commentCount":0,"publisher":{"@id":"https:\/\/www.irenelauretti.com\/#organization"},"image":{"@id":"https:\/\/www.irenelauretti.com\/deutsch-die-aktivierung-des-codes-meine-personliche-geschichte\/#primaryimage"},"thumbnailUrl":"http:\/\/www.irenelauretti.com\/wp-content\/uploads\/2013\/08\/irene_sitting_edited-300x221.jpg","articleSection":["Other"],"inLanguage":"de","potentialAction":[{"@type":"CommentAction","name":"Comment","target":["https:\/\/www.irenelauretti.com\/deutsch-die-aktivierung-des-codes-meine-personliche-geschichte\/#respond"]}]},{"@type":"WebPage","@id":"https:\/\/www.irenelauretti.com\/de\/deutsch-die-aktivierung-des-codes-meine-personliche-geschichte\/","url":"https:\/\/www.irenelauretti.com\/de\/deutsch-die-aktivierung-des-codes-meine-personliche-geschichte\/","name":"Die Aktivierung des Codes - meine pers\u00f6nliche Geschichte Teil I - irenelauretti.com","isPartOf":{"@id":"https:\/\/www.irenelauretti.com\/de\/#website"},"primaryImageOfPage":{"@id":"https:\/\/www.irenelauretti.com\/de\/deutsch-die-aktivierung-des-codes-meine-personliche-geschichte\/#primaryimage"},"image":{"@id":"https:\/\/www.irenelauretti.com\/deutsch-die-aktivierung-des-codes-meine-personliche-geschichte\/#primaryimage"},"thumbnailUrl":"http:\/\/www.irenelauretti.com\/wp-content\/uploads\/2013\/08\/irene_sitting_edited-300x221.jpg","datePublished":"2013-11-15T11:27:21+00:00","dateModified":"2013-11-20T08:06:44+00:00","breadcrumb":{"@id":"https:\/\/www.irenelauretti.com\/de\/deutsch-die-aktivierung-des-codes-meine-personliche-geschichte\/#breadcrumb"},"inLanguage":"de","potentialAction":[{"@type":"ReadAction","target":[["https:\/\/www.irenelauretti.com\/de\/deutsch-die-aktivierung-des-codes-meine-personliche-geschichte\/"]]}]},{"@type":"ImageObject","inLanguage":"de","@id":"https:\/\/www.irenelauretti.com\/de\/deutsch-die-aktivierung-des-codes-meine-personliche-geschichte\/#primaryimage","url":"http:\/\/www.irenelauretti.com\/wp-content\/uploads\/2013\/08\/irene_sitting_edited-300x221.jpg","contentUrl":"http:\/\/www.irenelauretti.com\/wp-content\/uploads\/2013\/08\/irene_sitting_edited-300x221.jpg"},{"@type":"BreadcrumbList","@id":"https:\/\/www.irenelauretti.com\/de\/deutsch-die-aktivierung-des-codes-meine-personliche-geschichte\/#breadcrumb","itemListElement":[{"@type":"ListItem","position":1,"name":"Start","item":"https:\/\/www.irenelauretti.com\/de\/"},{"@type":"ListItem","position":2,"name":"Die Aktivierung des Codes &#8211; meine pers\u00f6nliche Geschichte Teil I"}]},{"@type":"WebSite","@id":"https:\/\/www.irenelauretti.com\/de\/#website","url":"https:\/\/www.irenelauretti.com\/de\/","name":"irenelauretti.com","description":"Autorin Mystikerin Heilerin Vision\u00e4rin","publisher":{"@id":"https:\/\/www.irenelauretti.com\/de\/#organization"},"potentialAction":[{"@type":"SearchAction","target":{"@type":"EntryPoint","urlTemplate":"https:\/\/www.irenelauretti.com\/de\/?s={search_term_string}"},"query-input":{"@type":"PropertyValueSpecification","valueRequired":true,"valueName":"search_term_string"}}],"inLanguage":"de"},{"@type":"Organization","@id":"https:\/\/www.irenelauretti.com\/de\/#organization","name":"irenelauretti.com","url":"https:\/\/www.irenelauretti.com\/de\/","logo":{"@type":"ImageObject","inLanguage":"de","@id":"https:\/\/www.irenelauretti.com\/de\/#\/schema\/logo\/image\/","url":"https:\/\/www.irenelauretti.com\/wp-content\/uploads\/2013\/08\/Logo_with.png","contentUrl":"https:\/\/www.irenelauretti.com\/wp-content\/uploads\/2013\/08\/Logo_with.png","width":180,"height":113,"caption":"irenelauretti.com"},"image":{"@id":"https:\/\/www.irenelauretti.com\/de\/#\/schema\/logo\/image\/"}},{"@type":"Person","@id":"https:\/\/www.irenelauretti.com\/#\/schema\/person\/692dd8be38a44ae26e451ac8e1d35f4d","name":"Irene Lauretti","image":{"@type":"ImageObject","inLanguage":"de","@id":"https:\/\/secure.gravatar.com\/avatar\/fc11751010b28816d1d3f43dfe9b51d964b6d1ace79d23ea8873bf0f0cf231ea?s=96&d=mm&r=g","url":"https:\/\/secure.gravatar.com\/avatar\/fc11751010b28816d1d3f43dfe9b51d964b6d1ace79d23ea8873bf0f0cf231ea?s=96&d=mm&r=g","contentUrl":"https:\/\/secure.gravatar.com\/avatar\/fc11751010b28816d1d3f43dfe9b51d964b6d1ace79d23ea8873bf0f0cf231ea?s=96&d=mm&r=g","caption":"Irene Lauretti"},"sameAs":["http:\/\/www.irenelauretti.com"],"url":"https:\/\/www.irenelauretti.com\/de\/author\/ilauretti\/"}]}},"cc_featured_image_caption":{"caption_text":false,"source_text":false,"source_url":false},"_links":{"self":[{"href":"https:\/\/www.irenelauretti.com\/de\/wp-json\/wp\/v2\/posts\/837","targetHints":{"allow":["GET"]}}],"collection":[{"href":"https:\/\/www.irenelauretti.com\/de\/wp-json\/wp\/v2\/posts"}],"about":[{"href":"https:\/\/www.irenelauretti.com\/de\/wp-json\/wp\/v2\/types\/post"}],"author":[{"embeddable":true,"href":"https:\/\/www.irenelauretti.com\/de\/wp-json\/wp\/v2\/users\/2"}],"replies":[{"embeddable":true,"href":"https:\/\/www.irenelauretti.com\/de\/wp-json\/wp\/v2\/comments?post=837"}],"version-history":[{"count":5,"href":"https:\/\/www.irenelauretti.com\/de\/wp-json\/wp\/v2\/posts\/837\/revisions"}],"predecessor-version":[{"id":919,"href":"https:\/\/www.irenelauretti.com\/de\/wp-json\/wp\/v2\/posts\/837\/revisions\/919"}],"wp:attachment":[{"href":"https:\/\/www.irenelauretti.com\/de\/wp-json\/wp\/v2\/media?parent=837"}],"wp:term":[{"taxonomy":"category","embeddable":true,"href":"https:\/\/www.irenelauretti.com\/de\/wp-json\/wp\/v2\/categories?post=837"},{"taxonomy":"post_tag","embeddable":true,"href":"https:\/\/www.irenelauretti.com\/de\/wp-json\/wp\/v2\/tags?post=837"}],"curies":[{"name":"wp","href":"https:\/\/api.w.org\/{rel}","templated":true}]}}